{"id":3893,"date":"2009-09-24T00:00:00","date_gmt":"2006-11-06T00:00:00","guid":{"rendered":"https:\/\/intervius.com\/index.html\/?p=3893"},"modified":"2006-11-06T00:00:00","modified_gmt":"2006-11-06T00:00:00","slug":"Alberto_Contador3893","status":"publish","type":"post","link":"https:\/\/intervius.com\/index.html\/Alberto_Contador3893\/","title":{"rendered":"Alberto Contador"},"content":{"rendered":"<p>Pregunta.- Hola,me gustaria que dieses tu opinion sobre la monta\u00f1a del giro o la del tour,en igualdad de dificultad con cual te quedarias,donde se vive mas el ambiente. Saludos<\/p>\n<p>Respuesta.- La monta\u00f1a del Giro es m\u00e1s bonita, m\u00e1s para escaladores puros, con m\u00e1s pendiente. Y la del Tour, son puerto m\u00e1s largos, con m\u00e1s vegetaci\u00f3n. En cuanto al ambiente, en el Gir, todo espectador que est\u00e1 sabe de ciclismo.<\/p>\n<p>P.- Si en el Mount Ventoux Andy no hubiese estado pensando en su hermano Frank y tu hubieses estado libre, los aficionados hubiesemos disfrutado de una grandiosa ascension de vosotros dos, a lo Bahamontes- Gaul. Armstrong habria llegado a varios ( bastantes) minutos. \u00bfMe equivoco? Saludos. Isidoro<\/p>\n<p>R.- Bueno&#8230; desde luego que tengo una gran amistad con Andy. Tanto \u00e9l como yo pod\u00edamos haber tenido posibilidades de hacer una buena etapa y haber marchado hacia adelante.<\/p>\n<p>P.- Felicidades por tu trayecoria.\u00bfTienes aun margen de mejora,ya sea contrarreloj,monta\u00f1a o descenso?<\/p>\n<p>R.- Muchas gracias. Espero que s\u00ed. jeje. Siempre hay que trabajar y se pueden perfeccionar bastantes cosas.<\/p>\n<p>P.- \u00bfque corredor del peloton es el que mejor te cae?<\/p>\n<p>R.- No te sabr\u00eda decir uno. Tengo muy buenos amigos dentro de \u00e9l.<\/p>\n<p>P.- Alberto: \u00bfTe preocupa no saber d\u00f3nde est\u00e1 tu futuro cuando Armstrong lleva m\u00e1s de 2 meses con la tranquilidad un RadioShak formado por grand\u00edsimos ex-compa\u00f1eros de Astan\u00e1? \u00bfPuede ganar el hombre de la eterna sospecha el Tour 2010? Saludos y mucha suerte y \u00e1nimos en tu carrera. Tu forma valiente de correr y tu humildad nos enorgullece a todos los espa\u00f1oles. ANDREW<\/p>\n<p>R.- Desde luego que me gustar\u00eda saber exactamente el equipo en el que voy a estar pero no es una cosa que me tenga preocupado. Intento suponer que se refiere en 2010 es a Lance, creo que s\u00ed que estar\u00e1 en la lucha por la victoria.<\/p>\n<p>P.- En el mundial del proximo domingo, al ser un circuito bastante duro, te hubieras visto con posibilidades de ganar? Le ves con posibilidades a Andy Schleck? tu maximo rival en el Tour y en el futuro. Dime tres corredores a quienes veas como favoritos<\/p>\n<p>R.- El Mundial es una carrera de un d\u00eda y ah\u00ed siempre tengo menos opciones porque mi ventaja es la recuperaci\u00f3n. Yn Andy s\u00ed que estar\u00e1 en la lucha por la victoria y como favoritos dar\u00eda a Valverde, Samuel y Cancellara.<\/p>\n<p>P.- Alberto Grande, te segui en Arcalis, a 2 km de meta, y te puedo contar que cuando nos enteramos demarraste aquello fue una explosi\u00f3n de jubilo y no veas que momento cuando pasaste por alli. Gracias. En Francia no tienen desde hace muchos a\u00f1os a un corredor-tour \u00bfCrees que hay alguno que pueda explotar para ello en los proximos a\u00f1os?<\/p>\n<p>R.- Me alegro que te gustara cuando me escape. En cuanto a los corredores franceses, ahora no veo a ninguno claramente luchando por la genreal, en tres o cuatro a\u00f1os pero a lo mejor llega uno y despunta.<\/p>\n<p>P.- En que crees que te pareces y en que te diferencias de Miguel Indurain? Yo creo que compartis mucho la capacidad de manteneros frios en carrera y no dejaros presionar por el ambiente. Mucho animo campeon!!<\/p>\n<p>R.- En lo que nos podemos parecer es que tanto \u00e9l como yo somos corredores que nos trabajamos mucho las victorias y en cierto modo soportamos bastante bien la presi\u00f3n. Y en las diferencias, yo creo que soy m\u00e1s escalador que \u00e9l, que era un corredor muy grande, muy buen rodador, que sacaba casi toda su diferencia en la contrarreloj.<\/p>\n<p>P.- \u00bfPor qu\u00e9 este a\u00f1o no has preparado el mundial, teniendo en cuenta que desde el a\u00f1o pasado se dice que es el mundial m\u00e1s duro de los \u00faltimos a\u00f1os y pod\u00edas tener muchas m\u00e1s opciones que a lo mejor otros a\u00f1os? Lo digo porque Indurain prepar\u00f3 el de Colombia en 1995 porque sab\u00eda que era su gran oportunidad y lo prepar\u00f3 a conciencia, l\u00e1stima que Olano se aprovechara de \u00e9l. Saludos campe\u00f3n y buena suerte. (Manubeni)<\/p>\n<p>R.- Este a\u00f1o, decid\u00ed que no correr\u00eda la Vuelta a Espa\u00f1a salvo alg\u00fan imprevisto ya que el a\u00f1o pasado no pude ir al Tour y \u00e9ste ten\u00eda que ir con totales garant\u00edas. Preparar el Mundial pasaba por correr la Vuelta porque la mayor\u00eda de los corren llevan ese punto extra y no me encajaba en el calendario pero conf\u00edo en que en el futuro haya un Mundial m\u00e1s duro incluso que este.<\/p>\n<p>P.- Hola Alberto! Antes de nada, felicitarte por tus continuos \u00e9xitos. La gente valora mucho tus victorias en las grandes vueltas&#8230; pero hay algo que me impact\u00f3 mucho: la victoria sobre Cancellara en la crono de Annecy. Viendo la exhibici\u00f3n que acaba de dar en el Mundial de Mendrisio, \u00bfte has planteado directamente pelearle el arcoiris? Ser\u00eda un reto maravilloso que enganchar\u00eda a la gente, segur\u00edsimo. Suerte en el futuro campe\u00f3n!!<\/p>\n<p>R.- Claro que recuerdo esa crono de Annecy, la recordar\u00e9 siempre ya que fue por delante de un grand\u00edsimo contrarrelojista, sin duda el mejor del momento. Lo que pude aprovechar fue la cantidad de d\u00edas de competici\u00f3n que llev\u00e1bamos pero s\u00ed que en un futuro, si el circuito es duro, me lo plantear\u00e9., al igual que el a\u00f1o pasado en los Juegos Ol\u00edmpicos.<\/p>\n<p>P.- Buenas Alberto, que tal estas? Me gustar\u00eda saber cuales son tus objetivos para el pr\u00f3ximo a\u00f1o, te gustar\u00eda superar a Indurain con los 5 tours? Un abrazo. TQMNORETINA<\/p>\n<p>R.- Estar&#8230; estoy bastante relajado. Mi objetivo prioritario ser\u00e1 el Tour, el resto del calendario lo decidir\u00e9 en funci\u00f3n del equipo en el que est\u00e9.<\/p>\n<p>P.- Buenas Alberto, enhorabuena por tus logros y por esas maravillosas tardes que nos haces pasar. Una de las cosas que siempre me he preguntado con respecto al ciclismo es: \u00bfPor qu\u00e9 solamente los grandes ciclistas particip\u00e1is el tour y no las tres grandes vueltas? \u00bfTanto es el desgaste sufrido en una carrera de este tipo? \u00bfCuanto tiempo tard\u00e1is en recuperaros? Gracias, Javi.<\/p>\n<p>R.- Pues s\u00ed, vas bien encaminado. El esfuerzo que te requiere una gran vuelta, hace que para las otras no puedas afrontarlas igual de preparado. Esto, unido a que son m\u00e1s a\u00f1os los que vas a estar de profesional, ser\u00eda un desgaste grand\u00edsimo, ya que el cuerpo tarda en recuperarse aproximadamente dos meses.<\/p>\n<p>P.- V\u00ed las victorias de Miguel Indurain. Eran muy trabajadas. V\u00ed ganar a Armstrong. Lo hac\u00eda con bastante facilidad. A t\u00ed te veo a\u00fan m\u00e1s superioridad que al Armstrong de sus mejores tiempos. \u00bfCompartes mi opini\u00f3n?<\/p>\n<p>R.- No. Armstrong era capaz de sacar en todos los puertos m\u00e1s de un minuto cada vez que se lo propon\u00eda, ten\u00eda un grand\u00edsimo equipo a su disposici\u00f3n y en mi caso, desde luego que este a\u00f1o he conseguido m\u00e1s diferencia que en 2007 en el Giro o en la Vuelta pero no con tanta superioridad.<\/p>\n<p>P.- Hola Alberto: De cara al pr\u00f3ximo Tour, que margen de tiempo crees que ser\u00eda aceptable perder con los equipos m\u00e1s potentes en una CRE, y que luego pudieras recuperar en CRI o en monta\u00f1a. Saludos, Javier (esta primavera nos cruzamos un d\u00eda en la Morcuera. Inas con un Liberty)<\/p>\n<p>R.- Depende en el equipo en el que est\u00e9. Podremos perder tiempo en la crono o a lo mejor ganarlo.<\/p>\n<p>P.- Hola Alberto, solo te he visto correr en una ocasi\u00f3n y fue en el alto del Campello en Vallada, Vuelta a la Comunidad Valenciana 200Te he de decir que me impresionaste, soy un adicto practicante de mountain bike y queria preguntarte si no has pensado nunca de intentar competir en \u00e9sta disciplina. Saludos y animos para seguir as\u00ed. Ciao<\/p>\n<p>R.- La verdad que no me lo he planteado de momento.<\/p>\n<p>P.- Buenas Alberto, si te encajara con tu preparaci\u00f3n para el Tour y ficharas con un equipo como el Quick-Step, te gustar\u00eda tratar de ganar alguna de las Cl\u00e1sicas que tanto prestigio tienen en Europa? Cu\u00e1l ser\u00eda tu favorita?<\/p>\n<p>R.- Desde luego que s\u00ed. La favorita ser\u00eda la La Lieja pero por condici\u00f3n quiz\u00e1 me va mejor la Flecha Valona.<\/p>\n<p>P.- \u00bfQu\u00e9 tal, Alberto?\u00bfT\u00fa tambi\u00e9n tienes la corazonada de que Madrid va a ser Ciudad Ol\u00edmpica el pr\u00f3ximo dos de Octubre?\u00bfViajar\u00e1s a Copenaghe para apoyar a la candidatura? Gracias por hacernos disfrutar y mucho \u00e1nimo para el futuro. Un abrazo enorme. David de Palencia.<\/p>\n<p>R.- Quiero pensar que s\u00ed porque se est\u00e1n haciendo muchos esfuerzos y spot de los deportistas pero no ser\u00e1 f\u00e1cil.<\/p>\n<p>P.- alberto, \u00bftal y como has visto este a\u00f1o a lance, crees realmente que en el proximo tour y aunque tenga un equipo superior al que tu puedas formar (que posiblemente as\u00ed sea), te puede inquietar? o \u00bfen un mano a mano, y sobre todo en final en alto de una gran etapa de las buenas, es imposible que te vea la rueda?. GRACIAS MONSTRUO<\/p>\n<p>R.- Creo que estar\u00e1 a un gran nivel y luchando por el podio y por qu\u00e9 no por ganar. Pero&#8230; en lo que me voy a preocupar va a ser en prepararme a\u00fan mejor que este a\u00f1o y luego ya veremos.<\/p>\n<p>P.- Enhorabuena por tus \u00e9xitos, Alberto. Hoy he le\u00eddo la noticia de que solo ha habido un ciclista que ha terminado las tres grandes \u00bfPor qu\u00e9 ya no hay corredores que vayan a disputar la general en al menos dos grandes vueltas (Tour, Giro, Vuelta)?<\/p>\n<p>R.- S\u00ed que se pueden correr las tres Grandes pero para conseguir la victoria no es tan f\u00e1cil, entonces la gente prefiere apostar por una o dos m\u00e1ximo, que ir a las tres sin garant\u00edas. La gente siempre espera que ganes.<\/p>\n<p>P.- Alberto, si no me equivoco eres de los ciclistas que adem\u00e1s de ganar la general de las grandes vueltas, tambi\u00e9n te gusta ganar las etapas m\u00edticas. En ese sentido, en que grandes puertos te gustar\u00eda ganar?<\/p>\n<p>R.- S\u00ed que cuando hay un final m\u00edtico, si tengo un equipo potente trato de aprovecharlo para ganar, siempre y cuando sea compatible con la general. Hay muchos puertos en los que me gustar\u00eda ganar pero quiza en el que m\u00e1s me har\u00eda ilusi\u00f3n ser\u00eda Alpe DHuez.<\/p>\n<p>P.- Buenas tardes campeon. \u00bfquien fue tu idolo como ciclista en tu ni\u00f1eZ?<\/p>\n<p>R.- Pantani y Armstrong. Me enganche al ciclismo bastante tarde.<\/p>\n<p>P.- Alberto, \u00bfqu\u00e9 te parecer\u00eda, como se est\u00e1 rumoreando, una cronoescalada al Tourmalet para el Tour 2010 ?. Un saludo. Borja<\/p>\n<p>R.- Me gustar\u00eda mucho.<\/p>\n<p>P.- Saludos. Sobre el famoso conflicto que ocurri\u00f3 en el pasado tour, siempre me sorprendi\u00f3 que el resto del equipo (salvo Leipheimer) no se pronunci\u00f3 demasiado. Por ejemplo Kl\u00f6den podr\u00eda haber comentado algo el d\u00eda en que se qued\u00f3 atr\u00e1s, y al menos en los medios espa\u00f1oles no se vio ninguna declaraci\u00f3n. \u00bfqu\u00e9 postura ten\u00edan ellos?<\/p>\n<p>R.- Ellos ten\u00edan una postura de respeto, tanto a Lance como a m\u00ed. El problema, era que no hab\u00eda fluidez en mi relaci\u00f3n con Lance, todos los corredores estaban en una situaci\u00f3n inc\u00f3moda por ambas partes.<\/p>\n<p>P.- Don Alberto, mil gracias por hacernos disfrutar tanto con sus haza\u00f1as a los aficionados del ciclismo. Acerca de la alimentaci\u00f3n que sigue, \u00bfqu\u00e9 tipo de dieta es la que lleva? \u00bfCambia en funci\u00f3n de la actividad f\u00edsica, per\u00edodo del a\u00f1o&#8230;? \u00bfLleva a cabo peque\u00f1as transgresiones diet\u00e9ticas, como comer jam\u00f3n, porras o churritos cuando no puede resistirse? \u00a1Gracias por su respuesta, CAMPE\u00d3N!<\/p>\n<p>R.- La verdad que tengo bastante suerte con respecto a la alimentaci\u00f3n porque no soy una persona que coja demasiado peso. Hace casi dos meses que termin\u00e9 el Tour y he cogido tres kilos y medio. Y tambi\u00e9n como preguntabas si la alimentaci\u00f3n cambia en funci\u00f3n del periodo del a\u00f1o, sobre todo antes del gran objetivo que puede ser el Tour, el Giro o la Vuelta, porque tienes que llegar en el peso exacto y ah\u00ed s\u00ed hay que cuidarse.<\/p>\n<p>P.- Hola Alberto&#8230;\u00bfCristiano o Messi?<\/p>\n<p>R.- Los dos. Uno por velocidad y pegada y otro por habilidad en el regate, como es Messi.<\/p>\n<p>P.- \u00bf que te haria mas ilusion un campeonato del mundo o un oro olimpico??<\/p>\n<p>R.- Un oro ol\u00edmpico.<\/p>\n<p>P.- Alberto, \u00bfcu\u00e1ntas pulsaciones tienes en reposo? y \u00bf al m\u00e1ximo esfuerzo? Saludos<\/p>\n<p>R.- Sobre 32 y en m\u00e1ximo esfuerzo hace un a\u00f1o creo que vi 211.<\/p>\n<p>P.- Hola Alberto!!! \u00bfTe gustar\u00eda que se publicar\u00e1 un libro con todas tus vivencias a nivel deportivo y personal? \u00bfPodr\u00edas recomendarme alg\u00fan libro que trate de ciclismo? MUCHAS GRACIAS!!!!! ELENA &#8211; ALCORCON<\/p>\n<p>R.- Es una cosa que estamos pensando y que haremos en un futuro. Ahora va a salir un libro, que es un peque\u00f1o cuento para los ni\u00f1os, que se lee en poco m\u00e1s de cuarto de hora.<\/p>\n<p>P.- Hola Alberto. \u00bfrecomendar\u00edas alg\u00fan puerto inedito hasta ahora, para la vuelta Espa\u00f1a? Muchas gracias y enhorabuena por tus exitos<\/p>\n<p>R.- Se podr\u00eda llegar hasta la Bola del Mundo en Navacerrada. Los \u00faltimos tres kil\u00f3metros son dur\u00edsimos y cambiar\u00eda totalmente el concepto de este puerto.<\/p>\n","protected":false},"excerpt":{"rendered":"<p>Ganador de dos Tour de Francia, un Giro de Italia y una Vuelta a Espa\u00f1a, el ciclista madrile\u00f1o disfruta de su tiempo de descanso. Despu\u00e9s de tres a\u00f1os en los que ha conseguido vencer en las tres rondas por etapas m\u00e1s importantes del mundo, Alberto Contador a\u00fan no ha decidido en qu\u00e9 equipo correr\u00e1. A pesar de que tiene un a\u00f1o m\u00e1s de contrato con Astana, su continuidad no es segura. Caisse dEpargne, Garmin o Quick Step suspiran por contar con \u00e9l. Sobre el Mundial se\u00f1ala a Valverde, Samuel y Cancellara como favoritos.<br \/>\n\u00danase al grupo de los encuentros<br \/>\nde elmundo.es en Facebook<\/p>\n","protected":false},"author":1,"featured_media":0,"comment_status":"open","ping_status":"open","sticky":false,"template":"","format":"standard","meta":{"footnotes":""},"categories":[],"tags":[],"class_list":["post-3893","post","type-post","status-publish","format-standard","hentry"],"_links":{"self":[{"href":"https:\/\/intervius.com\/index.html\/wp-json\/wp\/v2\/posts\/3893","targetHints":{"allow":["GET"]}}],"collection":[{"href":"https:\/\/intervius.com\/index.html\/wp-json\/wp\/v2\/posts"}],"about":[{"href":"https:\/\/intervius.com\/index.html\/wp-json\/wp\/v2\/types\/post"}],"author":[{"embeddable":true,"href":"https:\/\/intervius.com\/index.html\/wp-json\/wp\/v2\/users\/1"}],"replies":[{"embeddable":true,"href":"https:\/\/intervius.com\/index.html\/wp-json\/wp\/v2\/comments?post=3893"}],"version-history":[{"count":0,"href":"https:\/\/intervius.com\/index.html\/wp-json\/wp\/v2\/posts\/3893\/revisions"}],"wp:attachment":[{"href":"https:\/\/intervius.com\/index.html\/wp-json\/wp\/v2\/media?parent=3893"}],"wp:term":[{"taxonomy":"category","embeddable":true,"href":"https:\/\/intervius.com\/index.html\/wp-json\/wp\/v2\/categories?post=3893"},{"taxonomy":"post_tag","embeddable":true,"href":"https:\/\/intervius.com\/index.html\/wp-json\/wp\/v2\/tags?post=3893"}],"curies":[{"name":"wp","href":"https:\/\/api.w.org\/{rel}","templated":true}]}}