{"id":3887,"date":"2009-10-01T00:00:00","date_gmt":"2006-11-06T00:00:00","guid":{"rendered":"https:\/\/intervius.com\/index.html\/?p=3887"},"modified":"2006-11-06T00:00:00","modified_gmt":"2006-11-06T00:00:00","slug":"Jose_Manuel_Casany3887","status":"publish","type":"post","link":"https:\/\/intervius.com\/index.html\/Jose_Manuel_Casany3887\/","title":{"rendered":"Jos\u00e9 Manuel Casany"},"content":{"rendered":"<p>Pregunta.- \u00bf C\u00f3mo son los temas Clasicos del futuro?<\/p>\n<p>Respuesta.- Es una selecci\u00f3n de canciones que forman parte de la banda sonora de mi vida. Son canciones que me hubiera gustado hacerlas a mi. En cualquier caso est\u00e1n tratadas con respeto y dadas la vuelta.<\/p>\n<p>P.- Llevo siendo fan de Casa\u00f1 desde los 16 a\u00f1os y disco a disco consigue volver a engancharme \u00bfDe d\u00f3nde saca la ilusi\u00f3n y la garra para que despu\u00e9s de tanto tiempo siga transmiti\u00e9ndote ese buen rollo, esa energ\u00eda y esas ganas de m\u00e1s con cada nuevo trabajo?\u00a1Os esperamos en Fuencarral! Mar\u00eda (Madrid)<\/p>\n<p>R.- Es por puro egoismo porque lo que m\u00e1s me gusta es hacer canciones y estar encima de un escenario. La ilusi\u00f3n y la fuerza se incrementan conforme pasa el tiempo.<\/p>\n<p>P.- \u00bfSigues teniendo relaci\u00f3n cercana, con los anteriores componentes de la banda?\u00bfHay alguno que siga con la m\u00fasica?Saludos<\/p>\n<p>R.- Tengo muy buena relaci\u00f3n con toda la gente que ha pasado por Seguridad Social, algunos siguen en la m\u00fasica, tanto como m\u00fasicos o como productores o t\u00e9cnicos. Saludos para todos.<\/p>\n<p>P.- Imagino que ya sabr\u00e1s que nos ha dejado Paco Bascu\u00f1\u00e1n, el que fue dise\u00f1ador de cabecera de tu grupo hace tanto y que tan maravillosas portadas aport\u00f3 al tedioso panorama valenciano. Al igual que tratas de mantener el nivel de tus canciones, \u00bfte has vuelto a plantear trabajar con alg\u00fan profesional de la talla de Paco? Suerte!<\/p>\n<p>R.- Paco fue tan importante para el \u00e9xito de Seguridad Social como nuestras canciones. Lo echaremos de menos, aunque con todos los que hemos trabajado tienen un nivel muy alto.<\/p>\n<p>P.- esta pregunta va dirigida a jose manuel casan , \u00bfcrees que los grupos musicales deben de volver mas a los escenarios ? despues de los ultimos viendo como la ventas de discos bajan .y otra pregunta os planteis el tema de promocionaros a traves de acer mas conciertos ?<\/p>\n<p>R.- Hoy poy hoy conforme est\u00e1n l\u00f1a venta de los discos, que es muy floja, el que no tenga un buen directo va a desaparecer del mapa. Nuestra forma de promoci\u00f3n m\u00e1s grande es el boca a boca que se genera al hacer buenos conciertos.<\/p>\n<p>P.- Hola, jos\u00e9 manuel. Algunas de vuestras canciones, como Chiquilla o la Rumba tarumba han sido aut\u00e9nticos himnos para las miles de orquestas que tocan en las verbenasde este pa\u00eds. \u00bfNo temes que con las canciones que rescatais del olvido se os pueda ver a vosotros un poco como una banda verbenera? Suerte.<\/p>\n<p>R.- Nosotros m\u00e1s que una banda verbenera, somos putones verbeneros.<\/p>\n<p>P.- \u00bfCu\u00e1l es tu grupo epa\u00f1ol favorito en estos momentos? \u00bfCrees qu se mantiene un buen nivel en el pop-rock espa\u00f1ol actualmente?<\/p>\n<p>R.- Mi grupo favorito espa\u00f1ol son los Vicentes, que son valencianos. Hay una musicalidad m\u00e1s grande que nunca, pero debido a la crisis de la industria musical, los nuevos grupos no pueden salir.<\/p>\n<p>P.- Hola, jos\u00e9 manuel, \u00bfqu\u00e9 podemos esperar de sorprendente en el nuevo disco de seguridad social? La verdad es que s\u00f3lo he o\u00eddo el achilup\u00fa y no me ha sorprendido mucho. Gracias.<\/p>\n<p>R.- La capacidad de asombro depende de cada persona. Me ha sorprendido tu pregunta.<\/p>\n<p>P.- Con qu\u00e9 artistas espa\u00f1oles le gustar\u00eda hacer un disco de duetos (si le gustara)<\/p>\n<p>R.- Con much\u00edsimos, pero empezar\u00eda con muchos grupos valencianos.<\/p>\n<p>P.- \u00bfQu\u00e9 criterio ha seguido para seleccionar las canciones?<\/p>\n<p>R.- Ten\u00edan que formar parte de experiencias mias del pasado. Y ten\u00eda que encontrar el equilibrio entre la idea original y la versi\u00f3n que he hecho. Estuve como tres meses escuchando 50 canciones diarias y muchas no encajaban por diversas razones, como por ejemplo el permiso de adaptaci\u00f3n (a\u00fan estamos esperando muchos permisos) o que el estribillo fon\u00e9ticamente era excesivamente diferente al original, etc.<\/p>\n<p>P.- Siempre me ha parecido curioso eso de Seguridad Social. \u00bfC\u00f3mo se os ocurri\u00f3 el nombre?<\/p>\n<p>R.- En la cola de un ambulatorio, esperando que nos curar\u00e1n.<\/p>\n<p>P.- \u00bfpor qu\u00e9 no aparece ning\u00fan nuevo talento valenciano en la escena musical nacional. \u00bfHas pensado en producir?<\/p>\n<p>R.- Siempre ha sido muy dif\u00edcil salir desde Valencia, sobre todo siendo un grupo de rock. Mi \u00faltima producci\u00f3n son Los Vicentes, que estamos intentando sacarlos hacia adelante.<\/p>\n<p>P.- Buenos d\u00edas. No crees que el precio de los discos es muy caro?<\/p>\n<p>R.- Es mucho m\u00e1s barato que una cena y dura m\u00e1s. De todas maneras, hoy poy hoy puedes comprar canciones sueltas por menos de un euro, como por ejemplo en itunes.<\/p>\n<p>P.- Hola amigo, me encantar\u00eda verte con Chimo Bayo en el escenario. \u00bfOs hab\u00e9is planteado colaborar juntos?<\/p>\n<p>R.- me gusta mucho Chimo Bayo, es un cachondo y nos llevamos muy bien. Podr\u00eda ser interesante.<\/p>\n<p>P.- para cuando un concierto en Valencia en sala cerrado ( tipo los de arena o roxi) , asi creo que el autentico seguidor disfruta mas<\/p>\n<p>R.- A principios de a\u00f1o volvermos a tocar en Un Sur en su fiesta de aniversario. te esperamos!<\/p>\n<p>P.- QU\u00c9 opinas de la pirater\u00eda? Te bajas discos en internet?<\/p>\n<p>R.- siempre compro mi m\u00fasica. la m\u00fasica no puede ser gratis.<\/p>\n<p>P.- Buenas, Jos\u00e9 Manuel. \u00bfC\u00f3mo puede un grupo sobrevivir tantos a\u00f1os?<\/p>\n<p>R.- Con mucha fe, trabajo, disciplina y mucha mucha mucha diversi\u00f3n. Igual la suerte tambi\u00e9n tiene algo que ver.<\/p>\n<p>P.- Hola, crack! Chiquilla es desde hace a\u00f1os un himno para toda una generaci\u00f3n, pero&#8230; \u00bfno te cansas siempre de cantarla ni de que te la pidan?<\/p>\n<p>R.- Si dejara de cantar Chiquilla, me tirar\u00edan al r\u00edo o al pozo. Es un \u00e9xito enorme en el repertorio, disfruto de ver a la gente c\u00f3mo se lo pasa.<\/p>\n<p>P.- Jos\u00e9 Manuel, como valenciano, \u00bfqu\u00e9 opinas de todo el l\u00edo pol\u00edtico que hay montado en Valencia?<\/p>\n<p>R.- Pienso en la pol\u00edtica como una soluci\u00f3n al estre\u00f1imiento.<\/p>\n<p>P.- Hola! Me gust\u00f3 mucho vuestra canci\u00f3n &#8220;S\u00f3c Mediterrani&#8221; donde participaba Miquel Gil. \u00bfTeneis pensado seguir introduciendo canciones en valenciano en vuestros trabajos?<\/p>\n<p>R.- Estoy seguro que seguiremos metiendo canciones en valenciano porque soy valenciano.<\/p>\n<p>P.- No tengo a\u00fan el disco pero lo comprar\u00e9 poque siemrpe me ha gustaod mucho Seguridad Social. \u00bfIncluye alguna versi\u00f3n de Carlos Go\u00f1i con el que tengo entendido que mantienes buena relaci\u00f3n?. Gracias.<\/p>\n<p>R.- Me hubiera gustado porque tiene canciones extraordinarias pero estoy convencido de que de alguna manera voy a colaborar muy pronto con \u00e9l.<\/p>\n<p>P.- \u00bfCon qu\u00e9 artista NO har\u00edas un dueto?<\/p>\n<p>R.- La verdad es que con la mayor\u00eda. No soy muy de duetos. S\u00ed que tengo algunos que me gustar\u00eda hacer algo con ellos, pero son pocos. Carlos Go\u00f1i ser\u00eda uno de ellos, Los Rebeldes, Loquillo y algunos otros m\u00e1s.<\/p>\n<p>P.- \u00bfPor qu\u00e9 ha habido tantos cambios en el grupo? \u00bfExisten rencillas?<\/p>\n<p>R.- Un grupo con casi 30 a\u00f1os tiene que tener cambios por necesidad. Siempre he intentado ser un grupo m\u00e1s que un cantante solista de un grupo. Ha habido muchas razones por las que se han ido otros m\u00fasicos, unas por mosqueos, otras por ofertas de trabajo y otras porque no me aguantaban. En cualquier caso, los m\u00fasicos que llevo ahora llevan m\u00e1s de diez a\u00f1os conmigo. Hay muchos grupos que no han llegado ni a una tercera parte de este tiempo.<\/p>\n<p>P.- Los que somos fans, en los conciertos echamos de menos muchas canciones que nos hubiese gustado escuchar, y que contradictoriamente no han sido n\u00fameros uno \u00bfqu\u00e9 canci\u00f3n te gustar\u00eda incluir, pero piensas que no enganchar\u00eda a la gente? \u00bflas creaciones pasadas se olvidan o van siempre en la mochila?<\/p>\n<p>R.- Siempre van en la mochila todas las canciones pasadas. Vamos introduciendo algunas canciones antiguas con cuentagotas en todos nuestros shows. Afortunadamente tenemos muchos \u00e9xitos que conforman un repertorio extenso, pero no nos olvidamos antiguas y canciones como Que te voy a dar, No es f\u00e1cil ser Dios y muchas otras m\u00e1s ir\u00e1n apareciendo paulatinamente.<\/p>\n<p>P.- \u00bfCu\u00e1ntos a\u00f1os tienes Casany? (Tenemos una porra hecha&#8230;)<\/p>\n<p>R.- 46 a\u00f1os, pero a que no los parezco? Mi edad emocional est\u00e1 sobre los veintipocos.<\/p>\n<p>P.- hola jos\u00e9 manuel. me gustar\u00eda conocer tu opini\u00f3n acerca del canon digital. en concreto, si te parece justo que tengamos que pagar un impuesto por cada cd, dvd, reproductor de mp3, impresora, disco duro, pendrive, etc, SUSCEPTIBLE de almacenar, reproducir o copiar un contenido protegido. gracias. manuel (murcia)<\/p>\n<p>R.- Veo muchas lagunas en algunas leyes. Esto no es m\u00e1s que una tirita para intentar recuperar lo poco que queda de la industria musical. No lo veo totalmente justo, pero puede ayudar en la transformaci\u00f3n de la misma industria que se est\u00e1 llevando a cabo.<\/p>\n<p>P.- se van a reeditar los primeros albunes, que ahora mismo estan descatalogados? tipo la explosion de los pastelitos de merengue<\/p>\n<p>R.- Muy dif\u00edcil porque los primeros \u00e1lbumes los hicimos con compa\u00f1\u00edas muy peque\u00f1as y con ediciones limitadas, pero no lo s\u00e9, qui\u00e9n sabe&#8230;<\/p>\n<p>P.- Gran Casa\u00f1\u00bfqu\u00e9 opinas de la m\u00fasica actual? \u00bfno te parece que es demasiado comercial y toda demasiado parecida? quitando 4 grupos o cantantes que vosotros os lo guisais y vosotros os lo comeis, el resto las canciones son &#8220;Prefabricadas&#038;quo t;, no crees?<\/p>\n<p>R.- El problema cuando hay una crisis de la industria musical tan grande es que no hay ning\u00fan tipo de riesgo por parte de la misma. Prefieren hacer 20 Alejandro Sanz que apostar a medio o largo plazo por grupos noveles. Hay grupos extraordinarios con una musicalidad que ya la quisi\u00e9ramos cuando nosotros empezamos, pero vamos a tener que tener mucha paciencia.<\/p>\n<p>P.- como ves el futuro de las nuevas bandas musicales emergentes, respecto a la pirateria? por ejemplo, los valencianos El Sue\u00f1o de Elvira. Los artistas reaccionan mas ahora ante el placer de dar un concierto o por lo contrario mas por dinero?<\/p>\n<p>R.- El futuro es muy oscuro. Estamos en una reconversi\u00f3n del sector que no sabemos hacia donde va a ir. El Sue\u00f1o de Elvira es un grupo extraordinario y pienso que los grupos noveles tienen que ir sobre a divertirse y a trabajar mucho para perfeccionarse. Si luego se convierten en profesionales y ganan dinero es absolutamente secundario.<\/p>\n<p>P.- Cuando un grupo tira tanto de versiones, da la sensaci\u00f3n de que est\u00e1 un poco acabado. \u00bfPodr\u00edas daros un motivo para pensar que no es as\u00ed? Gracias.<\/p>\n<p>R.- Tengo preparado mi siguiente disco de canciones nuevas desde hace tiempo. Pero me apetec\u00eda mucho hacer este disco de versiones porque me lo he pasado genial ide\u00e1ndolo, transform\u00e1ndolo y toc\u00e1ndolo en directo. No tengo nada que demostrar a nadie.<\/p>\n<p>P.- no te parece muy triste que la m\u00fasica en valencia siempre se haya asociado al bakalo y a chimo bayo?<\/p>\n<p>R.- Tuvimos una \u00e9poca muy poco rockera, pero siempre hubo una aldea irreductible al invasor.<\/p>\n<p>P.- de todos los temas de seguridad social, cu\u00e1l es tu favorito?<\/p>\n<p>R.- El que estoy terminando de componer ahora mismo. Que lo tengo en la cabeza terminado, pero como me romp\u00ed el brazo el otro d\u00eda no he podido trasladarlo a la guitarra y estoy que me meo toda.<\/p>\n<p>P.- Cuando piensas en Seguridad Social, piensas siempre en Casa\u00f1, \u00bfqu\u00e9 aportan tus chicos (a parte de lo que es obvio)? \u00bfForman parte de las composiciones? Por cierto, Ar\u00edstides es la ca\u00f1a<\/p>\n<p>R.- Las composiciones son todas m\u00edas. Ellos me ayudan en algunos arreglos y es para mi una visi\u00f3n complementaria que ellos me den sus opiniones. Ar\u00edstides es la ca\u00f1a.<\/p>\n<p>P.- \u00bfNo pens\u00e1is sacar alg\u00fan DVD con un concierto? Los fans lo echamos de menos. Ricardo, de Valencia.<\/p>\n<p>R.- Cuando llegue el momento lo haremos. Lo llevo en la cabeza hace alg\u00fan tiempo y adem\u00e1s estoy convencido de que ser\u00e1 en Valencia.<\/p>\n<p>P.- \u00bfc\u00f3mo ves los cambios que se han ido produciendo en la ciudad de valencia en los \u00faltimos a\u00f1os?. \u00bfLa recomendar\u00edas como ciudad para vivir sin coche?<\/p>\n<p>R.- Hay cosas que han cambiado para bien y otras no tanto. De momento no se puede vivir sin coche en Valencia.<\/p>\n<p>P.- Imagino que ent odos estos a\u00f1os y con tantos conciertos a vuestras espaldas tendr\u00e9is mil an\u00e9cdotas. \u00a1Cu\u00e9ntanos la m\u00e1s divertida!<\/p>\n<p>R.- Da gusto ver c\u00f3mo han cambiado las fans. Antes te tiraban bragas marianas y ahora tiran tangas.<\/p>\n<p>P.- por que crees que a nivel medios de comunicacion no teneis tanta repercusion como otros grupos? tipo los secretos, la union loquillo&#8230;, salis poco en prensa<\/p>\n<p>R.- Hacemos lo que podemos. Es lo que tiene a veces estar en Valencia.<\/p>\n<p>P.- hola jose despues de tantos a\u00f1o en la musica te sigue divirtiendo . a llegado vuestro momento si no fueras musico que serias un abrazo de fernando y consuelo de alicante<\/p>\n<p>R.- Hola fernando, hola consuelo. Me alegro de que esteis por ah\u00ed. sabeis perfectamente que me sigo divirtiendo, m\u00e1s que cuando empec\u00e9. Si no fuera m\u00fasico, ser\u00eda supervisor de nubes. Besos.<\/p>\n<p>P.- Estoy empezando en esto de la m\u00fasica, pero mi familia me desanima porque, dicen, no tiene futuro. \u00bfSe puede vivir de esto?<\/p>\n<p>R.- Gracias al des\u00e1nimo de mi padre he llegado yo a ser m\u00fasico. S\u00f3lo por llevarle la contraria. Yo puedo vivir de esto. He tenido suerte.<\/p>\n<p>P.- Buenos d\u00edas. No es una pregunta, es solo para darle las gracias por ponerme alegre cada vez que escucho una de sus canciones, representa una generaci\u00f3n, una forma de ver la vida, una forma de divertirse. Escuchar una de sus canciones evoca recuerdos de noches divertidas, juergas grandiosas, fiestas, emociones, cantarle a una chica de la que estas enamorado. Sin duda, Seguridad Social ser\u00e1 el icono de buenos recuerdos por muchos, muchos a\u00f1os, y muchos mas. Un saludo.<\/p>\n<p>R.- Much\u00edsimas gracias. Est\u00e1s en nuestras oraciones.<\/p>\n","protected":false},"excerpt":{"rendered":"<p>El l\u00edder de Seguridad Social, Jos\u00e9 Manuel Casany, charlar\u00e1 con los lectores de elmundo.es del nuevo trabajo de la banda, el \u00e1lbum de versiones Cl\u00e1sicos del futuro, y de la situaci\u00f3n de la industria musical dentro y fuera de Espa\u00f1a.<br \/>\n\u00danase al grupo de los encuentros<br \/>\nde elmundo.es en Facebook<\/p>\n","protected":false},"author":1,"featured_media":0,"comment_status":"open","ping_status":"open","sticky":false,"template":"","format":"standard","meta":{"footnotes":""},"categories":[],"tags":[],"class_list":["post-3887","post","type-post","status-publish","format-standard","hentry"],"_links":{"self":[{"href":"https:\/\/intervius.com\/index.html\/wp-json\/wp\/v2\/posts\/3887","targetHints":{"allow":["GET"]}}],"collection":[{"href":"https:\/\/intervius.com\/index.html\/wp-json\/wp\/v2\/posts"}],"about":[{"href":"https:\/\/intervius.com\/index.html\/wp-json\/wp\/v2\/types\/post"}],"author":[{"embeddable":true,"href":"https:\/\/intervius.com\/index.html\/wp-json\/wp\/v2\/users\/1"}],"replies":[{"embeddable":true,"href":"https:\/\/intervius.com\/index.html\/wp-json\/wp\/v2\/comments?post=3887"}],"version-history":[{"count":0,"href":"https:\/\/intervius.com\/index.html\/wp-json\/wp\/v2\/posts\/3887\/revisions"}],"wp:attachment":[{"href":"https:\/\/intervius.com\/index.html\/wp-json\/wp\/v2\/media?parent=3887"}],"wp:term":[{"taxonomy":"category","embeddable":true,"href":"https:\/\/intervius.com\/index.html\/wp-json\/wp\/v2\/categories?post=3887"},{"taxonomy":"post_tag","embeddable":true,"href":"https:\/\/intervius.com\/index.html\/wp-json\/wp\/v2\/tags?post=3887"}],"curies":[{"name":"wp","href":"https:\/\/api.w.org\/{rel}","templated":true}]}}