{"id":3878,"date":"2009-10-08T00:00:00","date_gmt":"2006-11-06T00:00:00","guid":{"rendered":"https:\/\/intervius.com\/index.html\/?p=3878"},"modified":"2006-11-06T00:00:00","modified_gmt":"2006-11-06T00:00:00","slug":"Mayte_Martin3878","status":"publish","type":"post","link":"https:\/\/intervius.com\/index.html\/Mayte_Martin3878\/","title":{"rendered":"Mayte Mart\u00edn"},"content":{"rendered":"<p>Pregunta.- \u00bfC\u00f3mo surge este proyecto? Me emociona escucharte siempre, Mayte.<\/p>\n<p>Respuesta.- Gracias. Fue un encargo de la Bienal de Flamenco de M\u00e1laga para un s\u00f3lo d\u00eda. Despu\u00e9s de trabajarlo y poner todo mi amor en \u00e9l, quise prolongarle la vida y convertirlo en disco. Estoy feliz de haberlo hecho. Gracias por tu emoci\u00f3n.<\/p>\n<p>P.- \u00bfTIenes gira prevista para presentar este disco? \u00bfNo vendr\u00e1s a Zamora, verdad?<\/p>\n<p>R.- A Zamora me encantar\u00eda ir. Ojal\u00e1 salga alg\u00fan concierto. Estoy en Madrid el d\u00eda 22 present\u00e1ndolo en el Teatro Espa\u00f1ol. Est\u00e1 cerquita de Zamora&#8230;<\/p>\n<p>P.- \u00bfPOr qu\u00e9 versos de Manuel Alc\u00e1ntara? No conoc\u00eda su faceta como poeta, s\u00ed como articulista. Un abrazo.<\/p>\n<p>R.- Yo tampoco conoc\u00eda su obra po\u00e9tica, pero para aceptar el encargo le\u00ed su poes\u00eda y me fascin\u00f3. Fue un gran descubrimiento.<\/p>\n<p>P.- \u00bfLa situaci\u00f3n de la industria musical es tan cr\u00edtica como se dice?<\/p>\n<p>R.- Desgraciadamente, creo que s\u00ed. La industria discogr\u00e1fica y el comercio musical se centran en productos superventas. Hay poco espacio para lo que tambi\u00e9n nos gusta a muchos otros.<\/p>\n<p>P.- Hola Mayte, \u00bfqu\u00e9 aficiones tienes? \u00bfqu\u00e9 te gusta hacer en el tiempo libre?<\/p>\n<p>R.- Fundamentalmente me gusta no hacer nada. Creo que el tiempo de nada es muy productivo.<\/p>\n<p>P.- \u00bfPOr qu\u00e9 me invitar\u00edas a escuchar tu nuevo disco?<\/p>\n<p>R.- Porque creo que es bonito. Creo que es un trabajo delicado que ensalza la obra de un gran poeta pr\u00e1cticamente desconocido. Son unos poemas maravillosos vestidos con mucho respeto.<\/p>\n<p>P.- \u00bfPor qu\u00e9 crees que no eres famosa a nivel masivo? Eres admirada y respetada, pero la gente de la calle no te conoce. \u00bfTe gustar\u00eda ser m\u00e1s conocida o est\u00e1s contenta con tener un p\u00fablico minoritario y fiel?<\/p>\n<p>R.- Creo que mi p\u00fablico seguir\u00eda siendo fiel aunque fuese mayoritario. Pesa la etiqueta de artista de culto. Te estigmatiza un poco. Me gustar\u00eda que mi trabajo llegase a todo el mundo, que el escaparate fuera por igual para artistas de todo tipo. La industria musical no ayuda nada, pero nunca dejar\u00e9 por eso de hacer las cosas como las hago.<\/p>\n<p>P.- \u00bfQu\u00e9 voces te gusta escuchar?<\/p>\n<p>R.- Elis Regina, Rosa Passos, Mar\u00eda Callas y La Ni\u00f1a de los Peines.<\/p>\n<p>P.- \u00bfEst\u00e1s en un muy buen momento o me lo parece? UN besazo desde Valencia.<\/p>\n<p>R.- Me alegro que te lo parezca. T\u00fa tampoco est\u00e1s mal&#8230; Muchas gracias. Un beso.<\/p>\n<p>P.- \u00bfQu\u00e9 tiene de flamenco este trabajo, Al cantar a Manuel?<\/p>\n<p>R.- A m\u00ed. Es flamenca la esencia de las canciones por la forma interpretarlas. Pero no he querido ce\u00f1irme a ning\u00fan estilo musical por respetar el paisaje musical que yo sent\u00eda que le correspond\u00eda a cada poema.<\/p>\n<p>P.- \u00bfEs verdad que se subi\u00f3 por primera vez a un escenario con 10 a\u00f1os?<\/p>\n<p>R.- S\u00ed. En un concurso en Castelldefels, cerca de Barcelona.<\/p>\n<p>P.- \u00bfQu\u00e9 siente Mayte Mart\u00edn cuando canta? Un abrazo lleno de amor.<\/p>\n<p>R.- Todo. Siento amor tambi\u00e9n, melancol\u00eda, suerte, ilusi\u00f3n. Todo. Otro abrazo para t\u00ed.<\/p>\n<p>P.- \u00bf Qu\u00e9 has descubierto en los versos de Manuel Alc\u00e1ntara?<\/p>\n<p>R.- Un universo de emociones y de pasiones.<\/p>\n<p>P.- \u00bfDe qu\u00e9 hablan las canciones de este disco?<\/p>\n<p>R.- Fundamentalmente de amor, de muerte y de los paisajes que Manuel adora.<\/p>\n<p>P.- Mayte, como en casi todo el mundo de la cultura parece que la crisis termina por pasar factura en la oferta que los aficionados disfrutamos. \u00bfCrees que al final el flamenco tambi\u00e9n se va a resentir?<\/p>\n<p>R.- Se resiente toda la m\u00fasica que se considera, a veces absurdamente, de minor\u00edas.<\/p>\n<p>P.- Hola Mayte. \u00bfC\u00f3mo ves el panorama de los festivales de flamenco en nuestro pa\u00eds?<\/p>\n<p>R.- Algunos se est\u00e1n reciclando, s\u00f3lo algunos. Est\u00e1n empezando a entender que el formato de siempre no es el correcto.<\/p>\n<p>P.- \u00bfCu\u00e1l es el concierto que nunca olvidar\u00e1s? \u00bfY donde te encantar\u00eda cantar?<\/p>\n<p>R.- Hay varios. El Palau de la M\u00fasica de Barcelona es el lugar donde he vivido los momentos m\u00e1s bonitos.<\/p>\n<p>P.- \u00bfQu\u00e9 sue\u00f1a a d\u00eda de hoy Mayte Mart\u00edn?<\/p>\n<p>R.- Que cada d\u00eda m\u00e1s gente conozca mi trabajo y lo disfrute.<\/p>\n<p>P.- \u00bfEst\u00e1s pillada o tienes pareja? Me pareces una mujer muy interesante.<\/p>\n<p>R.- \u00a1Pillada! es muy bueno. S\u00ed, estoy pillada. Pero me dejo pillar por m\u00e1s de una&#8230;<\/p>\n<p>P.- \u00bfAlg\u00fan nuevo proyecto a la vista?<\/p>\n<p>R.- Descansar. Un proyecto as\u00ed es muy intenso y hay que parar unos meses y vivir.<\/p>\n<p>P.- \u00bfTienes alguna canci\u00f3n preferida del disco? C\u00f3mpartela, por favor.<\/p>\n<p>R.- Afortunadamente, me gustan todas. Quiz\u00e1s Por la mar chica del puerto me emociona especialmente.<\/p>\n<p>P.- Mayte, enhorabuena por tu trabajo \u00bfcon qu\u00e9 otros poetas te atrever\u00edas?<\/p>\n<p>R.- Gracias. He musicado tambi\u00e9n a Lorca y a Rafael de Le\u00f3n. En mi disco anterior, De fuego y de agua con las hermanas Lab\u00e8que, est\u00e1n estos dos temas.<\/p>\n<p>P.- \u00bfCu\u00e1ndo podremos verte por Sevilla? Felicidades por tu arte.<\/p>\n<p>R.- Muchas gracias. Espero que pronto. En mi p\u00e1gina web (www.mayte-martin.com) hay una agenda donde vienen todos mis conciertos. All\u00ed se van actualizando las fechas.<\/p>\n","protected":false},"excerpt":{"rendered":"<p>Tras acercarse al cla\u00adsicismo con las hermanas Labeque, la cantaora se mete ahora en la canci\u00f3n de autor. Mayte Mart\u00edn musica versos de Manuel Alc\u00e1ntara enmarcados en la Guerra Civil en el disco Al cantar a Manuel. Un disco para escuchar y disfrutar.<br \/>\n\u00danase al grupo de los encuentros<br \/>\nde elmundo.es en Facebook<\/p>\n","protected":false},"author":1,"featured_media":0,"comment_status":"open","ping_status":"open","sticky":false,"template":"","format":"standard","meta":{"footnotes":""},"categories":[],"tags":[],"class_list":["post-3878","post","type-post","status-publish","format-standard","hentry"],"_links":{"self":[{"href":"https:\/\/intervius.com\/index.html\/wp-json\/wp\/v2\/posts\/3878","targetHints":{"allow":["GET"]}}],"collection":[{"href":"https:\/\/intervius.com\/index.html\/wp-json\/wp\/v2\/posts"}],"about":[{"href":"https:\/\/intervius.com\/index.html\/wp-json\/wp\/v2\/types\/post"}],"author":[{"embeddable":true,"href":"https:\/\/intervius.com\/index.html\/wp-json\/wp\/v2\/users\/1"}],"replies":[{"embeddable":true,"href":"https:\/\/intervius.com\/index.html\/wp-json\/wp\/v2\/comments?post=3878"}],"version-history":[{"count":0,"href":"https:\/\/intervius.com\/index.html\/wp-json\/wp\/v2\/posts\/3878\/revisions"}],"wp:attachment":[{"href":"https:\/\/intervius.com\/index.html\/wp-json\/wp\/v2\/media?parent=3878"}],"wp:term":[{"taxonomy":"category","embeddable":true,"href":"https:\/\/intervius.com\/index.html\/wp-json\/wp\/v2\/categories?post=3878"},{"taxonomy":"post_tag","embeddable":true,"href":"https:\/\/intervius.com\/index.html\/wp-json\/wp\/v2\/tags?post=3878"}],"curies":[{"name":"wp","href":"https:\/\/api.w.org\/{rel}","templated":true}]}}