{"id":3875,"date":"2009-10-09T00:00:00","date_gmt":"2006-11-06T00:00:00","guid":{"rendered":"https:\/\/intervius.com\/index.html\/?p=3875"},"modified":"2006-11-06T00:00:00","modified_gmt":"2006-11-06T00:00:00","slug":"Miguel_Freijo3875","status":"publish","type":"post","link":"https:\/\/intervius.com\/index.html\/Miguel_Freijo3875\/","title":{"rendered":"Miguel Freijo"},"content":{"rendered":"<p>Pregunta.- Hola Miguel, hace unas dos semanas he vendido casi toda la cartera de valores que ten\u00eda porque yo tambi\u00e9n sigo esperando una correcci\u00f3n importante en bolsa aunque qui\u00e9n sabe para cuando ser\u00e1 y me he quedado con dos empresas como son Enag\u00e1s a 14,05 y REE a 34,4\u00bfTe parecen buenos valores para estar en ellos en estos momentos?. Muchas gracias y un saludo.<\/p>\n<p>Respuesta.- Buenos d\u00edas. No me queda claro si cerraste con plusval\u00edas o no. Esa misma correcci\u00f3n tambi\u00e9n la esper\u00e1bamos desde el mes de Julio y el mercado ha seguido alcista hasta ahora. No esperamos una fuerte correcci\u00f3n. Pensamos que el mercado sigue siendo alcista aunque sin descartar fuertes correcciones pero s\u00f3lo puntuales como las de la semana pasada. Los dos valores que me comentas me gustan, as\u00ed que a mantenerlos<\/p>\n<p>P.- Hola, mi pregunta es a qu\u00e9 niveles puede bajar Santander despu\u00e9s de la ampliaci\u00f3n de noviembre?Saludos.Carmen<\/p>\n<p>R.- Hola. Una correcci\u00f3n hasta niveles de 10 ser\u00eda algo razonable. Pero no hay que ponerse nerviosos con Santander. Es una banco que en los momentos m\u00e1s dif\u00edcles ha seguido realizando inversiones importantes, sobre todo en el Reino Unido. El patrocinio de Ferrari para el pr\u00f3ximo a\u00f1o es otra muestra de la buena salud de su balance. A\u00fan le queda mucho recorrido a la acci\u00f3n. Incluso a\u00fan estamos a tiempo de incluirla en la cartera<\/p>\n<p>P.- Buenos dias, mi pregunta es acerca de Avanzit, como ve este valor, muchas gracias.<\/p>\n<p>R.- Buenos d\u00edas. Las perspectivas que tenemos para este valor no son muy optimistas. Su balance se est\u00e1 viendo muy castigado por la situaci\u00f3n actual del mercado. Por otro lado est\u00e1 muy expuesto al mercado dom\u00e9stico.<\/p>\n<p>P.- buenos dias, cree que SOS volvera poco a poco a unos niveles mas altos en su cotizacion, muchas gracias<\/p>\n<p>R.- Me temo que no, al menos en el corto plazo. Su situaci\u00f3n financiera no es nada saludable. Es un valor de mucho riesgo. S\u00f3lo aconsejar\u00eda entrar en \u00e9l mediante un stop garantizado, que limita nuestras posibles p\u00e9rdidas al 100% (incluso si la acci\u00f3n abre con un fuerte gap).<\/p>\n<p>P.- \u00bfCu\u00e1l cree que puede ser el futuro de Iberdrola Renovables a corto, medio y largo plazo?<\/p>\n<p>R.- Bueno, bueno y bueno. Es un valor que nos gusta mucho. Su presencia en EEUU le deparar\u00e1 muchas alegr\u00edas, a\u00fan m\u00e1s, teniendo en cuenta que ha sido un valor que se ha mantenido muy lateral a lo largo de todo el a\u00f1o y a\u00fan no ha comenzado la tendencia alcista que nosotros esperamos.<\/p>\n<p>P.- Buenos dias Miguel, crees que pr\u00f3ximamente puede haber una correcci\u00f3n del IBEX que \u00faltimamente est\u00e1 en continuo ascenso? Que valores recomendarias ahora para adquirir con vistas a medio-largo plazo? Un saludo.<\/p>\n<p>R.- Buenos d\u00edas. Como ya hemos comentado una correcci\u00f3n es muy posible pero siempre dentro de la tendencia alcista que mantenemos desde el pasado mes de Marzo. No hace falta que esperes a esa correcci\u00f3n para entrar en valores que nos gustan como Telef\u00f3nica, Acciona o Iberdrola Renovables.<\/p>\n<p>P.- Sr. Freij\u00f3: Hace tres dias compre Popular a 6.61 \u20ac . Le parece buena inversi\u00f3n a corto plazo ? . Gracias por su respuesta. FRS.-<\/p>\n<p>R.- De todo su sector es la opci\u00f3n que m\u00e1s nos gusta, pero ojo, sigue el valor y pon un stop para evitar sustos. No hay que olvidar que seguimos sumidos en una crisis inmobiliaria y la banca mediana espa\u00f1ola est\u00e1 muy expuesta a ella.<\/p>\n<p>P.- Que le parece Jazztel como inversi\u00f3n a c\/p?.Gracias<\/p>\n<p>R.- Pese a que la situaci\u00f3n financiera parece ahora mucho m\u00e1s saludable que hace alg\u00fan tiempo y a pesar de haber generado importantes flujos de caja durante el \u00faltimo trimestre, pensamos que todas estas buenas noticias ya han sido recogidas por su cotizaci\u00f3n. No recomendamos este valor<\/p>\n<p>P.- Buenos d\u00edas, c\u00f3mo ve mapfre a corto, hasta d\u00f3nde puede llegar? Un saludo<\/p>\n<p>R.- BUenos d\u00edas. La acci\u00f3n ha acompa\u00f1ado al movimiento alcista del mercado y en estos momentos no le vemos mucho recorrido m\u00e1s. Recuerda que uno de sus principales negocios es la automoci\u00f3n que no atraviesa su mejor momento. Si la tienes en cartera ser\u00eda momento de deshacerse de ellas y buscar otras opciones m\u00e1s interesantes en estos momentos.<\/p>\n<p>P.- quisiera preguntar por arcelormittal. parece que est\u00e1 un poco estancada a pesar de la subida de ayer. \u00bfQu\u00e9 recorrido tiene? \u00bfCree que tiene recoorido al alza? Gracias<\/p>\n<p>R.- Otro caso de un valor muy sensible al sector de automoci\u00f3n. Pero en este caso si que vemos que tiene un recorrido alcista interesante, pero ojo, siempre a largo plazo. As\u00ed que si entramos, tenemos que saber no ponernos nerviosos en el corto plazo.<\/p>\n<p>P.- Buenos d\u00edas. Mi pregunta es sobre Ebro Puleva y P. Biotech, ya que las tengo en cartera con algo de p\u00e9rdida y no s\u00e9 si deshacer posiciones ya o esperar a que se recuperen. Muchas gracias<\/p>\n<p>R.- Buenos d\u00edas. Hemos visto c\u00f3mo el sector de consumo ha sido muy castigado durante el \u00faltimo a\u00f1o, pero vemos tambi\u00e9n c\u00f3mo el comportamiento de estos dos valores ha sido muy bueno durante este a\u00f1o. Yo me esperar\u00eda, puede ser que alg\u00fan movimiento corporativo dentro del sector nos depare sorpresas agradables.<\/p>\n<p>P.- Zeltia,\u00bfhabr\u00e1 ampliaci\u00f3n de capital? Tiene futuro?.Aconsejame.Un abrazo .Gin\u00e9s<\/p>\n<p>R.- Todas las buenas noticias que nos pudiera dar Zeltia ya las ha recogido su cotizaci\u00f3n. F\u00edjate la gran volatilidad que ha tenido y la fuerte dependencia que tiene a su producto estrella Yondelis. No descartamos nuevas sesiones con subidas por encima del 5%, pero ojo, el riesgo es muy alto. As\u00ed que si por fin te animas pon un stop garantizado y de esta forma limitar\u00e1s mucho el riesgo de esta inversi\u00f3n<\/p>\n<p>P.- que hago con criteria vendo con perdidas o espero a que se recupere. pues llevo desde el primer dia que salieron con perdidas y no se que hacer esto no se recupera, 40% de perdidas<\/p>\n<p>R.- La acci\u00f3n de Criteria como bien comentas ha sido muy castigada y, sinceramente, en estos momentos no vemos que se pueda recuperar en el corto plazo. Yo deshar\u00eda parcialmente la posici\u00f3n y entrar\u00eda en otros sectores mucho m\u00e1s atractivos en estos momentos. Sigue muy pendiente de la posici\u00f3n que quede abierta, por si la tendencia cambiara.<\/p>\n<p>P.- Buenos d\u00edas, tengo 1600 acciones de Iberia, y me gustar\u00eda saber si deber\u00eda esperar hasta la fusi\u00f3n con BA. \u00bfCree que se cumplir\u00e1 el objetivo de la fusi\u00f3n para antes de que termine el a\u00f1o? \u00bfSi se fusionasen, cuanto podr\u00eda subir el precio de la acci\u00f3n de Iberia? Muchas gracias<\/p>\n<p>R.- El tema de la fusi\u00f3n de British e Iberia es el cuento de nunca acabar. Sinceramente, no se si al final todo esto llegar\u00e1 a buen puerto. Lo que si podemos estar seguros es que ya ha sido descontado por la acci\u00f3n. La \u00faltima subida de este verano la podemos atribuir a los atractivos niveles de crudo. La entrada de las low-cost en el mercado espa\u00f1ol le ha hecho mucho da\u00f1o y acaban de anunciar que empezar\u00e1n a cargar por maletas facturadas. Pensamos que le esperan momentos dif\u00edciles.<\/p>\n<p>P.- Buenos d\u00edas, c\u00f3mo ve Grifols para este final de a\u00f1o? Compr\u00e9 a 12,80 porque era la resistencia a romper para una tendencia alcista. Espero o vendo?<\/p>\n<p>R.- Grifols es otro valor que nos parece interesante. Observamos c\u00f3mo a\u00fan no se ha &#8220;subido&#8221; al carro alcista, por lo que su potencial de revalorizaci\u00f3n es bastante alto. Dentro del sector es la opci\u00f3n que m\u00e1s nos gusta desde Ig Markets<\/p>\n<p>P.- Viendo los rumores sobre fusiones, la inminente implantaci\u00f3n de la TDT y la eliminaci\u00f3n de la publicidad en la Radiotelevisi\u00f3n p\u00fablica&#8230; \u00bfRecomienda la inversi\u00f3n en Medios de Comunicaci\u00f3n a medio plazo?<\/p>\n<p>R.- No. Es un sector que fue muy, muy castigado a lo largo de todo el 2008, principalmente debido a la caida en la demanda de publicidad. Y vemos c\u00f3mo las \u00fanicas alegr\u00edas que nos han dado han venido por rumores de movimientos corporativos. Todo el tema de la TDT no ha hecho m\u00e1s que traer m\u00e1s confusi\u00f3n, lo que provocado una fuerte volatilidad para todas las acciones del sector. En estos momentos son valores de mucho riesgo, que s\u00f3lo nos pueden dar alegr\u00edas en el intrad\u00eda, por lo que volvamos a utilizar los stops!<\/p>\n<p>P.- Hola,Puedes decirme el precio objetivo de Amper y para cuando?.Muchas gracias por tu ayuda.Lorenzo<\/p>\n<p>R.- Amper no es un valor que nos guste especialmente. Vemos como en el corto plazo podemos esperar un movimiento muy lateral, por lo que fijar un precio objetivo es complicado. Hay otras opciones m\u00e1s atractivas<\/p>\n<p>P.- Buenos d\u00edas, \u00bfCree que la opa lanzada por telef\u00f3nica, afectar\u00e1 negativamente a su precio en el mercado? \u00bfQue precio objetivo piensa que puede llegar a alcanzar? Muchas gracias<\/p>\n<p>R.- Podr\u00eda ser, pero no deber\u00eda de preocuparnos. Telef\u00f3nica es una opci\u00f3n muy interesante en estos momentos y con un gran potencial alcista. Su estrategia de diversificaci\u00f3n ha sido incre\u00edble: Asia y Latam. Sus flujos de caja tambi\u00e9n muy interesantes. Vemos un recorrido hasta los 24eur y no debemos asustarnos ante posibles correcciones que pudiera tener<\/p>\n<p>P.- Como ve Arcelor?. Gracias<\/p>\n<p>R.- Ver mi respuesta anterior.<\/p>\n<p>P.- buenos dias mi pregunta es acerca de campofrio, que le pasa a este valor que no acaba de repuntar muchas gracias<\/p>\n<p>R.- Campofr\u00edo es otro valor que ha sufrido mucho a lo largo de todo el a\u00f1o. La raz\u00f3n es sencilla: caida de la renta disponible => caida del consumo. Adem\u00e1s del da\u00f1o que le han hecho las &#8220;marcas blancas&#8221; del sector. No es un valor muy atractivo en estos momentos.<\/p>\n","protected":false},"excerpt":{"rendered":"<p>El director del equipo de Ventas de IG Markets responde a las dudas de los lectores sobre la Bolsa, que se encamina con paso firma hacia los 12.000 puntos.<br \/>\n\u00danase al grupo de los encuentros<br \/>\nde elmundo.es en Facebook<\/p>\n","protected":false},"author":1,"featured_media":0,"comment_status":"open","ping_status":"open","sticky":false,"template":"","format":"standard","meta":{"footnotes":""},"categories":[],"tags":[],"class_list":["post-3875","post","type-post","status-publish","format-standard","hentry"],"_links":{"self":[{"href":"https:\/\/intervius.com\/index.html\/wp-json\/wp\/v2\/posts\/3875","targetHints":{"allow":["GET"]}}],"collection":[{"href":"https:\/\/intervius.com\/index.html\/wp-json\/wp\/v2\/posts"}],"about":[{"href":"https:\/\/intervius.com\/index.html\/wp-json\/wp\/v2\/types\/post"}],"author":[{"embeddable":true,"href":"https:\/\/intervius.com\/index.html\/wp-json\/wp\/v2\/users\/1"}],"replies":[{"embeddable":true,"href":"https:\/\/intervius.com\/index.html\/wp-json\/wp\/v2\/comments?post=3875"}],"version-history":[{"count":0,"href":"https:\/\/intervius.com\/index.html\/wp-json\/wp\/v2\/posts\/3875\/revisions"}],"wp:attachment":[{"href":"https:\/\/intervius.com\/index.html\/wp-json\/wp\/v2\/media?parent=3875"}],"wp:term":[{"taxonomy":"category","embeddable":true,"href":"https:\/\/intervius.com\/index.html\/wp-json\/wp\/v2\/categories?post=3875"},{"taxonomy":"post_tag","embeddable":true,"href":"https:\/\/intervius.com\/index.html\/wp-json\/wp\/v2\/tags?post=3875"}],"curies":[{"name":"wp","href":"https:\/\/api.w.org\/{rel}","templated":true}]}}