{"id":3873,"date":"2009-10-13T00:00:00","date_gmt":"2006-11-06T00:00:00","guid":{"rendered":"https:\/\/intervius.com\/index.html\/?p=3873"},"modified":"2006-11-06T00:00:00","modified_gmt":"2006-11-06T00:00:00","slug":"Luis_Manso3873","status":"publish","type":"post","link":"https:\/\/intervius.com\/index.html\/Luis_Manso3873\/","title":{"rendered":"Luis Manso"},"content":{"rendered":"<p>Pregunta.- Hola Luis, que diferencia hay entre producir cine o producir publicidad?. gracias por tu respuesta. Ana<\/p>\n<p>Respuesta.- B\u00e1sicamente, en la publicidad hay un encargo. Cuando producimos cine trabajamos de forma mucho m\u00e1s libre. El resto de diferencias tienen que ver con magnitudes. Por ejemplo, en publicidad es raro rodar m\u00e1s de dos d\u00edas. Para una pel\u00edcula como Camino necesitamos rodar 13 semanas.<\/p>\n<p>P.- Hola Luis, soy un apasionado de la ufolog\u00eda, de los que nos creimos todo lo del ovni :), que mala leche, jejejeje, pero me encanto lo que nos ofrecisteis, fue una semana con una historia, que es una lastima que no este en el cine, investigando el vide, revisando blogs americanos, etc etc, la verdad es que creo que habeis inventado otra forma de ocio, que se sale del cine, y de la tele, una historia en capitulos donde todo el mundo puede poner en comun lo que piensa y compartirlo, Quiero M\u00e1s cosas de estas&#8230;. Aparte quer\u00eda preguntarte si lo de qu fuera en galicia es casualidad, o tuvisteis en cuenta, eso que dicen de que en las rias gallegas se encuentra una estaci\u00f3n submarina de Ovnis?, fue muy duro el rodaje? que tal el trabajo con la agencia?, Enhorabuena por la acci\u00f3n y much\u00edsimas gracias. Luis -.-<\/p>\n<p>R.- En primer lugar, gracias a ti. Galicia es una tierra que parece que se presta a los fen\u00f3menos paranormales y de hecho hay bastantes testimonios de avistamientos en la zona. Es cierto que cuando empezamos a documentarnos nos encontramos con leyendas que hablaban de una posible base sub\u00e1cuatica de ovnis enfrente de la R\u00eda de Vigo. Fue una casualidad curiosa porque entonces ya hab\u00edamos decidido que nuestro ovni iba a desaparecer sumergi\u00e9ndose en las aguas de las R\u00edas Bajas. El rodaje fue b\u00e1sicamente divertido, por las especiales circunstancias de discreci\u00f3n y en algunos casos de ilegalidad, como cuando &#8220;soltamos&#8221; la c\u00e1psula en la playa asturiana con nocturnidad y alevos\u00eda. Tambi\u00e9n fue muy peculiar el trabajo con la agencia del anunciante porque todo se prepar\u00f3 de manera conjunta, pero luego cada acci\u00f3n, que era bastante &#8220;de guerrilla&#8221;, ten\u00eda bastante improvisaci\u00f3n.<\/p>\n<p>P.- \u00bfLa publicidad viral es la que m\u00e1s exito tiene ahora y la m\u00e1s demandada?<\/p>\n<p>R.- No s\u00e9 si es la que m\u00e1s \u00e9xito tiene, pero desde luego es la que tiene m\u00e1s posibilidades de llegar a un p\u00fablico joven, que suele escapar de los canales habituales de publicidad, y de convertirse en un fen\u00f3meno social.<\/p>\n<p>P.- \u00bfQu\u00e9 le parece prioritario como productor? \u00bfProducir una pel\u00edcula a un director novel o a uno que ya haya dirigido una pero que haya sido un fracaso econ\u00f3mico?<\/p>\n<p>R.- Lo que me parece prioritario como productor es producir una buena pel\u00edcula.<\/p>\n<p>P.- Hola Lu\u00eds, primero felicitarte por tu trabajo en &#8220;Camino&#8221; &#8220;C\u00e1ndida&#8221; &#8220;El secleto&#8230;&#8221; y ahora llega, cuando me encuentro que lo del ovni tambi\u00e9n es cosa vuestra, la verdad que al principio no me hizo nada de gracia, pero poco a poco el marciano consigui\u00f3 que me lo tomara a risa. \u00bfC\u00f3mo se os ocurri\u00f3 esto de los ovnis? No crees que hay gente tan vulnerable que pod\u00eda haber pasado algo malo. Creo que habeis llegado al l\u00edmite de la ficcion.<\/p>\n<p>R.- La idea fue de la agencia DDB que quer\u00eda hacer el ejercicio de c\u00f3mo ser\u00eda una experiencia period\u00edstica similar a la emisi\u00f3n radiof\u00f3nica de La Guerra de los Mundos de Orson Welles con las nuevas tecnolog\u00edas, sobre todo porque el anunciante, Terra, se mueve en ese sector. Desde el principio tuvimos claro que no pod\u00edamos hacer nada perjudicial para nadie y mucho menos generar la alarma social que provoc\u00f3 en su d\u00eda Orson Welles. Dudo que alg\u00fan d\u00eda se llegue al l\u00edmite de la ficci\u00f3n, sobre todo con la realidad que nos rodea.<\/p>\n<p>P.- Tal y como reza la descripcion del chat &#8220;Luis Manso va del cine a la publicidad y viceversa&#8221; \u00bfQue factores hacen que te decidas por una u otra cosa? \u00bfva por epocas? \u00bfSe gana mas pasta con los anuncios o con las pelis? \u00bfque es mas divertido?<\/p>\n<p>R.- Javier Fesser y yo aprendimos casi todo lo que sabemos haciendo publicidad y nunca hablaremos mal de ella, al rev\u00e9s. Sin embargo, nuestras verdaderas inquietudes son cinematogr\u00e1ficas. No te niego que si hemos vuelto a hacer publicidad es para obtener los fondos necesarios para arriesgar en el pr\u00f3ximo proyecto de cine.<\/p>\n<p>P.- \u00bfDesde cu\u00e1ndo se dice que el cine espa\u00f1ol est\u00e1 en crisis? \u00bfalguna vez no ha estado en crisis? \u00bfo ahora no est\u00e1 en crisis?<\/p>\n<p>R.- No s\u00e9 desde cuando est\u00e1 en crisis, pero desde luego ahora mismo est\u00e1 en crisis. El cine espa\u00f1ol sufre una competencia m\u00e1s feroz que la que sufren otros sectores de ocio (cuesta lo mismo ver una pel\u00edcula espa\u00f1ola que la mayor superproducci\u00f3n norteamericana) y la pirater\u00eda no est\u00e1 ayudando precisamente. El caso es que ahora mismo levantar financiariamente un proyecto de cine en Espa\u00f1a es tremendamente complicado as\u00ed como la recuperaci\u00f3n de la inversi\u00f3n.<\/p>\n<p>P.- Gracias por Binta y la gran idea, una historia extraordinaria. \u00bfAlg\u00fan proyecto m\u00e1s en esa l\u00ednea solidaria?<\/p>\n<p>R.- Acabamos de terminar una campa\u00f1a para la ONG Plan que hemos rodado en Mali con Iker Casillas. En breve se emitir\u00e1.<\/p>\n<p>P.- \u00bfTe arrepientes de alguna pel\u00edcula que hayas producido?<\/p>\n<p>R.- En absoluto. Estoy muy orgulloso de todas ellas.<\/p>\n<p>P.- \u00bfCrees en los ovnis?<\/p>\n<p>R.- Creo en que hay vida fuera de la Tierra y creo que hay suficientes testimonios en todas las \u00e9pocas y culturas como para negar la posibilidad de que hayamos sido visitados.<\/p>\n<p>P.- \u00bfC\u00f3mo convenciste a Iker Casillas para cantar? Ahora el que da el cante es Ronaldo&#8230;<\/p>\n<p>R.- La verdad es que trabajar con Iker Casillas es muy f\u00e1cil. No result\u00f3 nada complicado animarle a cantar. Cuando le coment\u00e9 a su representante que cantaba bien, me respondi\u00f3 que eso no lo dijera jam\u00e1s de un portero.<\/p>\n<p>P.- Hola Soy Pablo Gonzalez, quer\u00eda preguntarte, para cuando la segunda parte de MecagoEndiola? \ud83d\ude42<\/p>\n<p>R.- No tenemos en mente ninguna segunda parte y si la tuvi\u00e9ramos, no te lo dir\u00eda ahora&#8230;<\/p>\n<p>P.- Que le parece que se facilite la subvencion a las directoras por el hecho de der mujer?<\/p>\n<p>R.- Me parece que tiene un punto de machismo.<\/p>\n<p>P.- \u00bfCree que se deber\u00eda promover el cine a nivel escolar como los antiguos cineclub, para evitar que lo primero que conozca un alumno sea como bajar una peli por internet?<\/p>\n<p>R.- S\u00ed, creo que estar\u00eda bien promover el cine como cualquier manifestaci\u00f3n cultural. El tema de bajarse fraudulentamente una pel\u00edcula de Internet tiene que ver m\u00e1s con la educaci\u00f3n general.<\/p>\n<p>P.- He seguido la historia del ovni gallego desde el principio, y debo admitir que al final me he divertido bastante. Pero no me queda claro qui\u00e9n est\u00e1 detr\u00e1s de todo esto, lo ha realizado Fesser? y por \u00faltimo, crees en los ovnis??<\/p>\n<p>R.- Detr\u00e1s de todo esto est\u00e1 Terra que tiene una necesidad de comunicaci\u00f3n, su agencia de publicidad DDB, que es la que propone la estrategia creativa, y Pel\u00edculas Pendelton, que es quien lleva a cabo la producci\u00f3n de las distintas piezas. Javier Fesser, como parte de Pendelton, es el responsable del gui\u00f3n. La realizaci\u00f3n la llevaron a cabo Jim Box y Gonzaga y la producci\u00f3n corri\u00f3 a cargo de Clara Valle, Marina Ortiz y yo mismo.<\/p>\n<p>P.- \u00bfC\u00f3mo viviste la noche de los Oscar? \u00bfEs todo tan impresionante como parece? \u00bfalguna an\u00e9cdota? gracias.<\/p>\n<p>R.- La noche de los Oscar fue tremendamente divertida. Nuestra an\u00e9cdota fue que casi no llegamos a tiempo porque a Javier y a m\u00ed nos parec\u00eda extra\u00f1o llegar en una limousina cuando est\u00e1bamos nominados por una pel\u00edcula que hab\u00edamos hecho para Unicef con los ni\u00f1os de Senegal. Cuando aparecimos en taxi rompimos todos los esquemas a los servicios de seguridad y por poco no nos dejan acceder.<\/p>\n<p>P.- Hola Luis, Soy estudiante de un m\u00e1ster de Internet y he seguido el tema del viral del Ovni Gallego en Terra Noticias. Flip\u00e9, ma pareci\u00f3 buen\u00edsimo, pero muchos compa\u00f1eros han cr\u00edticado la campa\u00f1a. \u00bfQu\u00e9 les dir\u00edas a aquellos que lo criticaron? Quiz\u00e1s no lo entendieron &#8230; Muchas gracias, un beso, Nekane<\/p>\n<p>R.- Para saber qu\u00e9 decirles, tendr\u00eda que conocer exactamente cu\u00e1les eran sus cr\u00edticas. En cualquier caso, el mero hecho de que haya cr\u00edticas ya refleja el \u00e9xito de la campa\u00f1a. \u00bfNo est\u00e1s de acuerdo? Un beso.<\/p>\n<p>P.- \u00bfPor qu\u00e9 habeis desacreditado de esta manera el fen\u00f3meno Ovni? \u00bfPorque no hay cojones a hacer publicidad riendose de los talibanes?<\/p>\n<p>R.- No considero que hayamos desacreditado el fen\u00f3meno ovni, ni mucho menos que nos hayamos re\u00eddo de los que creen en ello.<\/p>\n<p>P.- Respecto a los videos de los supuestos ovnis, a mi todav\u00eda no me ha quedado claro qu\u00e9 era falso y qu\u00e9 era real. Podr\u00edas explicarnos como hicisteis el video de mecaguendiola? En la sexta dec\u00edan que el helic\u00f3ptero era falso, pero por internet dec\u00edan que no.<\/p>\n<p>R.- Me encanta que no te haya quedado claro nada. El v\u00eddeo lo grabamos en un pesquero en O Grove con dos actores poco conocidos y un helic\u00f3ptero camuflado de negro para generar el debate de una posible agencia secreta del Estado que investiga estos fen\u00f3menos. Los cazas y el ovni fueron generados en 3-D y el &#8220;salpicado&#8221; del ovni al entrar en el agua en el mar fue rodado realmente para integrarlo en postproducci\u00f3n con el resto de las im\u00e1genes.<\/p>\n<p>P.- luis, ante todo, que guapo eres. pregunto: adem\u00e1s de casi-besar el oscar, \u00bfcu\u00e1ntos goyas besaste por CAMINO? \u00bfte pelo una naranja?<\/p>\n<p>R.- Gracias, pero hazte mirar lo de la vista. Con Camino ganamos seis goyas: Mejor Pel\u00edcula, Mejor Direcci\u00f3n, Mejor Gui\u00f3n, Mejor Actriz Protagonista, Mejor Actriz Revelaci\u00f3n y Mejor Actor de Reparto. Por t\u00fa \u00faltima pregunta ya veo que tambi\u00e9n viste Mortadelo y Filem\u00f3n. Yo soy m\u00e1s de pl\u00e1tano.<\/p>\n<p>P.- \u00bfQu\u00e9 es lo m\u00e1s complicado de ser productor de cine, lo m\u00e1s ingrato de su trabajo? Creo que los productores son unos grandes desconocidos, no sabemos muy bien en que consiste su trabajo, m\u00e1s que la leyenda de que son malos mal\u00edsimos. Un abrazo desde Segovia.<\/p>\n<p>R.- Nuestro trabajo consiste b\u00e1sicamente en hacer posible que una idea o un conjunto de folios (un gui\u00f3n) se convierta en una obra audiovisual. Eso conlleva desde buscar financiaci\u00f3n, contratar el equipo t\u00e9cnico y art\u00edstico id\u00f3neo, conseguir las localizaciones y todo lo que supone dise\u00f1ar la producci\u00f3n. A los directores les queda la enorme responsabilidad del &#8220;c\u00f3mo&#8221;. Una de las partes m\u00e1s ingratas de nuestro trabajo es que realmente no se nota hasta que falla. La fama de malos viene de cuando la figura del productor era m\u00e1s un obst\u00e1culo que una ayuda para el trabajo del director y del equipo art\u00edstico. Creo que, afortunadamente, la situaci\u00f3n ha cambiado radicalmente. Yo, desde luego, que adem\u00e1s procedo de la realizaci\u00f3n, busco ser un aliado del director. Creo que Javier Fesser y yo compartimos la misma principal inquietud: que el resultado, es decir, lo que se vea en la pantalla, sea lo mejor posible. Un abrazo desde Madrid.<\/p>\n","protected":false},"excerpt":{"rendered":"<p>Casi besa el Oscar como productor de Binta y la gran idea. Ahora est\u00e1 detr\u00e1s de unos v\u00eddeos sobre supuestos avistamientos de ovnis en Galicia que han circulado por internet. Luis Manso va del cine a la publicidad y viceversa. Esta campa\u00f1a viral o la de Iker Casillas cantando llevan su sello. Sobre sus trabajos y la situaci\u00f3n del sector del cine responde.<br \/>\n\u00danase al grupo de los encuentros<br \/>\nde elmundo.es en Facebook<\/p>\n","protected":false},"author":1,"featured_media":0,"comment_status":"open","ping_status":"open","sticky":false,"template":"","format":"standard","meta":{"footnotes":""},"categories":[],"tags":[],"class_list":["post-3873","post","type-post","status-publish","format-standard","hentry"],"_links":{"self":[{"href":"https:\/\/intervius.com\/index.html\/wp-json\/wp\/v2\/posts\/3873","targetHints":{"allow":["GET"]}}],"collection":[{"href":"https:\/\/intervius.com\/index.html\/wp-json\/wp\/v2\/posts"}],"about":[{"href":"https:\/\/intervius.com\/index.html\/wp-json\/wp\/v2\/types\/post"}],"author":[{"embeddable":true,"href":"https:\/\/intervius.com\/index.html\/wp-json\/wp\/v2\/users\/1"}],"replies":[{"embeddable":true,"href":"https:\/\/intervius.com\/index.html\/wp-json\/wp\/v2\/comments?post=3873"}],"version-history":[{"count":0,"href":"https:\/\/intervius.com\/index.html\/wp-json\/wp\/v2\/posts\/3873\/revisions"}],"wp:attachment":[{"href":"https:\/\/intervius.com\/index.html\/wp-json\/wp\/v2\/media?parent=3873"}],"wp:term":[{"taxonomy":"category","embeddable":true,"href":"https:\/\/intervius.com\/index.html\/wp-json\/wp\/v2\/categories?post=3873"},{"taxonomy":"post_tag","embeddable":true,"href":"https:\/\/intervius.com\/index.html\/wp-json\/wp\/v2\/tags?post=3873"}],"curies":[{"name":"wp","href":"https:\/\/api.w.org\/{rel}","templated":true}]}}