{"id":3862,"date":"2009-10-20T00:00:00","date_gmt":"2006-11-06T00:00:00","guid":{"rendered":"https:\/\/intervius.com\/index.html\/?p=3862"},"modified":"2006-11-06T00:00:00","modified_gmt":"2006-11-06T00:00:00","slug":"Francisco_Nunez3862","status":"publish","type":"post","link":"https:\/\/intervius.com\/index.html\/Francisco_Nunez3862\/","title":{"rendered":"Francisco N\u00fa\u00f1ez"},"content":{"rendered":"<p>Pregunta.- Buenas tardes Francisco: \u00bfCuanto puede gastarse un ministro mensualmente en gastos de represantacion? (trajes, comidas, viajes etc) muchas gracias<\/p>\n<p>Respuesta.- Buenas tardes&#8230; Cada ministerio tiene una partida determinada para estos gastos&#8230; Zapatero, como presidente del Gobierno, tiene consignados para 2010 unos 570.000 euros.Los interventores han comentado en distintas ocasiones que habr\u00eda que revisar estos gastos y separarlos para que tributen, como sucede con cualquier ciudadano.<\/p>\n<p>P.- Antes de nada, quiero felicitarte por meter en primera p\u00e1gina noticias econ\u00f3micas casi todos los d\u00edas en un diario nacional, eres un modelo a seguir. \u00bfEn qu\u00e9 puesto del ranking de pa\u00edses m\u00e1s ricos del mundo estar\u00e1 Espa\u00f1a cuando acabe esta legislatura?, \u00bfCrees que el paro en toda Espa\u00f1a llegar\u00e1 al 30% como ya est\u00e1 Andaluc\u00eda?, \u00bfRajoy es capaz de sacar a Espa\u00f1a de esta crisis, o tendr\u00eda que renovarse el PP para convertirse en una alternativa? Muchas gracias<\/p>\n<p>R.- Es poco probable que se alcance ese 30% de la poblaci\u00f3n activa, pero con seguridad se llegar\u00e1 al 20% en 20Lo que convendr\u00eda es que se produjera un pacto de Estado contra el paro, porque no hay que olvidar que las pol\u00edticas activas de empleo las tienen transferidas las autonom\u00edas, es decir, el empleo no es s\u00f3lo una responsabilidad del Gobierno sino de todas las autonom\u00edas que est\u00e1n siendo gobernadas por todos los aprtidos pol\u00edticos.<\/p>\n<p>P.- \u00bfFigura en los PGE cu\u00e1nto gastamos en coches oficiales? \u00bfLo sabe usted?<\/p>\n<p>R.- Para 2009 el Gobierno prev\u00e9 incrementar el parque m\u00f3vil hasta 1.055 veh\u00edculos, la plantilla aumentar\u00e1 hasta 1.180 conductores y consumir\u00e1 1,4 millones de litros de combustible. La partida de gasto aparece diluida por varios departamentos y habr\u00eda que desentra\u00f1arla por varias secciones. Adem\u00e1s, para el a\u00f1o pr\u00f3ximo existe otra partida oculta en la secci\u00f3n de Otros Gastos Ministeriales para dar apoyo a las actividades del Gobierno como consecuencia de la Presidencia Europea de la UE.<\/p>\n<p>P.- \u00bfCu\u00e1nto, enre todas las partidas de gasto, se va a pagar a un funcionariado cada vez mayor, frente a lo que va directamente a favorecer a los ciudadanos? Es decir, por ejemplo en pensiones, cu\u00e1nto se va en administrar este apartado, frente a lo que va a los bolsillos de los pensionistas. Es el tipo de pregunta que se hace por ejemplo de las ONGs cuando recaudan fondos.<\/p>\n<p>R.- El gasto de personal del Estado es de 27.527 millones de euros, un 2,7% m\u00e1s, es decir, unos 1.300 millones m\u00e1s que en 200Incluidos los organismos aut\u00f3nomos y los funcionarios de la Seguridad Social, el gasto supera los 30.000 millones. Falta por conocer el coste total de las autonom\u00edas, donde se encuentra el 60% de los funcionarios del pa\u00eds, y de los ayuntamientos. Como dato, le aportar\u00e9 que en 2009 el conjunto de gasto de la masa salarial superar\u00e1 los 125.000 millones, es del doble de la cantidad que este a\u00f1o se recaudar\u00e1 por IRPF.<\/p>\n<p>P.- Se\u00f1or N\u00fa\u00f1ez, \u00bfCree jusjtificada la asignaci\u00f3n presupuestaria de la Casa Real? \u00bfQu\u00e9 partidas suprimir\u00eda usted de los presupuestos de 2010?<\/p>\n<p>R.- El Rey tienen para el mantenimiento de la Casa Real una asignaci\u00f3n de unos 8,9 millones de euros, la misma cantidad que el a\u00f1o anterior. Pero, en otras partidas ministeriales existen programas, como por el ejemplo el 911Q de Apoyo a la Gesti\u00f3n Administrativa a la Jefatura del Estado, que alcanzar\u00e1 en 2010 los 6,5 millones y que figuran a cargo de Presidencia y Administraciones P\u00fablicas. A esta cifra, para saber el volumen de gasto de la Casa Real, habr\u00eda que sumar las partidas que figuran en gesti\u00f3n del patrimonio para el mantenimiento del Palacio de la Zarzuela o el de Marivent.<\/p>\n<p>P.- \u00bfHasta cu\u00e1ndo estima que ser\u00e1 posible mantener el actual gasto social sin que el d\u00e9ficit llegue a lastrar el futuro del presupuesto? \u00bfCorren peligro las pensiones y las prestaciones de desempleo si la crisis no remite pronto? Saludos de Jos\u00e9 Miguel, C\u00f3rdoba<\/p>\n<p>R.- No corren peligro las pensiones, aunque habr\u00e1 que hacer cambios para su sostenibilidad futura. El problema es que todos los partidos han empleado la caja de las pensiones para ganar elecciones. Por ejemplo, Zapatero consigna para el a\u00f1o que viene 300 millones para pagar el aumento de las pensiones m\u00ednimas, cantidad que tendr\u00eda que abonarse con los impuestos, es decir, con el presupuesto general y no con el de la Seguridad Social exclusivamente. En cuanto al gasto social, crece en 2010, pero es como consecuencia del aumento del paro y no por el aumento de las prestaciones.<\/p>\n<p>P.- Hola Paco, Me gustar\u00eda saber si hay alguna entidad independiente en Espa\u00f1a que audite los Presupuestos Generales del Estado para garantizar que las cuentas est\u00e1n bien hechas. Muchas gracias!<\/p>\n<p>R.- En algunos pa\u00edses europeos se ha abierto el debate de que alg\u00fan organismo privado relacionado con la auditor\u00eda o la consultor\u00eda pudiera participar en el control del Estado. En Espa\u00f1a, es la Intervenci\u00f3n General del Estado la encargada de hacer la auditor\u00eda previa y, posteriormente, el Tribunal de Cuentas.<\/p>\n<p>P.- \u00bfCon cuantos ministerios se puede gestionar el pais? recuerdo que antes se hacia con s\u00f3lo unos pocos. Se simplificaba el organigrama, adem\u00e1s de ser m\u00e1s barato, y no se concedian t\u00edtulos vitalicios a individuos indeseables, que es como se valora a muchos de los ministros actuales.<\/p>\n<p>R.- Evidentemente, con bastantes menos de los que existen. Por ejemplo, no tiene sentido que tengan el rango de ministerios departamentos sin competencias, como Educaci\u00f3n o Cultura, ya que han sido transferidos a las comunidades aut\u00f3nomas. As\u00ed se podr\u00eda reducir el n\u00famero de 536 altos cargos que hay en estos momentos s\u00f3lo en los ministerios.<\/p>\n<p>P.- He le\u00eddo que tal vez no retirar\u00e1n la ayuda de los 400 euros a las rentas bajas. \u00bfQu\u00e9 se considera una renta baja? Yo tengo un sueldo de 18.000 euros brutos, \u00bfpodr\u00eda seguir cobrando esta ayuda?<\/p>\n<p>R.- Renta baja para el Gobierno es una renta por debajo de los 12.000 euros de ingresos, ya que no est\u00e1 sujeta a retenci\u00f3n fiscal. El Gobierno quiere utilizar los 400 como moneda de cambio en el debate presupuestario para conseguir apoyos de los grupos de la izquierda. Parece ser que el corte lo van a dar sobre los 18.000 euros brutos que cobra usted. Estar\u00e1 al l\u00edmite<\/p>\n<p>P.- Buenos dias, que pasara al final con el cheque bebe? se incorporar\u00e1 progresividad como ped\u00edan IU y ERC? Gracias<\/p>\n<p>R.- Como en el caso de los 400 euros, depender\u00e1 de los apoyos que necesite el Gobierno para aprobar los Presupuestos. En principio, no tiene ning\u00fan sentido que el cheque beb\u00e9 se pueda cobrar independientemente de la renta percibida, es decir, que lo cobre alguien que gana 10 millones de euros y que el que gana 15.000 euros.<\/p>\n<p>P.- Ante el agujero impresionante creado en las arcas del estado, cree que la mejor opci\u00f3n es subir los impuestos para as\u00ed seguir despilfarrando lo mismo? Pienso que es de caj\u00f3n adoptar una pol\u00edtica de reducci\u00f3n de gasto p\u00fablico, empezando por los sueldos del funcionariado (la verdadera lacra de la sociedad espa\u00f1ola)<\/p>\n<p>R.- El Gobierno y las comunidades aut\u00f3nomas deber\u00edan haber hecho un duro ajusto de su gasto en los \u00faltimos a\u00f1os de bonanza econ\u00f3mica. Sin embargo, han tirado la casa por la ventana y han comprometido sus partidas de gasto, sobre todo, en materia de personal y corriente. Si no se hace un pacto de reducci\u00f3n de gasto, habr\u00e1 subidas de impuestos que dificultar\u00e1n la salida de la crisis.<\/p>\n<p>P.- Buenas tardes, bajo mi punto de vista, uno de los males end\u00e9micos de Espa\u00f1a, es la permisividad que se tiene con el dinero negro, en todas la capas de la sociedad, (limpieza, alquileres, reformas, compraventa inmuebles, etc. ), Cree Ud. que alg\u00fan partido pol\u00edtico ser\u00eda capaz de enderezar esto o les puede el que no les votar\u00eda nadie, otro mal es una ley de cambio y de comercio que data del 1.928 Muchas gracias (<\/p>\n<p>R.- En realidad, el Gobierno empez\u00f3 a perseguir el uso masivo de billetes de 500 euros cuando el ciclo de la construcci\u00f3n ya hab\u00eda comenzado a bajar. Eso significa, que al Gobierno y a las comunidades les ha interesado mirar hacia otro lado mientras la recaudaci\u00f3n tributaria por la construcci\u00f3n llenaba sus arcas. Ahora, el uso de dinero negro casi se ha profesionalizado y cada vez es m\u00e1s dif\u00edcil su control. Actualmente, se estima que ha aumentado un 30% este a\u00f1o y supone, seg\u00fan los propios inspectores de Hacienda, el 25% del PIB, unos 280.000 millones de euros.<\/p>\n<p>P.- Hola Paco buenos dias, un paisano quisiera conocer este asunto que aunque parecen dos en realidad es una sola. Cual es el impacto economico en los ingresos anuales del estado al pasar del 18 al 21 en las sicav. Que crees que sucederian con esta f\u00f3rmula de las grandes fortunas si se elevara al 30%<\/p>\n<p>R.- En realidad, el aumento de las rentas de capital que se supone que deber\u00eda afectar a las Sicav no les va a afectar a muchos de los part\u00edcipes porque tienen la posibilidad de no realizar liquidaciones y seguir tributando al 1%. S\u00f3lo sufrir\u00e1n el incremento tributario quienes tengan necesidad acuciante de liquidez. El resto puede aguantar hasta que el Gobierno vuelva a reducir la tributaci\u00f3n de las rentas de capital, como ya han manifestado altos cargos de Hacienda.<\/p>\n<p>P.- Mi pregunta . \u00bfCree Ud. que con la actual rigidez laboral la inversi\u00f3n extranjera va a tener a Espa\u00f1a en cuenta? \u00bfTenemos en cuenta que ya no queda nada de industria en este Pa\u00eds?\u00bfCual cree que va a ser nuevo modelo economico que nos saque de este agujero inmenso?Muchas gracias<\/p>\n<p>R.- Es cierto que la falta de flexibilidad del mercado laboral puede afectar a decisiones estrat\u00e9gicas de las compa\u00f1\u00eda. Sin embargo, tambi\u00e9n tienen en cuenta que Espa\u00f1a es uno de los pa\u00edses europeos donde los salarios son m\u00e1s bajos (dependiendo de los sectores). Respecto al nuevo modelo econ\u00f3mico, ni siquiera hay noticias de su existencia y de su futuro en los PGE. Adem\u00e1s, est\u00e1 por ver que el I+D+i pueda crear el empleo que se ha destruido y que se pueda generar en los pr\u00f3ximos a\u00f1os.<\/p>\n<p>P.- Pregunta facil D.Francisco: \u00bfCuanto se incrementa el IRPF en estos presupuestos, para los distintos tramos; o dicho de otro modo, cuanto se incrementan los impuestos de las rentas del trabajo en estos Presupuestos?. Gracias<\/p>\n<p>R.- La supresi\u00f3n de la deducci\u00f3n de los 400 euros para las rentas de trabajo supone la mayor subida del IRPF de la historia. De nuevo, las n\u00f3minas son las m\u00e1s castigadas por la voracidad recaudatoria del Gobierno de turno. Las rentas medias son el principal objetivo porque es el tramo donde Hacienda tiene m\u00e1s posibilidades de ingresos. De todas formas habr\u00e1 que esperar a ver qu\u00e9 hacen las CCAA, ya que pueden incrementar el 50% de la tarifa transferida.<\/p>\n<p>P.- Hola Paco, \u00bfCobran dietas los ministros por asistencia a los Consejos de Ministros?<\/p>\n<p>R.- No, pero con s\u00f3lo jurar el cargo pueden cobrar la pensi\u00f3n m\u00e1xima de la Seguridad Social o de Clases Pasivas (si son funcionarios) cuando a los dem\u00e1s ciudadanos se les exige, al menos, 35 a\u00f1os. Lo mismo ocuerre con los diputados y senadores, as\u00ed como los parlamentarios auton\u00f3micos que con s\u00f3lo cotizar 7 a\u00f1os tienen derecho a esa pensi\u00f3n m\u00e1xima. Lo que es evidente es que los pol\u00edticos siempre regulan las leyes a su favor.<\/p>\n<p>P.- \u00bfPodr\u00eda determinarse cu\u00e1nto nos suponen las retribuciones de los miles de asesores que hay en la Administraci\u00f3n Central, desde el Gobierno y ministerios hasta los organismos perif\u00e9ricos, como las subdelegaciones de Gobierno? Porque cobran una barbaridad, su n\u00famero no deja de crecer&#8230; y luego se mete en el mismo saco a todos los empleados p\u00fablicos.<\/p>\n<p>R.- En los PGE de 2010, el gasto de la alta direcci\u00f3n del Estado aumenta un 6,7%, bastante por encima del 1% con que aumentan, por ejemplo, las pensiones. En total, los altos cargos costar\u00e1n al contribuyente m\u00e1s de 815 millones de euros. Se trata de la misma cantidad que el ministerio de Hacienda prev\u00e9 recaudar por la subida de los impuestos de las rentas de capital. Un ejemplo, en 2009 el Estado tendr\u00e1 536 altos cargos, 11 menos que en el a\u00f1o anterior pero nueve m\u00e1s que hace dos a\u00f1os.<\/p>\n<p>P.- Pregunta facil y concisa, para que lo tengamos todos clarito: \u00bfsuben la retencion de la nomina (olvidemonos de todos los demas &#8220;tecnicismos, por favor) &#8211; SI o NO? Muchas Gracias<\/p>\n<p>R.- S\u00ed porque el Gobieno no ha aplicado la inflaci\u00f3n prevista para el a\u00f1o que viene (en torno al 1%) a la tarifa del IRPF y a las deducciones familiares y personales. Eso significa, adem\u00e1s, que cuando se revisen las n\u00f3minas por los convenios subir\u00e1n las retenciones. Tambi\u00e9n, desde el pr\u00f3ximo enero, todas las n\u00f3minas a partir de 12.000 euros anuales se ver\u00e1n reducida en 33,33 euros, como consecuencia del efecto inmediato de la supresi\u00f3n de los 400 euros. Indudablemente no es el mejor sistema para favorecer el consumo.<\/p>\n<p>P.- Buenos d\u00edas. En el \u00faltimo debate del estado de la naci\u00f3n, Zapatero habl\u00f3 de suprimir parcialmente las desgravaciones por vivienda, e incluso expuso cifras de salarios m\u00e1ximos, etc&#8230; el resto de partidos se opuso o critic\u00f3 las cifras estando a favor de la norma&#8230; cual es el resultado definitivo de todo esto? como se materiliza con la gente que tenga una cuenta vivienda?, ser\u00e1 con caracter definitvo o es una norma temporal&#8230;? en definitiva, como y cuando se van a concretar detalles como estos?<\/p>\n<p>R.- La eliminaci\u00f3n de la desgravaci\u00f3n por vivienda se aplicar\u00e1 a partir del 1 de enero de 20El Gobierno todav\u00eda tendr\u00e1 que fijar a partir de qu\u00e9 ingresos se suprime esta deducci\u00f3n. En principio, Zapatero anunci\u00f3 que ser\u00eda a partir de 24.000 euros. Seguramente el corte se har\u00e1 con ingresos inferiores.<\/p>\n<p>P.- El recorte en I+D, significa recorte en ayudas a pequenias y medianas empresas?<\/p>\n<p>R.- Con toda seguridad. Adem\u00e1s, el nuevo Plan de Inversi\u00f3n Local que el Gobierno va a poner en marcha el a\u00f1o que viene, y que en principio se iba a destinar a las empresas tecnol\u00f3gicas, va a emplear gran parte de sus efectivos en financiar gastos corrientes (personal y compra de bienes y servicios) de los ayuntamientos. Chaves hab\u00eda anunciado que se iban a destinar 750 millones a estos gastos y seguramente alcance los 3.000 millones de los 5.000 millones de dicho fondo.<\/p>\n<p>P.- \u00bfCu\u00e1l es el presupuesto del Gobierno para temas sociales, y el detalle de \u00e9ste, y si hay una ampliaci\u00f3n del presupuesto importante respecto a 2007 y 2008? Muchas gracias por darnos esta oportunidad.<\/p>\n<p>R.- Seg\u00fan el Gobierno, el 51% de los gastos del pr\u00f3ximo a\u00f1o es gasto social. Sin embargo, para el Ejecutivo, las pensiones y las prestaciones del paro tambi\u00e9n son gasto social, cuando en realidad se originan por el pago de unos derechos (cotizaciones y cuotas). Conviene saber que el Gobierno no ha puesto un s\u00f3lo euro para pagar las prestaciones de paro desde 2000 a 2008, ya que se han financiado exclusivamente con las cotizaciones y no con los Presupuestos. Adem\u00e1s, habr\u00eda que aclarar qui\u00e9nes son los receptores de, por ejemplo, las becas o las VPO son gasto social, para ello ser\u00eda necesario que los respectivos ministerios publicaran un listado de qui\u00e9nes resultan agraciados con estas ayudas, ya que todas las rentas de trabajo que superen 15.000 euros dif\u00edcilmente podr\u00e1n acceder a las mismas. Sin embargo, los profesionales y algunos aut\u00f3nomos que pueden &#8220;dise\u00f1ar&#8221; su salario pueden tener acceso a este tipo de ayudas o para sus hijos.<\/p>\n<p>P.- Buenas tardes. ?Podria usted explicar porque el PSOE se niega a aceptar las propuestas del PP (disminuir el gasto publico, bajada de impuestos, reformas, etc.), que de hecho coinciden con las de un gran numero de paises de la Union Europea? Gracias.<\/p>\n<p>R.- Estamos asistiendo a un debate esperp\u00e9ntico sobre la crisis. Los partidos no se ponen de acuerdo sobre un Pacto de Estado y el paro seguir\u00e1 creciendo. Sin embargo, la oposici\u00f3n podr\u00eda ser m\u00e1s clarividente en sus propuestas alternativas (Rajoy tiene la oportunidad de hacerlo esta tarde). Por ejemplo, ya que menciona que es necesario bajar el gasto p\u00fablico, convendr\u00eda que presentara un informe sobre las partidas que reducir\u00eda. Por otra parte, no hay que olvidar que en las CCAA gobiernan los dos partidos pol\u00edticos mayoritarios y que podr\u00edan hacer todos estos ajustes en los presupuestos correspondientes. No hay noticias en este sentido.<\/p>\n","protected":false},"excerpt":{"rendered":"<p>Gobierno y oposici\u00f3n empiezan a debatir los Presupuestos Generales del Estado para 2010, que incluyen la primera subida de impuestos en m\u00e1s de una d\u00e9cada. Pregunte al redactor de Econom\u00eda de EL MUNDO todo lo que quer\u00eda saber de las cuentas y que los pol\u00edticos no desean explicar. \u00bfCu\u00e1les son los ministerios m\u00e1s favorecidos?, \u00bfcu\u00e1nto gastan los ministros en luz, agua y calefacci\u00f3n? \u00bfqu\u00e9 se esconde bajo la partida Otros?<br \/>\n\u00danase al grupo de los encuentros<br \/>\nde elmundo.es en Facebook<\/p>\n","protected":false},"author":1,"featured_media":0,"comment_status":"open","ping_status":"open","sticky":false,"template":"","format":"standard","meta":{"footnotes":""},"categories":[],"tags":[],"class_list":["post-3862","post","type-post","status-publish","format-standard","hentry"],"_links":{"self":[{"href":"https:\/\/intervius.com\/index.html\/wp-json\/wp\/v2\/posts\/3862","targetHints":{"allow":["GET"]}}],"collection":[{"href":"https:\/\/intervius.com\/index.html\/wp-json\/wp\/v2\/posts"}],"about":[{"href":"https:\/\/intervius.com\/index.html\/wp-json\/wp\/v2\/types\/post"}],"author":[{"embeddable":true,"href":"https:\/\/intervius.com\/index.html\/wp-json\/wp\/v2\/users\/1"}],"replies":[{"embeddable":true,"href":"https:\/\/intervius.com\/index.html\/wp-json\/wp\/v2\/comments?post=3862"}],"version-history":[{"count":0,"href":"https:\/\/intervius.com\/index.html\/wp-json\/wp\/v2\/posts\/3862\/revisions"}],"wp:attachment":[{"href":"https:\/\/intervius.com\/index.html\/wp-json\/wp\/v2\/media?parent=3862"}],"wp:term":[{"taxonomy":"category","embeddable":true,"href":"https:\/\/intervius.com\/index.html\/wp-json\/wp\/v2\/categories?post=3862"},{"taxonomy":"post_tag","embeddable":true,"href":"https:\/\/intervius.com\/index.html\/wp-json\/wp\/v2\/tags?post=3862"}],"curies":[{"name":"wp","href":"https:\/\/api.w.org\/{rel}","templated":true}]}}