{"id":386,"date":"2005-11-07T00:00:00","date_gmt":"2006-11-06T00:00:00","guid":{"rendered":"https:\/\/intervius.com\/index.html\/?p=386"},"modified":"2006-11-06T00:00:00","modified_gmt":"2006-11-06T00:00:00","slug":"Luis_Rojas_Marcos386","status":"publish","type":"post","link":"https:\/\/intervius.com\/index.html\/Luis_Rojas_Marcos386\/","title":{"rendered":"Luis Rojas Marcos"},"content":{"rendered":"<p>Pregunta.- Se\u00f1or Rojas \u00bfno cree usted que la sociedad espa\u00f1ola en general est\u00e1 mucho m\u00e1s enfrentada que hace unos a\u00f1os en cualquier aspecto de la vida?<\/p>\n<p>Respuesta.- En mi opini\u00f3n, y viviendo fuera, no la encuentro m\u00e1s enfrentada, en mi opini\u00f3n ha avanzado a nivel social, psicol\u00f3gico de manera impresionante y creo que es una de las m\u00e1s sanas del mundo.<\/p>\n<p>P.- En su opinion, \u00bfque factores han agravado el acoso escolar hasta el estado actual? \u00bfQu\u00e9 cambio han sufrido las mentalidades para que se haya pasado del simple insulto al acoso y derribo en poco menos de 10 a\u00f1os?<\/p>\n<p>R.- La percepci\u00f3n del acoso escolar se ha intensificado debido a la atenci\u00f3n que los medios y la sociedad han prestado a este tipo de violencia. El acoso ha existido hace muchos a\u00f1os; cuando yo crec\u00eda (en los 50) era m\u00e1s frecuente, pero no se le daba la importancia de hoy en d\u00eda. Es un problema actual, pero hace a\u00f1os era m\u00e1s grave porque no se le daba importancia.<\/p>\n<p>P.- Doctor Rojas Marcos, adem\u00e1s de felicitarle por sus art\u00edculos, y, muy en concreto, por aqu\u00e9l que public\u00f3 en este diario tras los atentados del 11-S(titulado \u00c1ngeles an\u00f3nimos), me gustar\u00eda preguntarle lo siguiente: \u00bfpueden reducirse a 0-como algunos psicoterapeutas creen-, los ritos insufribles que un paciente de neurosis obsesivo-compulsiva ha de hacer para contrarrestar sus obsesiones? Le agradecer\u00eda sobremanera su respuesta. Muchas gracias de antemano.<\/p>\n<p>R.- La neurosis obsesivo-compulsiva est\u00e1 causada por obsesiones que el paciente no puede controlar y por conductas impulsivas; este trastorno produce mucho sufrimiento en quien lo padece. Sin embargo, con los avances en psiquiatr\u00eda y farmacolog\u00eda esperamos que un d\u00eda no muy lejano esta enfermedad pueda ser curada e incluso erradicada.<\/p>\n<p>P.- \u00bfC\u00f3mo se puede superar un trastorno obsesivo compulsivo? \u00bfTiene curaci\u00f3n? \u00bfC\u00f3mo superar la dependencia emocional as\u00ed como el miedo, p\u00e1nico a la soledad?<\/p>\n<p>R.- Este transtorno puede ser tratado eficazmente y superado por quienes lo sufren. La mejor forma para superar el sentimiento de soledad es tratar de conectarnos con las personas queridas de nuestro alrededor. Hoy, gracias a la tecnolog\u00eda, al tel\u00e9fono, a Internet, tenemos m\u00e1s facilidad a la hora de mantenernos en contacto. Un consejo: hable con seis personas al d\u00eda, aunque sea por tel\u00e9fono.<\/p>\n<p>P.- Sus trabajos son fant\u00e1sticos. \u00bfHasta que punto cree que puede afectar las amenazas en los colegios a los alumnos en un futuro para tener una vida sin miedos, y en qu\u00e9 edades es mas sensible el ni\u00f1o?<\/p>\n<p>R.- Las agresiones en el colegio suelen tener un impacto da\u00f1ino, no solamente mientras ocurren sino que tambi\u00e9n pueden afectar negativamente en el futuro del ni\u00f1o. Los primeros 15 a\u00f1os de la vida forman el periodo m\u00e1s sensible en el desarrollo de los ni\u00f1os; \u00e9stas son las edades en las que la sociedad y el sistema escolar debe prestar m\u00e1s atenci\u00f3n.<\/p>\n<p>P.- \u00bfCree usted que algo tan simple como la perdida de sensibilidad hacia el arte, la ciencia, la literatura&#8230; haya influido tambi\u00e9n en esa falta de respeto y sensibilidad hac\u00eda las dem\u00e1s personas? O por el contrario en esta Sociedad de mentes di\u00e1fanas, \u00bfla sensibilidad es un valor que no repercute en nuestras relaciones sociales?<\/p>\n<p>R.- Comparados con los seres humanos que viv\u00edan hace menos de un siglo, hoy los hombres y las mujeres tienen muchas m\u00e1s posibilidades de aprender y disfrutar de las ciencias y las artes. Yo no creo que este inter\u00e9s se haya reducido sino todo lo contrario; creo que hoy no solamente vivimos m\u00e1s sino que tenemos m\u00e1s tiempo para disfrutar del conocimiento y de las bellas artes.<\/p>\n<p>P.- Cu\u00e1les son los principales motivos de infelicidad en la sociedad actual? Puede decirse que est\u00e1n generalizados? Como experto, cu\u00e1les son sus recomendaciones para alcanzar &#8220;la felicidad&#8221;? Un saludo, profesor.<\/p>\n<p>R.- El dolor continuado que no responde ante ning\u00fan tratamiento, el miedo constante, el odio que nos abruma y la depresi\u00f3n son los peores enemigos de la felicidad. Mi recomendaciones para sentirnos m\u00e1s satisfechos con la vida consisten en enfocar las peque\u00f1as cosas agradables del d\u00eda a d\u00eda. Adem\u00e1s, est\u00e1 comprobado que las personas que hablan con sus seres queridos, se relacionan con otros, ejercen actividades de voluntariado aunque sea una hora a la semana, mantienen activo su cuerpo y algunas facultades mentales como la memoria y el entendimiento diversifican sus parcelas de felicidad, tienen m\u00e1s probabilidades de sentir que la vida merece la pena y de disfrutar de lo que la vida nos ofrece.<\/p>\n<p>P.- Buenas tardes,mi pregunta es la siguiente,\u00bfcree usted que proliferan menos las enfermedades mentales en sociedades con menos bienestar social donde las necesidades y el instinto de supervivencia son mucho m\u00e1s acuciantes?<\/p>\n<p>R.- Las enfermedades mentales m\u00e1s graves, como por ejemplo, la esquizofrenia, ocurren con la misma frecuencia en sociedades ricas y pobres. Al mismo tiempo, en las sociedades m\u00e1s desarrolladas hay ciertas enfermedades como la anorexia o el trastorno por d\u00e9ficit de atenci\u00f3n que llaman m\u00e1s la atenci\u00f3n y se diagnostican con m\u00e1s frecuencia que en las sociedades pobres.<\/p>\n<p>P.- \u00a1Cual es la actitud correcta frente al acoso laboral: amenazas, malos tonos, impago?<\/p>\n<p>R.- Mi consejo es que busque ayuda de profesionales entendidos en el tema que le puedan asesorar desde el punto de vista legal, emocional y laboral.<\/p>\n<p>P.- \u00bfSe est\u00e1 empezando a percibir de modo significativo una especie de miedo colectivo o s\u00edndrome del terrorismo que afecte al nivel de la vida cotidiana de las personas corrientes? \u00bfPodr\u00eda llegar a generar nuevas patolog\u00edas? Muchas gracias.<\/p>\n<p>R.- No cabe duda de que la incertidumbre y el sentido de vulnerabilidad forman hoy parte de nuestro d\u00eda a d\u00eda. Sin embargo, no es prudente olvidar que, hasta hace menos de un siglo, las personas no ten\u00edan control sobre su vida. La mujer ten\u00eda que tener ocho hijos para que le vivieran cuatro. La educaci\u00f3n era un privilegio hasta hace poco y muchas enfermedades que hoy hemos erradicado del mundo eran causa de muertes masivas.<\/p>\n<p>P.- Veo una creciente intencionalidad, por desplazar a los psic\u00f3logos. O sea, se trabajar\u00e1 sobre efectos sin atender causas lo que anulara al individuo y se asegura un paciente cautivo, lo que asegura la rentabiidad mas que la salud. \u00bfQu\u00e9 opina?<\/p>\n<p>R.- Es cierto que, en algunos pa\u00edses, no se valora lo suficiente la experiencia y la capacidad de los psic\u00f3logos a la hora de tratar de entender y curar los trastornos emocionales. Estoy convencido de que, con el tiempo, la sociedad considerar\u00e1 la psicolog\u00eda como un gran recurso para mejorar la calidad de vida de las personas. Con esto no quiero decir que otras herramientas como la medicina no contin\u00faen siendo muy \u00fatiles.<\/p>\n<p>P.- Me parece que estamos en una era de cambio a todo nivel (social, econ\u00f3mico, de valores humanos&#8230;) y eso represeta una revoluci\u00f3n natural m\u00e1s o menos controlada. Estamos en pleno bollo bastante imparable. Yo lo considero evoluci\u00f3n social necesaria para no apoltronarse y abusar.\u00bf Es asi?<\/p>\n<p>R.- La vida es cambio y el cambio es vida. Como usted apunta, estamos en un proceso imparable de transformaci\u00f3n. Hoy vivimos m\u00e1s y en general la calidad de vida ha aumentado. Los seres humanos estamos impulsados por un imparable proceso de evoluci\u00f3n y mejora; esto es bueno pero al mismo tiempo requiere que nos adaptemos a los cambios.<\/p>\n<p>P.- Bas\u00e1ndose en su experiencia profesional, \u00bfcual cree que es la principal enfermedad psicol\u00f3gica de la sociedad actual? Un saludo, Susana. <\/p>\n<p>R.- La enfermedad mental m\u00e1s penosa de nuestro tiempo es la depresi\u00f3n. Afortunadamente, hoy existen m\u00e9todos eficaces para aliviar este mal e incluso para curarlo.<\/p>\n<p>P.- Los occidentales \u00bfSomos cada vez m\u00e1s d\u00e9biles mentalmente? \u00bfCada vez har\u00e1 falta m\u00e1s polic\u00eda, m\u00e1s psic\u00f3logos y m\u00e1s entretenimiento audiovisual? <\/p>\n<p>R.- No. El mundo en general ha estado y contin\u00faa estando en un proceso de evoluci\u00f3n para mejor. Lo que ocurre hoy es que tenemos mucho m\u00e1s tiempo libre que antes, cuando el trabajo consum\u00eda nuestro d\u00eda a d\u00eda y la esperanza de vida no superaba los 40 a\u00f1os. Hoy, en general, tenemos m\u00e1s oportunidades, m\u00e1s opciones y m\u00e1s tiempo para aprender, conectarnos con los dem\u00e1s y crear.<\/p>\n<p>P.- \u00bfCree que se puede alcanzar la felicidad?, o por el contrario la naturaleza humana siempre busca algo m\u00e1s, que no nos permite pararnos y disfrutar de lo que tenemos sino simplemente anhelar aquello que no tenemos y probablemente no tengamos nunca Muchas gracias Toni<\/p>\n<p>R.- A usted. Prefiero hablar de satisfacci\u00f3n con la vida en general. La palabra felicidad est\u00e1 cargada de simbolismos y connotaciones que hacen dif\u00edcil ponernos de acuerdo sobre lo que significa. La mayor\u00eda de las personas se sienten razonablemente satisfechas con su vida. Esta satisfacci\u00f3n no se alcanza un d\u00eda, sino que se construye de las peque\u00f1as cosas agradables que forman nuestro d\u00eda a d\u00eda.<\/p>\n<p>P.- Que opina usted del desaliento que puede tener un pueblo cuando ve casos de corrupci\u00f3n generalizada entre sus gobernantes. Cual cree que es la mejor actitud personal para mantener la salud mental en casos como estos.<\/p>\n<p>R.- Es cierto que la sociedad pasa por \u00e9pocas en las que algunos gobernantes abusan del poder y se aprovechan de la fe y la confianza que en ellos depositan los ciudadanos. La mejor forma para superar estas circunstancias es, primero, recurrir a las elecciones para cambiar a estos gobernantes. En segundo lugar, a m\u00ed me ayuda pensar que en su mayor\u00eda los gobernantes son personas dedicadas, honestas, cuyo trabajo es necesario, pero a su vez, no es nada f\u00e1cil.<\/p>\n<p>P.- \u00bfCree usted que es posible una evoluci\u00f3n de la sociedad en una direcci\u00f3n menos consumista o menos egoista?<\/p>\n<p>R.- En mi opini\u00f3n, la sociedad est\u00e1 avanzando en una direcci\u00f3n donde hay menos ego\u00edsmo y m\u00e1s solidaridad con los dem\u00e1s. Comprendo que son muchos los que piensan que cualquier tiempo pasado fue mejor, sin embargo si uno reflexiona sobre la historia pasada de la Humanidad, tendr\u00e1 que reconocer que cualquier tiempo pasado fue peor.<\/p>\n<p>P.- Que mensaje dar\u00eda a los ciudadanos espa\u00f1oles respecto a la violencia externa que estamos recibiendo en los \u00faltimos tiempos? <\/p>\n<p>R.- A pesar del gran problema de la violencia en nuestros d\u00edas, la realidad es que hoy hay, en general, menos violencia que antes, lo que ocurre es que la violencia hoy causa m\u00e1s preocupaci\u00f3n porque pensamos que podemos hacer algo para controlarla. Mi mensaje a los ciudadanos es que contin\u00faen fomentando sus inclinaciones naturales a la bondad, la solidaridad y la generosidad.<\/p>\n<p>P.- \u00bfSe puede considerar un fracaso vital el no tener o haber establecido una relaci\u00f3n de sentimental formando una pareja duradera en a lo largo de la vida?<\/p>\n<p>R.- No. Cada persona elige su forma particular de vivir y de encontrar lo mejor que la vida ofrece. Si bien las relaciones sentimentales con otras personas constituyen una fuente muy com\u00fan de satisfacci\u00f3n, hay otras parcelas en la vida que tambi\u00e9n nos pueden proporcionar una buena dosis de alegr\u00eda.<\/p>\n","protected":false},"excerpt":{"rendered":"<p>Los \u00e1nimos de la sociedad del siglo XXI se ven atacados por fen\u00f3menos cotidianos (acoso escolar y laboral, violencia dom\u00e9stica, etc) y por otros de naturaleza extraordinaria, como los \u00faltimos atentados terroristas (11-S, 11-M, 7-J) o las grandes cat\u00e1strofes naturales de los \u00faltimos meses. El que fuera m\u00e1ximo responsable de los servicios de salud mental de Nueva York durante el 11-S y actual profesor de psiquiatr\u00eda en la New York University, Luis Rojas Marcos, ha charlado con los lectores. <\/p>\n","protected":false},"author":1,"featured_media":0,"comment_status":"open","ping_status":"open","sticky":false,"template":"","format":"standard","meta":{"footnotes":""},"categories":[],"tags":[],"class_list":["post-386","post","type-post","status-publish","format-standard","hentry"],"_links":{"self":[{"href":"https:\/\/intervius.com\/index.html\/wp-json\/wp\/v2\/posts\/386","targetHints":{"allow":["GET"]}}],"collection":[{"href":"https:\/\/intervius.com\/index.html\/wp-json\/wp\/v2\/posts"}],"about":[{"href":"https:\/\/intervius.com\/index.html\/wp-json\/wp\/v2\/types\/post"}],"author":[{"embeddable":true,"href":"https:\/\/intervius.com\/index.html\/wp-json\/wp\/v2\/users\/1"}],"replies":[{"embeddable":true,"href":"https:\/\/intervius.com\/index.html\/wp-json\/wp\/v2\/comments?post=386"}],"version-history":[{"count":0,"href":"https:\/\/intervius.com\/index.html\/wp-json\/wp\/v2\/posts\/386\/revisions"}],"wp:attachment":[{"href":"https:\/\/intervius.com\/index.html\/wp-json\/wp\/v2\/media?parent=386"}],"wp:term":[{"taxonomy":"category","embeddable":true,"href":"https:\/\/intervius.com\/index.html\/wp-json\/wp\/v2\/categories?post=386"},{"taxonomy":"post_tag","embeddable":true,"href":"https:\/\/intervius.com\/index.html\/wp-json\/wp\/v2\/tags?post=386"}],"curies":[{"name":"wp","href":"https:\/\/api.w.org\/{rel}","templated":true}]}}