{"id":385,"date":"2005-11-04T00:00:00","date_gmt":"2006-11-06T00:00:00","guid":{"rendered":"https:\/\/intervius.com\/index.html\/?p=385"},"modified":"2006-11-06T00:00:00","modified_gmt":"2006-11-06T00:00:00","slug":"Los_Porretas385","status":"publish","type":"post","link":"https:\/\/intervius.com\/index.html\/Los_Porretas385\/","title":{"rendered":"Los Porretas"},"content":{"rendered":"<p>Pregunta.- \u00bfLlamar al disco &#8220;Porretas&#8221; es por no comeros la cabeza o de verdad que es porque es el d\u00e9cimo?<\/p>\n<p>Respuesta.- De verdad, es el d\u00e9cimo. Nos comimos mucho la cabeza, al final se qued\u00f3 con ese nombre. Ya que es el d\u00e9cimo. El disco era serio, se merec\u00eda un t\u00edtulo as\u00ed.<\/p>\n<p>P.- En este disco haceis un &#8220;homenaje&#8221; al kalimotxo como hicisteis al a Marihuana. \u00bfCu\u00e1l ser\u00e1 el pr\u00f3ximo?<\/p>\n<p>R.- No lo hemos decidido, las cosas van saliendo, seg\u00fan venga&#8230;<\/p>\n<p>P.- \u00bfPara cuando un &#8220;statut&#8221; para Hortaleza?<\/p>\n<p>R.- Ya tenemos tres, estatuas.<\/p>\n<p>P.- que opinais de los ramones?<\/p>\n<p>R.- Que se han muerto todos ya. Los inventores del rock de barrio. Un grupo que siempre nos ha gustado. En Argentina nos llamaban Los Ramones de Hortaleza.<\/p>\n<p>P.- Teneis alguna fecha confirmada para presentar el nuevo disco?Gracias<\/p>\n<p>R.- En enero empezaremos la nueva gira, pero no hay fecha definitiva.<\/p>\n<p>P.- Felicitaros x vuestro ultimo disco el mejor,es igual ke todos el mismo gran rock.roll,pero algo nuevo me encanta,aki la preguntaharias alguna version de mago de oz?kedaria bastante bien en vuestro estilo,graziax<\/p>\n<p>R.- Puede ser, nunca se sabe.<\/p>\n<p>P.- Vais a prepara una gira wapa?, xk yo hace muxo ke no veo conicertos de vosotros. enga un saludete<\/p>\n<p>R.- Una gira que va a durar casi un a\u00f1o, intentaremos llegar a toda Espa\u00f1a.<\/p>\n<p>P.- HOla!! soy rafa, de zaragoza. querr\u00eda saber si vais a organizar proximamente alg\u00fan concierto por Zaragoza.<\/p>\n<p>R.- En la gira del a\u00f1o que viene. No sabemos fechas seguras. Tenemos muchas ganas de pasar por all\u00ed, casi ya son dos a\u00f1os.<\/p>\n<p>P.- tras la pila de a\u00f1os que llevais en la brecha,\u00bfcomo veis el futuro del grupo?espero que tengais las baterias cargadas que os keremos tener durante otra pila de a\u00f1os.Un abrazo desde Guadalajara<\/p>\n<p>R.- Con muchas ganas, las pilas muy cargadas. Con mucha cremita en la cara, para las arrugas.<\/p>\n<p>P.- vais a dar algun conciertillo por vizcaya???a sido la ostia vuestro disco habido algun colaborador en especial??<\/p>\n<p>R.- Seguramente llegaremos hasta Vizcaya. Colaboraciones, Ernesto nuestro colaborador habitual ha metido una flauta y un teclado. Y Kosta (de Boikot, que no OT) guitarra, tambi\u00e9n la producci\u00f3n.<\/p>\n<p>P.- SIEMPRE SOIS BIENVENIDOS EN LOS FESTIVALES PERO..\u00bfQUE TENEIS QUE DECIR DE LOS ORGANIZADORES DE FESTIS DE ROCK PENINSULARES? PORQUE HAY RUMORES,HABLAD CLARO POR FAVOR<\/p>\n<p>R.- Son cosas que se escapan a los m\u00fasicos.<\/p>\n<p>P.- &#8220;Despues te haces mayor y paras en los bares&#8221;. \u00bfOs vais a quedar en los bares o saldreis de gira?\u00bfcuando?\u00bfvendreis por extremadura?porretas pa siempre<\/p>\n<p>R.- Hay que visitar los bares de todos los sitios. Seguramente estaremos en el Extrem\u00fasica.<\/p>\n<p>P.- A ver, decidme alg\u00fan gusto musical inconfesable \u00bflos ten\u00e9is?<\/p>\n<p>R.- Desde Ramones a Green Day, La Polla Records a Barricada<\/p>\n<p>P.- \u00bfCon qui\u00e9n compartir\u00edais escenario de los grupos con los que no lo hayais hecho todav\u00eda?<\/p>\n<p>R.- Con el Fary no hemos compartido, pero nunca es tarde. Somos muy fan, la del torito nos gusta mucho.<\/p>\n<p>P.- \u00bfCantar\u00edais alguna vez en ingl\u00e9s por dinero? \u00bfY por mucho dinero?<\/p>\n<p>R.- S\u00ed, a partir de las 3 de la ma\u00f1ana en cualquier fiesta. Cantamos ingl\u00e9s chapurreao. Ingl\u00e9s de borrachera.<\/p>\n<p>P.- \u00bfC\u00f3mo hab\u00e9is conseguido sobrevivir tanto tiempo en un mundo musical donde triunfan los triunfitos y cosas as\u00ed?<\/p>\n<p>R.- Eso nos preguntamos nosotros. Ni puta idea. Currando mucho.<\/p>\n<p>P.- En Hortaleza, \u00bfqui\u00e9n tiene m\u00e1s nombre, Luis Aragon\u00e9s o vosotros?<\/p>\n<p>R.- Nosotros, pero es m\u00e1s borracho Luis. <\/p>\n<p>P.- \u00bfSois indies?<\/p>\n<p>R.- S\u00ed, de la India. \u00bfQu\u00e9 es eso?Ni de co\u00f1a.<\/p>\n<p>P.- \u00bfLa mejor droga para componer?\u00bfY para subirse al escenario?<\/p>\n<p>R.- Nos quedamos con la cerveza y el calimocho.<\/p>\n<p>P.- \u00bfEs verdad lo de sexo y drogas en el &#8220;roncanrol&#8221;? Sinceraos, troncos&#8230;<\/p>\n<p>R.- Lo de las drogas s\u00ed. Lo del sexo ya es otra cosa, es la gran mentira del rock. <\/p>\n<p>P.- \u00bfCu\u00e1l consider\u00e1is que el himno de Los Porretas?<\/p>\n<p>R.- No podemos elegir entre nuetras canciones, son como nuestros hijos.<\/p>\n<p>P.- \u00bfQu\u00e9 os pasa con las multinacionales? Vuestras experiencias siempre han sido negativas.<\/p>\n<p>R.- Que no cumplen lo que prometen. Se miran m\u00e1s al bolsillo&#8230;.<\/p>\n<p>P.- \u00bfCon qu\u00e9 pol\u00edtico os ir\u00edais de juerga?<\/p>\n<p>R.- Con ninguno. Con Labordeta, ese tiene que ser muy cachondo. De buen cantar y buen comer.<\/p>\n<p>P.- \u00bfVuestra cerveza favorita es la Mahou?<\/p>\n<p>R.- S\u00ed. Pero la Mahou con nosotros no se ha enrollado nada.<\/p>\n<p>P.- \u00bfS\u00f3is perroflautas o el movimiento que ahora ha derivado en eso?<\/p>\n<p>R.- Que te vayas a mamarla.<\/p>\n<p>P.- En realidad, la gente, cuando oye el nombre de Los Porretas os define como un grupo cl\u00e1sico \u00bfsois una leyenda?<\/p>\n<p>R.- S\u00ed, son muchos a\u00f1os. Somos una leyenda en nuestro barrio. Y en nuestra casa.<\/p>\n<p>P.- \u00bfOs consider\u00e1is Punkis? \u00bfO ya no hay de eso?<\/p>\n<p>R.- S\u00ed, tenemos or\u00edgenes punkis, pero no lo somos. Quiz\u00e1 en los prioncipios. Los punkis de ahora no son como los de antes.<\/p>\n<p>P.- \u00bfCu\u00e1ndo una gira por Jap\u00f3n?<\/p>\n<p>R.- Cuando nos llamen, pero te aconsejamos que dejes el sake.<\/p>\n<p>P.- PORKE AUN NO ESTA EL DISCO POR ZARAGOZA, NI EN FNAC NI EN NINGUN LAO<\/p>\n<p>R.- Eso no es culpa nuetra. Igual est\u00e1 agotado.<\/p>\n<p>P.- DONDE ESTA LA FOTO DEL CAMION DELA MAHOU KON LOS PORRETAS ENEL MOLINAROCK? OSLA HABEIS BEBIDO? LUIS ANDE ESTA, YO LA KIERO<\/p>\n<p>R.- DONDE ESTA LA FOTO DEL CAMION DELA MAHOU KON LOS PORRETAS ENEL MOLINAROCK? OSLA HABEIS BEBIDO? LUIS ANDE ESTA, YO LA KIERO<\/p>\n<p>P.- Grupos espa\u00f1oles que os molen<\/p>\n<p>R.- Boikot, Barricada, La Polla&#8230;de los nuevos Koma, los Dikers&#8230;<\/p>\n<p>P.- \u00bfVosotros viv\u00eds de la m\u00fasica? Yo para m\u00ed que no, s\u00ed etoy en lo cierto, \u00bfA qu\u00e9 os dedic\u00e1is?<\/p>\n<p>R.- Ya hece a\u00f1os que vivimos de esto, y de puta madre!<\/p>\n<p>P.- Seguis los mismos en la formaci\u00f3n o habeis cambiado a alguno \ud83d\ude09<\/p>\n<p>R.- Somos los mismos. A etas alturas ya para que&#8230;<\/p>\n<p>P.- Hola porretas,, un saludo desde la tierra del tequila,guadalajara jalisco mexico, la pregunta es la de siempre para todos los espa\u00f1oles, cuando vienen a mexico,me ha comentado el colega gerardo de vantroi, que venian este a\u00f1o que paso? haora estan por aca en mi estado los stafas,y ustedes cuando,, siguan asi, y porretas para toda la vida<\/p>\n<p>R.- De momento no sabemos, nos encantar\u00eda. Iremos cuando alguien nos llame, y nos organice algo chulo. De hecho por esa zona tenemos muchos admiradores.<\/p>\n<p>P.- Solo deciros que sois la ostia y que a ver cuando volveis por Asturies,sidra y lo que haga falta no va a faltar.El disco es un lujazo,me parece el mas maduro, \u00bfpensais igual?, no cambieis nunca.Un saludo desde Oviedo.<\/p>\n<p>R.- Pensamos igual que tu, es muy chulo. lImaginamos quen iremos con la gira por Asturias. Y le daremos a la sidra, que tiene un peligro&#8230;claro que tambi\u00e9n nos bebimos unas once botellas antes de salir a tocar.<\/p>\n<p>P.- Llevo escuchando vuestros discos desde que ten\u00eda 14 a\u00f1os y sois los mejores. Pero siempre he tenido la duda de hasta qu\u00e9 punto Si lo s\u00e9 me meo es autobiogr\u00e1fica. Salud!Arturo, Las Palmas.<\/p>\n<p>R.- S\u00ed lo es, le ocurri\u00f3 al Rober. Acab\u00f3 en el coche de un madero, pensaba que era el suyo. Se meti\u00f3 en el coche del medero y el otro se peg\u00f3 un susto que flipas, de ah\u00ed sali\u00f3 la canci\u00f3n.<\/p>\n<p>P.- wenas! keria aceros una preguntika, soi de aliknt y m gustaria saber si vais a venir x aki dntro de poko, ya k la ultima vez k vinisteis no pud ir. x aki tngo un mnton de kolegas k pensamos k sois los putos amos. k sepais k la otra vez k vinisteis aki fui a al cncierto y fue le mjor de mi vida. cnt xfa. salud y libertad<\/p>\n<p>R.- Hece muy poquito que pasamos por all\u00ed, habr\u00e1 que esperar un poco para volver.<\/p>\n","protected":false},"excerpt":{"rendered":"<p>Los Porretas estar\u00e1n este martes 8 a las 17.00h. para atender tus curiosidades. Env\u00eda tus preguntas.<\/p>\n","protected":false},"author":1,"featured_media":0,"comment_status":"open","ping_status":"open","sticky":false,"template":"","format":"standard","meta":{"footnotes":""},"categories":[],"tags":[],"class_list":["post-385","post","type-post","status-publish","format-standard","hentry"],"_links":{"self":[{"href":"https:\/\/intervius.com\/index.html\/wp-json\/wp\/v2\/posts\/385","targetHints":{"allow":["GET"]}}],"collection":[{"href":"https:\/\/intervius.com\/index.html\/wp-json\/wp\/v2\/posts"}],"about":[{"href":"https:\/\/intervius.com\/index.html\/wp-json\/wp\/v2\/types\/post"}],"author":[{"embeddable":true,"href":"https:\/\/intervius.com\/index.html\/wp-json\/wp\/v2\/users\/1"}],"replies":[{"embeddable":true,"href":"https:\/\/intervius.com\/index.html\/wp-json\/wp\/v2\/comments?post=385"}],"version-history":[{"count":0,"href":"https:\/\/intervius.com\/index.html\/wp-json\/wp\/v2\/posts\/385\/revisions"}],"wp:attachment":[{"href":"https:\/\/intervius.com\/index.html\/wp-json\/wp\/v2\/media?parent=385"}],"wp:term":[{"taxonomy":"category","embeddable":true,"href":"https:\/\/intervius.com\/index.html\/wp-json\/wp\/v2\/categories?post=385"},{"taxonomy":"post_tag","embeddable":true,"href":"https:\/\/intervius.com\/index.html\/wp-json\/wp\/v2\/tags?post=385"}],"curies":[{"name":"wp","href":"https:\/\/api.w.org\/{rel}","templated":true}]}}