{"id":3846,"date":"2009-10-29T00:00:00","date_gmt":"2006-11-06T00:00:00","guid":{"rendered":"https:\/\/intervius.com\/index.html\/?p=3846"},"modified":"2006-11-06T00:00:00","modified_gmt":"2006-11-06T00:00:00","slug":"Maria_Valerio3846","status":"publish","type":"post","link":"https:\/\/intervius.com\/index.html\/Maria_Valerio3846\/","title":{"rendered":"Mar\u00eda Valerio"},"content":{"rendered":"<p>Pregunta.- \u00bfCu\u00e1les son las salidas que se plantean los residentes una vez que finalizan el per\u00edodo de MIR? Muchas gracias.<\/p>\n<p>Respuesta.- Pues eso depende mucho de la espcialidad, el hospital en custi\u00f3n&#8230; En general, los MIR no eligen su plaza pensando que se van a poder quedar en el mismo hospital donde han hecho la residencia; pero algunos tienen suerte y les ofrecen una plaza al terminar. Aunque es verdad que, en general, creo que les toca aguantar contratos de sustituci\u00f3n, de guardias, de noches&#8230; hasta que surge una buena oportunidad.<\/p>\n<p>P.- De su experiencia en la relaci\u00f3n con los MIR para sacar adelante este libro, supongo que le hayan quedado sensaciones de admiraci\u00f3n, de respeto, y de cari\u00f1o&#8230; \u00bfle hubiera gustado a usted ser MIR?<\/p>\n<p>R.- Nooo, con mi aprensi\u00f3n por la sangre hubiese sido dif\u00edcil, prefiero los teclados a los pacientes. De todos modos es verdad que les he cogido cari\u00f1o y ha sido genial poder conocerles, compartir con ellos alguna guardia y saber lo duro que es llegar a ser m\u00e9dico.<\/p>\n<p>P.- Hola, Mar\u00eda le he regalado tu libro a mi hermana, que es m\u00e9dico (termin\u00f3 el MIR hace un par de a\u00f1os), y dice que se siente muy identificado con lo que pone en el libro. \u00bfComo te dio por escribir un libro sobre este tema? \u00bfTienes pensado escribir sobre el paso de los estudios a la vida profesional en otras profesiones: arquitectos, ingenieros, bi\u00f3logos, cuidadores de tortugas, &#8230;?<\/p>\n<p>R.- En realidad me lo propuso la editorial, porque hab\u00eda muchas series de televisi\u00f3n sobre m\u00e9dicos, pero ning\u00fan libro que reflejase de verdad a este colectivo. Hay uno, que se llama La Casa de Dios (The House of God), sobre los residentes americanos, pero el sistema de all\u00ed es muy diferente, as\u00ed que tampoco val\u00eda. Sobre lo de escribir sobre los arquitectos o las tortugas&#8230; ummm, no creo! Me alegro de que a tu hermana le haya gustado. Para m\u00ed era muy importante que los residentes que lo leyesen se sintiesen identificados, porque al fin y al cabo yo no soy una de ellos y quer\u00eda dar una imagen exacta del MIR.<\/p>\n<p>P.- Durante la fase de recogida de informaci\u00f3n para escribir este libro \u00bfcu\u00e1l ha sido la historia vivida por alg\u00fan MIR que m\u00e1s le haya conmovido?<\/p>\n<p>R.- Cuando les estaba entrevistando para el libro, me pasaba que sent\u00eda empat\u00eda por la especialidad que estaba conociendo en ese momento. Pero en general todas las historias que acaban mal me conmovieron; un ni\u00f1o que entr\u00f3 en parada en la UCI, un parto que acab\u00f3 mal, una mujer que lleg\u00f3 a Urgencias un poco desorientada en la primera guardia de una chica de Familia&#8230;<\/p>\n<p>P.- \u00bfHay cordura entre los m\u00e9dicos?<\/p>\n<p>R.- S\u00ed mucha! Yo creo que una de las primeras cosas que aprendenlos residentes es a ser sensatos y a preguntar a los adjuntos en caso de duda. Donde no hay cordura a veces es en los hospitales, donde el ritmo es fren\u00e9tico y a veces no hay manos suficientes.<\/p>\n<p>P.- \u00bfPor qu\u00e9 no se denuncian los contratos basura que nos ofrecen al terminar el MIR (de d\u00edas o semanas)? La gente no conoce el costo que tiene formar a un m\u00e9dico especialista para desaprovecharlo en contratos de noche o para irnos a otro pais.<\/p>\n<p>R.- Tienes raz\u00f3n. Pero yo creo que esa denuncia tiene que partir desde el colectivo m\u00e9dico. En el libro se abordan un poco los problemas para encontrar trabajo despu\u00e9s de la residencia. Tienes raz\u00f3n en que en algunos casos son un mont\u00f3n de a\u00f1os de formaci\u00f3n que acaban desperdiciados.<\/p>\n<p>P.- Para cu\u00e1ndo un libro sobre las aventuras en Salud?? besitos desde la planta 0!!!!!!!<\/p>\n<p>R.- \u00a1\u00a1\u00a1\u00a1\u00a1Holaaaaaaa!!!! \u00a1Pues no ser\u00e1 porque nuestra secci\u00f3n no se lo merece! Un beso enorme para todos y todas los que hac\u00e9is posible que EL MUNDO tenga la mejor secci\u00f3n de SALUD de elmundo-mundial!!!!<\/p>\n<p>P.- \u00bfTienen los MIR alguna serie de m\u00e9dicos favorita?<\/p>\n<p>R.- En general me han dichp que las series espa\u00f1olas no les gustan demasiado, porque no les reflejan bien. De las extranjeras, creo que muchos de ellos te dir\u00edan que se quedan con Urgencias.<\/p>\n<p>P.- \u00bfLe han contado los MIR alguna an\u00e9cdota sobre la famosa gripe A? Un saludo de alguien con el nuevo virus \ud83d\ude09<\/p>\n<p>R.- Lo primero, espero que te recuperes pronto! Aunque ya sabes lo que dicen las autoridades sanitarias, que en la mayor\u00eda de los casos la gripe A cursa con s\u00edntomas leves ;- ) Yo ten\u00eda ya el libro terminado cuando surgi\u00f3 esta epidemia, as\u00ed que no me ha dado tiempo a preguntarles por el tema. Me atrevo a decirte que al principio lo habr\u00e1n pasado un poco mal en las guardias de Urgencias, porque cada d\u00eda les dec\u00edan una cosa distinta. Ahora ya estar\u00e1n m\u00e1s tranquilos y estar\u00e1n haciendo bromas con los pacientes que llegan diciendo que tienen gripe pero no cumplen los s\u00edntomas.<\/p>\n<p>P.- \u00bfPor qu\u00e9 ese t\u00edtulo? Lo de Anatom\u00eda de.. est\u00e1 ya muy visto. \u00bfNo le hubiera gustado otro m\u00e1s original o es idea de la editorial?<\/p>\n<p>R.- En realidad yo hab\u00eda pensado otro diferente, pero cuando se lo ense\u00f1aba a gente que no ten\u00eda nada que ver con la Medicina no se entend\u00eda bien: Ni partimos para dorMIR (que es algo as\u00ed como lo que dicen cuando tienen una guardia tan mala por la noche que no pueden irse a dormir un rato). As\u00ed que optamos por otro con m\u00e1s gancho.<\/p>\n<p>P.- COMO VE EL PANORAMA DE LOS PROFESIONALES SANITARIOS EN ESPA\u00d1A, YA QUE EL SUELDO MEDIO TANTO DE MEDICOS COMO DE FARMACEUTICOS (1486 E BRUTOS POR 40 HORAS SEMANALES)SON MUY BAJOS Y SIN EMBARGO EN REINO UNIDO Y ESTADOS UNIDOS LOS SUELDOS Y EL RECONOCIMIENTO ES MUCHO MEJOR. GRACIAS.<\/p>\n<p>R.- Es verdad que una de las quejas es que el colectivo m\u00e9dico se ha precarizado en los \u00faltimos a\u00f1os. Pero no era mi objetivo hacer este tipo de an\u00e1lisis. En el caso de los residentes, su situaci\u00f3n econ\u00f3mica mejor\u00f3 bastante a ra\u00edz de las protestas que les llevaron a la calle a principios de 2007 (el famoso lema: Llevo 32 horas sin dormir, \u00bfte opero?), y por lo menos lograron cobrar una cantidad digna por la hora de guardia (aunque con diferencias entre comunidades).<\/p>\n<p>P.- Me ha gustado mucho el glosario de t\u00e9rminos que viene al final del libro. El t\u00e9rmino &#8220;pichig\u00fcili&#8221; lo voy autilizar tambi\u00e9n para otros congresos de no m\u00e9dicos, espero que no te importe;-) Saludos.<\/p>\n<p>R.- En realidad el t\u00e9rmino es un invento de la insigne Txori Herri Medical Association, compuesta por un grupo de psiquiatras del Pa\u00eds Vasco con mucho sentido del humor. Seguro que a ellos no les importar\u00e1 que lo apliques a otros sectores. Creo que es aplicable a cualquier baratija promocional!<\/p>\n<p>P.- En primer lugar, enhorabuena por un libro ameno y divertido sobre la realidad MIR. Sin duda, el programa es un gran logro de la sanidad espa\u00f1ola, pero despu\u00e9s de haber entrevistado a tantos MIR, \u00bfcrees que, en general, ese duro entrenamiento hace que pierdan la ilusi\u00f3n y el contacto con el paciente? \u00bfO es absolutamente necesario para un aprendizaje completo? E.<\/p>\n<p>R.- S\u00ed, creo que algo de eso hay. Despu\u00e9s de hablar con ellos s\u00ed que hay una cierta impresi\u00f3n de que muchos acaban quemados. Un MIR me dec\u00eda que a veces se olvida que la residencia tambi\u00e9n tiene una parte de formaci\u00f3n; pero la carga asistencial, atender a los pacientes, les absorbe tanto que casi no queda tiempo para aprender.<\/p>\n<p>P.- \u00bfPorque les cuesta tanto a los m\u00e9dicos reconocer sus errores?<\/p>\n<p>R.- No s\u00e9 si eso es as\u00ed. Yo creo que son humanos, y a veces no tienen muchas habilidades comunicativas para tratar con el paciente. Como eso no se lo ense\u00f1an durante la carrera muchos se van apa\u00f1ando como pueden y al final depende de la personalidad de cada uno. Conste que no pretendo defenderles, pero con el libro he podido entender un poco mejor esa faceta. Y probablemente tiene mucho que ver con que soportan mucha presi\u00f3n (y cada vez m\u00e1s demandas).<\/p>\n<p>P.- \u00bf Como colaboraron los futuros MIR a la hora de responder ?.<\/p>\n<p>R.- Genial! Todos a los que se lo ped\u00ed aceptaron contarme sus vivencias, sus an\u00e9cdotas, sus malos rollos&#8230; Es verdad que muchos siguen a\u00fan haciendo la residencia, as\u00ed que sus nombres son confidenciales, por respeto a ellos, a sus adjuntos y a sus pacientes! Si no hubiesen aceptado, esto no hubiese salido adelante, porque sus testimonios eran la \u00fanica manera para intentar ponerme en su pellejo.<\/p>\n","protected":false},"excerpt":{"rendered":"<p>Acaba de publicar Anatom\u00eda de un MIR (Ed. La Esfera), un libro lleno de an\u00e9cdotas del d\u00eda a d\u00eda de los m\u00e9dicos internos residentes. Mar\u00eda Valerio, redactora especializada en Salud de ELMUNDO.es, ha entrevistado a decenas de MIR para este trabajo que har\u00e1 sonre\u00edr a todos aquellos que sean residentes, quieran llegar a ser, hayan sido o los hayan &#8220;sufrido&#8221;.<br \/>\n\u00danase al grupo de los encuentros<br \/>\nde elmundo.es en Facebook<\/p>\n","protected":false},"author":1,"featured_media":0,"comment_status":"open","ping_status":"open","sticky":false,"template":"","format":"standard","meta":{"footnotes":""},"categories":[],"tags":[],"class_list":["post-3846","post","type-post","status-publish","format-standard","hentry"],"_links":{"self":[{"href":"https:\/\/intervius.com\/index.html\/wp-json\/wp\/v2\/posts\/3846","targetHints":{"allow":["GET"]}}],"collection":[{"href":"https:\/\/intervius.com\/index.html\/wp-json\/wp\/v2\/posts"}],"about":[{"href":"https:\/\/intervius.com\/index.html\/wp-json\/wp\/v2\/types\/post"}],"author":[{"embeddable":true,"href":"https:\/\/intervius.com\/index.html\/wp-json\/wp\/v2\/users\/1"}],"replies":[{"embeddable":true,"href":"https:\/\/intervius.com\/index.html\/wp-json\/wp\/v2\/comments?post=3846"}],"version-history":[{"count":0,"href":"https:\/\/intervius.com\/index.html\/wp-json\/wp\/v2\/posts\/3846\/revisions"}],"wp:attachment":[{"href":"https:\/\/intervius.com\/index.html\/wp-json\/wp\/v2\/media?parent=3846"}],"wp:term":[{"taxonomy":"category","embeddable":true,"href":"https:\/\/intervius.com\/index.html\/wp-json\/wp\/v2\/categories?post=3846"},{"taxonomy":"post_tag","embeddable":true,"href":"https:\/\/intervius.com\/index.html\/wp-json\/wp\/v2\/tags?post=3846"}],"curies":[{"name":"wp","href":"https:\/\/api.w.org\/{rel}","templated":true}]}}