{"id":3826,"date":"2009-11-11T00:00:00","date_gmt":"2006-11-06T00:00:00","guid":{"rendered":"https:\/\/intervius.com\/index.html\/?p=3826"},"modified":"2006-11-06T00:00:00","modified_gmt":"2006-11-06T00:00:00","slug":"La_Habitacion_Roja3826","status":"publish","type":"post","link":"https:\/\/intervius.com\/index.html\/La_Habitacion_Roja3826\/","title":{"rendered":"La Habitaci\u00f3n Roja"},"content":{"rendered":"<p>Pregunta.- \u00bfPor qu\u00e9 roja y no azul o verde?<\/p>\n<p>Respuesta.- Porque la habitaci\u00f3n era roja. El rojo es un color fuerte, que denota pasi\u00f3n. Es como la sangre. No tiene nada que ver ni con Twin Peacks ni con el cuadro de Matisse ni con el libro de Strimberg; pero a la vez tiene mucho que ver.<\/p>\n<p>P.- Planetas, Extremoduro o Marisol?<\/p>\n<p>R.- Planetas.<\/p>\n<p>P.- \u00bfHab\u00e9is pensado editar el pr\u00f3ximo disco en vinilo, al igual que hicist\u00e9is con &#8220;Cuando ya no quede nada&#8221;?<\/p>\n<p>R.- S\u00ed que lo hemos pensado, otra cosa es que finalmente se lleve a cabo. Nuestra intenci\u00f3n es hacerlo.<\/p>\n<p>P.- Tras tantos a\u00f1os sacando discos y girando, la gente que os seguimos no nos cansamos de escucharos temas del comienzo y de discos anteriores, notareis que disfrutamos mucho en los conciertos cuando atacais vuestros cl\u00e1sicos, pero&#8230;\u00bfvosotros os cansais de tocar &#8220;Mi habitaci\u00f3n&#8221;? \u00bfSois de los que los tocais por compromiso o segu\u00eds disfrut\u00e1ndolos tanto como el p\u00fablico? Justo, de Ja\u00e9n.<\/p>\n<p>R.- Una de las cosas buenas de poder tocar tus canciones es que cada concierto es diferente, depende del p\u00fablico, de tu estado de \u00e1nimo&#8230; de muchos factores. El directo siempre es diferente a un disco. Mi habitaci\u00f3n la hemos tocado siempre, es una canci\u00f3n nuestra que simboliza un momento importante en la carrera del grupo. Tocarla, a veces, es como una celebraci\u00f3n.<\/p>\n<p>P.- \u00bfcual es tu opini\u00f3n sobre el tr\u00e1fico de m\u00fasica a trav\u00e9s de las P2P?<\/p>\n<p>R.- Mi opini\u00f3n no importa mucho, el caso es que el fen\u00f3meno existe y hay que intentar aprovecharse de \u00e9l pero para bien. Si no puedes con ellos, \u00fanete a ellos. Siempre he pensado que las cosas se pueden cambiar desde dentro.<\/p>\n<p>P.- Es que ya tengo 28 a\u00f1os!!! y la primera vez que os escuch\u00e9 ten\u00eda 16!!! y es que es increible que sigais juntos!!! sois los mejores!!! Mi pregunta: Volvereis a tocar Bob en directo? S\u00f3lo la escuch\u00e9 una vez en directo, en Madrid, que os llevasteis a Alejandra (violinista) a la sala Heineken, y fue toda una sorpresa!!!! Otra pregunta: \u00bfEs posible que volvais a recuperar &#8220;Mentiras&#8221; y &#8220;Sof\u00e1&#8221; para los conciertos, y aparquemos un par de a\u00f1os &#8220;Cr\u00f3nico&#8221;? Otra pregunta: \u00bfEs posible que Jose se vuelva a hacer un s\u00f3lo? Un besillo y gracias!<\/p>\n<p>R.- Gracias por seguirnos durante todo ese tiempo. Seguro que alguna vez volvemos a tocar Bob en directo, pero cada vez es m\u00e1s dif\u00edcil. Un saludo a Alejandra. Sobre la segunda pregunta, es posible. Mentiras y Sof\u00e1 las hemos tocado en la gira con motivo de la reedici\u00f3n de los discos; de Jos\u00e9 se puede esperar cualquier cosa.<\/p>\n<p>P.- \u00a1Hola! He descubierto 3 de vuestros primeros discos gracias a las reediciones y me han parecido bastantes completos los extras. El dise\u00f1o tambi\u00e9n lo encuentro muy cuidado, pero echo de menos fotos vuestras de la \u00e9poca, an\u00e9cdotas, curiosidades, etc., en el libreto. \u00bfQu\u00e9 os hizo decidiros por fotos de paisajes en vez de los libretos originales o fotos del grupo? Muchas gracias y mucha suerte con el nuevo disco!!!<\/p>\n<p>R.- Normalmente, cuando conf\u00edas en el responsable de dise\u00f1o le das algunas ideas pero le das v\u00eda libre para trabajar. Lo bonito es que interprete tu m\u00fasica en im\u00e1genes; y a Chus Ant\u00f3n le ha sugerido \u00e9sto. Adem\u00e1s, como mi vida est\u00e1 ligada a Noruega, el sello le envi\u00f3 all\u00ed para hacer fotograf\u00edas. Me siento muy identificado con ellas porque he escrito muchas canciones all\u00ed. Adem\u00e1s, quer\u00edamos darle una unidad a nuestra carrera, por eso hay un mural interior con fotos de todas las \u00e9pocas.<\/p>\n<p>P.- \u00bfTen\u00e9is ya decidido el t\u00edtulo para el nuevo disco?<\/p>\n<p>R.- Estamos en ello. Cada vez que tenemos uno pensado, alguien nos lo echa por tierra. Est\u00e1 siendo un poco frustrante, sobre todo porque estamos muy contentos con el resultado y siempre aspiras a tener un t\u00edtulo que est\u00e9 a la altura del disco. Baraj\u00e1bamos, por ejemplo, la opci\u00f3n de llamarlo La noche se vuelve a encender, porque venimos de un periodo oscuro pero hay gente en nuestro sello a la que no &#8220;le lat\u00eda&#8221; mucho el t\u00edtulo, como dicen en M\u00e9xico.<\/p>\n<p>P.- hay alguna posibilidad de que grabeis algun directo con el objetivo de editarlo???<\/p>\n<p>R.- En principio no. El grupo est\u00e1 muy vivo y como yo siempre digo, todav\u00eda no hemos hecho gira de despedida, recopilatorio, directo y volvernos a juntar. Todav\u00eda tenemos algunos ases en la manga.<\/p>\n<p>P.- Soy muy fan de la canci\u00f3n El Hombre del Espacio Interior, pero nunca he sabido descifrar su mensaje, a qu\u00e9 os refer\u00eds? Gracias por ponerle banda sonora a mis a\u00f1os de adolescencia, un abrazo.<\/p>\n<p>R.- Gracias a ti. Muchas veces buscamos fuera de nosotros lo que tenemos en nuestro interior. Es una canci\u00f3n espiritual que habla justo de eso, de mirar dentro de uno mismo porque a veces ah\u00ed est\u00e1n las respuestas.<\/p>\n<p>P.- \u00bfExisti\u00f3 la &#8220;explosi\u00f3n Naranja&#8221;, realmente?&#8230; \u00bfqu\u00e9 queda de aquella escena ? que yo recuerde poco m\u00e1s que vosotros y vuestros archienemigos Ciudadano L\u00f3pez.<\/p>\n<p>R.- No s\u00e9 si existi\u00f3, pero nosotros seguimos aqu\u00ed y precisamente acabo de llegar de Madrid, donde Pau ha estado tocado estos d\u00edas con Jorge, de Ciudadano, en su nuevo proyecto, y los tres nos hemos ido de ca\u00f1as. A los periodistas siempre les ha gustado crear movimientos. S\u00ed hubo una \u00e9poca de efervescencia musical, pero no puedo decir si era mayor o menor que otras que ha habido y que habr\u00e1n. Lo que es seguro es que los grupos no le pusimos nombre.<\/p>\n<p>P.- En vuestro \u00e1lbum 4 las canciones ten\u00edan m\u00e1s de un compositor, algo que no ha sido habitual en el resto de trabajos. Por qu\u00e9 ha ocurrido \u00e9sto?<\/p>\n<p>R.- Habr\u00eda que preguntarle al resto del grupo, pero os aseguro que yo censuro menos que ellos a m\u00ed.<\/p>\n<p>P.- Qu\u00e9 pensais de la crisis del mundo de la m\u00fasica? Se dice que ahora el mundo de los conciertos funciona mejor, que hay m\u00e1s y el m\u00fasico gana m\u00e1s dinero, es cierto?<\/p>\n<p>R.- La crisis del mundo de la m\u00fasica es como el origen de la crisis mundial, jajaja. Siempre que hemos sacado un disco nos han dicho que era el peor momento de la historia para hacerlo, as\u00ed que imagina en qu\u00e9 momento vamos a sacar el nuevo. Respecto a los conciertos, ha habido \u00e9pocas en las que se ha ganado m\u00e1s con los conciertos, pero con la situaci\u00f3n actual ha sufrido un severo correctivo.<\/p>\n<p>P.- no teneis miedo de que en el nuevo disco se os tache de empalagosos al tener tanto violin y tanta cuerda?o seran los ritmos de lhr de siempre?<\/p>\n<p>R.- Espera a escucharlo porque a pesar de que hay arreglos de cuerda, no s\u00f3lo de cuerdas vive La Habitaci\u00f3n Roja. No s\u00e9 si gustar\u00e1 m\u00e1s o menos, pero lo que s\u00ed que tengo claro es que es un disco con clase y elegante. Hay un cambio sustancial con respecto a los dos \u00faltimos discos, cuando lo hac\u00edamos ten\u00edamos en la cabeza nuestros discos de cabecera de siempre: The queen is dead, Automatic for the people&#8230;etc.<\/p>\n<p>P.- hola jorge! \u00bfte ves tocando en un grupo de rock con 50 a\u00f1os?<\/p>\n<p>R.- S\u00ed, por qu\u00e9 no? Siempre que mantenga la ilusi\u00f3n y lo pueda hacer con dignidad&#8230; Ahora mismo pienso en Paul Weller, Neal Young. Sigo teniendo las mismas ganas por hacer m\u00fasica y tocarla que cuando empec\u00e9.<\/p>\n<p>P.- Buenos d\u00edas. Me gustar\u00eda saber si sois miembros de la SGAE, y cu\u00e1nto dinero recib\u00eds de los que pagamos el canon. Muchas gracias.<\/p>\n<p>R.- Somos miembros de la SGAE. Creo que hay bastante demagogia y que est\u00e1 de moda meterse con la SGAE. Puede que la c\u00fapula directiva, como pasa en la mayor\u00eda de partidos pol\u00edticos y en muchas empresas, no haya encontrado la manera adecuada de acercarse a la gente y que muchos de ellos chupen del bote, pero te aseguro de que no es nuestro caso. Yo llevo m\u00e1s de dos a\u00f1os escribiendo canciones, he hecho cerca de 50, de las cuales 11 saldr\u00e1n en el nuevo disco, y si eso genera un dinero yo lo quiero. Es un tema para hablar largo y tendido, pero yo soy esc\u00e9ptico en muchos aspectos; no creo que todos los pol\u00edticos sean unos mangantes, no creo que la SGAE s\u00f3lo nos robe. Yo tambi\u00e9n pago canon.<\/p>\n<p>P.- como sabeis en euskadi y catalu\u00f1a, ayudan de una manera directa, eficaz y r\u00e1pida a los grupos para sus giras y para su internacionalizaci\u00f3n&#8230;que le pediriais al gobierno valenciano para vosotros y para otros grupos de musica como vosotros que quieren seguir trabajando dentro y fuera de nuestro pa\u00eds?<\/p>\n<p>R.- Hemos tocado fuera de Espa\u00f1a en multitud de ocasiones y nunca nos han dado un duro por ello. Curiosamente, los \u00fanicos que nos han ayudado ha sido la SGAE, jajaja. Viendo en lo que se gastan el dinero los pol\u00edticos, estar\u00eda bien que apoyaran el mundo de la m\u00fasica, pero que sepan que nosotros vamos a hacerlo aunque no nos ayuden. Ya sab\u00e9is todos que el Gobierno valenciano es diferente \ud83d\ude09<\/p>\n<p>P.- veo que participas en las mesas redondas de los videoclips valencianos. \u00bfcual es tu opini\u00f3n sobre vuestros propios videos? \u00bfqu\u00e9 nos espera para el nuevo disco?<\/p>\n<p>R.- Creo que han ido mejorando con los a\u00f1os, pero s\u00f3lo estoy totalmente satisfecho de un par o tres de ellos, Scandinavia, La edad de oro, y El pase de la muerte. Para el nuevo disco no s\u00e9 lo que nos espera todav\u00eda, pero s\u00e9 que hay gente metida en ello y desde luego creo que va a suponer un salto de calidad.<\/p>\n<p>P.- Hola desde Las Palmas de GC&#8230;\u00bfPara cu\u00e1ndo un concierto por aqu\u00ed?..s\u00f3lo han venido una vez por las islas, que recuerde (Lanzarote), y se les echa de menos&#8230;y sobre el nuevo disco, \u00bfmantendr\u00e1 el tono m\u00e1s rockero y contundente de los 2 \u00faltimos o volver\u00e1 al sonido de los primeros?&#8230;\u00a1\u00a1\u00a1enhorabuena y palante, pibes!!!<\/p>\n<p>R.- Hemos estado a punto de ir varias veces, pero siempre ha pasado algo en el \u00faltimo momento y no hemos podido hacerlo. Nos encantar\u00eda, esperemos poder ir con este nuevo disco. El disco, como ya he dicho, ser\u00e1 menos rockero. Pero mejor.<\/p>\n<p>P.- no es increible que en canal 9 no haya ni un solo programa que se dedique a promocionar grupos de aqu\u00ed en lugar de hacer concursos de folcl\u00f3ricas o imitadores de nino bravo?<\/p>\n<p>R.- Es incre\u00edble. Pero, como dec\u00eda antes, Valencia es diferente. No veas lo que empieza a joder eso, porque all\u00e1 donde vamos nos preguntan &#8220;es que los valencianos&#8230;&#8221;. Estamos creando una imagen muy negativa, la gente tiene en la cabeza G\u00fcrtel y chanchullos varios, algo que no me gusta nada. Creo que deber\u00edamos tener esp\u00edritu cr\u00edtico, responsabilidad y demostrar con hechos eso de que somos la millor terreta del m\u00f3n.<\/p>\n<p>P.- c\u00f3mo solucionamos el tema de la pirater\u00eda?<\/p>\n<p>R.- Existen muchos factores que hace que se un tema de dif\u00edcil soluci\u00f3nn a corto plazo, entre ellos el cultural. Somos unos espabilados y si podemos tener algo gratis nunca vamos a querer pagar por ello. Os aseguro que en Noruega, donde vivo, la gente sigue comprando discos aunque se los baje. All\u00ed la gente piensa que los m\u00fasicos deben ser los beneficiarios del dinero que genera la m\u00fasica; no creo en el todo gratis.<\/p>\n<p>P.- ME RECOMIENDAS UN DISCO ACTUAL, QUE NO SEA VUESTRO, Y UNO DE TODA LA VIDA?<\/p>\n<p>R.- Actual, el de The XX; y uno de toda la vida, The queen is dead, que me ha acompa\u00f1ado siempre.<\/p>\n<p>P.- He leido en vuestro blog\/rtv,en concreto en un art\u00edculo que titulas:Estamos vivos\u00a1\u00a1\u00a1,que defines vuestro momento actual como inmejorable a pesar de que los tiempos que corren no lo sean.Por hacer un paralelismo..\u00bfcrees que durante las crisis aumenta la creatividad art\u00edstica? Felicidades por ser corredores de fondo,sin prisas&#8230;He estado en vuestro concierto en Girona y he tenido el placer de escuchar dos de vuestras nuevas canciones.Suerte con vuestro s\u00e9ptimo disco\u00a1\u00a1el 7 es un n\u00famero m\u00e1gico.<\/p>\n<p>R.- Pues s\u00ed. Pienso que en los malos momentos, el arte en general cura las heridas, es como un hogar al que siempre puedes volver. Ayer vi una pel\u00edcula finlandesa en el C\u00edrculo de Bellas Artes de Madrid, donde el protagonista le dice a un ni\u00f1o: &#8220;invertir en m\u00fasica es siempre rentable, las mujeres te fallan, la vida te falla, la m\u00fasica siempre est\u00e1 ah\u00ed contigo&#8221;.<\/p>\n<p>P.- \u00bf Cuales son vuestras influencias musicales?<\/p>\n<p>R.- La buena m\u00fasica de todos los estilos siempre influye para bien. Pero ahora que me acabo de comprar la caja con los discos de los Beatles remasterizados, dir\u00eda que all\u00ed est\u00e1 todo. TODO.<\/p>\n<p>P.- \u00bfCu\u00e1l es vuestro disco preferido de vuestra carrera? no vale el siguiente obviamente. Y qu\u00e9 disco de cualquier artista espa\u00f1ol hubierais deseado firmar.<\/p>\n<p>R.- Largometraje y Nuevos Tiempos son mis favoritos. Me gustan muchos discos nacionales, por ejemplo Armarios y camas de La Dama se Esconde. Fue el primer disco que me compr\u00e9. Numeraba mis discos, y ese lleva el n\u00famero 1.<\/p>\n<p>P.- Jorge, sabemos que viven en noruega, para cuando una colaboracion con un grupo noruego? no hay ninguna banda de la ciudad donde vives o en el pais con la que te gustar\u00eda colaborar?<\/p>\n<p>R.- Hay much\u00edsimas, pero no he entrado en contacto con la escena local. Apenas conozco un par de personas que est\u00e1n en grupos y es algo que no descarto pero cuesta un poco hacer proyectos a largo plazo porque siempre estoy viajando. En Noruega hay grupos muy interesantes, el m\u00e1s importante es Motorpsycho, un cl\u00e1sico.<\/p>\n<p>P.- por que no salen trajeados a los conciertos?hay un sastrecillo mu apa\u00f1ao en la capital del turia&#8230;<\/p>\n<p>R.- Porque cuando vas trajeado las caseritas espa\u00f1olas no saben igual. De todas formas, estar\u00eda bien que alguien nos regalara unos trajes. Ser\u00eda legal, no?<\/p>\n<p>P.- sois conscientes de que sois el mejor grupo de pop en castellano de todos los tiempos???se har\u00e1 justicia en pr\u00f3ximas generaciones&#8230; fdo:un ni\u00f1o muy timido<\/p>\n<p>R.- No somos conscientes. Ni creo que lo seamos nunca. De cualquier modo, gracias, s\u00ed que creo que el tiempo pone a cada uno en su lugar. Y perm\u00edtame que no me levante.<\/p>\n<p>P.- por qu\u00e9 es tan dificil que un grupo valenciano triunfe fuera de valencia?<\/p>\n<p>R.- No s\u00e9, es tan dif\u00edcil como que un grupo de Galicia triunfe fuera de Galicia, o uno catal\u00e1n fuera de Catalunya. Puede que el hecho de que los principales medios no est\u00e9n en Valencia pueda afectar, pero Yes we can. Es cuesti\u00f3n de cre\u00e9rselo, confiar en lo que haces y hacerlo.<\/p>\n<p>P.- \u00bf Cual es vuestro metodo de composicion ?<\/p>\n<p>R.- Sencillo. Una buena melod\u00eda, la mejor letra posible y buscar lo m\u00e1s dif\u00edcil y lo mejor, la sencillez. Posidonia, por ejemplo, es una canci\u00f3n de la que estoy muy orgulloso.<\/p>\n<p>P.- Eurovisi\u00f3n 2010 se celebra en Noruega, pa\u00eds donde viv\u00eds, \u00bfos gustar\u00eda participar en el festival?<\/p>\n<p>R.- Si nos eligen, por qu\u00e9 no? Por cierto, s\u00f3lo vivo yo en Noruega. Lo importante no es d\u00f3nde lo haces sino lo que haces. Supongo que lo nuestro es otro deporte.<\/p>\n<p>P.- hola jorge. se echaban ya de menos tus opiniones ya que, si no me equivoco, es pau el que suele contestar en las ultimas entrevistas al grupo. \u00bfque fue de tu proyecto en solitario Kubrick? \u00bfalg\u00fan d\u00eda te animar\u00e1s a escribir algo? bueno pues un saludo enorme y felicidades por vuestra inmensa trayectoria. en un momento dado, disteis bastante sentido a mi vida&#8230;an\u00f3nimos<\/p>\n<p>R.- Espero que podamos seguir acompa\u00f1\u00e1ndote y no ser los \u00fanicos que le dan sentido a tu vida, porque si no est\u00e1s perdido. Alg\u00fan d\u00eda llegar\u00e1, pero mientras el resto del grupo me siga poniendo los cuernos, alguien tiene que hacerse cargo de sacar adelante esta casa. Tengo otro nuevo proyecto: Se llama George Best, espero llevarlo a cabo en el futuro.<\/p>\n<p>P.- Hi haur\u00e0 al nou disc alguna can\u00e7\u00f3 en Valenci\u00e0\/Catal\u00e0?<\/p>\n<p>R.- Esta vez no. Pero es algo que no descartamos en el futuro. Nos encanta cantar en nuestra lengua.<\/p>\n<p>P.- Hola leyendas&#8230; Se ha hablado mucho entre vuestros seguidores de una posible disoluci\u00f3n del grupo, sobre todo despu\u00e9s de vuestra \u00faltima actuaci\u00f3n en Valencia, en la sala Mirror d\u00f3nde dejast\u00e9is solo en el escenario a Jorge&#8230; \u00bfQu\u00e9 pas\u00f3?? \u00bfHay larga vida para el grupo?<\/p>\n<p>R.- Siempre ha habido ese tipo de leyendas y la \u00fanica vez que estuvimos a punto de dejarlo fue despu\u00e9s de Radio. Ese d\u00eda yo habl\u00e9 demasiado, supongo que por eso me dejaron s\u00f3lo, pero tenemos cerrado un acuerdo para hacer varios discos m\u00e1s y vamos a seguir mientras siga la ilusi\u00f3n.<\/p>\n<p>P.- \u00bfQu\u00e9 pens\u00e1is del estado actual del mercado discogr\u00e1fico en Valencia? Hay bastantes salas y conciertos?<\/p>\n<p>R.- Yo echo en falta una sala de aforo medio, econ\u00f3mica y bien dotada y en la que no haya un limitador de sonido. Respecto al mercado discogr\u00e1fico, se hace lo que se puede, que no es poco.<\/p>\n<p>P.- No tengo ni idea de quienes sois ni os he escuchado nunca, dime algo que me motive para buscar algun cd vuestro en algun centro comercial y escucharos.Gracias<\/p>\n<p>R.- http:\/\/www.myspace.com\/lahabitacionroja Est\u00e1s a un click de nosotros, no hace falta ir a un centro comercial.<\/p>\n<p>P.- Hola, fue una sorpresa cuando este verano (que me encontraba en la UCI) subi\u00f3 mi hermana y mi cu\u00f1ado emocionadisimos porque le habia sacado sangre el cantante de la H.Roja, \u00bfhaces esto a menudo? \u00bfes por no perder el contacto con la vida real?. Gracias, sois geniales<\/p>\n<p>R.- Como toco en La Habitaci\u00f3n Roja pensaron que estaba bien que fuera por ah\u00ed sacando sangre, que ten\u00eda sentido. He trabajado un par de meses al a\u00f1o, sobre todo hasta la \u00e9poca de Nuevos Tiempos, por si llegaran los malos. Sienta bien, te pone los pies en el suelo.<\/p>\n<p>P.- Hace unos d\u00edas, en una entrevista a Belly de Dorian, le preguntaron qu\u00e9 grupo nacional le gustar\u00eda que versionara las canciones de Dorian, y dijo que vosotros. Es rec\u00edproco? Yo por mi parte, me encantar\u00eda ver a los dos grupos juntos sobre el escenario.<\/p>\n<p>R.- S\u00ed. Hemos hablado sobre la posibilidad de hacer un disco en el que ellos hacen nuestras canciones y nosotros las suyas, y luego hacer una gira juntos. Los queremos mucho y estamos muy contentos de su \u00e9xito.<\/p>\n<p>P.- \u00bfQu\u00e9 se siente al tocar en la misma banda que el mejor bateria de la historia del rock ib\u00e9rico?<\/p>\n<p>R.- Es lo m\u00e1s grande que te puede pasar. Para bien y para mal.<\/p>\n<p>P.- qu\u00e9 te parece que haya un grupo de artistas que est\u00e1n recogiendo pasta para sacar de la carcel a los manteros quye venden pelis y discos piratas?<\/p>\n<p>R.- Me parece bien. Seguro que no se merecen estar en la c\u00e1rcel.<\/p>\n","protected":false},"excerpt":{"rendered":"<p>Dos a\u00f1os despu\u00e9s de Cuando ya no quede nada, el grupo valenciano liderado por Jorge Mart\u00ed, reedita todo su cat\u00e1logo y ultima la salida de su nuevo disco, prevista para principios de 2010. Vuelve uno de los referentes del indie espa\u00f1ol.<br \/>\n\u00danase al grupo de los encuentros<br \/>\nde elmundo.es en Facebook<\/p>\n","protected":false},"author":1,"featured_media":0,"comment_status":"open","ping_status":"open","sticky":false,"template":"","format":"standard","meta":{"footnotes":""},"categories":[],"tags":[],"class_list":["post-3826","post","type-post","status-publish","format-standard","hentry"],"_links":{"self":[{"href":"https:\/\/intervius.com\/index.html\/wp-json\/wp\/v2\/posts\/3826","targetHints":{"allow":["GET"]}}],"collection":[{"href":"https:\/\/intervius.com\/index.html\/wp-json\/wp\/v2\/posts"}],"about":[{"href":"https:\/\/intervius.com\/index.html\/wp-json\/wp\/v2\/types\/post"}],"author":[{"embeddable":true,"href":"https:\/\/intervius.com\/index.html\/wp-json\/wp\/v2\/users\/1"}],"replies":[{"embeddable":true,"href":"https:\/\/intervius.com\/index.html\/wp-json\/wp\/v2\/comments?post=3826"}],"version-history":[{"count":0,"href":"https:\/\/intervius.com\/index.html\/wp-json\/wp\/v2\/posts\/3826\/revisions"}],"wp:attachment":[{"href":"https:\/\/intervius.com\/index.html\/wp-json\/wp\/v2\/media?parent=3826"}],"wp:term":[{"taxonomy":"category","embeddable":true,"href":"https:\/\/intervius.com\/index.html\/wp-json\/wp\/v2\/categories?post=3826"},{"taxonomy":"post_tag","embeddable":true,"href":"https:\/\/intervius.com\/index.html\/wp-json\/wp\/v2\/tags?post=3826"}],"curies":[{"name":"wp","href":"https:\/\/api.w.org\/{rel}","templated":true}]}}