{"id":3816,"date":"2009-11-16T00:00:00","date_gmt":"2006-11-06T00:00:00","guid":{"rendered":"https:\/\/intervius.com\/index.html\/?p=3816"},"modified":"2006-11-06T00:00:00","modified_gmt":"2006-11-06T00:00:00","slug":"Francisco_Cerrejon3816","status":"publish","type":"post","link":"https:\/\/intervius.com\/index.html\/Francisco_Cerrejon3816\/","title":{"rendered":"Francisco Cerrej\u00f3n"},"content":{"rendered":"<p>Pregunta.- Porque el Encuentro del c\u00f3mic de Sevilla aparece tan poco en los medios de comunicaci\u00f3n siendo uno de los eventos culturales de la ciudad que m\u00e1s p\u00fablico re\u00fane?<\/p>\n<p>Respuesta.- No aperece poco, lo que ocurre es que otros aparecen m\u00e1s. Por motivos de presupuesto no podemos contar con un \u00e1rea de prensa que gestione mejor la relaci\u00f3n con los medios. ,<\/p>\n<p>P.- \u00bfc\u00f3mo valorar\u00edas el trabajo de todas las personas que sin cobrar dinero apoyan y se esfuerzan tanto por promover el c\u00f3mic en Andaluc\u00eda?<\/p>\n<p>R.- Imagina. Creo que es muy positivo para nuestra comunidad y su cultura, tanto por el trabajo y el compromiso como por la aportaci\u00f3n que el c\u00f3mic, gracias en buena medida a estas personas, suma a la cultura andaluza, aportaci\u00f3n que adem\u00e1s crece cada a\u00f1o.<\/p>\n<p>P.- \u00bfPorque cuesta tanto trabajo encontrar un sitio en la cultura sevillana, y en la espa\u00f1ola al c\u00f3mic?<\/p>\n<p>R.- Dir\u00eda que por tradici\u00f3n y por ignorancia. Por tradici\u00f3n porqu\u00e9 durante los a\u00f1os de dictadura el c\u00f3mic en nuestro pa\u00eds s\u00f3lo pod\u00eda ser para ni\u00f1os y eso ha creado en la sociedad una imagen de la historieta como algo meramente infantil. Y por ignorancia porqu\u00e9 muchas personas no se acercan al tebeo pensando que est\u00e1 por debajo de su supuesto nivel intelectual. Afortunadamente esto est\u00e1 cambiando, muy lentamente pero cambiando y poco a poco el c\u00f3mic va conquistando el espacio y el reconocimiento que merece en la sociedad espa\u00f1ola, espacio que por cierto disfruta desde hace muchos a\u00f1os en otros pa\u00edses de nuestro entorno cultural como Francia.<\/p>\n<p>P.- Viendo el precioso cartel del Encuentro me he fijado en la cantidad de instituciones que colaboran. Viendo el problema y las quejas de otros festivales privados en Sevilla \u00bfc\u00f3mo se lleva trabajar con tantas y tan distintas administraciones?<\/p>\n<p>R.- Es curioso que otros festivales que tienen mucho m\u00e1s apoyo econ\u00f3mico que nosotros aparezcan en los medios asiduamente quej\u00e1ndose de una supuesta falta de apoyo o de falta de recursos econ\u00f3micos. A nosotros nos encantar\u00eda tener tan &#8220;poco&#8221; apoyo. Y en cuanto a la relaci\u00f3n con las entidades la verdad es que es muy positiva, tenemos una pol\u00edtica de fidelizaci\u00f3n de las instituciones, trabajamos para que cada entidad que se decida a colaborar con el Encuentro no se plantee dejar de hacerlo y para que cada a\u00f1o aumente su colaboraci\u00f3n, para que les sea rentable, econ\u00f3mica, social y pol\u00edticamente colaborar en el Encuentro. Y de momento est\u00e1n encantadas, o al menos es nuestra sensaci\u00f3n.<\/p>\n<p>P.- El cartel de este a\u00f1o es genial. Desde aqu\u00ed quiero felicitar a Miguel Brieva. \u00bfPor qu\u00e9 decidisteis que fuera \u00e9l quien hiciera el cartel este a\u00f1o?<\/p>\n<p>R.- La verdad es que Miguel se ha salido con el cartel, que para mi es sin duda alguna el mejor que se ha visto en Sevilla en mucho tiempo. Se me ocurre sobre la marcha que quiz\u00e1s podr\u00edan encargarle el de las fiestas de primavera de este a\u00f1o. Y la decisi\u00f3n la tomamos hace un par de a\u00f1os, cuando organizamos la exposici\u00f3n Sobras Maestras sobre su trabajo. Es un gran ilustrador y adem\u00e1s sevillano, m\u00e1s no pod\u00edamos pedir.<\/p>\n<p>P.- \u00bfAl final va a venir Brian Azzarello?<\/p>\n<p>R.- Desgraciadamente Azzarello no podr\u00e1 venir por motivos de salud, esta semana le someten a una operaci\u00f3n, con cierta urgencia. Pero nos ha comentado que el a\u00f1o que viene no falta a Sevilla.<\/p>\n<p>P.- \u00bfQu\u00e9 opina de que &#8220;Las serpientes ciegas&#8221; haya ganado el premio nacional del c\u00f3mic este a\u00f1o?<\/p>\n<p>R.- Personalmente estoy encantado, porque es uno de los mejores tebeos que he le\u00eddo en mucho tiempo y porqu\u00e9 adem\u00e1s su guionista, Felipe Hern\u00e1ndea Cava, es amigo, de hecho la exposici\u00f3n que en el Encuentro pasado montamos en la Casa de la Provincia estaba centrada en El Cubri, el colectivo del que Felipe form\u00f3 parte en los a\u00f1os 70 y 80, adem\u00e1s escribi\u00f3 el pr\u00f3logo del cat\u00e1logo de la exposici\u00f3n de Keko de hace tres a\u00f1os y ha estado un par de veces en el Encuentro. As\u00ed estoy feliz por el m\u00e1s que merecido premio.<\/p>\n<p>P.- No le parece despectivo el t\u00e9rmino tebeo para referirse al c\u00f3mic? suerte para los pr\u00f3ximos diez a\u00f1os<\/p>\n<p>R.- En absoluto. Tebeo significa lo mismo que c\u00f3mic o historieta. Estamos trabajando con un medio digno y los nombres con los que nos refiramos a \u00e9l son igualmente dignos, adem\u00e1s tebeo nos lleva a un pasado del que los profesionales del medio, y toda la sociedad espa\u00f1ola, tenemos que sentirnos muy orgullosos.<\/p>\n<p>P.- En los \u00faltimos tres a\u00f1os la oferta cultural de Sevilla (que no de ocio) ha vivido un momento aprentemente feliz: se han abierto varios teatros privados, las bienales y el festival de cine han despegado (tanto en presupuesto como en difusi\u00f3n y apoyo institucional) y otras iniciativas &#8220;underground&#8221; o &#8220;subversivas&#8221; han recibido apoyos de Iniciarte y otros programas y espacios. Sin embargo, proyectos como este no acaban de convertirse en referentes de la programaci\u00f3n cultural de la ciudad ni en las agendas institucionales ni en las medi\u00e1ticas. \u00bfA qu\u00e9 crees que se debe? \u00bfSe trata de una cuesti\u00f3n de p\u00fablico? \u00bfO es que en esto de la cultura tambi\u00e9n hay clases y privilegiados? Muchas gracias y enhorabuena por los 10 a\u00f1os.<\/p>\n<p>R.- Desde luego no se debe a una cuesti\u00f3n de p\u00fablico, las 24.000 personas que acudieron a la pasada edici\u00f3n del Encuentro son el mejor argumento junto a la alta valoraci\u00f3n que dieron a nuestero evento. Y s\u00ed creo que es una cuesti\u00f3n de &#8220;clases y privilegios&#8221; culturales, algunas personas no asumen que el c\u00f3mic es un medio cultural y art\u00edstico del mismo nivel que el teatro, el cine o las artes pl\u00e1sticas. Esto a las institituciones p\u00fablicas y privadas les est\u00e1 costando much\u00edsimo trabajo asimilarlo (y a nosotros hac\u00e9rselo entender). El c\u00f3mic vive en una situaci\u00f3n de constante agravio comparativo respecto a otros medios culturales en nuestra ciudad, mientras unos son llevados en volandas y mimados casi hasta el rid\u00edculo, la historieta sobrevive con migajas, y es una pena porque econ\u00f3micamente es una industria cultural que est\u00e1 levantando cabeza y creando empleo sin apoyos p\u00fablicos, lo que no pueden decir casi ning\u00fan otro medio cultural. Si el c\u00f3mic recibiera un apoyo estructurado y coherente (sin necesidad de grandes cantidades) podr\u00eda convertirse en un referernte dentro de las industrias culturales de nuestra ciudad y nuestra comunidad.<\/p>\n<p>P.- Son muy pocas las editoriales espa\u00f1oles especializadas en el c\u00f3mic, y de las andaluzas ni hablamos&#8230; \u00bfcree que cambiar\u00e1 este panormaa alg\u00fan d\u00eda?<\/p>\n<p>R.- Esto est\u00e1 cabiando ya. Si tomamos como referencia los diez a\u00f1os del Encuentro, cuando empezamos no exist\u00eda ninguna editorial de c\u00f3mics en nuestra ciudad, ahora hay tres, a las que hay que sumar una distribuidora y casi una docena de librer\u00edas especializadas. El c\u00f3mic, industrialmente, est\u00e1 despegando, de forma t\u00edmida, en Sevilla, pero como dec\u00eda antes necesita m\u00e1s apoyo.<\/p>\n<p>P.- Me parece bien que se reconozca el lugar que el c\u00f3mic debe tener dentro de las discplinas art\u00edstica. Pero, \u00bftanto como para tener todo un premio nacional otorgado por el Ministerio de Cultura?<\/p>\n<p>R.- A mi me parece que el premio se queda corto. S\u00f3lo es un paso en un camino bastante largo. Hace falta un premio en Andaluc\u00eda, similar al Picasso de las artes pl\u00e1sticas (que por cierto, este a\u00f1o se lo han dado a un viejo historietista, Nazario), que adem\u00e1s podr\u00eda llamarse Mart\u00ednez de Le\u00f3n. Hace falta urgentemente una pol\u00edtica de restauraci\u00f3ny conservaci\u00f3n del patrimonio de la historieta, que se est\u00e1 perdiendo d\u00eda a d\u00eda, hace falta un centro de difusi\u00f3n e interpretaci\u00f3n de la historieta, un estatuto para el autor de c\u00f3mics&#8230; El premio nacional no s\u00f3lo no es excesivo, sino que se queda muy corto.<\/p>\n<p>P.- En Granada hay un Sal\u00f3n del C\u00f3mic bastante potente, \u00bfcompite con el Encuentro sevillano?<\/p>\n<p>R.- En absoluto. Granada es un sal\u00f3n centrado m\u00e1s en los aspectos comerciales y l\u00fadicos (c\u00f3mo lo est\u00e1n todos los salones profesioanles de nuestro p\u00e1is) mientas que el Encuentro hace m\u00e1s hincapi\u00e9 en los aspectos culturales del c\u00f3mic. No somos competencia, sino que creo que nos retroalimentamos.<\/p>\n<p>P.- Los a\u00f1os anteriores el Encuentro lo realizaba Veleta y este a\u00f1o lo realiza Red de C\u00f3mics, \u00bfa qu\u00e9 se debe ese cambio y en qu\u00e9 consiste?<\/p>\n<p>R.- El cambio consiste en poco m\u00e1s que el nombre, ya que el equipo de organizaci\u00f3n del Encuentro es el mismo en un 90% que el de a\u00f1os anteriores. El cambio se debe a que en los \u00faltimos a\u00f1os hemos desarrollado una visi\u00f3n sobre los objetivos y la forma de trabajar distinta a la de nuestros antiguos compa\u00f1eros de Veleta y pensamos que era necesario un cambio que pasaba por separarnos y crear nuestra propia estructura que nos permitiera desarrolloar nuestros objetivos de forma m\u00e1s aut\u00f3noma e independiente.<\/p>\n<p>P.- \u00bfLe ha gustado el nuevo c\u00f3mic de Asterix? enhorabuena por los diez a\u00f1os&#8230;<\/p>\n<p>R.- Gracias. Y sobre el c\u00f3mic de Asterix, he tenido la sensatez de no leerlo. Desde que el guionista de la serie, el genial Goscynni, falleci\u00f3 el nivel de la serie ha deca\u00eddo considerablemente y personalmente dej\u00f3 de interesarme.<\/p>\n<p>P.- C\u00f3mo ha cambiado para el c\u00f3mic el panorama en Sevilla en estos diez a\u00f1os?<\/p>\n<p>R.- Mucho, lo dec\u00eda algo m\u00e1s arriba- Caundo empezamos no hab\u00eda m\u00e1s que un par de librer\u00edas especializadas y hoy son casi una docena, m\u00e1s tres editoriales, una distibuidora, autores profesionales y una aceptable presencia en medios que antes era inexistente. La situaci\u00f3n ha cambiado bastante, pero a\u00fan debe cambiar mucho m\u00e1s.<\/p>\n<p>P.- Buenos d\u00edas. Enhorabuena por los diez a\u00f1os de trayectoria del Encuentro. \u00bfC\u00f3mo valora el reciente art\u00edculo de Vicente Molina Foix en el que denigraba el mundo del c\u00f3mic?<\/p>\n<p>R.- Gracias. Creo que el art\u00edculo al que te refieres es el producto de un resentido que habla con supuesta autoridad de aquello que no conoce. En cierto sentido es un ignorante que desprecia lo que \u00e9l no conoce. \u00c9l se lo pierde, en el pecado lleva la penitencia.<\/p>\n<p>P.- En muchas ocasiones, el p\u00fablico identifica los eventos dedicados al c\u00f3mic con algo para frikis y gente rara&#8230; \u00bfa qu\u00e9 cree que se debe esa imagen? \u00bfcambiar\u00e1 alg\u00fan d\u00eda?<\/p>\n<p>R.- Esa imagen se debe a que suelen acudir muchos visitantes disfrazados de sus personajes favoritos. Pero no creo que sea una mala imagen, simplemente es m\u00e1s llamativa que otras por el simple hechop de que no estamos acostumbrado sa verlas. Y cambiar\u00e1 cuando nos acostumbremos. Personalmente no es lo que m\u00e1s me gusta, pero no lo veo como algo negativo.<\/p>\n<p>P.- Buenos d\u00edas, \u00bfpodr\u00eda recomendarme un c\u00f3mic para adultos? siempre he creido que eran cosa de ni\u00f1os y adolescentes.<\/p>\n<p>R.- Las serpientes ciegas de Hern\u00e1ndez Cava ySegu\u00ed, uno de los mejores tebeos espa\u00f1oles de los \u00faltimos tiempos. Ademas desde el Encuentro hemos realizado una selecci\u00f3n de los 20 mejore c\u00f3mics del a\u00f1o que se puede ver en la tebeoteca del Casino de la exposici\u00f3n y en las librer\u00edas Fnac, Nostromo, Cards an c\u00f3mics, Wizard, Klonos, La Ara\u00f1a y Raccon.<\/p>\n<p>P.- \u00bfPor qu\u00e9 en Francia la industria y la divulgaci\u00f3n el c\u00f3mic como un g\u00e9nero art\u00edstico con pleno reconocimiento como tal est\u00e1 tan desarrollado y, sin embargo, aqu\u00ed, en Espa\u00f1a, estamos tan atrasados en ese sentido?<\/p>\n<p>R.- Lo he comentado m\u00e1s arriba, por tradici\u00f3n. En Francia valoran el c\u00f3mic como un medio m\u00e1s desde hace a\u00f1os, mientras que aqu\u00ed a\u00fan se ve como algo infanti.<\/p>\n<p>P.- \u00bfPor qu\u00e9 el evento de Sevilla es un encuentro y no un sal\u00f3n como en Barcelona o Granada? \u00bfcu\u00e1l es la diferencia?<\/p>\n<p>R.- La diferencia principal es de objetivos. Los salones tienden hacia lo comercial, con un gran n\u00famero de stands, nosotros creemos por un lado que el panorama nacional est\u00e1 ya saturado de salones y por otro que hacen falta eventos que resalten el aspecto cultrual del c\u00f3mic.<\/p>\n<p>P.- \u00bfQu\u00e9 opini\u00f3n le merecen las \u00faltimas adaptaciones de c\u00f3mics al cine? \u00bfCreen que son fieles a las obras originales?<\/p>\n<p>R.- Depende de al pel\u00edcula. Wachtmen no me gust\u00f3&#8230;<\/p>\n<p>P.- Saludos, sr. Cerrej\u00f3n. \u00bfPara cuando un Centro Andaluz del Comic que sirva de referente nacional de la historieta? Felicidades por su labor.<\/p>\n<p>R.- Eso deber\u00eda responderlo la Consejer\u00eda de Cultura. Espero que pronto. Y gracias!<\/p>\n<p>P.- \u00bfHa afectado la crisis en vuestro evento?<\/p>\n<p>R.- S\u00ed, porque es el primer a\u00f1o que no crece el presupuesto.<\/p>\n<p>P.- \u00bfEn qu\u00e9 consiste el espect\u00e1culo del 19 de Enero en el Lope de Vega?<\/p>\n<p>R.- Es un espect\u00e1culo musical y de creaci\u00f3n en vivo, en el que varios autores de c\u00f3mics dibujar\u00e1n uns historieta al rtimo que pondr\u00e1 un cuarteto de jazz. Estamos muy emocionados con esta propuesta.<\/p>\n","protected":false},"excerpt":{"rendered":"<p>La cita m\u00e1s importante con el c\u00f3mic en Sevilla alcanza este a\u00f1o su d\u00e9cima edici\u00f3n. El director del Encuentro del C\u00f3mic y la Ilustraci\u00f3n de Sevilla explica c\u00f3mo el tebeo encuentra, poco a poco, el sitio que le corresponde como un g\u00e9nero art\u00edstico m\u00e1s.<br \/>\n\u00danase al grupo de los encuentros<br \/>\nde elmundo.es en Facebook<\/p>\n","protected":false},"author":1,"featured_media":0,"comment_status":"open","ping_status":"open","sticky":false,"template":"","format":"standard","meta":{"footnotes":""},"categories":[],"tags":[],"class_list":["post-3816","post","type-post","status-publish","format-standard","hentry"],"_links":{"self":[{"href":"https:\/\/intervius.com\/index.html\/wp-json\/wp\/v2\/posts\/3816","targetHints":{"allow":["GET"]}}],"collection":[{"href":"https:\/\/intervius.com\/index.html\/wp-json\/wp\/v2\/posts"}],"about":[{"href":"https:\/\/intervius.com\/index.html\/wp-json\/wp\/v2\/types\/post"}],"author":[{"embeddable":true,"href":"https:\/\/intervius.com\/index.html\/wp-json\/wp\/v2\/users\/1"}],"replies":[{"embeddable":true,"href":"https:\/\/intervius.com\/index.html\/wp-json\/wp\/v2\/comments?post=3816"}],"version-history":[{"count":0,"href":"https:\/\/intervius.com\/index.html\/wp-json\/wp\/v2\/posts\/3816\/revisions"}],"wp:attachment":[{"href":"https:\/\/intervius.com\/index.html\/wp-json\/wp\/v2\/media?parent=3816"}],"wp:term":[{"taxonomy":"category","embeddable":true,"href":"https:\/\/intervius.com\/index.html\/wp-json\/wp\/v2\/categories?post=3816"},{"taxonomy":"post_tag","embeddable":true,"href":"https:\/\/intervius.com\/index.html\/wp-json\/wp\/v2\/tags?post=3816"}],"curies":[{"name":"wp","href":"https:\/\/api.w.org\/{rel}","templated":true}]}}