{"id":3815,"date":"2009-11-16T00:00:00","date_gmt":"2006-11-06T00:00:00","guid":{"rendered":"https:\/\/intervius.com\/index.html\/?p=3815"},"modified":"2006-11-06T00:00:00","modified_gmt":"2006-11-06T00:00:00","slug":"Rafael_Blasco3815","status":"publish","type":"post","link":"https:\/\/intervius.com\/index.html\/Rafael_Blasco3815\/","title":{"rendered":"Rafael Blasco"},"content":{"rendered":"<p>Pregunta.- Que le hayan nombrado una especie de conseller portavoz \u00bfCree que ha podido levantar ampollas a nivel interno?<\/p>\n<p>Respuesta.- Antes al contrario, lo que ha representado ha sido un momento de est\u00edmulo e ilusi\u00f3n en esta nueva etapa.<\/p>\n<p>P.- \u00bfno le parece Sr. Blasco que las conversaciones que han salido a la luz de Camps con su amigo el Bigotes esconden una relaci\u00f3n cuanto menos irregular?<\/p>\n<p>R.- No, representan quiz\u00e1 una confianza que este se\u00f1or no se merec\u00eda por parte de ning\u00fan responsable pol\u00edtico.<\/p>\n<p>P.- \u00bfEs imposible que lleguen a un entendimiento con \u00c1ngel Luna?<\/p>\n<p>R.- No, al contrario. Desear\u00edamos desde el grupo popular llegar a acuerdos con los grupos de la oposici\u00f3n. Todo depender\u00e1 de la actitud que ellos adopten. Nuestra voluntad de di\u00e1logo y consenso es permanente, pero el se\u00f1or Luna hace mucho tiempo que ha abandonado su leg\u00edtimo papel de fiscalizador de la acci\u00f3n del Gobierno y lo ha sustituido por el insulto permanente al presidente Camps y al Gobierno del PP. Un mal camino que les conduce cada d\u00eda a tener menos apoyos entre los valencianos.<\/p>\n<p>P.- Qu\u00e9 valoraci\u00f3n le merece la reforma que en estos momentos est\u00e1 en el Senado de la ley de extranjer\u00eda<\/p>\n<p>R.- No ha habido ninguna reforma. \u00danicamente un simple maquillaje a una situaci\u00f3n que exig\u00eda un pacto de Estado sobre la inmigraci\u00f3n que el Gobierno socialista del se\u00f1or Zapatero no ha querido. Esta ley no resuelve ning\u00fan asunto relacionado con la inmigraci\u00f3n y la extranjer\u00eda, sino que lo complica.<\/p>\n<p>P.- Siete Consellerias\u2026 Sr. Blasco \u00bfCree que sumar\u00e1 alguna m\u00e1s a la lista en los pr\u00f3ximos a\u00f1os?<\/p>\n<p>R.- No lo s\u00e9, pero mi disponibilidad ser\u00e1 siempre trabajar al servicio de los valencianos.<\/p>\n<p>P.- ESTA PREPARANDO LA ESTRATEGIA POLITICA,Y MOVIENDO A LOS POLITICOS DE LA C.V. PARA SER EL PROXIMO PRESIDENTE DEL CONSELL?<\/p>\n<p>R.- En ning\u00fan caso.<\/p>\n<p>P.- \u00bfQu\u00e9 piensa usted sobre la llamada de la Iglesia Cat\u00f3lica a que los diputados voten en contra de la nueva ley del aborto?<\/p>\n<p>R.- Esta es una decisi\u00f3n que los diputados tendr\u00e1n que adoptar de acuerdo con su conciencia y con el programa electoral y de gobierno del PP.<\/p>\n<p>P.- Se\u00f1or Blasco,\u00bfcu\u00e1l es su opini\u00f3n de la querella del PSPV?<\/p>\n<p>R.- Esta querella, como todas las que ha presentado el PSPV-PSOE contra el PP, no tiene ninguna base jur\u00eddica ni pol\u00edtica. Igual que ha ocurrido con todas las anteriores, ser\u00e1 archivada. El PSPV-PSOE pretende judicializar la vida pol\u00edtica, atacar las pol\u00edticas del PP, y con ello demuestran que no tienen alternativas cre\u00edbles frente a las pol\u00edticas del PP. En este caso adem\u00e1s, intentar implicar al empresariado valenciano en un momento de crisis econ\u00f3mica no s\u00f3lo es una temeridad sino que expresa la falta de escr\u00fapulos del PSPV-PSOE.<\/p>\n<p>P.- \u00bfVolver\u00e1 alg\u00fan d\u00eda Ricardo Costa al partido?<\/p>\n<p>R.- Estoy convencido de que s\u00ed. Se lo merece.<\/p>\n<p>P.- \u00bfpor qu\u00e9 acepta ser el escudo de Camps en las Cortes cuando en este reparto de guantazos entre ustedes y la oposici\u00f3n puede salir claramente perjudicado? \u00bfno estaba m\u00e1s tranquilo con sus inmigrantes?<\/p>\n<p>R.- El presidente Camps no necesita de ning\u00fan escudo. Todo el grupo parlamentario apoya y respalda su acci\u00f3n de gobierno. Y efectivamente, se puede buscar sitios m\u00e1s tranquilos, pero los que tenemos vocaci\u00f3n de servicio a los ciudadanos y respetamos las decisiones del presidente estamos para cumplir nuestras responsabilidades por encima de intereses personales.<\/p>\n<p>P.- No le parece que Canal 9 da una informacion muy centrada solo en la cosas positivas del PP. \u00bfVe usted sus informativos? Los cuales son solo para sacar lo positivo:<\/p>\n<p>R.- Veo los informativos de Canal 9 siempre que puedo, y me parecen muy objetivos y representativos de lo que piensa y opina la mayor\u00eda de los valencianos. En cualquier caso, Canal 9 tiene unos excelentes profesionales sobre los que nadie podemos enjuiciar su labor si respetamos la libertad de expresi\u00f3n y de informaci\u00f3n.<\/p>\n<p>P.- Si Ricardo Costa no era responsable de ninguno de los hechos que se le imputaban, como ustedes mismos defend\u00edan, \u00bfpor qu\u00e9 cedieron a la expulsi\u00f3n de Ric. \u00bfLas \u00f3rdenes de Madrid est\u00e1n por encima de la dignidad de un partido y de sus afiliados?<\/p>\n<p>R.- La dignidad de un partido y de sus afiliados est\u00e1 por encima de cualquier consideraci\u00f3n partidaria. Ricardo Costa solucionar\u00e1 en breve un contencioso que no dese\u00e1bamos que se produjera en nuestra Comunidad.<\/p>\n<p>P.- \u00bfQu\u00e9 hubiese querido ser Vd. si no hubiese sido pol\u00edtico?<\/p>\n<p>R.- Librero.<\/p>\n<p>P.- \u00bfHa pensado que sus memorias ser\u00e1n imprescindibles para entender la Comunidad Valenciana de los pr\u00f3ximos milenios?<\/p>\n<p>R.- La historia de nuestra Comunidad es muy densa y muy importante, y creo sinceramente que hay muchas personas, instituciones y colectivos que tendr\u00e1n un papel fundamental a la hora de recoger la historia de nuestra autonom\u00eda.<\/p>\n<p>P.- \u00bfNo cree Ud. que el PSPV lo que pretende con su estrategia de ataques a Camps es crear una cortina de humo para que no se hable de la crisis econ\u00f3mica, del paro o del Alakrana<\/p>\n<p>R.- Completamente de acuerdo. Pero los ciudadanos lo han detectado y cada d\u00eda que pasa disminuye el respaldo electoral hacia el PSOE y crece hacia el PP porque se reconoce como \u00fanica alternativa para salir de esta situaci\u00f3n de crisis econ\u00f3mica y de paro lacerante que sufren millones de espa\u00f1oles.<\/p>\n<p>P.- BON DIA, \u00bfCOMO HAS SIDO CAPAZ DE PASAR POR TANTOS PARTIDOS DE TAN DIFERENTES IDEAS POLITICAS Y SIEMPRE MANTENERTE EN LA CRESTA DE LA OLA???<\/p>\n<p>R.- Trabajando, con lealtad y con voluntad de servicio a mi comunidad y a mis conciudadanos, y procurando poner por encima de cualquier consideraci\u00f3n la defensa de los intereses valencianos desde las diferentes responsabilidades en las que este objetivo pod\u00eda cumplirse mejor.<\/p>\n<p>P.- Sr. Blasco \u00bfCree que Alarte llegar\u00e1 a ser candidato a la presidencia de la Generalitat o que no podr\u00e1 aguantar las presiones?\u00bfA qui\u00e9n ve como el pr\u00f3ximo rival de Camps (y no me diga que Camps no tiene rival)? Gracias<\/p>\n<p>R.- Si el se\u00f1or Alarte llega a ser candidato a la Presidencia de la Generalitat ser\u00e1 una bendici\u00f3n de Dios para el PP. En cualquier caso, esta es una cuesti\u00f3n interna del PSPV-PSOE que resolver\u00e1n como estimen conveniente.<\/p>\n<p>P.- \u00bfNo le parece irrespetuoso para los ciudadanos reducir el contenido de las conversaciones filtradas entre los miembros del PP que conocemos y el bigotes, a &#8220;una confianza que ese se\u00f1or no merec\u00eda&#8221;? Se est\u00e1n juzgando presuntos delitos, por no hablar de la desfachatez que han mostrado estas conversaciones&#8230;<\/p>\n<p>R.- Me parece que ha habido errores sobre los que es necesario pedir disculpas a la opini\u00f3n p\u00fablica. Pero como usted dice, la presunci\u00f3n de inocencia es un pilar b\u00e1sico del Estado de derecho y los delitos son s\u00f3lo cuando exista una condena firme. En nuestra Comunidad no hay ninguna responsabilidad legal ni judicial sobre nadie del PP.<\/p>\n<p>P.- \u00bfEntiende que con las actuaciones de buena parte de los pol\u00edticos, s\u00ed, insisto, de buena parte de los pol\u00edticos, los ciudadanos estemos cada vez m\u00e1s decepcionados y les veamos como una &#8220;casta&#8221; cuyo objetivo es el poder y no el &#8220;servico al ciudadano&#8221; que repiten como sifuera un mantra?<\/p>\n<p>R.- La mayor\u00eda de los pol\u00edticos son personas honestas y comprometidas en mejorar las condiciones de sus conciudadanos. La excepci\u00f3n son los comportamientos irregulares. No debemos confundir la parte con el todo, porque est\u00e1 en juego la confianza y el funcionamiento de nuestro sistema pol\u00edtico. Las conductas irregulares deben combatirse con toda la fuerza del Estado de derecho y buscando la ejemplaridad en la vida p\u00fablica.<\/p>\n<p>P.- la que est\u00e1 cayendo \u00bfser\u00e1 de verdad Camps el pr\u00f3ximo candidato a las elecciones auton\u00f3micas?<\/p>\n<p>R.- No tengo ninguna duda. Y tampoco la tienen los valencianos que contin\u00faan d\u00e1ndole el mayor respaldo social y electoral que ning\u00fan presidente de la Generalitat ha tenido en la historia de nuestra autonom\u00eda.<\/p>\n<p>P.- Con su mujer, \u00bfhabla de pol\u00edtica ?<\/p>\n<p>R.- De pol\u00edtica, de la familia, de lecturas&#8230; De todo.<\/p>\n<p>P.- Sigue afirmando que la Generalitat Valenciana aporta el 07 de sus prespuestos, a la Cooperaci\u00f3n Internaciona, porque la Directora General de Cooperaci\u00f3n y la Secretar\u00eda Auton\u00f3mica afirmaron en la \u00faltima reuni\u00f3n que no se llegaba no de cerca. Consulte el acta<\/p>\n<p>R.- La Generalitat Valenciana es el Gobierno auton\u00f3mico que mayor porcentaje dedica a la cooperaci\u00f3n al desarrollo. Destinamos el 0,7%, cuando el Gobierno socialista est\u00e1 muy lejos de este porcentaje. En momentos de crisis econ\u00f3mica es normal que se introduzcan ajustes presupuestarios, pero estoy convencido que al finalizar el 2010 la Generalitat habr\u00e1 destinado el 0,7%.<\/p>\n<p>P.- He le\u00eddo en la prensa que Vd. trabaja desde la ma\u00f1ana a la noche y que hay dias que ni come. \u00bfLleva Vd. este ritmo desde que empez\u00f3 en pol\u00edtica? Soy una persona joven y no entiendo de donde saca Vd. las fuerzas!!!<\/p>\n<p>R.- Mi trabajo es precisamente ese. Dedicar todo mi esfuerzo a mis actuales responsabilidades, y lo hago sin pensar que ello represente ning\u00fan m\u00e9rito. Es mi obligaci\u00f3n.<\/p>\n<p>P.- Si antes milit\u00f3 en la izquierda y ahora en la derecha\u2026 \u00bfse equivoc\u00f3 antes o se equivoca ahora?<\/p>\n<p>R.- Ni antes me equivoqu\u00e9 ni ahora tampoco. Espa\u00f1a ha pasado de una dictadura a una democracia y siempre he pensado que hab\u00eda que comprometerse en funci\u00f3n del momento para prestar un servicio a la sociedad.<\/p>\n<p>P.- \u00bfQu\u00e9 libro tiene encima de la mesita de noche?<\/p>\n<p>R.- El \u00faltimo libro de \u00c1ngeles Caso, que va sobre la experiencia de una inmigrante caboverdiana.<\/p>\n<p>P.- \u00bfEs posible que las Cortes se conviertan en un parlamento donde haya m\u00e1s debate y menos insultos?<\/p>\n<p>R.- No s\u00f3lo es posible sino necesario. Depende de que los grupos de la oposici\u00f3n sean capaces de cambiar su papel obstruccionista hacia la pol\u00edtica popular y entrar en un debate parlamentario donde la concordia, desde la discrepancia, sea un valor compartido por todos.<\/p>\n<p>P.- Usted es miembro del gobierno valenciano y portavoz de su grupo parlamentario al mismo tiempo. \u00bfAs\u00ed es como conciben en su partido la divisi\u00f3n de poderes inherente a toda democracia?<\/p>\n<p>R.- Efectivamente. As\u00ed ha sido concebida en la patria del parlamentarismo y de la divisi\u00f3n de poderes como es el Reino Unido, donde existe esta figura desde los albores de la democracia. Experiencia que tambi\u00e9n existe en nuestra historia democr\u00e1tica espa\u00f1ola. El grupo parlamentario popular en las Cortes Valencianas est\u00e1 para apoyar y respaldar al Gobierno, y los de la oposici\u00f3n para fiscalizarlo y controlarlo. Una mejor conexi\u00f3n entre el Gobierno y el grupo que lo sustenta siempre ser\u00e1 positiva para los valencianos que as\u00ed lo han querido expresar democr\u00e1ticamente.<\/p>\n<p>P.- buenos d\u00edas se\u00f1or Blasco. \u00bfQu\u00e9 necesidad tiene un partido como el PP en la Comunidad Valenciana, que arrasa en todas las elecciones, de despreciar a todo lo que no sea el PP? Ustedes han despreciado a quienes se han manifestado contra la corrupci\u00f3n, desprecian a diario a los portavoces de la oposici\u00f3n, desprecian a los medios cr\u00edticos&#8230; es dif\u00edcil saber perder, pero mucho peor es no saber ganar.<\/p>\n<p>R.- Entiendo su pregunta pero no la comparto. El PP procura en todo momento defender con humildad y modestia los intereses valencianos, y lo hacemos sin despreciar cr\u00edtica alguna. Es fundamental no confundir la cr\u00edtica que siempre hay que escuchar de la descalificaci\u00f3n y del insulto.<\/p>\n<p>P.- El incremento de la poblaci\u00f3n inmigrante en la Comunitat Valenciana est\u00e1 influyendo en un mayor nivel de inseguridad, criminalidad y desempleo. \u00bf que soluci\u00f3n que soluci\u00f3n cree UD. Sr. Blasco, se deber\u00eda de adoptar ante este problema ?<\/p>\n<p>R.- Considero injusto responsabilizar a la inmigraci\u00f3n de estas cuestiones. La inmigraci\u00f3n junto con la sociedad espa\u00f1ola en su conjunto somos v\u00edctimas de una pol\u00edtica irresponsable del Gobierno socialista en materia de seguridad ciudadana y de empleo. Los responsables de esta cr\u00edtica situaci\u00f3n no son los inmigrantes ni los ciudadanos, sino la p\u00e9sima pol\u00edtica que ha desarrollado el Gobierno socialista del se\u00f1or Zapatero y que ha conducido a Espa\u00f1a a la pero crisis que hemos conocido.<\/p>\n<p>P.- Honorable Sr.Blasco. \u00bfMe podr\u00eda decir el adjetivo que m\u00e1s representa a cada una de estas personas: Jorge Alarte, \u00c1ngel Luna, Ximo Pui, Carlos Fabra, Francisco Camps i Mariano Rajoy? Muchas gracias y continue como esta ahora.<\/p>\n<p>R.- Jorge Alarte: inseguro; \u00c1ngel Luna: provocador; Ximo Puig: de Morella; Carlos Fabra: historia viva de Castell\u00f3n; Francisco Camps: presidente de todos los valencianos; Mariano Rajoy: pr\u00f3ximo presidente de Espa\u00f1a.<\/p>\n<p>P.- Sr. Blasco:\u00bfQu\u00e9 puede hacer la Generalitat Valenciana para reducir el inmenso d\u00e9ficit que tiene, a parte de esperar que se nos reconozca el millon de ciudadanos m\u00e1s y que ZP nos mande dinero (cosa poco probable)? Gracias<\/p>\n<p>R.- Gobernar como estamos haciendo desde la austeridad y desear que el pr\u00f3ximo cambio de gobierno en Espa\u00f1a sea m\u00e1s sensible con nuestra comunidad y resuelva el tema de la financiaci\u00f3n auton\u00f3mica desde criterios de solidaridad interregional y no de agravios como lo hace el se\u00f1or Zapatero.<\/p>\n<p>P.- Sobre el tema de las escuchas telef\u00f3nicas (SITEL)\u2026 \u00bfQu\u00e9 tipo de informaci\u00f3n es l\u00edcito que un gobierno tenga de sus ciudadanos? \u00bfDebe prevalecer el derecho del ciudadano o la seguridad (para coger terroristas o narcotraficantes)?<\/p>\n<p>R.- Sobre los ciudadanos, debe prevalecer la privacidad sin ning\u00fan tipo de interferencia. Sobre los delincuentes, me parece acertado que se adopten medidas encaminadas a impedir las conductas delictivas.<\/p>\n<p>P.- Diego L\u00f3pez Garrido ha anunciado que no piensa dimitir por su imputaci\u00f3n por prevaricaci\u00f3n, una afirmaci\u00f3n que choca frontalmente con lo que \u00e9l dec\u00eda en el pasado. Esta doble vara de medir del PSOE me lleva a preguntarle si cree que una persona imputada debe dimitir en cuanto es imputada o debe esperarse una resoluci\u00f3n judicial?<\/p>\n<p>R.- Depende de los casos. Pero mi opini\u00f3n es que una persona imputada no debiera dimitir hasta que se sustancie su responsabilidad mediante sentencia firme. Sin embargo, el PSOE aplica, como siempre, una doble vara de medir.<\/p>\n<p>P.- \u00bfCree usted que pasearse en un Ferrari es la mejor manera de mejorar la imagen de un pol\u00edtico que ha estado relacionado con problemas de corrupci\u00f3n?<\/p>\n<p>R.- En la Comunidad Valenciana no hay ning\u00fan pol\u00edtico del PP vinculado a la corrupci\u00f3n. Atender a los se\u00f1ores de Ferrari es trabajar en defensa de los intereses valencianos. En nuestra Comunidad m\u00e1s de 400.000 personas trabajan en el turismo; los grandes eventos en los \u00faltimos a\u00f1os han hecho posible que m\u00e1s de 50 millones de turistas lleguen a nuestra comunidad; y la inversi\u00f3n productiva para nuestra econom\u00eda ha superado los 7.000 millones de euros. Est\u00e1 en juego nuestro presente y nuestro futuro y nuestros dirigentes po\u00b4l\u00edticos tienen que dedicarle todo el tiempo posible a publicitar y garantizar estas inversiones.<\/p>\n<p>P.- \u00bfLa Generalitat Valenciana va a consentir que el Ministerio de Interior construya una c\u00e1rcel en Siete Aguas en contra de la opini\u00f3n de la Conseller\u00eda de Medio Ambiente y del Consell Valenci\u00e1 de Cultura? En mi opini\u00f3n esto no pasar\u00eda en otras Comunidades. \u00bfQu\u00e9 piensa hacer el Consell?<\/p>\n<p>R.- Defender siempre el inter\u00e9s general y procurar que el Gobierno socialista deje de actuar unilateralmente en cuestiones que debieran consensuarse con los leg\u00edtimos representantes de los valencianos.<\/p>\n<p>P.- qu\u00e9 hac\u00eda usted reunido con los de valmor y con soriano? eso nunca qued\u00f3 demasiado claro, no? aproveche para darnos una explicaci\u00f3n!!<\/p>\n<p>R.- Imagino que se referir\u00e1 usted a Dalport. Era una reuni\u00f3n de car\u00e1cter privado en un despacho profesional cuyas conversaciones fueron interceptadas ilegalmente y generaron una actuaci\u00f3n delictiva que se sustanciar\u00e1 en su momento ante los tribunales. No tiene ni ten\u00eda la menor relevancia p\u00fablica.<\/p>\n<p>P.- \u00bfC\u00f3mo cree que est\u00e1 afectando la crisis a la poblaci\u00f3n inmigrante, est\u00e1 teniendo \u00e9xito el Plan retorno de Zapatero?<\/p>\n<p>R.- La poblaci\u00f3n inmigrante es muy vulnerable a la situaci\u00f3n de crisis econ\u00f3mica y se ve afectada de una forma injusta y desproporcionada. La fracasada pol\u00edtica socialista sobre inmigraci\u00f3n ha tra\u00eddo esta situaci\u00f3n insostenible. El Plan Retorno de Zapatero es un globo pinchado y un espectacular fracaso.<\/p>\n<p>P.- Si Rajoy ganara las elecciones y le reclamara como minsitro \u00bfse ir\u00eda a Madrid?<\/p>\n<p>R.- Deseo que se cumpla la primera parte de su pregunta y la segunda le dir\u00eda que mi deseo es estar en la Comunidad Valenciana.<\/p>\n<p>P.- Sr. Blasco, \u00bfno cree que ciertas actuaciones del president, como su \u00faltima desafortunada acusaci\u00f3n en Les Corts, son absolutamente indefendibles? AC (Torrent)<\/p>\n<p>R.- Si se refiere a la met\u00e1fora utilizada por el presidente Camps en la \u00faltima sesi\u00f3n de control de las Cortes, me parece desafortunada. El propio presidente ha pedido disculpas p\u00fablicamente y eso demuestra su altura moral y su responsabilidad institucional. Mientras el presidente es capaz de rectificar, el PSPV contin\u00faa sin disculparse de los reiterados insultos al presidente y al PP. Esto explica que los valencianos respalden mayoritariamente al presidente Camps y contin\u00faen despreciando las actitudes y m\u00e9todos de los socialistas dirigidos por el se\u00f1or Luna y el se\u00f1or Alarte.<\/p>\n<p>P.- \u00bfQui\u00e9n carga realmente con los inmograntes? \u00bfEs cierto que el Gobierno de Zapatero nos env\u00eda inmigrantes sin cesar?<\/p>\n<p>R.- Es cierto que el Gobierno de Zapatero nos manda de forma arbitraria inmigrantes irregulares a nuestra Comunidad. M\u00e1s de 400 en lo que llevamos de a\u00f1o. La inmigraci\u00f3n es una competencia exclusiva del Gobierno de Espa\u00f1a, que se olvida de ellos cuando pisan tierra espa\u00f1ola y que las comunidades aut\u00f3nomas tenemos que atender a pesar del d\u00e9ficit de financiaci\u00f3n que arrastramos por no reconocernos, como es el caso valenciano, el m\u00e1s de un mill\u00f3n de personas inmigrantes y extranjeras que han venido a nuestra Comunidad en los \u00faltimos diez a\u00f1os.<\/p>\n","protected":false},"excerpt":{"rendered":"<p>El conseller de Solidaridad y Ciudadan\u00eda es uno de los nuevos hombres fuertes del PP valenciano tras la crisis G\u00fcrtel y la suspensi\u00f3n de militancia de Ricardo Costa. Como nuevo portavoz popular en las Cortes, Rafael Blasco, acredita una dilatada trayectoria pol\u00edtica en la que ha dirigido siete Consellerias distintas tanto en el PP como en el PSOE.<br \/>\n\u00danase al grupo de los encuentros<br \/>\nde elmundo.es en Facebook<\/p>\n","protected":false},"author":1,"featured_media":0,"comment_status":"open","ping_status":"open","sticky":false,"template":"","format":"standard","meta":{"footnotes":""},"categories":[],"tags":[],"class_list":["post-3815","post","type-post","status-publish","format-standard","hentry"],"_links":{"self":[{"href":"https:\/\/intervius.com\/index.html\/wp-json\/wp\/v2\/posts\/3815","targetHints":{"allow":["GET"]}}],"collection":[{"href":"https:\/\/intervius.com\/index.html\/wp-json\/wp\/v2\/posts"}],"about":[{"href":"https:\/\/intervius.com\/index.html\/wp-json\/wp\/v2\/types\/post"}],"author":[{"embeddable":true,"href":"https:\/\/intervius.com\/index.html\/wp-json\/wp\/v2\/users\/1"}],"replies":[{"embeddable":true,"href":"https:\/\/intervius.com\/index.html\/wp-json\/wp\/v2\/comments?post=3815"}],"version-history":[{"count":0,"href":"https:\/\/intervius.com\/index.html\/wp-json\/wp\/v2\/posts\/3815\/revisions"}],"wp:attachment":[{"href":"https:\/\/intervius.com\/index.html\/wp-json\/wp\/v2\/media?parent=3815"}],"wp:term":[{"taxonomy":"category","embeddable":true,"href":"https:\/\/intervius.com\/index.html\/wp-json\/wp\/v2\/categories?post=3815"},{"taxonomy":"post_tag","embeddable":true,"href":"https:\/\/intervius.com\/index.html\/wp-json\/wp\/v2\/tags?post=3815"}],"curies":[{"name":"wp","href":"https:\/\/api.w.org\/{rel}","templated":true}]}}