{"id":3803,"date":"2009-11-20T00:00:00","date_gmt":"2006-11-06T00:00:00","guid":{"rendered":"https:\/\/intervius.com\/index.html\/?p=3803"},"modified":"2006-11-06T00:00:00","modified_gmt":"2006-11-06T00:00:00","slug":"Jaime_Chavarri3803","status":"publish","type":"post","link":"https:\/\/intervius.com\/index.html\/Jaime_Chavarri3803\/","title":{"rendered":"Jaime Ch\u00e1varri"},"content":{"rendered":"<p>Pregunta.- Sr. Ch\u00e1varri, le admiro mucho. \u00bfAlg\u00fan nuevo proyecto a la vista? Estoy deseando que estrene otra pel\u00edcula.<\/p>\n<p>Respuesta.- Hay un proyecto de coproducci\u00f3n con la India que ser\u00e1 bastante dif\u00edcil de conseguir, pero que esperamos cerrar el a\u00f1o 20Si te gustan las pel\u00edculas ex\u00f3ticas, espero que vayas a verla.<\/p>\n<p>P.- De todas sus pel\u00edculas, \u00bfpor cu\u00e1l le paran m\u00e1s en la calle?<\/p>\n<p>R.- Siempre que me paran en la calle me confunden o con Jaime Camino o con V\u00edctor Erice.<\/p>\n<p>P.- Hola Jaime. Veo que le homenajean en un festival de cine dedicado al cine europeo. \u00bfQu\u00e9 cineastas europeos le interesan? Gracias.<\/p>\n<p>R.- Michael Haneke, Fran\u00e7ois Ozon, Alejandro Amen\u00e1bar y \u00c1lvaro Pastor, director de Yo tambi\u00e9n, entre otros.<\/p>\n<p>P.- \u00bfQu\u00e9 tal por Segovia, ha comido ya cochinillo? Qu\u00e9 envidia&#8230;<\/p>\n<p>R.- He comido cochinillo. No pod\u00eda faltar. Y como Segovia es la ciudad en la que he pasado la mayor parte de mi infancia, es especialmente agradable que me hagan aqu\u00ed un homenaje.<\/p>\n<p>P.- \u00bfC\u00f3mo recibe este homenaje? \u00bfCree que llorar\u00e1 esta noche?<\/p>\n<p>R.- Espero no llorar. Pero a lo mejor lloro un poco a solas.<\/p>\n<p>P.- HOLA JAIME.LOS PROTAGONISTAS DE LAS COSAS DEL QUERER SE INSPIRAN EN ALGUIEN , SON INVENTADOS O UNA MEZCLA DE AMBAS COSAS.ENHORABUENA POR TODOS TUS EXITOS. GRACIAS Y A SEGUIR CON ESE TALENTO- JOSE ANTONIO..A CORU\u00d1A.<\/p>\n<p>R.- El personaje de Manuel Bandera estaba inspirado en Miguel de Molina, el famoso cantante de copla. Pero todo lo dem\u00e1s era imaginario.<\/p>\n<p>P.- Saludos Jaime, tuve la oportunidad de trabajar como figurante en C\u00e1diz en la pel\u00edcula &#8220;Besos para todos&#8221;, fue una experiencia gratificante e inolvidable, y su posterior estreno en el &#8220;Gran Teatro Falla&#8221; de C\u00e1diz. Recuerdo aquella Plaza de la Catedral, lleno de autoridades, parejas, sacerdotes, monjas, policias. Toda una amalgama de personajes que hac\u00edan respirar un ambiente de pel\u00edcula. All\u00ed estaban Emma Suarez, Eloy Azor\u00edn, Luis Tosar, Roberto Hoyas, I\u00f1aki Font, Jacobo Dicenta. Mi pregunta&#8230; \u00bfQu\u00e9 recuerdos le trae aquellos d\u00edas de rodaje por C\u00e1diz? Espero que siga con sus proyectos porque es un verdadero artesano del cine. Suerte, D.Jaime.<\/p>\n<p>R.- Recuerdo con much\u00edsimo cari\u00f1o ese rodaje y la ayuda que nos prest\u00f3 en todo momento la alcaldesa de C\u00e1diz. Esa pel\u00edcula no me ha dado m\u00e1s que satisfacciones porque encima funcion\u00f3 muy bien. A m\u00ed me gusta. Un abrazo para todos los gaditanos.<\/p>\n<p>P.- Si tuviera que escoger tres pel\u00edculas de su filmograf\u00eda, \u00bfcon cu\u00e1les se quedar\u00eda?<\/p>\n<p>R.- Con gran esfuerzo, dir\u00eda El desencanto, Las cosas del querer y Y sus ojos se cerraron.<\/p>\n<p>P.- \u00bfCu\u00e1ndo y por qu\u00e9 decidiste ser director de cine? Yo me dedico a estudiar Derecho, pero me encanta el mundo del cine. \u00bfAlg\u00fan consejo? Un abrazo.<\/p>\n<p>R.- Yo soy abogado y decid\u00ed meterme en el cine en un arrebato de locura que jam\u00e1s he lamentado. T\u00fa mismo.<\/p>\n<p>P.- \u00bfTienes alg\u00fan truco a la hora de dirigir a los actores?<\/p>\n<p>R.- No existen ni los trucos ni las f\u00f3rmulas. Cada actor es una persona que tiene que hacer un trabajo relacionado con la otra persona, que es el personaje. El truco ser\u00eda, de alguna manera, propiciar un encuentro entre ambos.<\/p>\n<p>P.- Hola Jaime. \u00bfTe sientan bien los homenajes o te dan pudor?<\/p>\n<p>R.- Me sientan muy bien y me dan mucho pudor.<\/p>\n<p>P.- De todos los actores con los que has trabajado, \u00bfcon cu\u00e1les repetir\u00edas sin pensartelo? Muchas gracias.<\/p>\n<p>R.- Repetir\u00eda con muchos. Pero hay dos muy especiales que son Emma Su\u00e1rez y \u00c1ngela Molina.<\/p>\n<p>P.- Considero &#8220;la bicicletas son para el verano&#8221; la aut\u00e9ntica obra maestra del cine espa\u00f1ol&#8230;\u00bfQu\u00e9 piensa de los que opinan que la guerra civil es el tema pendiente de nuestro cine?<\/p>\n<p>R.- Estoy completamente de acuerdo. La guerra civil espa\u00f1ola es un tema que se ha tratado mucho y se ha reflexionado muy poco.<\/p>\n<p>P.- HOLA JAIME, ADMIRO TUS TRABAJOS Y SOBRE TODO EL DESENCANTO QUE FUE UNA PELICULA QUE ME MARCO, AHORA SIGO ENGANCHADO A LOS PANERO. TIENES RELACION CON LOS DOS HIJOS QUE VIVEN? LEOPOLDO MARIA Y JUAN LUIS. SALUDOS FERMIN (ALBACETE)<\/p>\n<p>R.- Con Leopoldo Mar\u00eda me he encontrado alguna vez en alg\u00fan programa de televisi\u00f3n y Juan Luis se ha ido a vivir fuera de Madrid y lamentablemente no he vuelto a verlo nunca.<\/p>\n<p>P.- Dirigiste a Ver\u00f3nica S\u00e1nchez en Camar\u00f3n, \u00bfes f\u00e1cil el trato con ella? \u00bfes tan guapa en persona como en el cine?<\/p>\n<p>R.- Es todav\u00eda m\u00e1s guapa en persona que en el cine. Y como soy fan, no puedo decirte mucho m\u00e1s sin que se me caiga la baba.<\/p>\n<p>P.- Le interesa el cine de animaci\u00f3n? Qu\u00e9 opini\u00f3n le merecen pel\u00edculas como Ratatouille y Up, de Pixar?<\/p>\n<p>R.- Me encanta el cine de animaci\u00f3n desde que era peque\u00f1o. Up no la he visto todav\u00eda y Ratatouille me parece una pel\u00edcula estupenda, pero mi favorita es Wall-E.<\/p>\n<p>P.- \u00bf Qu\u00e9 pel\u00edcula guarda con m\u00e1s cari\u00f1o? \u00bf Qu\u00e9 directores le han influido m\u00e1s?<\/p>\n<p>R.- Los directores que m\u00e1s me han influ\u00eddo son Luis Bu\u00f1uel y Jean Renoir. La pel\u00edcula que m\u00e1s me ha impresionado y me sigue impresionando es V\u00e9rtigo de Alfred Hitchcock.<\/p>\n<p>P.- \u00bfEn qu\u00e9 momento un abogado decide dirigir pel\u00edculas? Muchas gracias.<\/p>\n<p>R.- En un momento de sublime obcecaci\u00f3n.<\/p>\n<p>P.- Buenas tardes, \u00bfcree que hay muchas pel\u00edculas que emocionen de verdad?<\/p>\n<p>R.- A m\u00ed s\u00ed, pero eso es una cuesti\u00f3n puramente subjetiva. Tambi\u00e9n me parece que hay pel\u00edculas fr\u00edas que son absolutamente maravillosas. Por ejemplo, Dr\u00e1cula de Coppola.<\/p>\n<p>P.- \u00bfque pel\u00edcula americana de los \u00faltimos cinco a\u00f1os le ha gustado m\u00e1s? \u00bfy espa\u00f1ola?<\/p>\n<p>R.- Americana: El lector. Y espa\u00f1ola: La distancia, una pel\u00edcula cojonuda que no vi\u00f3 ni Dios. La puedes encontrar en DVD.<\/p>\n<p>P.- \u00bfHar\u00eda una pel\u00edcula cargada de efectos especiales? Me alegro mucho por su homenaje.<\/p>\n<p>R.- Por supuesto que la har\u00eda. Los efectos especiales son maravillosos si el trabajo que hay detr\u00e1s antes de la realizaci\u00f3n es bueno. Y si no puede ser un simple muestrario de efectismo gratuito.<\/p>\n<p>P.- \u00bfLe gusta coleccionar premios? \u00bfEs de esas personas que tienen una estanter\u00eda llena? Un saludo<\/p>\n<p>R.- No tendr\u00eda una estanteria llena aunque quisiera. Y el valor de los premios es el del momento, que la gente se acuerde de ti y te lo den. El objeto no tiene para m\u00ed ning\u00fan significado.<\/p>\n<p>P.- \u00bfTiene pensado alg\u00fan lugar donde le gustar\u00eda rodar una pel\u00edcula y todav\u00eda no lo ha hecho?<\/p>\n<p>R.- Me encantar\u00eda rodar una pel\u00edcula en La India. Y en San Sebasti\u00e1n.<\/p>\n<p>P.- Enhorabuena por su homenaje. Ya que le han preguntado sobre el cine de animaci\u00f3n, \u00bfhar\u00eda una pel\u00edcula de este g\u00e9nero?<\/p>\n<p>R.- No. A m\u00ed lo que m\u00e1s me interesa del cine es la direcci\u00f3n de actores.<\/p>\n<p>P.- \u00bfQui\u00e9nes son los m\u00e1s grandes del cine de todos los tiempos seg\u00fan Jaime Ch\u00e1varri?<\/p>\n<p>R.- Qu\u00e9 preguntas hac\u00e9is&#8230; La respuesta no va a ser muy original. Para m\u00ed son Buster Keaton, Victor Sj\u00f6strom, Howard Hokes, Jean Louis Godard, Alfred Hitchcok, John Ford, Orson Welles y la lista podr\u00eda seguir indefinidamente. Completala t\u00fa por tu cuenta.<\/p>\n<p>P.- \u00bfVes el Acueducto de Segovia desde la habitaci\u00f3n de tu hotel? Quiz\u00e1 te inspire para alg\u00fan gui\u00f3n&#8230;<\/p>\n<p>R.- Ya inspir\u00f3 a Richard Lester para Golfus de Roma.<\/p>\n","protected":false},"excerpt":{"rendered":"<p>La Muestra de Cine Europeo Ciudad de Segovia le rinde homenaje. El director de Las cosas del querer, A un Dios desconocido, El desencanto o Camar\u00f3n es uno de los cineastas espa\u00f1oles m\u00e1s respetados. Jaime Ch\u00e1varri repasa con los lectores de ELMUNDO.es su filmograf\u00eda, que se ver\u00e1 en el festival.<br \/>\n\u00danase al grupo de los encuentros<br \/>\nde elmundo.es en Facebook<\/p>\n","protected":false},"author":1,"featured_media":0,"comment_status":"open","ping_status":"open","sticky":false,"template":"","format":"standard","meta":{"footnotes":""},"categories":[],"tags":[],"class_list":["post-3803","post","type-post","status-publish","format-standard","hentry"],"_links":{"self":[{"href":"https:\/\/intervius.com\/index.html\/wp-json\/wp\/v2\/posts\/3803","targetHints":{"allow":["GET"]}}],"collection":[{"href":"https:\/\/intervius.com\/index.html\/wp-json\/wp\/v2\/posts"}],"about":[{"href":"https:\/\/intervius.com\/index.html\/wp-json\/wp\/v2\/types\/post"}],"author":[{"embeddable":true,"href":"https:\/\/intervius.com\/index.html\/wp-json\/wp\/v2\/users\/1"}],"replies":[{"embeddable":true,"href":"https:\/\/intervius.com\/index.html\/wp-json\/wp\/v2\/comments?post=3803"}],"version-history":[{"count":0,"href":"https:\/\/intervius.com\/index.html\/wp-json\/wp\/v2\/posts\/3803\/revisions"}],"wp:attachment":[{"href":"https:\/\/intervius.com\/index.html\/wp-json\/wp\/v2\/media?parent=3803"}],"wp:term":[{"taxonomy":"category","embeddable":true,"href":"https:\/\/intervius.com\/index.html\/wp-json\/wp\/v2\/categories?post=3803"},{"taxonomy":"post_tag","embeddable":true,"href":"https:\/\/intervius.com\/index.html\/wp-json\/wp\/v2\/tags?post=3803"}],"curies":[{"name":"wp","href":"https:\/\/api.w.org\/{rel}","templated":true}]}}