{"id":3789,"date":"2009-11-30T00:00:00","date_gmt":"2006-11-06T00:00:00","guid":{"rendered":"https:\/\/intervius.com\/index.html\/?p=3789"},"modified":"2006-11-06T00:00:00","modified_gmt":"2006-11-06T00:00:00","slug":"Juanma_Lillo3789","status":"publish","type":"post","link":"https:\/\/intervius.com\/index.html\/Juanma_Lillo3789\/","title":{"rendered":"Juanma Lillo"},"content":{"rendered":"<p>Pregunta.- Que tal, Juanma. Viendo ayer a Puyol \u00bfque importancia tienen los capitanes en los equipos?. Me refiero a &#8220;integraci\u00f3n de los nuevos&#8221;, &#8220;dar ejemplo de entrega a los dem\u00e1s&#8221; &#8220;liderazgo&#8221;, etc, etc. \u00bfen este sentido que grandes capitanes has conocido?- Lobo.-<\/p>\n<p>Respuesta.- Primero, diferenciar\u00eda llevar el brazalete con ser realmente el capit\u00e1n. Como en casi todos los valores grupales, incluso humanos, son concesiones que el otro te hace a ti. T\u00fa no te puedes autoproclamar l\u00edder. Para eso no hace falta llevar la cinta. Yo he vivido con muchos jugadores que no la llevaban, porque la elecci\u00f3n del capit\u00e1n, en muchas ocasiones, viene determinada por aspectos muy distintos a los de tu pregunta. Me parece que, como bien dec\u00eda Jos\u00e9 Antonio Marina, para educar a un ni\u00f1o hace falta a toda la tribu, as\u00ed que &#8220;educar&#8221; a los nuevos no es cosa s\u00f3lo de los capitanes. Me resulta dif\u00edcil darte nombres porque me dejar\u00eda a algunos y no ser\u00e1 justo con todos.<\/p>\n<p>P.- Buenos d\u00edas,me gustar\u00eda que me diera su opini\u00f3n sobre el terrible lastre que le supone al F.C. Barcelona la posici\u00f3n tan retrasada que ocupa Valdes cuando el equipo lleva la iniciativa, as\u00ed como su limitado juego con los pies. Sobte todo en encuentros como el de ayer en los que el equipo necesita ampliar el espacio de juego. Gracias y un saludo de un seguidor del Real Oviedo.<\/p>\n<p>R.- Yo creo que la actitud de V\u00edctor no es la misma en cada partido. Lo que s\u00ed que creo es que est\u00e1 constru\u00edda en funci\u00f3n de sus capacidades y, sin ser malo con los pies, evidentemente sus virtudes, de otra \u00edndole, son mayores, y el hecho de ser tan r\u00e1pido le hace muchas veces quedar m\u00e1s en el fondo porque sabe que luego lo va a solucionar. Evidentemente, no siempre lo consigue. Lo que s\u00ed te digo es que poco a poco le veo muy concienciado en que, en el juego de posici\u00f3n, la iniciaci\u00f3n por parte del portero es muy importante, y ah\u00ed creo que ha mejorado mucho.<\/p>\n<p>P.- Buenos d\u00edas, Juanma. Siendo, como eres, el m\u00e1s l\u00facido analista de f\u00fatbol de nuestro pa\u00eds, y una persona culta que se expresa con extraordinaria propiedad y concisi\u00f3n y variado y extenso vocabulario \u00bfcu\u00e1ndo vas a publicar el libro definitivo sobre el f\u00fatbol? \u00bftienes ya alg\u00fan libro en la calle? Finalmente, crees que el Sevilla puede ganar la Copa de Europa<\/p>\n<p>R.- Muchas gracias, de antemano, ojal\u00e1 fuera la mitad de todo eso que dices que soy, y espero que ni yo ni nadie escriba un libro definitivo de nada. No tengo ning\u00fan libro escrito exclusivamente de f\u00fatbol, s\u00ed tengo participaci\u00f3n junto a Juan Mateo y Josemi Valle, en un libro que se titula Liderar en tiempos dif\u00edciles, he participado con un ensayo en un libro que se titula Culturas de f\u00fatbol y acabo de colaborar con una entrevista en el libro de Orfeo Su\u00e1rez titulado Hablamos de f\u00fatbol. Desde aqu\u00ed recuerdo que el dinero recaudado por este libro va destinado a Unicef. El resto, son todos participaciones en revistas t\u00e9cnicas, conferencias etc. En cuanto a lo del Sevilla, a partir del momento en que pasan la primera fase y con unas caracter\u00edsticas de jugadores tan vitales y en muchos momentos tan certeros, me parece que los partidos en las eliminatorias, si las cosas se ponen de cara, pueden llegar muy muy lejos. Que la van a ganar, no se sabe, pero que pueden, seguro.<\/p>\n<p>P.- Hola Juanma. Hay gente que dice aquello de &#8220;el f\u00fatbol es para los futbolistas&#8221;, en menci\u00f3n a que los ex jugadores lo tienen m\u00e1s &#8220;f\u00e1cil&#8221; para ser entrenadores. Y la verdad que viendo algunos casos uno tiende a pensar que es as\u00ed. Creo que tu eres un buen ejemplo de lo contrario. \u00bfQu\u00e9 opinas al respecto, hay opciones de llegar a la \u00e9lite para quienes no hayan sido jugadores? Muchas gracias.<\/p>\n<p>R.- Muchos, cuando hemos acu\u00f1ado esa frase, no lo hemos hecho m\u00e1s que para transmitir que a Dios gracias este juego es de los que no juegan. M\u00e1s all\u00e1 de nuestros egos y nuestras vanidades por los que queremos que el f\u00fatbol se parezca a lo que cada uno de los entrenadores somos. Desde la perspectiva que t\u00fa afirmas, no soy yo el m\u00e1s indicado para afirmarlo, dado que tuve la suerte de llegar a Primera con 29 a\u00f1os pero tuve propuestas para ello desde que ten\u00eda Es decir, en aquella \u00e9poca, conmigo no se tuvo en cuenta ese valor y se atendieron a otros valores. Tambi\u00e9n pudiera ser que ahora estamos en otro momento y se atiende de forma distinta, pero no lo tengo claro.<\/p>\n<p>P.- Buenos dias Juanma, el cl\u00e1sico lo absorbe todo, me gustar\u00eda conocer su opini\u00f3n sobre el planteamiento t\u00e1ctico de Pellegrini en el partido de ayer, \u00bfQu\u00e9 le pareci\u00f3?. Por otro lado desear que vuelva pronto a los banquillos porque creo que la Liga le necesita. Gracias y un saludo. Carlos Y.<\/p>\n<p>R.- Muchas gracias por tus deseos. No es f\u00e1cil determinar cu\u00e1les son los objetivos de un t\u00e9cnico. Lo que s\u00ed se puede afirmar es que Pellegrini siempre ha pensado m\u00e1s en la porter\u00eda adversaria que en la propia, y ayer tambi\u00e9n. Con respecto a matices t\u00e1cticos, ser\u00eda muy largo. El conocimiento real de sus intenciones s\u00f3lo la conoce \u00e9l y sus jugadores.<\/p>\n<p>P.- \u00a1Hola Juanma! Gracias de antemano por responder. Me gustaria preguntarte cuales son tus tres descubrimientos m\u00e1s valiosos como t\u00e9cnico a nivel t\u00e1ctico en los \u00faltimos tres a\u00f1os, tras ver partidos y analizar el futbol a nivel internacional, no hace falta que entres en demasiados detalles sino que los enumeres por importancia y por el detalle del valor que has encontrado en su aplicaci\u00f3n.<\/p>\n<p>R.- Me resulta muy dif\u00edcil reducir las cosas, cada vez m\u00e1s. Es como cuando te preguntan tres libros, tres pel\u00edculas&#8230; e smuy dif\u00edcil, sobre todo cuando tienes una conciencia sist\u00e9mica, donde todo tiene que ver con todo. Lo que s\u00ed te voy a afirmar que, para el momento con bal\u00f3n, haber ido descubriendo las posibilidades que tiene el juego de posici\u00f3n, me ha ayudado mucho para girar el caleidoscopio a la hora de observar el juego, sin que por ello desde\u00f1e algo en lo que yo he hecho mucha incidencia siempre, que es la reorganizaci\u00f3n espacial y temporal de unos en funci\u00f3n de otros. Es m\u00e1s, eso, junto y bien entendido, permite m\u00e1s posibilidades para observar el juego. Tambi\u00e9n es bueno ser consciente de que uno no es la misma persona siempre: un yo son muchos yos, y en el camino vas encontr\u00e1ndote con cosas en funci\u00f3n de c\u00f3mo est\u00e9s en ese momento. Por lo tanto, me es imposible ser esquem\u00e1tico en la contestaci\u00f3n.<\/p>\n<p>P.- Egun on, Lillo. \u00bfpor que se otorga tanto margen de mejora al MAdrid y tan poco al Barcelona?. Esto hace que el Madrid saliera contento ayer del partido y a los barcelonistas se nos quedara un poco cara de tonto al ver los analisis del partido, y ello a pesar de haber ganado. \u00bfNo crees que el Barcelona tambien puede mejorar mucho respecto a ayer?.- Perico.-<\/p>\n<p>R.- Kaixo egun on. Los an\u00e1lisis externos son realizados por condicionamientos de los cuales mejor ni hablar. Partiendo de que subyacen una cantidad de intereses que por muchos que conozcan, son m\u00e1s los que se nos escapan, esto te deber\u00eda tranquilizar para que el juicio que tenga valor, si has visto partido, sea el tuyo. Por lo tanto, que se te quite la cara de tonto porque ayer me parece que se rubrica lo que el Barcelona y que evidentemente mejora a diario sin necesidad de que alguien nos lo cuente, y que el Real Madrid, posiblemente ha encontrado cosas en ese partido que le sirven para lo mismo. Lo que ocurre es que colectivamente el Bar\u00e7a est\u00e1 rozando la excelencia constantemente y aqu\u00ed somos as\u00ed, parece que estamos esperando que eso se produzca d\u00eda s\u00ed d\u00eda tambi\u00e9n, y no s\u00e9 qui\u00e9n fue el que dijo que no se puede ser sublime sin interrupci\u00f3n. El Bar\u00e7a se aferr\u00f3 a su situaci\u00f3n de inferioridad num\u00e9rica para decir que han crecido en otra direcci\u00f3n, igual menos visible pero que les ayuda a estar muy contentos consigo mismo.<\/p>\n<p>P.- Hola Juanma ves mejoria en el Atletico de Madrid o son desmeritos del rival.<\/p>\n<p>R.- No he seguido al Atl\u00e9tico de Madrid con la atenci\u00f3n suficiente para determinar si ha mejorado o ha empeorado. S\u00ed puedo decir que son futbolistas de un nivel que, a nada que se le den las cosas medianamente bien, con su respuesta an\u00edmica es factible que mejoren.<\/p>\n<p>P.- Hola Juanma, te parece parece Marcelo jugador para el Madrid?gracias.Un saludo.<\/p>\n<p>R.- No es f\u00e1cil determinar de forma cerrada, t\u00e1xativa, si alguien es jugador para el Marid o no. Lo que s\u00ed te digo es que habr\u00eda que atender con qu\u00e9 entorno se tiene que relacionar Marcelo, y si sus caracter\u00edsiticas son compatibles con ese entorno, m\u00e1s all\u00e1 de analizarlo como si le estuvieran hacerlo una autopsia al futbolista. Quiz\u00e1 no tenga tras de s\u00ed una gran trayectoria pero s\u00ed me da que tiene unos valores que, como los consiga aceptar, no le debe extra\u00f1ar a nadie que juegue en un buen equipo.<\/p>\n<p>P.- Hola Juanma. Quiero saber tu opini\u00f3n sobre dos jugadores que por sus condiciones podr\u00edan haber sido de los mejores jugadores espa\u00f1oles de las \u00faltimas d\u00e9cadas, y a los que las lesiones y la falata de continuidad no les ha dejado llegar a ello. Son Vicente del Valencia y De la Pe\u00f1a, del Espanyol.<\/p>\n<p>R.- Ambos me gustan mucho y De la Pe\u00f1a representa ese futbolista donde el todo (el equipo) llega a estar en la parte (el futbolista). Yo siempre he sido muy admirador de todos los jugadores que ayudan a mejorar los contextos y que hacen mejores a los dem\u00e1s, e Iv\u00e1n me parece la fiel representaci\u00f3n de esto. Adem\u00e1s, s\u00e9 que vive por y para el f\u00fatbol. Y Vicente, como casi todos los jugadores que juegan por fuera, busca m\u00e1s las asociaciones para el centro, para el \u00faltimo pase, para el regate, con el que conseguir tiempo para habilitar a un compa\u00f1ero. Pero dentro de estos, me ha parecido siempre un jugador cuyo potencial estaba a la altura de los m\u00e1s grandes que juegan en esos espacios. Y como a\u00f1adido, a ambos les acompa\u00f1a que tienen muy buen pie.<\/p>\n<p>P.- Vi\u00e9ndolo desde fuera, \u00bfno te parece que el Arsenal necesita de forma evidente un &#8220;9\u00b4 que culmine su buen f\u00fatbol? Con la dupla Bergkamp-Henry eran muy contundentes, con Van Persie-Adebayor, contundentes a veces, y ahora, con el 1\u00ba lesionado y sin el 2\u00ba a m\u00ed me parece una necesidad clara el tener un gran rematador, que el buen juego del Arsenal no termine por parecer &#8220;jugar lindo\u00b4.<\/p>\n<p>R.- Estoy muy de acuerdo conceptualmente, porque no se debe confundir pas\u00e1rtela para jugar con jugar a pas\u00e1rtela y creo que no hay cosa que debilite m\u00e1s a un equipo que ser ofensivo inofensivo. Por lo tanto, ser eficar en la ejecuci\u00f3n \u00faltima es determinante para que el equipo siga jugando con el atrevimiento, con el descaro y sin el temor que juega el Arsenal. Es m\u00e1s, los equipos que terminan por no hacer gol se empiezan a debilitar en eso que hac\u00edan bien para conseguirlo, y al final se agarran un constipado o una neuman\u00eda con s\u00f3lo abrir una ventana.<\/p>\n","protected":false},"excerpt":{"rendered":"<p>El entrenador vasco analizar\u00e1 lo ocurrido durante cada jornada de Liga a partir de las preguntas de los lectores. Sin rehuir ning\u00fan tema y siempre desde su particular visi\u00f3n futbol\u00edstica, Juanma Lillo dar\u00e1 la vuelta a lo sucedido a lo mejor y peor del f\u00fatbol nacional e internacional.<br \/>\n\u00danase al grupo de los encuentros<br \/>\nde elmundo.es en Facebook<\/p>\n","protected":false},"author":1,"featured_media":0,"comment_status":"open","ping_status":"open","sticky":false,"template":"","format":"standard","meta":{"footnotes":""},"categories":[],"tags":[],"class_list":["post-3789","post","type-post","status-publish","format-standard","hentry"],"_links":{"self":[{"href":"https:\/\/intervius.com\/index.html\/wp-json\/wp\/v2\/posts\/3789","targetHints":{"allow":["GET"]}}],"collection":[{"href":"https:\/\/intervius.com\/index.html\/wp-json\/wp\/v2\/posts"}],"about":[{"href":"https:\/\/intervius.com\/index.html\/wp-json\/wp\/v2\/types\/post"}],"author":[{"embeddable":true,"href":"https:\/\/intervius.com\/index.html\/wp-json\/wp\/v2\/users\/1"}],"replies":[{"embeddable":true,"href":"https:\/\/intervius.com\/index.html\/wp-json\/wp\/v2\/comments?post=3789"}],"version-history":[{"count":0,"href":"https:\/\/intervius.com\/index.html\/wp-json\/wp\/v2\/posts\/3789\/revisions"}],"wp:attachment":[{"href":"https:\/\/intervius.com\/index.html\/wp-json\/wp\/v2\/media?parent=3789"}],"wp:term":[{"taxonomy":"category","embeddable":true,"href":"https:\/\/intervius.com\/index.html\/wp-json\/wp\/v2\/categories?post=3789"},{"taxonomy":"post_tag","embeddable":true,"href":"https:\/\/intervius.com\/index.html\/wp-json\/wp\/v2\/tags?post=3789"}],"curies":[{"name":"wp","href":"https:\/\/api.w.org\/{rel}","templated":true}]}}