{"id":3780,"date":"2009-12-07T00:00:00","date_gmt":"2006-11-06T00:00:00","guid":{"rendered":"https:\/\/intervius.com\/index.html\/?p=3780"},"modified":"2006-11-06T00:00:00","modified_gmt":"2006-11-06T00:00:00","slug":"Juanma_Lillo3780","status":"publish","type":"post","link":"https:\/\/intervius.com\/index.html\/Juanma_Lillo3780\/","title":{"rendered":"Juanma Lillo"},"content":{"rendered":"<p>Pregunta.- Buen d\u00eda, Juanma. Gracias por estas charlas, a los que sufrimos la crisis el futbol es de lo poco que nos proporciona muy buenos ratos. Mi pregunta: \u00bfcree usted superior a Busquets que a Tour\u00e9 Yaya, o al menos m\u00e1s aprovechable en este Barcelona?. \u00bfComo se gestiona el descontento de un jugador?<\/p>\n<p>Respuesta.- Muchas gracias por tu reflexi\u00f3n. Ya sabr\u00e1s si me sigues que no me gusta establecer par\u00e1metros que sirvan para todos igual e inclusive, para cada uno en momentos distintos. Busquets, con respecto a Tour\u00e9, tiene unas capacitaciones distintas, unas cualidades, unas caracter\u00edsticas de las cuales se deduce que eso genera unas complementariedades que son posiblemente a las que atiende el t\u00e9cnico cuando tiene que decidirse por uno u otro jugador. No son las caracter\u00edsticas propias sino las caracter\u00edsticas en interacci\u00f3n con los global. Y entender\u00e1 que en estos momentos, y con los compa\u00f1eros que tiene al lado, las posibilidades de Busquets ayudan m\u00e1s, pero cambiados los momentos y con ello las personas, esto puede dar vuelta inmeditamente, de hecho ya fue as\u00ed. Y con el descontento tampoco se puede establecer una regla que unifique y que sirva de patr\u00f3n. Habr\u00eda que estar dentro y convivir con cada persona para ver si puedes hacer algo con su insatisfacci\u00f3n, pero me parece que, como en todo, puede hacer mucho m\u00e1s el insatisfecho que el que toma las decisiones.<\/p>\n<p>P.- Que tal, Juanma: \u00bfque le ha parecido el grupo de Espa\u00f1a en el Mundial?. M\u00e1s que favoritos me gustar\u00eda que dijera que selecciones ve como posibles sorpresas y porque. Saludos.- Pope<\/p>\n<p>R.- Me pides dos cosas de las que soy bastante enemigo, pero por lo imposible del hecho de saber aconteceres futuros. Si me hablas de qu\u00e9 puedo intuir, y sabiendo que es s\u00f3lo eso, intuici\u00f3n, que muchos dicen que es un atajo para no hacer uso de la raz\u00f3n, te dir\u00eda que es l\u00f3gico que (dentro de la il\u00f3gica del f\u00fatbol) pensar que una selecci\u00f3n que es campeonma de Europa y que todos los partidos consigue tener regularidad en un comportamiento excelso, sea favorita para estar entre las mejores. Otra cosa es ganar o no ganar, donde la m\u00e1s nimia intervenci\u00f3n del azar puede modificar cualquier efecto. Admitiendo esto, no veo una selecci\u00f3n que mi intuici\u00f3n me diga que vaya a ser revelaci\u00f3n, aparte, si ya que es revelaci\u00f3n ahora, despu\u00e9s ya no lo ser\u00eda.<\/p>\n<p>P.- hola, su nombre ya sono con la candidatura de basat hace a\u00f1os para el banquillo azulgrana, \u00bfse ve dirigiendo al barcelona, con pep guardiola de director deportivo o un cargo similar en el futuro?<\/p>\n<p>R.- Igual que en la anterior, me es imposible hacer ciencia del futuro. Lo que s\u00ed que es verdad es el acontecer que t\u00fa citas y la hermandad de ideas, al margen de otras hermandades que no deber\u00edan importar tanto para una decisi\u00f3n as\u00ed, y nunca se sabe. Pudo haber sido y podr\u00eda volver a ser, \u00bfpor qu\u00e9 no?<\/p>\n<p>P.- \u00bfCrees que el Real Madrid est\u00e1 manejando bien la decadencia de Ra\u00fal? \u00bfNo puede ser una bomba de relojer\u00eda en el vestuario? \u00bfQu\u00e9 similitudes ves entre su relevo y el que en su d\u00eda tuvo Butrague\u00f1o?<\/p>\n<p>R.- Utilizar la palabra decadencia es muy fuerte. Que con el paso del tiempo, l\u00f3gicamente vayan mermando determinadas capacidades es posible, pero yo no veo esto muy manifiesto en Ra\u00fal, pero estoy fuera y lejos. O sea, que no me tomes muy en serio. No tengo elementos de juicio como para dictaminar si se est\u00e1 llevando bien o mal, porque el que lo lleva bien o mal es el protagonista. Con respecto a lo de Butrague\u00f1o, como agravio comparativo a lo de Ra\u00fal, me parece que, curiosamente, ahora falta un Ra\u00fal que venga por detras. En ese momento, el tramo final de Emilio coincid\u00eda con la emergencia sublime de Ra\u00fal, y ahora, ese caso no lo veo.<\/p>\n<p>P.- La Real vuelve a liderar la Segunda Divisi\u00f3n espa\u00f1ola. \u00bfQu\u00e9 diferencia hay entre este equipo y el que t\u00fa dirigiste? \u00bfTiene opciones serias de subir a Primera? \u00bfA qu\u00e9 equipos ves mejor formados en Segunda?<\/p>\n<p>R.- Esto es muy largo, y al estar uno por medio puede caer en pensar m\u00e1s en uno que la globalidad de la pregunta. Tampoco he podido ver tanto como para establecer comparaciones, pero con que no sufran los arbitrajes sufridos por nosotros y no se les lesionen tantos jugadores y durante \u00e9pocas tan largas, adem\u00e1s, ninguno muscular, sino por traumatismo, y la suerte no se nos vuelva esquiva, ya entrar en otras reflexiones s\u00f3lo las pueden hacer los que viven dentro, que estaban el a\u00f1o anterior y este, o la gente que ve al equipo. Eso s\u00ed, ojal\u00e1 acabemos donde estamos ahora. Este a\u00f1o, la Segunda est\u00e1 m\u00e1s abierta que en a\u00f1os anteriores. Al margen que los tres primeros, est\u00e1n Betis, Rayo y Recre, y alguno de los que est\u00e1n arriba que confirme su f\u00fatbol con el estado de \u00e1nimo que dan los resultados -Numancia, Elche, N\u00e0stic&#8230;- tambi\u00e9n podr\u00eda entrar.<\/p>\n<p>P.- \u00bfCu\u00e1l es tu opini\u00f3n de la Liga brasile\u00f1a en general y en particular del nuevo campe\u00f3n, el Flamengo? Como futbol ficci\u00edn, \u00bfqu\u00e9 puesto crees que ocupar\u00eda el campe\u00f3n brasile\u00f1o en la Liga espa\u00f1ola? Gracias.<\/p>\n<p>R.- No soy un gran seguidor de la Liga brasile\u00f1a. S\u00ed que me parece que al ser una liga donde hay un \u00e9xodo masivo de jugadores importantes a otros pa\u00edses, no es f\u00e1cil que de esa supuesta ficci\u00f3n de la que hablas ocupara un puesto relevante en la Liga espa\u00f1ola. Lo que s\u00ed te dir\u00eda es que cada vez que ves un partido brasile\u00f1o, se parece m\u00e1s a la forma de jugar de los \u00faltimos tiempos. Es decir, m\u00e1s f\u00edsica, con menos criterios asociativos y con m\u00e1s acciones de cada jugador por separado que de relaciones. De hecho, llevan tiempo sin poder exportar medios centros y medias puntas con buenos criterios colectivos al estilo S\u00f3crates, Falcao, Zico etc.<\/p>\n<p>P.- No todo son broncas en el f\u00fatbol. Hemos visto este fin de semana un enorme detalle de fair play en la Serie B italiana. \u00bfC\u00f3mo valoras el gesto de los jugadores del Ascoli dej\u00e1ndose encajar un gol? \u00bfCrees que deber\u00eda ser una norma establecida antes goles legales, pero \u00e9ticamente reprobables?<\/p>\n<p>R.- Uno aboga por esas conductas como lugar de crecimiento social y no de crecimiento exclusivo para el f\u00fatbol. Estos comportameintos nos convierte en m\u00e1s humanos y nos dan posibilidades de construir ambientes amables donde sea m\u00e1s agradable la convivencia. Estos hechos siempre ser\u00e1n bienvenidos. De todas formas, enseguida surgir\u00e1n los listillos para decir que eso no es de listos. Esta sociedad confunde ser listo con ser un listillo.<\/p>\n<p>P.- Soy Carlos, desde Oca\u00f1a. \u00bfCrees que es posible que el Real Madrid caiga eliminado en primera ronda de la Champions? \u00bfQu\u00e9 debe temer del Olympique? Muchas gracias por tu respuesta.<\/p>\n<p>R.- Como posibilidad, est\u00e1 claro que puede acontecer, pero le veo pocas probabilidades, sobre todo porque a este Real Madrid es muy dif\u00edcil que le hagan tres goles sin que \u00e9l te haga ninguno, pero&#8230; Realmente, en este tipo de partidos, lo que uno realmente puede temer es que acierten muy pronto.<\/p>\n<p>P.- Saludos desde Villanueva del Pardillo. Veo en un v\u00eddeo de elmundo.es la irrupci\u00f3n del rancingista Sergio Canales como figura con mucho futuro. \u00bfQu\u00e9 opinas de este jugador? Sigue as\u00ed, campe\u00f3n.<\/p>\n<p>R.- Este chico me gust\u00f3 mucho con el Racing B, y creo que de respetar los tiempos con \u00e9l, los formativos para el juego pero, sobre todo, los educativos para con todo lo externo al juego, estamos ante la irrupci\u00f3n de un futbolista para equipo grande. De todas formas, s\u00f3lo es cuesti\u00f3n de esperar pero, como bien dice la palabra, esperar es sin prisa, sin acosar y sin necesidad de construir iconos para huir de nuestras frustraciones. Dej\u00e9moslo ser y lo m\u00e1s seguro es que ser\u00e1.<\/p>\n","protected":false},"excerpt":{"rendered":"<p>El entrenador vasco analizar\u00e1 lo ocurrido durante cada jornada de Liga a partir de las preguntas de los lectores. Sin rehuir ning\u00fan tema y siempre desde su particular visi\u00f3n futbol\u00edstica, Juanma Lillo dar\u00e1 la vuelta a lo sucedido a lo mejor y peor del f\u00fatbol nacional e internacional.<br \/>\n\u00danase al grupo de los encuentros<br \/>\nde elmundo.es en Facebook<\/p>\n","protected":false},"author":1,"featured_media":0,"comment_status":"open","ping_status":"open","sticky":false,"template":"","format":"standard","meta":{"footnotes":""},"categories":[],"tags":[],"class_list":["post-3780","post","type-post","status-publish","format-standard","hentry"],"_links":{"self":[{"href":"https:\/\/intervius.com\/index.html\/wp-json\/wp\/v2\/posts\/3780","targetHints":{"allow":["GET"]}}],"collection":[{"href":"https:\/\/intervius.com\/index.html\/wp-json\/wp\/v2\/posts"}],"about":[{"href":"https:\/\/intervius.com\/index.html\/wp-json\/wp\/v2\/types\/post"}],"author":[{"embeddable":true,"href":"https:\/\/intervius.com\/index.html\/wp-json\/wp\/v2\/users\/1"}],"replies":[{"embeddable":true,"href":"https:\/\/intervius.com\/index.html\/wp-json\/wp\/v2\/comments?post=3780"}],"version-history":[{"count":0,"href":"https:\/\/intervius.com\/index.html\/wp-json\/wp\/v2\/posts\/3780\/revisions"}],"wp:attachment":[{"href":"https:\/\/intervius.com\/index.html\/wp-json\/wp\/v2\/media?parent=3780"}],"wp:term":[{"taxonomy":"category","embeddable":true,"href":"https:\/\/intervius.com\/index.html\/wp-json\/wp\/v2\/categories?post=3780"},{"taxonomy":"post_tag","embeddable":true,"href":"https:\/\/intervius.com\/index.html\/wp-json\/wp\/v2\/tags?post=3780"}],"curies":[{"name":"wp","href":"https:\/\/api.w.org\/{rel}","templated":true}]}}