{"id":3762,"date":"2009-12-21T00:00:00","date_gmt":"2006-11-06T00:00:00","guid":{"rendered":"https:\/\/intervius.com\/index.html\/?p=3762"},"modified":"2006-11-06T00:00:00","modified_gmt":"2006-11-06T00:00:00","slug":"Fernando_Hierro3762","status":"publish","type":"post","link":"https:\/\/intervius.com\/index.html\/Fernando_Hierro3762\/","title":{"rendered":"Fernando Hierro"},"content":{"rendered":"<p>Pregunta.- Hola! Mi pregunta, cree que el futbolista Sergio Ramos puede dar aun m\u00e1s de si? Mucha gente decia al principio que era el nuevo Hierro, pero ultimamente, las lesiones, etc..no le han permitido estar en su plenitud, y muchos lo califican de error al ficharlo. En mi opinion es de los mejores futbolistas de Espa\u00f1a. Un saludo, y mi gran admiraci\u00f3n por usted<\/p>\n<p>Respuesta.- Creo que Sergio Ramos es un jugadir extraordinario. Sinceramente, se adapt\u00f3 muy r\u00e1pido a un club como el Real Madrid y s\u00f3lo hay que ver la clase que tiene. Tiene unas opciones enormes de ser un futbolista muy importante.<\/p>\n<p>P.- Querido Fernando, muchos tecnicos que tuviste apreciaban tu rigor t\u00e1ctico en la cancha y tu sentido de liderazgo con tus compa\u00f1eros, a los que en m\u00e1s de una ocasi\u00f3n tuviste que poner en su sitio. \u00bfHas pensado en saltar la barrera y trabajar como entrenador? En caso afirmativo \u00bfqu\u00e9 equipo te tira m\u00e1s? \u00bfValladolid o M\u00e1laga?<\/p>\n<p>R.- Por ahora no. Tom\u00e9 una decisi\u00f3n y acept\u00e9 el cargo que ocupo en la Federaci\u00f3n. Hoy en d\u00eda estoy trabajando en algo apasionante y bonito y que me da mucha riqueza por tocar tantas parcelas. Ni me planteo la posibilidad de entrenar ni al M\u00e1laga ni al Valladolid, aunque son dos equipos a los que tengo much\u00edsimo cari\u00f1o.<\/p>\n<p>P.- Hola! Antes que nada, felicidades por su gran trayectoria futbolistica. Mi pregunta&#8230;cree que Jesus Navas puede despuntar pr\u00f3ximamente en la Selecci\u00f3n, o por el contrario, que sus problemas aun no han cesado? En el caso de la primera respuesta, cree que est\u00e1 fisica y psicol\u00f3gicamente preparado para afrontar un Mundial? Saludos!<\/p>\n<p>R.- Jes\u00fas ha dado un paso adelante muy importante, y debemos quedarnos con eso. Hace poco tiemnpo la puerta de la Selecci\u00f3n estaba cerrada y ahora est\u00e1 abierta. El paso de madurez le sirve de cara al futuro. Nosotros no tenemos ninguna duda de que su \u00fanica estancia con nosotros ha sido muy positiva y no tenemos dudas de que va a seguir siendo un jugador muy importante en la selecci\u00f3n.<\/p>\n<p>P.- Buenas Fernando, quer\u00eda preguntar sobre su experiencia en el extranjero y Ra\u00fal. \u00bfNo cree que ser\u00eda constructivo para el 7 madridista que se fuese a jugar a Inglaterra un par de a\u00f1os? El podr\u00eda tener sitio perfectamente en un Blackburn o un Aston Villa y, por otra parte, ampliar sus horizontes. Gracias<\/p>\n<p>R.- Mi experiencia en dos los a\u00f1os que estuve fuera fue muy enriquecedora, en todos los aspectos, deportivo, familiar etc. A partir de ah\u00ed, Ra\u00fa, yo tengo claro que es el mejor jugador de la historia del f\u00fatbol espa\u00f1ol. S\u00ed creo que lo importante es el respeto absoluto que tiene por el Real Madrid y el respeto que la afici\u00f3n le tiene a \u00e9l. Conoci\u00e9ndole, yo no le dar\u00eda por muerto.<\/p>\n<p>P.- \u00bfQu\u00e9 jugadores han sido los m\u00e1s complicados de defender? \u00bfY cuales le han impresionado en los entrenamientos?<\/p>\n<p>R.- Bueno, todos en definitiva. Unos por su calidad, otros porque hayan estado inspirados. Cualquier jugador en Primera o en Champions te pone en problemas, pero si tuviera que decir uno ser\u00eda Ronaldo. Tuve la gran suerte de entrenar junto a Ra\u00fal, Figo, Ronaldo, Roberto Carlos, y en la Selecci\u00f3n con Guardiola, por ejemplo. En 18 a\u00f1os de profesional uno entrena con grand\u00edsimos jugadores.<\/p>\n<p>P.- Estimado Fernando, Te saluda un paisano de V\u00e9lez M\u00e1laga, que opinas de los encuentros de selecciones regionales??, como el encuentro de la seleccion catalana contra Argentina, Un abrazo<\/p>\n<p>R.- Yo jugu\u00e9 cuatro veces con Andaluc\u00eda, as\u00ed que no puedo hacer una cr\u00edtica negativa. Si hubiera habido una selecci\u00f3n de M\u00e1laga habr\u00eda jugado sin duda, o con una de mi pueblo. Yo creo que eso es un motivo de satisfacci\u00f3n personal y no hay que buscarle otra historia.<\/p>\n<p>P.- Que tal, Fernando: Veo a los jugadores del Barsa pel\u00edn fundidos f\u00edsicamente, no s\u00e9 como llegar\u00e1n al final de temporada y por tanto al Mundial \u00bfHabr\u00e1 un plan f\u00edsico espec\u00edfico en la selecci\u00f3n para preparar el Mundial con estos jugadores de equipos grandes que probablemente lleguen muy sobrecargados? \u00bfConsideras este tema un problema importante para la selecci\u00f3n espa\u00f1ola a diferencia de otros paises con competiciones menos exigentes?.- Manu.<\/p>\n<p>R.- Eso es lo l\u00f3gico, cuando vienen los jugadores sabemos los minutos y partidos que traen. Habr\u00e1 un trabajo espec\u00edfico de recuperaci\u00f3n para los m\u00e1s castigados. Se preparar\u00e1 un trabajo regenerativo preparado por nuestro preparador f\u00edsico, Javier Mi\u00f1ano, que es un fen\u00f3meno en ese aspecto. Lo importante es entender que a un Mundial hay que llegar lo mejor posible. Nosotros valoramos todo, tambi\u00e9n las lesiones que sufren los nuestros. El calendario es muy duro, claro, pero lo realmente importante es llegar con mucha motivaci\u00f3n e ilusi\u00f3n por ganar el Mundial.<\/p>\n<p>P.- Hola Fernando, solo preguntarte una cosa. Para un chaval de 16 a\u00f1os como el mio, que juega en la preferente juvenil de Madrid, \u00bf consideras a su edad que ha de tener representante.?, o por el contrario, \u00bf seguir sin \u00e9l hasta ver c\u00f3mo evoluciona.?. De momento tiene muy buena pinta. Muchas gracias y saludos.<\/p>\n<p>R.- Esa es una decisi\u00f3n dif\u00edcil. Yo creo que hay buenos representantes. Mi opini\u00f3n es que a esa edad lo importante es que el chico disfrute y que para esos temas est\u00e1 su padre y su entorno familiar. Ya habr\u00e1 tiempo tambi\u00e9n para pensar en otras cosas.<\/p>\n<p>P.- Buenos d\u00edas Fernando, \u00bfCrees que la selecci\u00f3n puede verse afectada por la &#8220;excesiva&#8221; presi\u00f3n medi\u00e1tica de cara a ser favorita para el mundial?<\/p>\n<p>R.- Este es un tema que nuestros jugadores est\u00e1n lo suficientemente maduros para manejarlo. La ilusi\u00f3n est\u00e1 ah\u00ed pero debemos ir a Sud\u00e1frica con mucha humildad, respeto y ambici\u00f3n. Posiblemente, de aqu\u00ed a que termine la Liga se serenar\u00e1n los \u00e1nimos en torno a la Selecci\u00f3n pero despu\u00e9s la euforia se va a desatar. Nosotros debemos saber mantener la tranquilidad en ese momento.<\/p>\n<p>P.- De cara al futuro, \u00bftenemos en las selecciones inferiores potencial para la continuci\u00f3n de los \u00e9xitos del presente?. Muchas gracias<\/p>\n<p>R.- Esa es una buena pregunta. Hay que recordar que la media de edad de la absoluta est\u00e1 en 24-25 a\u00f1os. Evidentemente, en las categor\u00edas inferiores tenemos jugadores de much\u00edsimo nivel. Ser campeones de Europa ha puesto el list\u00f3n alt\u00edsimo de la Absoluta pero entro todos tambi\u00e9n nos hemos dado cuenta de que \u00e9ste es el camino a seguir.<\/p>\n<p>P.- Feliz Navidad, Fernando: \u00bfte reconoces de alguna manera en Piqu\u00e9?. Lo digo porque se os compara much\u00edsimo. \u00bfCrees que es el mejor central de la selecci\u00f3n desde que te fuiste?.- Orlando<\/p>\n<p>R.- Piqu\u00e9, Albiol, Sergio Ramos&#8230; tenemos un gran futuro en el centro de la defensa. Son j\u00f3venes y muy muy buenos. No me gustan las comparaciones pero est\u00e1 claro que Piqu\u00e9 ha dado un salto enorme. Por su estatura, por su forma de salir con el bal\u00f3n, puede que se parezca a m\u00ed, pero creo que tiene un techo muy alto. Ya lo es, pero va a ser un jugador a\u00fan espectacular.<\/p>\n<p>P.- \u00bfEn qu\u00e9 puesto, del ranking FIFA, crees que estar\u00eda la seleci\u00f3n espa\u00f1ola si no existiera las canteras de Lezama, El Tajonar y La Masia ?<\/p>\n<p>R.- Son tres de las canteras m\u00e1s importantes de nuestro f\u00fatbol. Lo importante es que nuestros clubes sigan apostando por la gente joven, que se ha formado en las categor\u00edas inferiores. Eso es lo que la Selecci\u00f3n necesita. Yo soy un apasionado de la gente joven y sigo con mucha atenci\u00f3n a los chavales que est\u00e1n a punto de dar el salto.<\/p>\n<p>P.- Se\u00f1or Hierro, soy seguidor suyo desde que era peque\u00f1o, junto a Puyol mis dos defensas favoritos, la pregunta es la siguiente: \u00bfNo siente alg\u00fan tipo de &#8220;envidia sana&#8221; por supuesto, de no poder ser part\u00edcipe activo en esta gran selecci\u00f3n, y haber tenido que serlo cuando la Roja, muy a nuestro pesar, no pasaba de cuartos?<\/p>\n<p>R.- La verdad es que siento satisfacci\u00f3n de que por fin se ha conseguido un gran t\u00edtulo. En mis tiempos tambi\u00e9n hubo grandes equipos y estuvimos cerca de conseguir cosas importantes.<\/p>\n<p>P.- Hola Fernando primero mi henorabuena por tu extraordinaria carrera mi pregunta tu piensas que Karin Bencema sera un grande un abrazo<\/p>\n<p>R.- Yo creo que el Real Madrid tiene a dos delanteros j\u00f3venes -Benzema e Higua\u00edn- con un presente y un futuro tremendo. Llevan varios a\u00f1os jugando al m\u00e1s alto nivel y van a seguir siendo muy importantes es su club. Son y ser\u00e1n grandes.<\/p>\n<p>P.- Que tal Fernando, mi pregunta es si crees que hay una gran diferencia entre el f\u00fatbol europeo y las ligas argentinas y brasile\u00f1as, debido a que \u00faltimamente se ha demostrado un gran nivel por parte de estos \u00faltimos cada vez que enfrentan equipos europeos. Muchas gracias!!<\/p>\n<p>R.- Pienso que hoy en d\u00eda en el aspecto internacional las diferencias son cada vez m\u00e1s cortas. Los equipos argentinos y brasile\u00f1os saben competir muy bien desde siempre. El hecho de sacar siempre jugadores j\u00f3venes y talentosos les dan siempre un plus. Es normal que esos equipos pongan en problemas a los europeos y que a veces les ganen.<\/p>\n<p>P.- Cual es la\/s funcion\/es de un director deportivo en la seleccion nacional?<\/p>\n<p>R.- Primero hay que decir que es un cargo de nueva creaci\u00f3n. A partir de ah\u00ed, mi m\u00e1xima responsabilidad es marcar la l\u00ednea deportiva de la Federaci\u00f3n y la elecci\u00f3n de los seleccionadores. Esto es lo m\u00e1s representativo de mi cargo.<\/p>\n<p>P.- Hola Fernando. \u00bfCrees que Pep Guardiola puede alg\u00fan dirigir a la Roja? Gr\u00e1cias.<\/p>\n<p>R.- Me alegro much\u00edsimo que las cosas le hayan salido a Pep como le han salido. El hecho de que alguien tan joven llegue a la \u00e9lite y haya tenido este \u00e9xito es important\u00edsimo. Los resultados deportivos son irrepetibles, pero adem\u00e1s el d\u00eda a d\u00eda y la humildad que transmite son muy destacables. Para mi lo que est\u00e1 haciendo es de enmarcar. Pep tiene por delante mucho tiempo para trabajar en clubes.<\/p>\n<p>P.- Hola Fernando, soy Eric. \u00bfHa mejorado el juego del Real Madrid? \u00bfQue diferencia hay entre el juego del Real Madrid y el Barcelona? Un Saludo<\/p>\n<p>R.- No se puede comparar. Cada equipo tiene unos jugadores y una cultura diferente. Del Barcelona por se puede decir m\u00e1s que alabarle. Al Real Madrid se le ve mucho mejor en las \u00faltimas semanas, m\u00e1s consolidado, y lleva una l\u00ednea ascendente muy importante.<\/p>\n<p>P.- Para el f\u00fatbol espa\u00f1ol y para la Selecci\u00f3n, \u00bfconsideras positivo que el modelo del Bar\u00e7a, que tiene su base en una gran cantera de jugadores nacionales, triunfe sobre otros modelos o equipos donde predominan jugadores for\u00e1neos?. Javi.<\/p>\n<p>R.- Esta es una buena pregunta. Lo importante es creer en ello. Las canteras pasan por malos y buenos momentos. Salen generaciones extraordinarios o no&#8230; En la cantera hay que creer y cuando haya un problema saber que tienes un filial donde mirar, pero creo que tambi\u00e9n son cuestiones generacionales y depende de c\u00f3mo est\u00e9 el primer equipo. El Barcelona ha sabido trabajar su cantera y as\u00ed le est\u00e1 yendo<\/p>\n<p>P.- Hola Fernando. Qui\u00e9n consideras que es el mejor central del mundo??<\/p>\n<p>R.- En Espa\u00f1a tenemos muy buenos. Tanto Piqu\u00e9, Albiol, Ramos o Puyol. Carles est\u00e1 a un nivel extraordinario y le pongo a la cabeza de nuestra terna. Fuera de Espa\u00f1a, me encantan Pepe, Terry, Vidic y Ferdinand.<\/p>\n<p>P.- Hola Fernando: teniendo nuestra Liga el prestigio y reconocimiento internacional y la m\u00e1s que sobrada organizaci\u00f3n y capacidad para eventos deportivos, \u00bfcu\u00e1l ha sido el motivo para presentar la candidatura conjunta con Portugal para el Mundial de 2018? Carlos. Madrid<\/p>\n<p>R.- Esa es una decisi\u00f3n de nuestro presidente. Yo creo que es acertada y formamos con Portugal una candidatura muy muy fuerte. Nos hace mucha ilusi\u00f3n que un Mundial vuelva a Espa\u00f1a y merece mucho la pena el esfuerzo que estamos haciendo.<\/p>\n<p>P.- Buenos d\u00edas Fernando, soy un compa\u00f1ero tuyo de la promoci\u00f3n del curso de Dirtectores Deportivos de la RFEF, \u00bfes m\u00e1s sencillo crear una estructura a nivel de selecci\u00f3n o a nivel de club? \u00bfqu\u00e9 similitudes y diferencias hay? Un abrazo y felices fiestas desde Zaragoza<\/p>\n<p>R.- A nivel de club no tengo la experiencia. La tengo a nivel de federaci\u00f3n. Lo que s\u00ed es verdad es que la gente no tiene una perspectiva de d\u00eda a d\u00eda pero nosotros trabajamos toda la semana todos los d\u00edas. No tenemos esa inmediatez del club pero trabajamos para tener la informaci\u00f3n de todos nuestros jugadores. Tenemos, aunque no lo parezca, un d\u00eda a d\u00eda muy intenso.<\/p>\n<p>P.- \u00bfQue opinas de la destituci\u00f3n de Hugo Sanchez? \u00bftodos los buenos jugadores valen para entrenador?<\/p>\n<p>R.- Ha sido una pena lo de Hugo. Aparte de haber sido compa\u00f1eros tenemos una buena relaci\u00f3n. Ya han sido cuatro los entrenadores cesados y es una pena. Hugo ha venido a Espa\u00f1a con mucha ilusi\u00f3n y triunfar aqu\u00ed es uno de sus objetivos. Lo importante es si te dan la oportunidad, demostrar que vales, pero est\u00e1 claro que un gran jugador no tiene por qu\u00e9 ser un gran entrenador. La experiencia ayuda, pero puedes no triunfar. Hay casos como Mourinho o Ben\u00edtez, que son entrenadores cotizad\u00edsimos y no fueron jugadores.<\/p>\n<p>P.- \u00bfC\u00faal ha sido el gol m\u00e1s importante de su vida?. Gracias.<\/p>\n<p>R.- El de octubre de 1993 ante Dinamarca en Sevilla, el que nos dio la clasificaci\u00f3n para el Mundial de Estados Unidos.<\/p>\n","protected":false},"excerpt":{"rendered":"<p>La mejor selecci\u00f3n del mundo en 2009, Espa\u00f1a, afronta 2010 con la ilusi\u00f3n de conquistar su primer t\u00edtulo Mundial. La Eurocopa 2008 situ\u00f3 a la Roja en la c\u00faspide con Luis Aragon\u00e9s y desde entonces, ya con Vicente del Bosque al mando, no han dejado de crecer sus expectativas. Fernando Ruiz Hierro, director t\u00e9cnico de la Real Federaci\u00f3n Espa\u00f1ola de F\u00fatbol, responder\u00e1 sus preguntas sobre este ciclo m\u00e1gico que espera continuar el pr\u00f3ximo junio en Sud\u00e1frica.<br \/>\n\u00danase al grupo de los encuentros<br \/>\nde elmundo.es en Facebook<\/p>\n","protected":false},"author":1,"featured_media":0,"comment_status":"open","ping_status":"open","sticky":false,"template":"","format":"standard","meta":{"footnotes":""},"categories":[],"tags":[],"class_list":["post-3762","post","type-post","status-publish","format-standard","hentry"],"_links":{"self":[{"href":"https:\/\/intervius.com\/index.html\/wp-json\/wp\/v2\/posts\/3762","targetHints":{"allow":["GET"]}}],"collection":[{"href":"https:\/\/intervius.com\/index.html\/wp-json\/wp\/v2\/posts"}],"about":[{"href":"https:\/\/intervius.com\/index.html\/wp-json\/wp\/v2\/types\/post"}],"author":[{"embeddable":true,"href":"https:\/\/intervius.com\/index.html\/wp-json\/wp\/v2\/users\/1"}],"replies":[{"embeddable":true,"href":"https:\/\/intervius.com\/index.html\/wp-json\/wp\/v2\/comments?post=3762"}],"version-history":[{"count":0,"href":"https:\/\/intervius.com\/index.html\/wp-json\/wp\/v2\/posts\/3762\/revisions"}],"wp:attachment":[{"href":"https:\/\/intervius.com\/index.html\/wp-json\/wp\/v2\/media?parent=3762"}],"wp:term":[{"taxonomy":"category","embeddable":true,"href":"https:\/\/intervius.com\/index.html\/wp-json\/wp\/v2\/categories?post=3762"},{"taxonomy":"post_tag","embeddable":true,"href":"https:\/\/intervius.com\/index.html\/wp-json\/wp\/v2\/tags?post=3762"}],"curies":[{"name":"wp","href":"https:\/\/api.w.org\/{rel}","templated":true}]}}