{"id":3751,"date":"2010-01-08T00:00:00","date_gmt":"2006-11-06T00:00:00","guid":{"rendered":"https:\/\/intervius.com\/index.html\/?p=3751"},"modified":"2006-11-06T00:00:00","modified_gmt":"2006-11-06T00:00:00","slug":"Juan_Lopez_de_Uralde3751","status":"publish","type":"post","link":"https:\/\/intervius.com\/index.html\/Juan_Lopez_de_Uralde3751\/","title":{"rendered":"Juan L\u00f3pez de Uralde"},"content":{"rendered":"<p>Pregunta.- Hola Juantxo, me alegro que ya est\u00e9s de vuelta con nosotros, solo quer\u00eda decirte que sois un ejemplo para muchos y que en Dinamarca lo \u00fanico que han conseguido es aumentar la repercusi\u00f3n de vuestra protesta, si lo que quer\u00edan era &#8220;acallaros&#8221; ha sido todo lo contrario, tanto desde este peri\u00f3dico como desde otros de tirada nacional habeis estado en el candelero muchos d\u00edas, aunque no imagino lo duro que habr\u00e1 sido a nivel personal, al menos ha conseguido que el mensaje llegue m\u00e1s tiempo a m\u00e1s gente. Seguid as\u00ed.<\/p>\n<p>Respuesta.- Muchas gracias por t\u00fa mensaje. Aprovecho para agradecer todo el apoyo que hemos recibido que ha sido impresionante!<\/p>\n<p>P.- Sr. L\u00f3pez de Uralde cree usted que por pertenecer a una instituci\u00f3n que defiende el clima y la vida en nuestro planeta le da derecho a Ud. y a sus colaboradores a irrumpir en cualquier espacio privado para manifestarse o defender sus ideas..?<\/p>\n<p>R.- La protesta pac\u00edfica es un derecho ciudadano, y en todo caso debe persegurise con proporcionalidad respecto a la manifestaci\u00f3n realizada. La libertad de expresi\u00f3n y manifestaci\u00f3n es un erecho humano b\u00e1sico y est\u00e1 garantizado en la Uni\u00f3n Europea.<\/p>\n<p>P.- Cuando estaba el la c\u00e1rcel, \u00bf Se ve\u00eda diferente de los dem\u00e1s reclusos ? Y en caso afirmativo, \u00bf Que ten\u00eda usted que le hac\u00eda diferente ?<\/p>\n<p>R.- Un preso pol\u00edtico es una persona a la que se le encarcela por defender sus ideas. Yo considero que nosotros hemos sido presos pol\u00edticos. De hecho alli en la c\u00e1rcel se nos conoc\u00eda como los &#8220;presos del clima&#8221;. Nosotros estabamos all\u00ed por defender una idea: la de un Planeta vivo.<\/p>\n<p>P.- Cuando usted declara que le trataron como &#8220;a perros&#8221;, \u00bf que quiere decir exactamente ? \u00bf Le trataron mejor, igual o peor que a los dem\u00e1s reclusos ?<\/p>\n<p>R.- La figura legal del B&#038;B en la que estabamos nosotros (en teoria significa comunicaci\u00f3n externa controlada, pero de hehco nula comu nicaci\u00f3n con el exterior) es extremadamente dura. Los presos condenados en un juicio no ten\u00edan esa situaci\u00f3n. Pod\u00edan comuncarse, recibir cartas, llamadas, etc. Su situaci\u00f3n era infinitamente mejor que la nuestra, pese a que nostros &#8211; supongo v\u00e1lida la presunci\u00f3n de inocencia &#8211; seguimos siendo inocentes hasta que un juez no nos condene.<\/p>\n<p>P.- Que opina sobre la postura adoptada por el Gobierno de Espa\u00f1a en relaci\u00f3n con su dilatada detenci\u00f3n<\/p>\n<p>R.- Estoy agradecido al personal de la embajada que se ha portado muy bien conmigo. ;Me han visitado, me han acompa\u00f1ado&#8230;Me consta que el Gobierno tambi\u00e9n se ha movido, y estoy agradecido por ello.<\/p>\n<p>P.- \u00bfpor que no haceis vuestras protestas dentro de la legalidad, como hacemos el resto de ONG?<\/p>\n<p>R.- La destrucci\u00f3n de la Tierra por el cambio clim\u00e1tico se est\u00e1 haciendo dentro de la legalidad. Podemos seguir viendo como nos cargamos el planeta o tratar de hacer algo para evitarlo. Nuestras protestas sienmpre son pac\u00edficas y s\u00f3lo no s ponemos en riesgo nostros mismos. Lo que est\u00e1 claro es que la complacencia lleva a que la situaci\u00f3n de destrucci\u00f3n ambiental se perpet\u00fae.<\/p>\n<p>P.- Hola, me gustar\u00eda saber si ha recibido apoyo de instituciones p\u00fablicas u organismos oficiales.<\/p>\n<p>R.- Todav\u00eda no he tenido tiempo de saber cuantas instituciones nos han apoyado, pero me consta que han sido muchas. Gracias x ello!!<\/p>\n<p>P.- Primero, quiero decir q estoy a favor de la protesta sin violencia. Pero que hubiera ocurrido si en lugar de ser de greenpeace, fueras de AlQaeda? No crees que se aplicar\u00edan los mismos cargos?. El fin justifica los medios? Si el medio es ilegal&#8230; debe ser condenado dependiendo de fin?<\/p>\n<p>R.- La policia danesa deber\u00eda estar agradecida a Greenpeace por poner de manifiesto sus errores en la seguridad. As\u00ed pueden corregirlos la pr\u00f3xima vez.<\/p>\n<p>P.- \u00bfTiene usted ambiciones pol\u00edticas?<\/p>\n<p>R.- \u00bfQu\u00e9 quieres decir con esta pregunta? Mi ambici\u00f3n es que consigamos evitar el cambio clim\u00e1tico.<\/p>\n<p>P.- Buenos d\u00edas Sr Lopez de Uralde, mi pregunta es directa, \u00bfno hay alg\u00fan otro modo de hacerse escuchar en el cual no se corra el riesgo de ser detenido?<\/p>\n<p>R.- Durante la CUmbre de Copenhgaue lo hemos intentado de todas las maneras. Informes, manifestaciones, ruedas de prensa, reuniones&#8230; Cuando m\u00e1s se nos ha oido ha sido con esta protesta. La protesta pac\u00edfica es una forma leg\u00edtima de hacerse oir, y los gobiernos deben respetarla y actuar con proporcionalidad.<\/p>\n<p>P.- Gracias por tu labor. Ha sido desproporcionado el castigo que habeis sufrido. En nuestro pa\u00eds: ante lo caro y voluble de la energ\u00eda e\u00f3lica y la terrible repercusi\u00f3n de los combustibles f\u00f3siles, y lo caros que nos salen, en el medio ambiente, creo que hay que plantear tener algo m\u00e1s de nuclear. Pienso que la repercusi\u00f3n de los residuos radiactivos es menor que la de los humos de los combustibles f\u00f3siles. \u00bfQu\u00e9 piensas? Gracias<\/p>\n<p>R.- Yo pienso que la energ\u00eda nuclear es parte del problema, y no parte de la soluci\u00f3n. Hay que insistir en que la soluci\u00f3n pasa por eficiencia energ\u00e9tica, y energ\u00edas renovables. Efectivamente la clave de todo esto es la pol\u00edtica energ\u00e9tica.<\/p>\n<p>P.- Recuerdo con pena cuando Greempeace no ten\u00eda que ver nada con la politica \u00bfqu\u00e9 les ha llevado a escorarse tanto a la ultraizquierda y a despreciar a tantos que amamos la vida y la naturaleza?, buenos d\u00edas.<\/p>\n<p>R.- T\u00fa opini\u00f3n subjetiva, que respeto, es ajena a la realidad de Greenpeace. Somos una organizaci\u00f3n inependiente politica y economicamente como hemos demostrado una vez m\u00e1s.<\/p>\n<p>P.- \u00bfPara cu\u00e1ndo el Nobel de la Paz para Greenpeace? Toca las narices que Obama, que todav\u00eda no ha hecho nada, lo haya conseguido ya y vosotros, que llev\u00e1is 40 a\u00f1os luchando, no lo hayais obtenido todav\u00eda.<\/p>\n<p>R.- Te agradezco el comentaro y estoy de acuerdo en \u00e9l. Espero que alg\u00fan d\u00eda se reconozca de ese modo la labor de Greenpeace todos estos a\u00f1os.<\/p>\n<p>P.- Hola Juan, pasando por alto las alabanzas, de las que ya estar\u00e1s sobrado quer\u00eda preguntarte: yo estoy en un grupo activista en mi ciudad y nos hemos dado cuenta de que est\u00e1bamos callendo en la b\u00fasqueda de titulares demasiado, que si bien son efectivos al final acabamos cojeando, y nos damos cuante de que lo que de verdad hace falta es &#8220;trabajo de base, y de calle&#8221;, el que m\u00e1s cuesta por cierto. En t\u00e9rminos de acci\u00f3n no se os puede reprochar nada (todo lo contrario), pero <b>\u00bfNo crees que hace falta m\u00e1s trabajo en ese sentido y realizar m\u00e1s charlas colegio a colegio, asociaci\u00f3n a asociaci\u00f3n, calle a calle?.<\/b><\/p>\n<p>R.- Hacemos lo que podemos con los recursos que tenemos. Estoy de acuerdo en que le trabajo de base es clave. Te di\u0155e m\u00e1s: creo que todo el apoyo que hemos cosechado estos d\u00edas se debe al trabajo de base que llevamos haciendo desde hace muchos a\u00f1os desde Greenpeace. Se ha movido tanta gente con la que hemos estado estos a\u00f1os&#8230;.<\/p>\n<p>P.- Amigo Uralde: Respaldo totalmente su acci\u00f3n y le doy mi felicitaci\u00f3n por llevarla a cabo. Pero creo que usted iba como figura destacada, \u00bfpor qu\u00e9 no hac\u00eda este papel un franc\u00e9s? Como usted sabe el marido de la reina de Dinamarca es franc\u00e9s. Pienso que seguro no se hubieran atrevido a darle el trato que le han dado a usted. Creo que en este sentido ha sido un error de estrateg\u00eda no hacerlo as\u00ed. Nuevamente mi solidaridad. Saludos. Juan DM.<\/p>\n<p>R.- Creo que la reacci\u00f3n del Gobierno de Dinamarca ha sido independiente de la nacionalidad de los activistas. Eramos una noruega, un suizo, un holand\u00e9s y yo. No creo que eso haya infuido para nada.<\/p>\n<p>P.- Hola, Juan. Siento las navidades que has tenido que pasar. Pero me pregunto \u00bfen Greenpeace no hay asesores jur\u00eddicos que pudieran prever las consecuencias del acto reivindicativo que hicisteis? Dinamarca es un estado de derecho de la UE y tiene unas leyes y un abogado pod\u00eda haber previsto lo que os ha pasado.<\/p>\n<p>R.- Tal vez se pas\u00f3 por alto el hecho de que el gobierno de Dinamarca es muy autoritario, como ha demostrado a lo largo de toda la COPlas detenciones masivas, la &#8220;c\u00e1rcel del clima&#8221;, la detenci\u00f3n injustificada y &#8220;preventiva&#8221; de activistas&#8230;todo ello nos deber\u00eda haber hecho preveer una reacci\u00f3n desproporcionada como la que ha habido.<\/p>\n<p>P.- \u00bfUsted cree que hoy en dia los consejos de Greenpeace tienen alguna repercusi\u00f3n en la pol\u00edtica medioambiental de los Gobiernos, o m\u00e1s bien son una piedra en el zapato?<\/p>\n<p>R.- Ambas cosas a la vez. tenemos repercusi\u00f3n, e impacto en la s pol\u00edticas, porque somos una piedra en el zapato que a veces lleva a los que tienen que tomar las decisiones a moverse. Tratamos de influir todo lo que podemos, desde luego!<\/p>\n<p>P.- Hola y enohorabuena por vuelta a Espa\u00f1a. Mi pregunta es la siguinte, \u00bfCu\u00e1l de todos los paises que ha tenido la suerte o desgracia de visitar o conocer le parece que es el mejor modelo de desarrollo sostenible y protecci\u00f3n de sus h\u00e1bitats naturales?\u00bfQu\u00e9 puntuaci\u00f3n le dar\u00eda a Espa\u00f1a en este aspecto?. Gracias y un saludo desde Elche.<\/p>\n<p>R.- Es dificil. Hay cosas buenas y malas en cada pa\u00eds. Pero en la actualidad considero qu hay una falta de liderazgo muy significativa en materia de medio ambiente en el \u00e1mbito internacional. En la COP15, por ejempolo, ha faltado un liderazgo claro, y eso es parte d ela raz\u00f3n del fracaso. Espa\u00f1a en esto no est\u00e1 bi4en situada. Desgraciadamente estamos ,muy lejos de lo que ser\u00eda deseable en pol\u00edtica ambiental.<\/p>\n<p>P.- \u00bfQu\u00e9 estrateg\u00eda plantea greenpeace para asegurar la movilidad a todos? Si es el coche electrico, \u00bfcual es el impacto que tendr\u00eda en la demanda electrica nacional? \u00bfC\u00f3mo y donde se producir\u00eda esa energ\u00eda? \u00c1nimo por el mal trago pero por favor, centrar cuanto antes GreenPeace en su tarea y no en las disputas judiciales por injustas que estas sean. Muchas gracias.<\/p>\n<p>R.- Estoy de acuerdo contigo en que hay que cenbtrarse en las campa\u00f1as, y en especial en la lucha por un modelo energ\u00e9tico limpio. Para garanbtizar una miovilidad sostenible no hay una respuesta \u00fanica. Es un tema complejo en el que veremos una diversificaci\u00f3n del modelo de transporte y una mayor integraci\u00f3n con el sistema el\u00e9ctrico en un modelo 100% renovable. En ese contexto el coche el\u00e9ctrico puede jugar un papel, pero no \u00fanico. En todo caso ese integraci\u0144 permitir\u00eda aprovechar para el transporte los picos de generaci\u00f3n renovable, y mucho m\u00e1s si se hiciera gesti\u00f3n de la demanda el\u00e9ctrica. hay que recuperar la ciudad para el peat\u00f3n y la bicicleta, promover le transporte colectivo (especialmente el tren) y as\u00ed sucesivamente.<\/p>\n<p>P.- Hola Juantxo. Bienvenido a Espa\u00f1a. Pasada ya la tortura de vuestra detenci\u00f3n, \u00bfcomo valoras el desastre de la cumbre?\u00bfCuales son los motivos reales de dicho desastre?\u00bfHay soluci\u00f3n a futuro? Gracias. Un abrazo.<\/p>\n<p>R.- Estoy muy preocupado por el fracaso de la COPSe ha perdido una oportunidad \u00fanica de avanzar de manera definitiva en la lucha contra las emisiones de COLos motivos del fracaso son diversos: faltya de liderazgo internacional, intereses econ\u00f3micos de industrias de combustibles f\u00f3siles, dificl entendimiento entre pa\u00edses&#8230;.Pero lo cierto es que con todo ello la Tierra se sigue destruyendo. Seguimos en la misma situaci\u00f3n de emergencia o peor de lo que estabamos antes de Copenhague.<\/p>\n<p>P.- \u00bfQui\u00e9n financia Greenpeace Espa\u00f1a?. \u00bfReciben alg\u00fan tipo de ayuda p\u00fablica?.<\/p>\n<p>R.- Greenpeace se financia solamente gracias a sus socios y socias. No recibimos ninguna subvenci\u00f3n ni de gobiernos ni de empresas. Si quieres puedes hacerte socio en www.greenpeace.es<\/p>\n<p>P.- \u00bfQue pide a la Presidencia espa\u00f1ola en relaci\u00f3n a la defensa del medioambiente?<\/p>\n<p>R.- Pedimos que se priorice la aplicaci\u00f3n de una pol\u00edtica energ\u00e9tica europea basada en la sfuentes de energ\u00eda renovable. creemos que la experiencia espa\u00f1ola en el campo de las renovables deber\u00eda servir para que Europa avance en ese camino y de na vez haya un compromiso de reducci\u00f3n de las emisiones de CO2 de, al menos el 40% de las emisiones para el a\u00f1o 2020.<\/p>\n<p>P.- Estimado Sr. Uralde. Tengo la convicci\u00f3n de que Greenpeace Espa\u00f1a actua sobre un delito ambiental dependiendo de quien lo provoca. Por favor, conv\u00e9nzame de los contrario. \u00bfQue ha sido lo m\u00e1s destacado que han hecho en 2009 en Espa\u00f1a?. \u00bfHan hecho algo contra el gobierno brit\u00e1nico de Gibraltar por la constante contaminaci\u00f3n que hacen de las aguas del estrecho?. Gracias<\/p>\n<p>R.- Pues mira, precisamente en Gibraltyar ha sido detenido yo con otros compa\u00f1eros, por denunciar el tema dle Bunkering. Sufrimos una situaci\u00f3n muy dura, con la confinscaci\u00f3n de dos lanchas y un juiicio que dur\u00f3 varios d\u00edas en el que, finalmente, fuimos absueltos. Fue la primera denuncia de gran impatco del tema del bunkering en la bah\u00eda y en ello seguimos. hace s\u00f3lo una semanas hemos vuelto a actuar alli y en llo seguimos&#8230;.Lo m\u00e1s destacado que hemos hecho en 2009 ha sido todo el trabajo contra el cambio clim\u00e1tico, las acciones en la Cumbre de Barcelona, la lucha por el cierre de la central nuclear de Garo\u00f1a&#8230;..s\u00f3lo son algunos ejemplos.<\/p>\n","protected":false},"excerpt":{"rendered":"<p>El director ejecutivo de Greenpeace Espa\u00f1a charlar\u00e1 con los lectores de ELMUNDO.es a su vuelta a Espa\u00f1a tras pasar 21 d\u00edas en prisi\u00f3n preventiva en Dinamarca por irrumpir en una cena de gala en Copenhague durante la pasada cumbre del Clima.<br \/>\nVerde, el blog de L\u00f3pez de Uralde en ELMUNDO.es<br \/>\n\u00danase al grupo de los encuentros<br \/>\nde elmundo.es en Facebook<\/p>\n","protected":false},"author":1,"featured_media":0,"comment_status":"open","ping_status":"open","sticky":false,"template":"","format":"standard","meta":{"footnotes":""},"categories":[],"tags":[],"class_list":["post-3751","post","type-post","status-publish","format-standard","hentry"],"_links":{"self":[{"href":"https:\/\/intervius.com\/index.html\/wp-json\/wp\/v2\/posts\/3751","targetHints":{"allow":["GET"]}}],"collection":[{"href":"https:\/\/intervius.com\/index.html\/wp-json\/wp\/v2\/posts"}],"about":[{"href":"https:\/\/intervius.com\/index.html\/wp-json\/wp\/v2\/types\/post"}],"author":[{"embeddable":true,"href":"https:\/\/intervius.com\/index.html\/wp-json\/wp\/v2\/users\/1"}],"replies":[{"embeddable":true,"href":"https:\/\/intervius.com\/index.html\/wp-json\/wp\/v2\/comments?post=3751"}],"version-history":[{"count":0,"href":"https:\/\/intervius.com\/index.html\/wp-json\/wp\/v2\/posts\/3751\/revisions"}],"wp:attachment":[{"href":"https:\/\/intervius.com\/index.html\/wp-json\/wp\/v2\/media?parent=3751"}],"wp:term":[{"taxonomy":"category","embeddable":true,"href":"https:\/\/intervius.com\/index.html\/wp-json\/wp\/v2\/categories?post=3751"},{"taxonomy":"post_tag","embeddable":true,"href":"https:\/\/intervius.com\/index.html\/wp-json\/wp\/v2\/tags?post=3751"}],"curies":[{"name":"wp","href":"https:\/\/api.w.org\/{rel}","templated":true}]}}