{"id":3745,"date":"2010-01-15T00:00:00","date_gmt":"2006-11-06T00:00:00","guid":{"rendered":"https:\/\/intervius.com\/index.html\/?p=3745"},"modified":"2006-11-06T00:00:00","modified_gmt":"2006-11-06T00:00:00","slug":"Carmen_Alborch3745","status":"publish","type":"post","link":"https:\/\/intervius.com\/index.html\/Carmen_Alborch3745\/","title":{"rendered":"Carmen Alborch"},"content":{"rendered":"<p>Pregunta.- Hola Carmen, \u00bfqu\u00e9 haces para mantenerte tan guapa a tus treinta y tantos?<\/p>\n<p>Respuesta.- Buenos d\u00edas por la ma\u00f1ana. Creo que el trabajo es un buen instrumento para mantenernos creativos y la cara es el espejo del alma. Gracias.<\/p>\n<p>P.- \u00bfA qu\u00e9 espera para bajar a las playas a defender a nuestros hosteleros, a que le den la orden desde Ferraz?<\/p>\n<p>R.- He estado reunida con los hosteleros en las playas de la Malvarrosa, El Saler, Pinedo, etc y tambi\u00e9n en la sede del PSPV en Valencia en dos ocasiones en las \u00faltimas semanas. Creo que han sido conversaciones muy positivas, como ellos mismos han manifestado.<\/p>\n<p>P.- \u00bf Qu\u00e9 opinias sobres los derribos que se quieren hacer en el barrio del Cabanyal? \u00bf Qu\u00e9 cuentas en tu libro La ciudad y la vida?<\/p>\n<p>R.- Creo que son un atentado a nuestro patrimonio cultural, que generan degradaci\u00f3n y sufrimiento a los vecinos, y que ser\u00eda mucho m\u00e1s positivo invertir en rehabilitar este hermoso barrio, todav\u00eda. Respecto a mi libro, hago una s\u00edntesis sobre las caracter\u00edsticas del Cabanyal, su historia, algunas experiencias vecinales actuales, algunos paseos por la zona y sus locales emblem\u00e1ticos y las reivindicaciones de Salvem el Cabanyal y las conclusiones del taller del Cabanyal que, con las universidades valencianas, llevamos a cabo el grupo municipal socialista.<\/p>\n<p>P.- Usted es una consumada escritora de libros . \u00bf tiene pensado donar los beneficios que le reporta ?<\/p>\n<p>R.- Pago mis impuestos y de momento no lo tengo pensado. Se admiten sugerencias.<\/p>\n<p>P.- \u00bfPor que no apoya el Plan del Caba\u00f1al y sin embargo en 1989 si lo apoyaba?<\/p>\n<p>R.- Siempre he apoyado la rehabilitaci\u00f3n del Cabanyal como parte de nuestra historia y memoria, de nuestro presente y futuro. No apoy\u00e9 en 1989 ni ahora la prolongaci\u00f3n de la avenida de Blasco Ib\u00e1\u00f1ez dividiendo el Cabanyal, que adem\u00e1s de no ser necesaria, porque Valencia ya est\u00e1 comunicada con el mar y el Cabanyal es Valencia, es obsoleta.<\/p>\n<p>P.- Se\u00f1ora Alborch, usted que fue Ministra de Cultura, recuerda como se hizo el expolio del patrimonio del Teatro Romano de Sagunto?<\/p>\n<p>R.- No hubo expolio en el teatro romano de Sagunto. Se plante\u00f3 una rehabilitaci\u00f3n, sin duda pol\u00e9mica, que se ha mantenido hasta hace muy poco tiempo. Creo que lo importante es que ese magn\u00edfico espacio se utilice y esa era su primordial objetivo. Fue una rehabilitaci\u00f3n dirigida por Giorgio Grassi y Portaceli que tuvo una importante aceptaci\u00f3n en muchos medios, por muchas personas y tambi\u00e9n entre los especialistas.<\/p>\n<p>P.- Est\u00e1 usted conforme con la marginaci\u00f3n presupuestaria por parte del Ministerio de Cultura para el Coliseo valenciano de la Opera? le parece ajustado que otras Operas reciban 3 o 4 veces m\u00e1s que Valencia?<\/p>\n<p>R.- Siempre querr\u00e9 m\u00e1s para Valencia y sus instituciones culturales. El Ministerio de Cultura va incrementando su participaci\u00f3n en el Palau de les Arts y s\u00e9 que tienen el prop\u00f3sito de implicarse cada vez m\u00e1s.<\/p>\n<p>P.- Hola Carmen, siento decirte que para m\u00ed todos los pol\u00edticos sois iguales. No os valoro como personas porque no conozco vuestra intimidad, pero lo que mostr\u00e1is a la sociedad es una colecci\u00f3n de mentiras, una imegen de gente que lucha por el pueblo, pero cuando alcanz\u00e1is el poder, en un ayuntamiento o un gobierno auton\u00f3mico, y no digamos nacional, todas las buenas intenciones se esfuman. Aparece entonces el pol\u00edtico\/a, con su prepotencia, su ego\u00edsmo, su vomitiva jerga y afilados descalificativos que preparan los gabinetes de prensa. No me digas que todos no s\u00f3is iguales, porque de ser as\u00ed no habr\u00eda tantas diferencias sociales. Vuestros actos tienen siempre un por qu\u00e9, un inter\u00e9s, pecuneo o de poder. Conv\u00e9nceme de que esto no es as\u00ed y votar\u00e9 a tu partido. No sabes las ganas que tengo de volver a las urnas, de recuperar la fe en alguien que de verdad defienda los intereses de los ciudadanos. Un saludo y disculpa el serm\u00f3n. Te ha tocado a ti.<\/p>\n<p>R.- Me gustar\u00eda mucho tener la oportunidad de convencerte para que volvieras a las urnas y que, por supuesto, votaras a los socialistas. desde luego no somos perfectos, pero tampoco somos iguales. Los pol\u00edticos somos servidores p\u00fablicos y nos mueven generalmente unos principios y unos compromisos que adquirimos en nuestros programas electorales. Creo en la participaci\u00f3n pol\u00edtica y en la necesidad de la pol\u00edtica, porque condiciona nuestras vidas, porque afecta al la educaci\u00f3n, la salud, etc. Es importante que nos hag\u00e1is llegar vuestras cr\u00edticas, es mucho mejor criticar que pasar. Espero que tenga oportunidades para convencerte. \u00bfPodr\u00edas enviarme un correo a mi web para seguir esta conversaci\u00f3n? www.carmenalborch.com<\/p>\n<p>P.- \u00bfQu\u00e9 les dir\u00edas a los que piensan que tu carrera pol\u00edtica no tiene ya mucho futuro, que est\u00e1s un poco de vuelta? Gracias y \u00e1nimo Carmen.<\/p>\n<p>R.- Me importa sobre todo el presente y colaborar con todas mis fuerzas para que el pr\u00f3ximo alcalde o alcaldesa de Valencia sea socialista y tambi\u00e9n para que superemos la crisis econ\u00f3mica. Que todo el mundo pueda tener sus oportunidades&#8230; Afortunadamente mi futuro no me preocupa.<\/p>\n<p>P.- \u00bfQue opina sobre la permisividad del ayuntamiento actual a la pr\u00e1ctica del &#8220;Botell\u00f3n&#8221;?<\/p>\n<p>R.- En otras ciudades hay espacios y programas alternativos. Otro ocio es posible.<\/p>\n<p>P.- Sra.Alborch. Despu\u00e9s de tantos a\u00f1os de &#8220;fracaso&#8221; electoral del PSPV en el ayuntamiento de Valencia y en la Generalitat Valenciana \u00bfSe han planteado un cambio &#8220;verdadero&#8221; de estrategia o una profunda reflexi\u00f3n? GRACIAS<\/p>\n<p>R.- Gracias. Te puedo asegurar que estamos en ello. Aprendemos de nuestros errores, siempre estamos dispuestos incluso a la autocr\u00edtica, pero no a la autoflagelaci\u00f3n. Reconozco el esfuerzo de mis compa\u00f1eros en el pasado y en el presente y estoy segura de que nuestro proyecto y su comunicaci\u00f3n mejoran muy positivamente, sin perder de vista que lo que nos interesa es el bienestar de los valencianos y las valencianas, no el poder por el poder.<\/p>\n<p>P.- Por que no ha defendido a los chiringuitos de su tierra si tan valenciana se siente?<\/p>\n<p>R.- Los he defendido, como ya he dicho. No son chiringuitos, son establecimientos hosteleros. Incluso en el pleno del Ayuntamiento los hemos apoyado.<\/p>\n<p>P.- \u00bfPor qu\u00e9 se empe\u00f1a en desprestigiar la ciudad de Valencia, cuando es a todas luces evidente que la gesti\u00f3n de Rita Barber\u00e1 no s\u00f3lo ha mejorado la ciudad sino que cuenta con el apoyo mayoritario de los valencianos? La gesti\u00f3n de Rita Barber\u00e1, con sus evidentes sombras, es mucho mejor que el no hacer nada practicado por los alcaldes de su partido<\/p>\n<p>R.- Te recomendar\u00eda que leyeras mi libro para ver que no desprestigio a mi ciudad, sino todo lo contrario. Creo que el amor a Valencia no es una cuesti\u00f3n de declararlo solo, sino de actuar a su favor. Rita Barber\u00e1 ha tenido luces durante su mandato, pero sin duda much\u00edsimas sombras. Te recomendar\u00eda que te dieras un paseo por Ciutat Vella, donde se podr\u00eda haber rehabilitado m\u00e1s y mejor, el entorno de San Miguel de los Reyes o el propio Cabanyal. Adem\u00e1s, est\u00e1 su falta de exigencia a la Generalitat para que cree m\u00e1s equipamientos p\u00fablicos, como los centros educativos, centros de salud, etc. La ciudad crece y los equipamientos no. Estos son s\u00f3lo algunos ejemplos. Los alcaldes socialistas en Valencia hicieron posible que El Saler fuera per al poble e hicieron posible que el llit del T\u00faria fuera nuestro y verde. Fue el eje principal de la ciudad moderna y un grand\u00edsimo acierto, tambi\u00e9n por poner alg\u00fan ejemplo.<\/p>\n<p>P.- Siempre que voy a Valencia me decepciona: mal contruida y gris. Por qu\u00e9 se empe\u00f1an en vend\u00e9rnosla como si fuera la joya del Mediterr\u00e1neo?? Un saludo.<\/p>\n<p>R.- La luz de Valencia es incuestionable, va en los cuadros de Sorolla. Creo que podemos mejorar, hay desequilibrios pero es una hermosa ciudad. En el Mediterr\u00e1neo hay muchas joyas afortunadamente.<\/p>\n<p>P.- Hola Carmen; Me podr\u00eda decir \u00bfque hizo el PSOE cuando gobernaba en el ayuntamiento de Valencia por el barrio de cabayal?<\/p>\n<p>R.- Lo declar\u00f3 Bien de Inter\u00e9s Cultural, con todo lo que ello comporta. Es decir, consideraba que necesitaba una protecci\u00f3n especial como parte de nuestra historia y, por tanto, para proteger es necesario rehabilitar y revitalizar, sin destruir. El Gobierno socialista, ahora que gobierna en Espa\u00f1a, ha vuelto a insistir en su valor patrimonial. Por tanto, defendemos el patrimonio valenciano y no su destrucci\u00f3n<\/p>\n<p>P.- Bon dia, Carmen. \u00bfSer\u00e1 la candidata del PSPV a la alcald\u00eda de Valencia en las pr\u00f3ximas elecciones municipales?<\/p>\n<p>R.- Soy la portavoz del grupo municipal socialista y me esfuerzo sobre todo para que el pr\u00f3ximo gobierno municipal sea socialista. Este no es el momento de las candidaturas. Gracias.<\/p>\n<p>P.- \u00bfQu\u00e9 soluci\u00f3n propone su partido para el Cabanyal? Ya que actualmente se encuentra muy degradado, sin que entremos en m\u00e1s detalles. GRACIAS<\/p>\n<p>R.- Frenar el deterioro y la degradaci\u00f3n que ha permitido el gobierno municipal. Lo siento, pero as\u00ed es. Invertir fondos p\u00fablicos de la Generalitat, del Gobierno de Espa\u00f1a y del propio Ayuntamiento para su rehabilitaci\u00f3n. Abrir un di\u00e1logo real entre los vecinos, agentes sociales y expertos urban\u00edsticos para hacer un nuevo plan del Cabanyal y una oficina RIVA. Se puede crear un colegio mayor disperso. Potenciar el comercio de proximidad. Crear empresas vinculadas con I+D+i. Adem\u00e1s de construir todos los equipamientos pendientes, caso de parques, centros educativos, centros de mayores o la famosa piscina, as\u00ed como la rehabilitaci\u00f3n de la lonja de pescadores. Todo ello es posible, y m\u00e1s econ\u00f3mico y m\u00e1s sostenible que la absurda prolongaci\u00f3n de Blasco Ib\u00e1\u00f1ez en la que est\u00e1 empe\u00f1ada la alcaldesa.<\/p>\n<p>P.- \u00bfCrees que alg\u00fan d\u00eda se acabar\u00e1 la absurda batalla por el agua y el gobierno de turno sentar\u00e1 las bases de la solidaridad h\u00eddrica y ejecutar\u00e1 las actuaciones necesarias? \u00bfPara cuando?<\/p>\n<p>R.- Estoy de acuerdo con tus deseos y espero que se cumplan muy pronto. Necesitamos consensos para resolver los problemas.<\/p>\n<p>P.- \u00bfCrees que en el fondo de toda la pol\u00e9mica de los derribos en el Cabanyal el Ayuntamiento esconde buenos prop\u00f3sitos, una intenci\u00f3n de mejorar el barrio que se oscurece con un plan posiblemente equivocado, o el Plan del Cabanyal no es m\u00e1s que una herramienta pol\u00edtica para darle fuerte al PSOE? Gracias.<\/p>\n<p>R.- Si su intenci\u00f3n es darle fuerte al PSOE, creo que les est\u00e1 produciendo un efecto boomerang. Est\u00e1n empleando toda su artiller\u00eda pesada, pero a los vecinos y especilmente a Salvem el Cabanyal, les asiste la raz\u00f3n. Nos ampara la ley y los tribunales. El Cabanyal sigue siendo BIC y estamos seguros de que su rehabilitaci\u00f3n, sin destrucci\u00f3n, es imparable. Creo que es un empecinamiento del PP y esconde la falta de proyectos en una ciudad tan importante. Quieren generar confusi\u00f3n y confrontaci\u00f3n.<\/p>\n<p>P.- Soledad, maldita soledad&#8230; \u00bfC\u00f3mo combates t\u00fa la soledad Carmen? Un solitario.<\/p>\n<p>R.- Con buenos amigos, buenas aficiones -cine, lectura, paseos, m\u00fasica-, trabajo y compromiso. Gracias. La soledad a veces est\u00e1 bien, si es elegida.<\/p>\n<p>P.- Zaplana gan\u00f3 las elecciones 2 veces vendiendo el AVE, con gobiernos del PP. Ahora el AVE llegar\u00e1 a Valencia y Zapatero es el &#8220;hombre del Saco&#8221; para la Comunidad Valenciana. \u00bfpor qu\u00e9 se vende mejor el humo que la realidad?<\/p>\n<p>R.- Lo importante es que el AVE llegar\u00e1 a Valencia en 2010, gobernando Zapatero. Por su expreso y profundo compromiso con nuestra ciudad y con nuestra Comunidad. Obras son amores. Es importante que tengamos una buena informaci\u00f3n y que seamos exigentes como ciudadanos. El Gobierno de Aznar puso unas pocas traviesas e invirti\u00f3 mucho en propaganda. Tambi\u00e9n hay que ver en nuestra ciudad las inversiones del Plan E, 1 y 2.<\/p>\n<p>P.- \u00bfPor qu\u00e9 le es tan dif\u00edcil al PSOE arrebatar al PP Valencia y Madrid? \u00bfSon ciudades genuinamente conservadoras?<\/p>\n<p>R.- No creo que sean conservadoras genuinamente, ni mucho menos. Hay una parte de la poblaci\u00f3n dir\u00edamos deslumbrada con los fuegos de artificio del PP, que han hecho una eficaz propaganda vendiendo la gallina de los huevos de oro. La ciudadan\u00eda est\u00e1 viendo ahora su verdadero rostro. Sus proximidades con tramas corruptas no han beneficiado precisamente al inter\u00e9s de los valencianos. \u00bfTe suena de algo la palabra G\u00fcrtel?<\/p>\n<p>P.- Carmen, usted como militante del PSOE, \u00bfcon quien comparte opini\u00f3n, con Alarte que est\u00e1 a favor de los grandes eventos de la Generalitat, o con Leire Paj\u00edn que est\u00e1 en contra?<\/p>\n<p>R.- Los socialistas podemos estar a favor de los grandes eventos cuando benefician a nuestras ciudades y algunos de ellos as\u00ed lo han sido y lo ser\u00e1n, esperamos. Estamos en contra del despilfarro y el desprop\u00f3sito. \u00bfC\u00f3mo se entiende construir un edificio como el \u00c1gora sin contenido y sin proyecto?<\/p>\n<p>P.- Hola Carmen \u00bfQu\u00e9 piensas que podr\u00edamos decirle a aquellos peque\u00f1os comerciantes del Cabanyal, que piensan que la prolongaci\u00f3n es la \u00fanica soluci\u00f3n que podr\u00eda sacarles de la mala situaci\u00f3n que atraviesan sus negocios, tras la degradaci\u00f3n en la que est\u00e1 cayendo una parte tan importante del barrio?. FDO. VICENTE<\/p>\n<p>R.- La prolongaci\u00f3n tardar\u00eda mucho tiempo y necesitar\u00eda mucho dinero. La rehabilitaci\u00f3n se podr\u00eda hacer de inmediato y podr\u00edamos ver los frutos en muy poco tiempo. Estoy absolutamente convencida de ello.<\/p>\n<p>P.- Se\u00f1ora Alborch, no s\u00e9 si sabr\u00e1 que el proyecto del Cabanyal ya lo contemplaba el PGOU que aprob\u00f3 el PSOE y que el PSOE cuando gobernaba en Valencia lo defend\u00eda. Cuando lleg\u00f3 el PP asumi\u00f3 el proyecto y rebajo el impacto del mismo reduciendo la amplitud de la avenida de 100 a 48 metros. \u00bfPor qu\u00e9 ustedes ahora en la oposici\u00f3n se oponen a lo que defend\u00edan cuando gobernaban? Eso me parece doble moral.<\/p>\n<p>R.- Lo siento pero no estoy de acuerdo con esa descripci\u00f3n de los hechos. Hemos contestado en preguntas anteriores. Gracias.<\/p>\n<p>P.- \u00bfCree que el gobierno de ZP est\u00e1 haciendo lo mismo y beneficiando igual a todas las comunidades aut\u00f3nomas? Respecto a la educaci\u00f3n, considera l\u00f3gico que en cada comunidad aut\u00f3noma sea la propia regi\u00f3n la que decida los contenidos a impartir, no seria m\u00e1s l\u00f3gico elaborar un mismo sistema para todos los espa\u00f1oles.<\/p>\n<p>R.- Tengo una gran confianza en el futuro pacto por la educaci\u00f3n. Es fundamental para nuestro pa\u00eds y nuestro nuevo modelo econ\u00f3mico basado sobre todo en la investigaci\u00f3n, la innovaci\u00f3n y el talento y la formaci\u00f3n en general. La financiaci\u00f3n auton\u00f3mica fue aprobada en la \u00e9poca de Zaplana.<\/p>\n<p>P.- \u00bfEs verdad que expropiar a los vecinos afectados por el proyecto del Cabanyal cuesta 200 millones de euros y rehabilitar s\u00f3lo 20 millones?<\/p>\n<p>R.- Aproximadamente estas son las cifras que baraja el colectivo Salvem el Cabanyal, que merece nuestra confianza. En todo caso, es m\u00e1s sostenible econ\u00f3mica, social y ambientalmente la rehabilitaci\u00f3n que la prolongaci\u00f3n.<\/p>\n<p>P.- \u00bfA qu\u00e9 corriente pertenece usted? \u00bfA la de cambiar el nombre del PS-PV o mantenerlo igual? \u00bfCree que la denominaci\u00f3n de &#8220;Pa\u00eds Valenci\u00e0&#8221; afecta a los votantes, como opina Alarte?<\/p>\n<p>R.- Perm\u00edtame la cita musical No es questi\u00f3 de noms. Gracias.<\/p>\n<p>P.- Hola, Carmen \u00bfQu\u00e9 siente una persona como t\u00fa cuando ve que las ansias de protagonismo de Rita Barber\u00e1 limitan las posibilidades econ\u00f3micas y culturales de una ciudad con tanto potencial como Valencia? Su b\u00fasqueda del conflicto no beneficia a los valencianos, a mi parecer.<\/p>\n<p>R.- Estoy de acuerdo con tu parecer. Para m\u00ed no es un ejemplo de Buen Gobierno.<\/p>\n<p>P.- \u00bfCu\u00e1ntos a\u00f1os llevas en pol\u00edtica Carmen? \u00bfCu\u00e1l ha sido tu mejor y tu peor momento? Gracias.<\/p>\n<p>R.- Afortunadamente he tenido y tengo buen\u00edsimos momentos. Siempre es muy duro el terrorismo. Un d\u00eda como hoy precisamente mataron a mi querido maestro Manuel Broseta. Tambi\u00e9n es duro, a otro nivel, perder elecciones, porque piensas que ganando gana la inmensa mayor\u00eda. Siempre he sido una persona comprometida pol\u00edticamente, desde tiempos de la universidad, pero mi primer cargo fue como directora general de Cultura y directora del IVAM en el ochentaytantos.<\/p>\n<p>P.- \u00bfCree que la ciudad de Valencia tiene m\u00e1s recorrido formando parte de la Comunidad Valenciana o de unos hipot\u00e9ticos Pa\u00efsos Catalans?<\/p>\n<p>R.- Creo que Valencia forma parte de la Comunidad Valenciana, es el cap i casal. La pol\u00e9mica de los pa\u00edses catalanes est\u00e1 superada.<\/p>\n<p>P.- Se\u00f1ora Alborch, con todo el respeto, \u00bfno le parece un poco vergonzoso el apoyo que usted da a la plataforma Salvem el Cabanyal despu\u00e9s de que miembros de esta plataforma insultaran a Rita, escupieran a concejales del PP o intentaran a agredirles? Si el PP apoyara a gente as\u00ed ustedes ya habr\u00edan puesto el grito en el cielo.<\/p>\n<p>R.- No creo, sinceramente, que los miembros de la Plataforma del Cabanyal realizaran ninguna agresi\u00f3n a la alcaldesa. Por supuesto les apoyo, porque coincidimos en la defensa de unos valores que buscan proteger el patrimonio valenciano y sus leg\u00edtimos intereses como vecinos. Es una plataforma pac\u00edfica, creativa y que busca tambi\u00e9n el di\u00e1logo. Gracias.<\/p>\n","protected":false},"excerpt":{"rendered":"<p>En su \u00faltimo libro, La ciudad y la vida, Carmen Alborch se entrega a los rincones de Valencia en un viaje por su propia trayectoria personal. En plena pol\u00e9mica sobre los derribos en el barrio del Cabanyal, la ex Ministra de Cultura y hoy portavoz del PSOE en Valencia habla de su ciudad.<br \/>\n\u00danase al grupo de los encuentros<br \/>\nde elmundo.es en Facebook<\/p>\n","protected":false},"author":1,"featured_media":0,"comment_status":"open","ping_status":"open","sticky":false,"template":"","format":"standard","meta":{"footnotes":""},"categories":[],"tags":[],"class_list":["post-3745","post","type-post","status-publish","format-standard","hentry"],"_links":{"self":[{"href":"https:\/\/intervius.com\/index.html\/wp-json\/wp\/v2\/posts\/3745","targetHints":{"allow":["GET"]}}],"collection":[{"href":"https:\/\/intervius.com\/index.html\/wp-json\/wp\/v2\/posts"}],"about":[{"href":"https:\/\/intervius.com\/index.html\/wp-json\/wp\/v2\/types\/post"}],"author":[{"embeddable":true,"href":"https:\/\/intervius.com\/index.html\/wp-json\/wp\/v2\/users\/1"}],"replies":[{"embeddable":true,"href":"https:\/\/intervius.com\/index.html\/wp-json\/wp\/v2\/comments?post=3745"}],"version-history":[{"count":0,"href":"https:\/\/intervius.com\/index.html\/wp-json\/wp\/v2\/posts\/3745\/revisions"}],"wp:attachment":[{"href":"https:\/\/intervius.com\/index.html\/wp-json\/wp\/v2\/media?parent=3745"}],"wp:term":[{"taxonomy":"category","embeddable":true,"href":"https:\/\/intervius.com\/index.html\/wp-json\/wp\/v2\/categories?post=3745"},{"taxonomy":"post_tag","embeddable":true,"href":"https:\/\/intervius.com\/index.html\/wp-json\/wp\/v2\/tags?post=3745"}],"curies":[{"name":"wp","href":"https:\/\/api.w.org\/{rel}","templated":true}]}}