{"id":3731,"date":"2010-01-26T00:00:00","date_gmt":"2006-11-06T00:00:00","guid":{"rendered":"https:\/\/intervius.com\/index.html\/?p=3731"},"modified":"2006-11-06T00:00:00","modified_gmt":"2006-11-06T00:00:00","slug":"Alberto_Ammann3731","status":"publish","type":"post","link":"https:\/\/intervius.com\/index.html\/Alberto_Ammann3731\/","title":{"rendered":"Alberto Ammann"},"content":{"rendered":"<p>Pregunta.- Desde Buenos Aires te saludo y te felicito Alberto. Estuve en Madrid y puede ver tu trabajo y la pel\u00edcula. Relamente geniales. Mucha mierda con el Goya. \u00bfSab\u00e9s cuando se estrenar\u00e1 en Argentina?<\/p>\n<p>Respuesta.- La verdad es que no tengo ni idea. S\u00e9 que hay mucho inter\u00e9s en que se vea, pero depende de los distribuidores que decidan comprarla. Hace poco me han llamado de Cadena 3 de C\u00f3rdoba (Argentina), de donde yo soy, por el tema de los Goya, que ha creado bastante expectaci\u00f3n. Creo que eso tambi\u00e9n suma a favor de que se pueda distribuir en Argentina. Lo bonito ser\u00eda que no s\u00f3lo llegase a unos cines en Buenos Aires sino a muchos m\u00e1s sitios.<\/p>\n<p>P.- Alberto, Buenas tardes: Enorabuena por la pelicula,(Celda 211) para mi eras un desconocido, pero a\u00fan asi, no siendo un grande experto en cine e interpretaciones, me ha encantado tu formidable papel. Quiza el argumento y la escenas merecian una atencion especial, pero tu lo bordaste. Tienes madera y un futuro para triunfar. Cuidate y trabaja. Un abrazo, Orostivar.<\/p>\n<p>R.- Muchas gracias. Ojal\u00e1 pueda tener la posibilidad de acercarme a papeles que me ayuden a crecer como actor, en cuanto a complejidad, en cuanto a contar una historia con la que la gente pueda empatizar o hacer un viaje.<\/p>\n<p>P.- \u00bfSue\u00f1a con filmar en EEUU?<\/p>\n<p>R.- No, no sue\u00f1o. No es un sue\u00f1o. Puede ser una fantas\u00eda, pero en realidad lo que m\u00e1s me interesa es poder trabajar en proyectos que me gusten, que tengan algo de sentido para m\u00ed, con los que me sienta c\u00f3modo y pueda crecer. El tema del mercado norteamericano lo desconozco, pero tengo una sensaci\u00f3n un poco de resistencia, por el momento.<\/p>\n<p>P.- Pedazo de oportunidad para mostrarse al mundo, es de esas pelis que no pasan desapercibidas&#8230;Por Dios, estuve toda la peli en tensi\u00f3n!!!!. Espero que vuestro trabajo se vea recompensado con muchos premios. \u00bfTe han surgido muchos proyectos \u00falitmamente?. Nos encantar\u00eda volver a verte en la pantalla, o por alg\u00fan garito madrile\u00f1o que nos quieras recomendar ;-). Isabel<\/p>\n<p>R.- Han salido algunos proyectos, s\u00ed. Ahora estoy con una pel\u00edcula que se llama Eva que dirige Kike Maillo, es una producci\u00f3n catalana y tambi\u00e9n una tv-movie que todav\u00eda no el t\u00edtulo definitivo. Estoy tratando de volver a los proyectos que ten\u00eda, tienen que ver con la m\u00fasica.<\/p>\n<p>P.- Felicidades por su papel, verdaderamente impresionante. Ojal\u00e9 gane el tan merecido Goya. \u00bfCuales son sus pr\u00f3ximos proyectos?<\/p>\n<p>R.- Adem\u00e1s de los que acabo de contar, Lope, que ya est\u00e1 filmada y se estrenar\u00e1 en septiembre.<\/p>\n<p>P.- Hola Alberto. Primero de todo darte la enhorabuena por tu trabajo. Has empezado fuerte y espero que esto sea s\u00f3lo la parrilla de salida hacia el estrellato. \u00bfEs muy dif\u00edcil para ti no utilizar el acento argentino en tus trabajos? Suerte! CARLA (por mi sigue con el acento argentino que es cautivador, jejeje)<\/p>\n<p>R.- Muchas gracias, Carla. Es cierto que he empezado fuerte. Es algo que no me esperaba, sobre todo porque ha sido todo junto. Un papel protagonista junto a Luis Tosar y un plantel de actores y una actriz enormes. Respecto al acento argentino es muy dif\u00edcil despegarse de \u00e9l, sobre todo cuando tienes que estar en contacto con algo intenso que te est\u00e9 pasando, pero es algo que hay que trabajarse porque los proyectos que me han tocado ahora no son de un personaje argentino. Por otro lado, tengo un punto a favor que es que yo me cri\u00e9 desde los dos meses hasta los cuatro a\u00f1os, trato de conectar con ello.<\/p>\n<p>P.- \u00bfQue le parecen la carceles espa\u00f1olas? \u00bfHa visitado alguna?. un saludo<\/p>\n<p>R.- He visitado s\u00f3lo una. No puedo decir que es un sitio agradable, para nada. S\u00ed he visto en esta c\u00e1rcel que visit\u00e9 que hay ciertos \u00e1mbitos de trabajo para los presos que creo que van por un buen camino de poder desarrollar inquietudes, posibilidades, estudios. Tengo la impresi\u00f3n de que uno de los grandes problemas de las c\u00e1rceles siguen siendo la medicaci\u00f3n de los presos y la drogadicci\u00f3n, sin pasar por alto de que las c\u00e1rceles son una consecuencia de un sistema en el cual vivimos que no hace la vida para nada f\u00e1cil. No creo que las c\u00e1rceles ayuden a rehabilitar a la gente como est\u00e1n planteadas.<\/p>\n<p>P.- Hola Alberto, Has trabajado con pesos pesados de la actuaci\u00f3n como Luis Tosar, Antonio Resines, Manuel Mor\u00f3n\u2026 etc. \u00bfC\u00f3mo te sentiste al estar al lado de semejante elenco?, \u00bfqu\u00e9 has aprendido de ellos? Grand\u00edsima actuaci\u00f3n en Celda 2Tienes un futuro muy prometedor. Seguiremos tu carrera. Mucha suerte Alberto. Un abrazo. Cris CJ<\/p>\n<p>R.- Hola Cris, much\u00edsimas gracias. Lo primero que sent\u00ed fue susto. Tambi\u00e9n mucho inter\u00e9s por ver a Luis trabajar ya que fue con \u00e9l con el que hice la primera prueba, en la que estaba Daniel Monz\u00f3n tambi\u00e9n. El hecho de tener a Luis Tosar delante ver c\u00f3mo trabajaba era una posibilidad de aprender enorme. Ya era un premio estar ah\u00ed. Del elenco de todos los actores lo que puedo decir es que ellos son un grupo de amigos que ya se conoc\u00edan todos. Yo llegu\u00e9 como el novato, como Juan llega a la c\u00e1rcel. Inmediatamente me hicieron sentir parte del equipo, de este grupo de amigos, nos hicimos amigos muy r\u00e1pido. Compartieron conmigo su experiencia, lo que fue algo maravilloso. Tienen muchas tablas y yo estaba poniendo una. Me abrigaron mucho de esta manera.<\/p>\n<p>P.- \u00bfcrees que en las c\u00e1rceles espa\u00f1olas hay muchos Malamadres?<\/p>\n<p>R.- S\u00ed, creo que s\u00ed. Creo que hay mucha gente a la que la vida le ha golpeado y ha cometido un error enorme o no tanto y de pronto en la c\u00e1rcel no ha podido redireccionar su vida y ha acabado delinquiendo m\u00e1s en la c\u00e1rcel que fuera, at\u00e1ndole a una vida de c\u00e1rcel, a tener que hacer esos dos personajes: el del que es capaz de matar por poder y el de que es capaz de ver en otro la vida que le hubiera gustado vivir y poder querer, poder respetar, a otra persona que est\u00e1 del otro lado.<\/p>\n<p>P.- Hola Alberto, soy Javi de Extremadura, antes de nada la pelicula es increible !!! Con un final demasiado triste, pero de las buenas, he leido de ti que has trabajado tanto en televisi\u00f3n como en teatro, que es lo que mas te gusta ?? o que aspiraciones tienes ??? Un saludo. Suerte con tu nominaci\u00f3n !!<\/p>\n<p>R.- Muchas gracias, Javi. Me atrae mucho hacer teatro. Creo que hay un poco m\u00e1s de espacio para investigar los personajes y aprender de ellos. Me encanta el cine y me gustar\u00eda poder trabajar en historias (sea cine, teatro o incluso televisi\u00f3n) en las que pueda tener esa sensaci\u00f3n de estar aprendiendo algo, de la humanidad de los personajes.<\/p>\n<p>P.- En primer lugar, merecid\u00edsima la candidatura al Goya&#8230; Impresionante el trabajo que haces, esa diferencia tan clara entre el Juan esposo y el Juan que finge ser asesino&#8230; \u00bfc\u00f3mo te ves m\u00e1s, de bueno o de malo?<\/p>\n<p>R.- Hoy en d\u00eda creo que me veo m\u00e1s en el papel de bueno porque a la hora de hacer un malo no me gustar\u00eda hacer un malo mal\u00edsimo, me gustar\u00eda trabajar con la dualidad d elos personajes y creo que tendr\u00eda que conectar con algo para hacer de malo que ahora mismo despu\u00e9s de Celda no me da muchas ganas de conectar.<\/p>\n<p>P.- Hola Alberto, Enhorabuena por esa interpretaci\u00f3n que te deja con el alma en un pu\u00f1o hasta el final&#8230; De la gente que me sorprende siento siempre curiosidad porqu\u00e9 tipo de pel\u00edculas le atraen, qu\u00e9 m\u00fasica le gusta&#8230; los libros que lee? Qu\u00e9 me dices de t\u00ed? Un beso. Marta<\/p>\n<p>R.- Hola Marta. Muchas gracias. Me gusta la m\u00fasica ampliamente, aunque es cierto que \u00faltimamente he vuelto a ciertos grupos de mi infancia, como Sumo, De Luca Prodan, me gusta la m\u00fasica cl\u00e1sica, el reggae, el tango, en definitiva es bastante amplio mi gusto en cuanto a m\u00fasica. Actualmente estoy leyendo de Claudio Naranjo Car\u00e1cter y neurosis, El poder del ahora de Eckhart Tolle, acabo de terminar de leer Conversaciones con Al Pacino y siempre vuelvo a Humanizar la tierra de Silo.<\/p>\n<p>P.- tu personaje est\u00e1 muy enamorado de su pareja en la pelicula. crees en un amor asi en la vida real tambien?<\/p>\n<p>R.- Absolutamente.<\/p>\n<p>P.- \u00a1Hola!Enhorabuena por ese trabajad\u00edsimo papel&#8230;\u00bfqu\u00e9 tiene Madrid que te ha hecho quedarte aqu\u00ed?Un saludo de gata<\/p>\n<p>R.- Muchas gracias, gata. Cuando llegu\u00e9 aqu\u00ed hace cinco a\u00f1os y medio tuve una sensaci\u00f3n extra\u00f1a, como si ya perteneciera a este lugar. Creo que tiene que ver con que mi infancia la viv\u00ed aqu\u00ed, que d\u00ed mis primeros pasos en Madrid, que aprend\u00ed a hablar aqu\u00ed, y esa sensaci\u00f3n tiene mucho que ver con que me haya quedado aqu\u00ed. Me gusta la gente que encuentro en las calles, me gusta que haya mucho teatro, que haya muchos cines, que haya cultura. Creo que es un sitio donde hay muchas posibilidades para la cultura y para lo art\u00edstico, aunque no est\u00e9 sac\u00e1ndole todo su jugo.<\/p>\n<p>P.- \u00bfPorqu\u00e9 no se valora lo suficiente el cine espa\u00f1ol aqu\u00ed en Espa\u00f1a?\u00bfque tiene las pel\u00edculas americanas que no tengan pel\u00edculas como &#8220;Celda 211&#8221;? No s\u00e9 si ser\u00e9 un bicho raro pero para m\u00ed el cine espa\u00f1ol es muy bueno, las pocas veces que me puedo escapar al cine es para ver cine espa\u00f1ol. Un saludo desde Ug\u00edjar (Granada)<\/p>\n<p>R.- Debo ser un bicho raro tambi\u00e9n porque a m\u00ed el cine espa\u00f1ol me parece que tiene muy buenas propuestas. Estamos acostumbrados, creo, a pedir del cine ciertas cosas que tienen m\u00e1s que ver con un vicio un poco norteamericano, de venta y compra, de compra y venta. De cosas espectaculares, de historias fant\u00e1sticas. Lo que m\u00e1s rescato de Celda 211 en esta comparaci\u00f3n es el intento de acercarse a lo humano desde lo t\u00e9cnico, desde lo interpretativo y desde la historia, con medios bastante alejados de los norteamericanos, con un presupuesto mucho menor, pero con mucho coraz\u00f3n y mucha entrega.<\/p>\n<p>P.- \u00bfQu\u00e9 pel\u00edculas ha realizado anteriormente?<\/p>\n<p>R.- Esta es la primera.<\/p>\n<p>P.- Alberto, cuantas veces has tenido que decir la frase &#8220;con dos emes y dos enes&#8221; \ud83d\ude42<\/p>\n<p>R.- Incontables veces. Pero hoy en d\u00eda ya me divierto con esto y no le doy importancia. Como que mi apellido se acent\u00faa en la primera y no en la segunda.<\/p>\n<p>P.- HOla Alberto, en primer lugar felicitarte por el m\u00e1gnifico papel que interpretas en Celda 211 y tu merecidsima nominaci\u00f3n que espero se convierta en un &#8220;merecidisimo Goya&#8221;. Creo que estas rodando ahora tu tercera pelicula &#8220;Eva&#8221;, como estas llevando esto de la &#8220;fama&#8221;?? Algo que te haya sorprendido y\/o decepcionado??. Gracias y te deseo muchos \u00e9xitos!!! Natalia<\/p>\n<p>R.- Hola Natalia, muchas gracias. Estoy rodando mi tercera pel\u00edcula, Eva, y lo estoy pasando muy bien con Daniel Br\u00fchl y con Marta Etura. Lo de la &#8220;fama&#8221; no ha modificado hasta ahora mi vida pr\u00e1cticamente. La gente que se acerca es muy respetuosa y lo hace con las mejores intenciones y eso se recibe. Es positivo y alienta.<\/p>\n<p>P.- \u00bfCon qu\u00e9 momento te quedas de entre todos los vividos durante el rodaje de Celda 211?<\/p>\n<p>R.- Tengo la sensaci\u00f3n de que si digo uno me quedo sin los otros. Lo \u00fanico por lo que puedo haberlo pasado mal es por algunos momentos de la historia que ten\u00eda que contar. S\u00ed recuerdo una an\u00e9cdota muy graciosa para nosotros en la que antes de desnudarme, cuando Malamadre me est\u00e1 preguntando de d\u00f3nde he salido, uno de los actores que hac\u00edan de presos ten\u00eda que decir &#8220;\u00bfA cu\u00e1ntas has asfixiado con eso, Superman?&#8221; cuando estaba desnudo, pero a\u00fan no me hab\u00eda quitado la ropa y despu\u00e9s de un minuto de silencio en el que nadie sab\u00eda qu\u00e9 hace ni qu\u00e9 decir se oy\u00f3 al figurante decir &#8220;Me parece que la he cagado&#8221;. Hubo muchas risas.<\/p>\n<p>P.- Beto, \u00bfsigues siendo fiel a tus ra\u00edces de poner ca\u00f1itas en La Chilostra? Si es as\u00ed, espero volver a verte pronto =)<\/p>\n<p>R.- La Chilostra sigue siendo un sitio de familia para m\u00ed, pero ya no pongo ca\u00f1as all\u00ed. Ahora paso de vez en cuando a tomarme una y a saludar a los chicos.<\/p>\n<p>P.- Hola, Me encanto tu actuaci\u00f3n en la pelicula. Puedes revelar el origin de tu apellido por favor? Suerte en las Goyas&#8230;.<\/p>\n<p>R.- Muchas gracias. Mi apellido es de origen suizo-alem\u00e1n.<\/p>\n<p>P.- Y el Goya al mejor actor revelaci\u00f3n es para&#8230;&#8230; ALBERTO AMMANN!!!! Ya tienes preparadas las palabras?? No se que ha significado para ti hacer la peli, pero te aseguro que para los espectadores has interpretado un papel duro, tierno, met\u00f3dico, impulsivo, sosegado, descontrolado&#8230;..vamos la cara y la cruz, pero sobretodo VALIENTE!!! No dejar\u00e9 de reconocer que Luis T\u00f3sar o Antonio Resines son GRANDES, pero &#8220;CELDA 211&#8221; no hubiera sido lo mismo sin tu interpretaci\u00f3n. Y ahora dime&#8230;.. C\u00f3mo te sentiste en Zamora?? Ve haciendo hueco al premio&#8230;.SUERTE!!!! Un saludo. Maika<\/p>\n<p>R.- Hola Maika, muchas gracias por los buenos deseos. En Zamora, donde rodamos Celda 211, me sent\u00ed muy bien tratado por la gente. COmimos de maravilla, hicimos amigos y me llevo recuerdos de mucha tranquilidad, cuando la necesitaba al salir del rodaje. Eso se agradece mucho. En cuanto a las palabras, si me lo diesen, ser\u00edan de agradecimiento. No he querido pensar mucho en eso. Estoy con la cabeza puesta en el trabajo. No me permito mucho distraerme si estoy con un trabajo.<\/p>\n<p>P.- que se siente uno cuando es preso, aunque sea ficci\u00f3n?<\/p>\n<p>R.- He podido aproximarme min\u00edmamente y me imagino que la angustia, el miedo, la sensaci\u00f3n de injusticia que yo he sentido, es diminuta comparada con la de alguien que tiene que pasar 10 \u00f3 20 a\u00f1os en una c\u00e1rcel.<\/p>\n<p>P.- En primer lugar s\u00f3lo quer\u00eda darte las gracias por hacernos vibrar ante una actuaci\u00f3n tan maravillosa en Celda 2Y en segundo lugar, he podido leer que dejaste tu carrera de Letras Modernas para dedicarte a la actuaci\u00f3n. Todos sabemos lo dura que es tu profesi\u00f3n y los sacrificios que ello conlleva \u00bfsi regresaras atr\u00e1s, volver\u00edas a elegir ser actor? Sigue as\u00ed Alberto, porque te auguro muchos \u00e9xitos. Mucha suerte en todos tus proyectos. Un beso. Cristina de la Cruz<\/p>\n<p>R.- Hola Cristina, otro beso para ti. S\u00ed volver\u00eda a elegir esta profesi\u00f3n. Volver\u00eda a dejar Letras Modernas y tambi\u00e9n Psicolog\u00eda, que dej\u00e9 antes. De hecho tambi\u00e9n dej\u00e9 tres a\u00f1os de Guitarra Cl\u00e1sica en el Conservatorio para dedicarme a la interpretaci\u00f3n. Volver\u00eda a hacerlo.<\/p>\n<p>P.- Ante todo, enhorabuena por tu papelazo. \u00bfComo reaccionaste cuando Daniel Monzon te llamo para hacer el papel? \u00bfEres conocedor de lo que arriesgo contigo? Desde la productora intentaron colarle algun que otro artista de moda y te eligio a ti.<\/p>\n<p>R.- Reaccion\u00e9 con mucha felicidad. Fui consciente del riesgo que tom\u00f3 Daniel durante el rodaje de la pel\u00edcula. A medida que iba aprendiendo sobre cine tambi\u00e9n iba aprendiendo sobre producciones y presupuestos y dem\u00e1s. Por suerte me enter\u00e9 pronto y pude valorar y agradecer el darme la oportunidad.<\/p>\n<p>P.- No es una pregunta es un agradecimieno para este magnifico actor, desconocido hasta el d\u00eda que entre en la sala de cine para ver Celda 211. Reconozco que fui a ver la pelicula obligada por mis amigos pues yo preferia ver una comedia pero estoy agradecida por ello. Me impresiono la actuaci\u00f3n de todos los actores pero sobre todo la tuya; un magnifico ejemplo de como un actor joven y sin fama puede actuar con actores de esa talla sin quedar relegado a un segundo plano, no solo eso sino brillar con luz propia. Gracias por el regalo de tu actuaci\u00f3n y felicidades por este trabajo; espero que sigas deleitandonos con tu trabajo y tenga ocasi\u00f3n de verte en vivo en un escenario de teatro.<\/p>\n<p>R.- Mil gracias. Para m\u00ed es una ilusi\u00f3n verme trabajando en teatro. Espero poder seguir form\u00e1ndome, poder seguir entrenando para llegar a un escenario de teatro y tener algo para ofrecer.<\/p>\n<p>P.- \u00bfQu\u00e9 le parece la novela que ha dado origen a la pel\u00edcula? \u00bfCree que mantiene la historia y la tensi\u00f3n que le ha dado el escritor? Por cierto, \u00bflo ha conocido personalmente?<\/p>\n<p>R.- He conocido personalmente a Francisco P\u00e9rez Gandul y es encantador. La novela es muy buena, s\u00ed que hay una tensi\u00f3n constante, al igual que en la pel\u00edcula. Creo que la pel\u00edcula mantiene en gran parte la propuesta del autor de la novela y eso no es f\u00e1cil de conseguir. S\u00e9 que Francisco est\u00e1 muy contento con la pel\u00edcula y eso es importante. Y s\u00e9 que est\u00e1 escribiendo otra novela que por lo que me est\u00e1 contando ser\u00e1 una excelente historia.<\/p>\n","protected":false},"excerpt":{"rendered":"<p>Es candidato al Goya al mejor actor revelaci\u00f3n por su trabajo en Celda 211, la pel\u00edcula espa\u00f1ola m\u00e1s exitosa de la temporada, con m\u00e1s de 10 millones de euros recaudados. Alberto Ammann charla con los lectores de ELMUNDO.es sobre esta historia carcelaria que coprotagoniza, los premios del cine espa\u00f1ol y sus proyectos.<\/p>\n","protected":false},"author":1,"featured_media":0,"comment_status":"open","ping_status":"open","sticky":false,"template":"","format":"standard","meta":{"footnotes":""},"categories":[],"tags":[],"class_list":["post-3731","post","type-post","status-publish","format-standard","hentry"],"_links":{"self":[{"href":"https:\/\/intervius.com\/index.html\/wp-json\/wp\/v2\/posts\/3731","targetHints":{"allow":["GET"]}}],"collection":[{"href":"https:\/\/intervius.com\/index.html\/wp-json\/wp\/v2\/posts"}],"about":[{"href":"https:\/\/intervius.com\/index.html\/wp-json\/wp\/v2\/types\/post"}],"author":[{"embeddable":true,"href":"https:\/\/intervius.com\/index.html\/wp-json\/wp\/v2\/users\/1"}],"replies":[{"embeddable":true,"href":"https:\/\/intervius.com\/index.html\/wp-json\/wp\/v2\/comments?post=3731"}],"version-history":[{"count":0,"href":"https:\/\/intervius.com\/index.html\/wp-json\/wp\/v2\/posts\/3731\/revisions"}],"wp:attachment":[{"href":"https:\/\/intervius.com\/index.html\/wp-json\/wp\/v2\/media?parent=3731"}],"wp:term":[{"taxonomy":"category","embeddable":true,"href":"https:\/\/intervius.com\/index.html\/wp-json\/wp\/v2\/categories?post=3731"},{"taxonomy":"post_tag","embeddable":true,"href":"https:\/\/intervius.com\/index.html\/wp-json\/wp\/v2\/tags?post=3731"}],"curies":[{"name":"wp","href":"https:\/\/api.w.org\/{rel}","templated":true}]}}