{"id":3716,"date":"2010-02-05T00:00:00","date_gmt":"2006-11-06T00:00:00","guid":{"rendered":"https:\/\/intervius.com\/index.html\/?p=3716"},"modified":"2006-11-06T00:00:00","modified_gmt":"2006-11-06T00:00:00","slug":"Ricardo_Peralta3716","status":"publish","type":"post","link":"https:\/\/intervius.com\/index.html\/Ricardo_Peralta3716\/","title":{"rendered":"Ricardo Peralta"},"content":{"rendered":"<p>Pregunta.- Sr. Peralta, enhorabuena por su profesionalidad y su gesti\u00f3n, excepto por un grave lunar: el absurdo proyecto de construir una c\u00e1rcel en Siete Aguas. \u00bfPor qu\u00e9 se empe\u00f1an en construirla en un suelo forestal protegido, con grave riesgo de incendios, contra la opini\u00f3n de grupos ecologistas, del Consell Valenci\u00e0 de Cultura, de la Conseller\u00eda de Medio Ambiente y de 250 bi\u00f3logos y cient\u00edficos valencianos? \u00bfPor qu\u00e9 han gastado 1,5 millones de euros en comprar un terreno antes de hacer el estudio de impacto ambiental? \u00bfPor qu\u00e9 no convence Vd. al Ministerio de Interior de que ese lugar no es apropiado para una c\u00e1rcel y eligen otra alternativa de las muchas que puede haber en la provincia? Muchas gracias<\/p>\n<p>Respuesta.- Gracias por tus amables palabras acerca de mi gesti\u00f3n, que no es otra cosa que cumplimiento profesional de mis obligaciones. Por lo que se refiere al proyecto de centro penitenciario en Siete Aguas, te confirmo que se ha trabajado en base a una serie de informes que han terminado recomendando ese emplazamiento como el m\u00e1s id\u00f3neo de los estudiados. La decisi\u00f3n final depende del resultado de toda una serie de tramites administrativos que se han iniciado y en los que habr\u00e1 informaci\u00f3n p\u00fablica y participaci\u00f3n ciudadana con el objeto de escuchar y atender en su caso las razones que se manifiesten. En todo caso considero importante destacar el apoyo manifestado al proyecto por la pr\u00e1ctica totalidad de los representantes municipales del Ayuntamiento, circunstancia para nosotros relevantes porque son los representantes democr\u00e1ticamente elegidos por los ciudadanos.<\/p>\n<p>P.- Ricardo, \u00bfte gustar\u00eda que Canal Nou emitiese \u00edntegramente en valenciano?<\/p>\n<p>R.- Creo que es una decisi\u00f3n posible legalmente y que seguramente ser\u00eda coherente con la finalidad de potenciar nuestra lengua, teniendo en cuenta que la mayor parte de los restantes medios de comunicaci\u00f3n social utilizan el castellano<\/p>\n<p>P.- A\u00fan estamos esperando l@s valencian@s que alguien del Gobierno Central venga a defender de verdad los &#8220;chiringuitos&#8221; de la playa. \u00bfNo se les cae la cara de verg\u00fcenza? \u00bfPor qu\u00e9 a Catalu\u00f1a y Andaluc\u00eda les transfieren la competencia y a nosotr@s no?<\/p>\n<p>R.- Los denominados chiringuitos est\u00e1n funcionando con normalidad en la Comunitat Valenciana y as\u00ed va a continuar sucediendo. Sobra cualquier alarmismo en la materia porque carece de cualquier fundamento. Lo que pretendemos es que la minor\u00eda de establecimientos que no se ajustan plenamente a la legalidad lo hagan y ello en beneficio de todos los ciudadanos ya que los paseos mar\u00edtimos est\u00e1n concebidos como paseos para los ciudadanos ( y \u00e9stos necesitan de los chiringuitos y por esta raz\u00f3n los hemos intalado y van a seguir funcionando), pero no como galerias comerciales de negocios hosteleros. Las transferencias de competencias en su caso est\u00e1n previstas en los respectivos Estatutos de Autonom\u00eda y el recientemente aprobado de la Comunitat Valenciana no contempla dicha transferencia a diferencia de lo que hace el de Catalu\u00f1a. En esta materia de transferencias, tambien respetamos la legalidad.<\/p>\n<p>P.- Conteste sin rodeos, \u00bfTajo-Segura s\u00ed o no? \u00bfPuede asegurar que el Gobierno eliminar\u00e1 la caducidad del trasvase o la barbaridad de la reserva de 6.000 hm3?<\/p>\n<p>R.- Sin rodeos, el trasvase Tajo-Segura est\u00e1 funcionando y cuando hace falta el Gobierno de Espa\u00f1a, como hizo hace 2 semanas, acuerda una nueva aportaci\u00f3n desde el Tajo para cubrir las necesidades de las comarcas del Sur. No es competencia del Gobierno de Espa\u00f1a el texto del Estatuto de Autonom\u00eda de Castilla-La Mancha que se encuentra en tr\u00e1mite parlamentario y ser\u00eda bueno que se aprobara por el m\u00e1ximo consenso. La obligaci\u00f3n del Gobierno de Espa\u00f1a es garantizar la cobertura de las necesidades h\u00eddricas en todo el Estado y, por tanto, en nuestra Comunitat y as\u00ed lo hace, dotando los fondos necesarios y acordando las aportanciones oportunas, sin que hasta la fecha se haya producido ning\u00fan corte en el suministro de agua<\/p>\n<p>P.- Responda sinceramente. \u00bfPor qu\u00e9 cree que el PSOE apoy\u00f3 grandes eventos en ciudades como Barcelona, Zaragoza o Sevilla y sin emabrago se opone a la formula1 o la Americas Cup en Valencia?.<\/p>\n<p>R.- Con toda la sinceridad, hemos hecho tanta aportaci\u00f3n a la Copa Am\u00e9rica que todas las inversiones que se han efectuado lo han sido con cr\u00e9ditos del Instituto de Cr\u00e9dito Oficial, avalados por el Estado, y nosotros henmos sido la unica administraci\u00f3n que ha aportando su parte, 16 millones de euros, al funcionamiento del Consorcio, sin que hasta la fecha lo hayan efectuado ni la Generalitat (otros 16 millones de euros) ni el Ayuntamiento (8 millones de euros). Esta es la realidad de nuestro compromiso y as\u00ed lo reconocen las otras Administraciones<\/p>\n<p>P.- \u00bfC\u00f3mo puede ser que socialistas y sindicatos est\u00e9n a favor de la ampliaci\u00f3n de la edad de jubilaci\u00f3n a los 65 a\u00f1os?.<\/p>\n<p>R.- Nuestra sociedad experimenta cambios muy importantes en todos los \u00f3rdenes. A nivel demogr\u00e1fico cabe destacar el envejecimiento de la poblaci\u00f3n, lo que supone que la vida de las pensionistas se alarga y el coste de sus pensiones tambi\u00e9n. Asimismo se retrasa la edad de incorporaci\u00f3n al trabajo como consecuencia de la exigencia de una mayor formaci\u00f3n previa. La conjunci\u00f3n de ambos factores, que suponen menos a\u00f1os de cotizaci\u00f3n para unas pensiones m\u00e1s largas, aconsejan estudiar f\u00f3rmulas como las planteadas por el Gobierno de Espa\u00f1a para su debate en el parlamento y con las organizaciones sociales. Son medidas similares a las adoptadas en los pa\u00edses de nuestro entorno<\/p>\n<p>P.- Sr. Peralta, \u00bfcree ud. de verdad que los problemas h\u00eddricos de la Comunidad Valenciana se solucionan construyendo las desaladoras de Denia y Sagunto?.<\/p>\n<p>R.- Son medidas, que junto a la construcci\u00f3n del trasvase J\u00facar-Vinalop\u00f3, que en la parte que nos corresponde a nosotros est\u00e1 muy avanzado y lo terminaremos a mediados de a\u00f1o, junto con las otras desaladoras en marcha y las numerosas medidas de modernizaci\u00f3n de regad\u00edos y ahorro de agua, nos permitir\u00e1n disfrutar de una situaci\u00f3n radicalmente distinta con cobertura plena y definitiva de nuestras necesidades h\u00eddricas. Al d\u00eda de hoy no se registra ning\u00fan corte en el suministro, circunstancia \u00e9sta muy frecuente en el pasado<\/p>\n<p>P.- Sr. Peralta. Nos puede explicar que ha pasado con los campus universitarios valencianos que no han recibido la clasificaci\u00f3n de excelencia y por lo tanto no van a tener acceso a subvenci\u00f3n por parte del Gobierno Central. DE todos es reconocida la Universidad Polit\u00e9cnica de Valencia como una de las mejores de Espa\u00f1a.<\/p>\n<p>R.- El Gobierno de Espa\u00f1a ha hecho una apuesta decidida porque el modelo de crecimiento econ\u00f3mico se base en el conocimiento y no exclusivamente en el cemento, como ha hecho por ejemplo el Gobierno de la Generalitat, que ha descuidado la financiaci\u00f3n de las Universidades valencianas, coloc\u00e1ndolas en situaci\u00f3n permanente de emergencia. El Gobierno de Espa\u00f1a, coherente con aquella apuesta, convoc\u00f3 un concurso de campus de excelencia con el objtivo de ayudar a la mejora de las Universidades. En la primera fase de ese concurso, las Universidades valencianas no otuvieron la calificacion, pero s\u00ed alcanzaron el nivel de obtener ayudas estatales que les permitan en este a\u00f1o alcanzar la calificaci\u00f3n de campus de excelencia internacional. Y en esta direcci\u00f3n trabajamos, tanto las dos Universidades como la Administraci\u00f3n central<\/p>\n<p>P.- \u00bf De verdad cree que el AVE estar\u00e1 circulando en el 2010 de modo comercial ? Por mas que lo veo no progresa. Gracias. PD Si el 31 de diciembre de este a\u00f1o no circula el AVE, \u00bf usted dimitir\u00e1 ?<\/p>\n<p>R.- Basta con que te asomes a la estaci\u00f3n del Norte de Valencia para ver la entrada ya del AVE en nuestra Ciudad. O que te des una vuelta por cualquier punto de la Comunitat para comprobar la celeridad de las obras. O m\u00e1s sencillo, que leas cualqueir medio de comunicaci\u00f3n donde podr\u00e1s ver im\u00e1genes que acreditan que antes de que finalice el a\u00f1o el AVE ser\u00e1 realidad en la Comunitat y en concreto en Valencia. Y luego en el 2012 den Alicante y a continuaci\u00f3n en Castell\u00f3<\/p>\n<p>P.- ser\u00e1 usted candidato a alcalde de valencia en las pr\u00f3ximas elecciones?<\/p>\n<p>R.- Bastante faena tengo con cumplir con mis obligaciones actuales de Delegado del Gobierno para plantearme ese tipo de especulaciones que, en la mayor\u00eda de los casos, son interesadas. Adem\u00e1s me encuentro muy a gusto aqu\u00ed que me permite trabajar no s\u00f3lo por la ciudad de Valencia, tan querida para m\u00ed, sino por toda la Comnunitat, que es mi tierra. El candidato lo decidir\u00e1 en su momento el Partido<\/p>\n<p>P.- quisiera saber por que se consiente el trafico masivo de drogas en el cabanyal. Cualquier vecino sabe perfectamente en que casas estan traficando de manera &#8220;masiva&#8221;, cualquier vecino sabe en que solares y casas abandonadas ( con el consentimiento del ayuntamiento, en su politica de degradar el barrio) estan decenas de yonquis pinchandose a cualquier hora del dia. por que no ayuda a los vecinos y decide actuar eficazmente en la zona?? por que no actua la policia nacional y la fiscalia de menores en las decenas de ni\u00f1os y jovenes de etnia gitana que no estan escolarizados y que permanecen todo el dia en las calles colaborando con el trafico y con el menudeo?? Necesitamos en el barrio una clara, contundente y decidida actuaci\u00f3n para acabar con esta lacra que mata al barrio. Los vecinos que nos oponemos al plan destructor de Rita necesitamos de su apoyo , que se nos cuide por Dios..<\/p>\n<p>R.- En el barrio del Cabanyal, como en el resto de la ciudad, no hay la menor tolerancia con la delincuencia, del tipo que sea. De hecho estamos consiguiendo reducir significativamente el nivel de delincuencia en toda la ciudad y de forma sistem\u00e1tica. Hay otro tipo de situaciones, como la que refiere de ni\u00f1os o de ubicaci\u00f3n de determinados colectivos, que no son competencia y responsabilidad nuestra, sino del Ayuntamiento y la Generalitat que son los que deben dar cuentas de ello. En todo caso, nosotros somos partidarios y apostamos por la rehabilitaci\u00f3n del barrio, respetando las caracter\u00edsticas que le hicieron merecedor de la calificaci\u00f3n de Bien de Inter\u00e9s Cultural otorgada en su d\u00eda, no por nosotros, sino por la propia Generalitat Valenciana<\/p>\n<p>P.- no opina que en tiempos de crisis ser\u00eda m\u00e1s conveniente reducir el gasto en grandes eventos como la copa am\u00e9rica o la f1?<\/p>\n<p>R.- De hecho, hemos comunicado a las otras Administraciones que somos partidarios de que la 33\u00aa edici\u00f3n de la Copa Am\u00e9rica se desarrolle en las condiciones de austeridad adecuadas a la situaci\u00f3n de crisis que atravesamos. Pero tambien entendemos que la celebraci\u00f3n de esa edici\u00f3n puede reportar beneficios a la Ciudad y a la Comunitat y eso requiere de determinados costes<\/p>\n<p>P.- Sr. Peralta, piensa usted que el &#8220;parany&#8221; debe ser legal o no?<\/p>\n<p>R.- La raz\u00f3n por la que el parany no se ajusta a la normativa comunitaria europea es, tal como han establecido el Tribunal Superior de Justicia de la Comunitat Valenciana, el Tribunal Supremo y el Tribunal de Justicia de la Comunidad Europea, es que se trata de un m\u00e9todo no selectivo. No se han aportado pruebas en sentido contrario. Si se acreditan esas pruebas, se deber\u00eda a continuaci\u00f3n plantear el cambio de la normativa comunitaria, en concreto en el Parlamento Europeo, donde hay mayor\u00eda del Partido Popular Europeo. Mientras no cambie dicho normativa, ni el Gobierno central ni el gobierno auton\u00f3mico pueden validamente legislar en contra. Por tanto, en ning\u00fan caso hahy conflicto con el Gobierno de Espa\u00f1a, ya que la demostraci\u00f3n de que no es un metodo indiscriminado de caza corresponde a la Generalitat y el cambio consecuente de la normativa comunitaria corresponde al Parlamento Europeto, en ambos casos con mayor\u00eda del PP<\/p>\n<p>P.- se\u00f1or Peralta porque los valencianos aportando tanto al estado tenemos la financiacion mas baja por parte del estado..es justo eso<\/p>\n<p>R.- El estado espa\u00f1ol es solidario y eso implica que aportan m\u00e1s los que m\u00e1s tienen y reciben m\u00e1s los que menos tienen. Creo que esa evidencia es buena y nos permite que, ahora teniendo una media de paro superior a la nacional, m\u00e1s valencianos tengan cobertura del paro gracias a la solidaridad estatal. O que reclamemos la cobertura de nuestras necesidades h\u00eddricas con los medios de todo el estado, como se viene haciendo desde hace d\u00e9cadas. Esta situaci\u00f3n es la mejor para todos. Y en todo caso, la reciente reforma de la financiaci\u00f3n auton\u00f3mica mejora notablemente el anterior sistema aprobado por el Gobierno del PP en su d\u00eda<\/p>\n<p>P.- Los cuarteles se caen a pedazos, faltan guardias civiles, &#8230; \u00bfcu\u00e1ndo van a solucionar estos problemas?<\/p>\n<p>R.- Estamos llevando a cabo el m\u00e1s ambicioso programa de modernizaci\u00f3n de los muchos cuarteles existentes en nuestra Comunitat, tanto mediante inversi\u00f3n ordinaria como con inversi\u00f3n extraordinaria. Recuperando mucho del atraso que en este terreno nos dej\u00f3 el Gobierno del PP. En cuanto al incremento de efectivos, lo hemos hecho en unos t\u00e9rminos que todos los alcaldes, y en concreto los del PP, nos reconocen ese esfuerzo y la importante contribuci\u00f3n conseguida con ello al descenso de la delincuencia. Continduamos trabajando en esa direcci\u00f3n<\/p>\n<p>P.- En Torrevieja llevamos a\u00f1os pidiendo una comisar\u00eda, \u00bfcu\u00e1ndo se har\u00e1 realidad este proyecto que tanta falta nos hace?<\/p>\n<p>R.- El territorio esta dividido a efectos de seguridad en unas zonas que son competencia de la Guardia Civil y otras son del Cuerpo Nacional de Polic\u00eda. No se produce la superposici\u00f3n de ambas Fuerzas en un mismo territorio. Actualmente Torrevieja es competencia de la Guardia Civil, que tiene destinados all\u00ed centenares de agentes. La implantaci\u00f3n de la Comisar\u00eda de la Polic\u00eda Nacional obligar\u00eda a sustituir a esos centenares de agentes de la Guardia Civil por un n\u00famero, al menos similar, de policias nacionales. Se trata de una operaci\u00f3n compleja y nosotros al d\u00eda de hoy apostamos como prioridad por mejorar la seguridad reforzando las dotaciones de quienes actualmente trabajan en el territorio para combatir la delincuencia. Y as\u00ed actuamos en Torrevieja,con buenos resultados<\/p>\n<p>P.- Que reformas van ha hacer en el Palau del Temple, que problemas tiene, cuanto va a durar,&#8230;gracias<\/p>\n<p>R.- El Palau del Temple seguir\u00e1 siendo la sede de la Delegaci\u00f3n del Gobierno de Espa\u00f1a en nuestra Comunitat. Pero para cumplir esa finalidad necesita de una modernizaci\u00f3n que permita el funcionamiento de la Delegaci\u00f3n en una Comunidad de la importancia de la nuestra. Tal es la finalidad, respetando las caracter\u00edsticas y el valor del Palau, y las obras se inician pr\u00f3ximamente y se prolongar\u00e1n durante cerca de 2 a\u00f1os. Al t\u00e9rmino de los mismos, estar\u00e1 nuevamente abierto a los ciudadanos y est\u00e1r\u00e9 encantado de recibirte en el mismo<\/p>\n<p>P.- Sin duda es ud. el Delegado del Gobierno m\u00e1s combativo y de perfil pol\u00edtico m\u00e1s alto de los \u00faltimos a\u00f1os en la CCVV. \u00bfSus aspiraciones a medio plazo incluyen un puesto de mayor relevancia en la administraci\u00f3n? \u00bfUna Secretar\u00eda de Estado e incluso un Ministerio, por ejemplo?<\/p>\n<p>R.- Te agradezco tus amables palabras. Pero cr\u00e9eme que me encuentro a gusto aqu\u00ed, entre mi gente, disfrutando del aprecio de la misma y trabajando diariamente en beneficio de ella. Esta es mi tarea actual y mi unico objetivo<\/p>\n<p>P.- Sr. Peralta, c\u00f3mo es posible que Fomento no se decida de una vez a ejecutar la 340 a su paso por Castell\u00f3n, seg\u00fan el trazado que le propuso la Conseller\u00eda y el Ayuntamiento? Solo tiene ventajas y ning\u00fan inconveniente.<\/p>\n<p>R.- Quiero recordarte que en su d\u00eda el Ministerio elabor\u00f3 un proyecto que fu\u00e9 sometido a informaci\u00f3n publica, recibiendo la aprobaci\u00f3n de la Generalitat y el Ayuntamiento de Castell\u00f3. Quienes tienen que explicar por qu\u00e9 han cambiado de opini\u00f3n son estas instituciones y no el Ministerio que se somete a lo que en su d\u00eda se consensu\u00f3 y se aprob\u00f3. M\u00e1xime cuando nadie ha conseguido concretar algun perjuicio derivado de aquel proyecto inicial. Y retrasarlo, sin fundamento real, no va a suponer m\u00e1s que perjuicios.<\/p>\n<p>P.- \u00bf C\u00f3mo ve la actuaci\u00f3n de ZP en Valencia?<\/p>\n<p>R.- Sin lugar a dudas y as\u00ed lo acreditan las cifras, como el Gobierno que m\u00e1s invierte en nuestra Comunitat, procurando la modernizaci\u00f3n de sus infraestructuras estrat\u00e9gicas (tanto el Tren de Alta Velocidad, como los aeropuertos, las carreteras o los puertos)y consiguiendo de ese modo mejorar las condiciones de movilidad y de desarrollo de la actividad econ\u00f3mica de todos los sectores econ\u00f3micos. Nosotros no apostamos prioritariamente por grandes eventos, pasajeros, en beneficio s\u00f3lo de alg\u00fan sector econ\u00f3mico, sino por infraestructuras estrat\u00e9gicas permanentes que benefician a todos. De otra parte, estamos llevando a cabo una importante labor de protecci\u00f3n social de los miles de personas afectadas por la grave crisis internacional, situaci\u00f3n que tiene una especial incidencia en nuestra Comunitat. Creo que Jose Luis Rodriguez Zapatero est\u00e1 cumpliendo adecuadamente con los objetivos que le permitieron ganar las elecciones de 2008 al Sr. Rajoy (una vez m\u00e1s ) y estoy seguro de que se presentar\u00e1 con un importante bagaje de hechos a las pr\u00f3ximas para conseguir nuevamente revalidar la mayor\u00eda<\/p>\n<p>P.- Se\u00f1or Peralta. En Alicante estamos especialmente preocupados por las infraestructuras. \u00bfCree que ser\u00e1 posible cumplir el compromiso de traer la alta velocidad a la capital en 2012? Respecto al aeropuerto de El Altet. \u00bfSe cumplen las previsiones de las obras de ampliaci\u00f3n? \u00bfCu\u00e1ndo estar\u00e1 lista la nueva terminal? Gracias.<\/p>\n<p>R.- Basta acercarse al aeropuerto de L\u00b4Altet para comprobar que a fines de este a\u00f1o estar\u00e1 terminada la nueva terminal que va a duplicar su capacidad. Asimismo, ya estamos entrando las obras del AVE en la capital. Nuestras obras son la mejor garant\u00eda de que al terminko de los pr\u00f3ximos 2 a\u00f1os la provincia de Alicante va a disfrutar de un escenario de infraestructuras (AVE, Aeropuerto, A-7, cobertura de las necesidades h\u00eddricas, etc) notablemente distinto y mejor que el actual<\/p>\n","protected":false},"excerpt":{"rendered":"<p>\u00bfMargina Jos\u00e9 Luis Rodr\u00edguez Zapatero a los valencianos o es su Ejecutivo el que m\u00e1s ha invertido en la Comunidad Valenciana? Ricardo Peralta, delegado del Gobierno, responde. Sobre la mesa: la financiaci\u00f3n, el Cabanyal, el agua, el parany&#8230;<\/p>\n","protected":false},"author":1,"featured_media":0,"comment_status":"open","ping_status":"open","sticky":false,"template":"","format":"standard","meta":{"footnotes":""},"categories":[],"tags":[],"class_list":["post-3716","post","type-post","status-publish","format-standard","hentry"],"_links":{"self":[{"href":"https:\/\/intervius.com\/index.html\/wp-json\/wp\/v2\/posts\/3716","targetHints":{"allow":["GET"]}}],"collection":[{"href":"https:\/\/intervius.com\/index.html\/wp-json\/wp\/v2\/posts"}],"about":[{"href":"https:\/\/intervius.com\/index.html\/wp-json\/wp\/v2\/types\/post"}],"author":[{"embeddable":true,"href":"https:\/\/intervius.com\/index.html\/wp-json\/wp\/v2\/users\/1"}],"replies":[{"embeddable":true,"href":"https:\/\/intervius.com\/index.html\/wp-json\/wp\/v2\/comments?post=3716"}],"version-history":[{"count":0,"href":"https:\/\/intervius.com\/index.html\/wp-json\/wp\/v2\/posts\/3716\/revisions"}],"wp:attachment":[{"href":"https:\/\/intervius.com\/index.html\/wp-json\/wp\/v2\/media?parent=3716"}],"wp:term":[{"taxonomy":"category","embeddable":true,"href":"https:\/\/intervius.com\/index.html\/wp-json\/wp\/v2\/categories?post=3716"},{"taxonomy":"post_tag","embeddable":true,"href":"https:\/\/intervius.com\/index.html\/wp-json\/wp\/v2\/tags?post=3716"}],"curies":[{"name":"wp","href":"https:\/\/api.w.org\/{rel}","templated":true}]}}