{"id":3709,"date":"2010-02-10T00:00:00","date_gmt":"2006-11-06T00:00:00","guid":{"rendered":"https:\/\/intervius.com\/index.html\/?p=3709"},"modified":"2006-11-06T00:00:00","modified_gmt":"2006-11-06T00:00:00","slug":"Edurne_Pasaban3709","status":"publish","type":"post","link":"https:\/\/intervius.com\/index.html\/Edurne_Pasaban3709\/","title":{"rendered":"Edurne Pasaban"},"content":{"rendered":"<p>Pregunta.- Hola Edurne, \u00bfque es lo que te impulsa a ascender estas cumbres t\u00e1n peligrosas? Te deseo mucha fuerza f\u00edsica y mental, eres un ejemplo a seguir de superaci\u00f3n personal.<\/p>\n<p>Respuesta.- Muchas gracias. Lo que me impulsa a subir estas monta\u00f1as es la pasi\u00f3n y lo feliz que me hace.<\/p>\n<p>P.- Hola Edurne, \u00bfqu\u00e9 consejo le dar\u00edas a la gente joven que tienen un sue\u00f1o, y \u00e9ste representa renunciar a todo lo logrado hasta ahora? Much\u00edsima suerte en tus pr\u00f3ximas ascensiones.<\/p>\n<p>R.- Si es un sue\u00f1o no te va a costar nada renunciar a todo lo que has logrado. Los sue\u00f1os no son f\u00e1ciles, pero lo mejor es el camino a recorrer.<\/p>\n<p>P.- Saludos, Edurne. \u00bf C\u00f3mo te vas a desplazar entre los campos base ? Mucha suerte.<\/p>\n<p>R.- Me imagino que te refieres a c\u00f3mo me voy a desplazar desde el Shisa Pagma hasta el Annapurna&#8230; del Shisa Pagma voy a tener que bajar andando hasta Katmand\u00fa y a continuaci\u00f3n seguramente coger\u00e9 un helic\u00f3ptero desde Pokara al campo base del Annapurna.<\/p>\n<p>P.- Si consigues subir a los 14 ochomiles, \u00bftienes pensados otros nuevos retos?<\/p>\n<p>R.- Hay muchas cosas en la cabeza y una de ellas es poder subir al Everest sin ox\u00edgeno, que quiz\u00e1s ser\u00eda el pr\u00f3ximo proyecto para el 20Tampoco descarto hacer cosas que no tengan nada que ver con la monta\u00f1a y que tambi\u00e9n est\u00e1n en mente.<\/p>\n<p>P.- Edurne, Muchas felicidades por toda tu carrera, mi mayor admiraci\u00f3n y respeto. Como monta\u00f1ero amateur respeto mucho vuestro trabajo y logros. Sin embargo me inquietan alguas pr\u00e1ctica nuevas de alpinismo o escalada que priman la rapidez o dificultad en detrimento de la seguridad. La vida es propiedad de cada uno pero, \u00bfno es el momento de regular un m\u00ednimo estas actividades, al igual que existen l\u00edmites en otros entornos peligrosos como la carretera? Muchas gracias. Zigor de Bilbao.<\/p>\n<p>R.- Es muy dif\u00edcil regular los l\u00edmites en la monta\u00f1a. Los l\u00edmites tienen que empezar por concienciar a la gente de que el deporte que se practica est\u00e1 en manos de todos y al alcance de todos, perro es un deporte de riesgo igual en el Himalaya o en los Pirineos. Hay que ser consciente los propios l\u00edmites y del peligro que se corre antes de comenzar a practicar este deporte.<\/p>\n<p>P.- \u00bfCu\u00e1l es el peor problema de salud que te puede afectar en la monta\u00f1a y que no sea provocado por una ca\u00edda?<\/p>\n<p>R.- Una de las cosas que suele ser muy problem\u00e1tica es coger un catarro o algo parecido, ya que no puedes tomar antibi\u00f3ticos y entonces curarte suele ser bastante complicado. Por eso siempre tenemos que tener mucho cuidado con el abrigo, con no enfriarse&#8230; porque un simple catarro te puede fastidiar toda la expedici\u00f3n.<\/p>\n<p>P.- \u00bfQu\u00e9 sentir\u00edas si le pasara algo a alguna de tus &#8220;rivales&#8221; por ser la primera mujer en subir los 14 ochomiles?<\/p>\n<p>R.- Ojal\u00e1 nunca pase, porque antes que ser rivales son amigas y perder\u00eda una amiga, o sea que ojal\u00e1 nunca pase una cosa as\u00ed.<\/p>\n<p>P.- \u00bfTe atreverias a participar en Supervivientes como Juanito Oiarzabal?<\/p>\n<p>R.- No. Ni loca. Creo que hay que poner cada cosa en su lugar.<\/p>\n<p>P.- Te parece \u00e9tica la forma que utiliza tu rival Oh Eun sun pra subir a los ochomiles: sherpas abri\u00e9ndole huella, ox\u00edgeno a discrecci\u00f3n, helic\u00f3pteros, etc.<\/p>\n<p>R.- Cada uno afronta sus monta\u00f1as como cree que debe hacerlo. Yo respeto el estilo de Miss Oh.<\/p>\n<p>P.- \u00bfqu\u00e9 opini\u00f3n tienes sobre los nuevos programas de televisi\u00f3n cercanos al reality-alpinista? \u00bfnos recomiendas alg\u00fan documental sobre el mundo del a monta\u00f1a? gracias y mucha suerte.<\/p>\n<p>R.- Quiz\u00e1 es una manera de dar a conocer nuestro deporte, pero de una forma en la que parece accesible a todo el mundo cuando es un deporte con un riesgo muy elevado, de modo que no me gustar\u00eda que pareciese que es m\u00e1s f\u00e1cil de lo que es en realidad.<\/p>\n<p>P.- No crees que hoy d\u00eda subir a los ochomiles por las rutas normales es algo superado y que s\u00f3lo aporta algo a nivel personal y no al deporte. Se dice que estas actividades realmente son vacaciones para gente que tiene mucho dinero (o puede conseguirlo) y tiempo, que el alpinismo de vanguardia est\u00e1 en otro lado. Antonio Garc\u00eda Madrid<\/p>\n<p>R.- Es verdad que hay cosas alpin\u00edsticamente mucho m\u00e1s vanguardistas que subir una monta\u00f1a por la v\u00eda normal, pero creo que s\u00ed aporta algo porque supone un reto llegar hasta all\u00ed y no es algo tan accesible como parece. Requiere una gran preparaci\u00f3n y una dedicaci\u00f3n como cualquier otro deporte profesional.<\/p>\n<p>P.- Hola Edurne. \u00bfHay machismo en el alpinismo? gracias y enhorabuena por tus logros.<\/p>\n<p>R.- Es un deporte muy masculino y algunas veces me pregunto si me criticar\u00edan tanto si fuese un hombre y si me har\u00edan demostrar constantemente mi val\u00eda como alpinista.<\/p>\n<p>P.- \u00bf Quienes forman el resto de la expedici\u00f3n ?<\/p>\n<p>R.- Como miembros escaladores estamos el equipo de siempre: \u00c1lex Chic\u00f3n, Ferr\u00e1n Latorre, Asier Izaguirre y este a\u00f1o tambi\u00e9n nos acompa\u00f1ar\u00e1 Nacho Orviz. Iremos acompa\u00f1ados tambi\u00e9n como es habitual por el equipo de Al filo de lo imposible.<\/p>\n<p>P.- \u00bfQu\u00e9 valor le das al uso de ox\u00edgeno? \u00bfEs lo mismo subir con \u00e9l al Everest? Mart\u00edn de Salamanca<\/p>\n<p>R.- Yo sub\u00ed al Everest en el a\u00f1o 2001 con ox\u00edgeno, porque no conoc\u00eda en aquel momento mis limitaciones en altura. Al d\u00eda de hoy es una espina que tengo clavada el poder subir sin ox\u00edgeno y creo que prepar\u00e1ndose y con una buena aclimataci\u00f3n hay que hacer las monta\u00f1as sin \u00e9l.<\/p>\n<p>P.- \u00bfEst\u00e1s entrenada?, lo digo porque con la cantidad de actos, digamos &#8220;sociales&#8221; a los que est\u00e1s acudiendo no te debe quedar mucho tiempo para machacarte&#8230; Antxon de Oiartzun<\/p>\n<p>R.- Espero que s\u00ed. Es verdad que tengo muchos actos pero intento buscar los momentos para entrenar. Cuando tengo actos sociales corro o voy en bicicleta pero siempre cojo algunos d\u00edas entre semana para subirme al Pirineo y poder entrenar en serio&#8230; y mi entrenador me machaca si no cumplo.<\/p>\n<p>P.- \u00bfCu\u00e1l es el ochomil que menos te ha gustado?<\/p>\n<p>R.- El ochomil que menos me ha gustado puede ser el Lhotse, porque est\u00e1 al lado del Everest y quiz\u00e1s \u00e9ste le hace sombra y no tiene nada en particular. Y el m\u00e1s dif\u00edcil, sin duda el K2.<\/p>\n<p>P.- Hola Edurne. \u00bfNo crees que pon\u00e9is en riesgo la vida de mucha gente que os rodea (sherpas, otros alpinistas, etc.) para que luego la fama os la llev\u00e9is unos pocos? Un saludo.<\/p>\n<p>R.- Todas las personas que trabajan alrededor del proyecto de los 14 ochomiles saben muy bien lo que supone estar ah\u00ed y nadie est\u00e1 obligado a hacer nada. Ni a poner su vida en riesgo, ni a subir a ninguna cumbre. Cada uno somos libres para tomar nuestras decisiones. Quiz\u00e1s la fama me la lleve yo porque soy mujer y porque no hay ninguna mujer que haya completado este reto, pero yo intento siempre dar a conocer mi equipo y reconocer su labor. Sin ellos no podr\u00eda hacerlo.<\/p>\n<p>P.- Hola Edurne, \u00bfhas corrido alguna vez una Marat\u00f3n?\u00bfte ver\u00edas capaz?. Mucha suerte y \u00e1nimos para tu haza\u00f1a.<\/p>\n<p>R.- Una vez prepar\u00e9 una marat\u00f3n pero me lesion\u00e9 mientras lo hac\u00eda. No descarto hacerlo en el futuro, de hecho me veo haci\u00e9ndolo. Una de las cosas que tengo en mente es poder hacer alg\u00fan d\u00eda un ironman.<\/p>\n<p>P.- \u00bfCu\u00e1l de las pel\u00edculas relacionadas con el alpinismo te gusta m\u00e1s: &#8220;L\u00edmite vertical&#8221;, &#8220;M\u00e1ximo riesgo&#8221;, &#8220;Siete a\u00f1os en el Tibet&#8221;,&#8230;? \u00bfme recomiendas algun documental o pel\u00edcula sobre la materia?<\/p>\n<p>R.- Estas pel\u00edculas que nombras son muy comerciales y no tienen nada que ver con la realidad del alpinismo. Te recomendar\u00eda una pel\u00edcula que se llama Tocando el vac\u00edo, de Joe Simpson. merece la pena porque realmente est\u00e1 muy bien ilustrado este deporte. Y, para leer, el mismo t\u00edtulo es muy recomendable.<\/p>\n<p>P.- Hola Edurne, \u00bfNo te parece que usar un helic\u00f3ptero en tu pr\u00f3ximo reto es una manera poco deportiva de subir a una monta\u00f1a?<\/p>\n<p>R.- Terminar\u00e9 la expedici\u00f3n de Shisa Pagma en Katmand\u00fa y a continuaci\u00f3n quiero subir cuanto antes al Annapurna porque las fechas de cumbre est\u00e1n muy pr\u00f3ximas y no quiero perder tiempo. Los tres d\u00edas de trekking que me costar\u00eda llegar sin helic\u00f3ptero hasta el campo base del Annpurna quiz\u00e1s sean claves.<\/p>\n<p>P.- Edurne, lo dijistes t\u00fa en una entrevista, que conste: \u00bfse te sigue dando fatal el amor?<\/p>\n<p>R.- La verdad es que el amor no es uno de mis fuertes&#8230;<\/p>\n<p>P.- Edurne, a que dedicas tu tiempo libre?<\/p>\n<p>R.- Pues como todo el mundo, me gusta leer, tener tiempo para ir con los amigos -me queda muy poco para ello-, dedic\u00e1rselo a mi familia e ir al cine. Una vida muy normal.<\/p>\n<p>P.- Hola Edurne. Algo que siempre me he preguntado como mujer, pues a m\u00ed me suele afectar bastante en mis viajes \u00bfsincronizas tus ascensiones con la \u00e9poca en la que est\u00e1s con el periodo? Te deseo mucha fuerza y \u00e1nimo cuando est\u00e9s en el \u00faltimo trecho Un saludo<\/p>\n<p>R.- Normalmente cuando est\u00e1s en monta\u00f1a y haciendo ejercicio se pierde el periodo y no vuelve hasta que termina la expedici\u00f3n. Suele ser matem\u00e1tico el hacer cumbre, llegar al campo base y que venga el periodo a\u00fan sin que toque. Por lo menos es mi caso.<\/p>\n<p>P.- Saludos, Edurne, y enhorabuena, estoy seguro de que lo vas a conseguir. Crees que la proliferacion de alpinistas en el himalaya es un problema ecol\u00f3gico? Ya hace unos a\u00f1os el campo base del Everest tenia un problema serio con los deshechos. Como crees que se puede compatibilizar la practica de la alta monta\u00f1a con el respeto a este ecosistema tan fr\u00e1gil? Saludos<\/p>\n<p>R.- Justo en el campo base del Everest cada vez est\u00e1 m\u00e1s controlado este tema por Nepal. Hoy en d\u00eda para el ba\u00f1o en el campo base hay que utilizar un bid\u00f3n que despu\u00e9s se baja de la monta\u00f1a. Cuando vas a una expedici\u00f3n dejas una fianza de un dinero al Gobierno de Nepal por la basura y ellos controlan que a la bajada se haya recogido todo para que te devuelvan la fianza. Al menos as\u00ed cada vez est\u00e1mos m\u00e1s concienciados los alpinistas con todo este tema.<\/p>\n<p>P.- Hola Edurne. Has colaborado con alguna ONG, como PLAN, que hace una gran labor en favor de los ni\u00f1os y de la que Iker Casillas es embajador. \u00bfCrees que los deportistas y las personas p\u00fablicas ten\u00e9is la obligaci\u00f3n moral de colaborar con quienes m\u00e1s lo necesitan? Muchas gracias<\/p>\n<p>R.- Yo creo que todo el mundo tiene la obligaci\u00f3n moral de hacerlo, sean o no p\u00fablicas. Nosotros que adem\u00e1s somos una imagen y podemos conseguir algo m\u00e1s, debemos hacer lo que podamos. Yo siempre colaboro en todo lo que pueda ayudar.<\/p>\n<p>P.- Para un alpinista \u00bfque es mas duro el cansancio fisico o mental?<\/p>\n<p>R.- Yo creo que el mental. Siempre digo que la preparaci\u00f3n f\u00edsica es un 25% pero to dar\u00eda siempre el 75% a la preparaci\u00f3n mental. A veces es dif\u00edcil desconectar, y es una de las cosas m\u00e1s cansadas en este proyecto de los 14 ochomiles.<\/p>\n<p>P.- Hola Edurne, \u00bfque opinas de la renuncia de Nives Meroi a ser la primera mujer en alcanzar los 14 ochomiles?<\/p>\n<p>R.- Que yo sepa no ha renunciado a terminar los De momento ha parado porque tengo entendido que su marido tiene alg\u00fan problema de salud y de momento los m\u00e9dicos le han recomendado no continuar escalando.<\/p>\n<p>P.- \u00a1Aupa Edurne! De todos los lugares donde has estado, \u00bfCon cual paisaje de todos los que has visto te quedar\u00edas? Un saludo, Nano.<\/p>\n<p>R.- Me quedar\u00eda con muchos, pero quiz\u00e1s una arista del glaciar del Baltoro desde la cumbre del K2 ser\u00eda una de las m\u00e1s bonitas<\/p>\n<p>P.- Buenas tardes Edurne . Lo primero desearte mucha suerte en Himalaya . \u00bfCu\u00e1l ha sido la ascensi\u00f3n hasta la fecha m\u00e1s complicada y por qu\u00e9? Un saludo .<\/p>\n<p>R.- El KAntes de ir sab\u00eda que era complicada y la verdad es que pude comprobarlo en persona. La bajada se complic\u00f3 y consecuencia de aquello tuve congelaciones y me tuvieron que amputar dedos de los pies.<\/p>\n<p>P.- Edurne, porqu\u00e9 hay tan pocas alpinistas en comparaci\u00f3n con los hombres?<\/p>\n<p>R.- Quiz\u00e1s porque es un deporte bastante masculino y porque una mujer, cuando alcanza la maduraci\u00f3n como alpinista suele ser en unos a\u00f1os en los que la mayor\u00eda de las mujeres quiz\u00e1s creen que hay otras prioridades, como ser madre, formar una familia&#8230; y el alpinismo hace que tengas que sacrificarlo.<\/p>\n<p>P.- No va con vosotros Juanito? lo digo porque pienso que es como tu padrino&#8230; si no m\u00e1s<\/p>\n<p>R.- De momento no tenemos pensado que est\u00e9 en nuestro equipo, pero tengo entendido que va a ir a las mismas monta\u00f1as en las que estaremos nosotros.<\/p>\n<p>P.- El otro d\u00eda vi uno de tus reportajes de tve y la sensaci\u00f3n es que la mayor parte del trabajo duro le corresponde a otros&#8230; \u00bfte sientes un poco princesita?<\/p>\n<p>R.- Yo no me siento princesa ni en mi casa. no eres la \u00fanica persona que piensa esto, porque parece que porque voy rodeada de hombres todo lo tienen que hacer ellos, pero me gustar\u00eda que todos los que piensan como t\u00fa nos acompa\u00f1e un d\u00eda a una expedici\u00f3n para comprobar que no es as\u00ed.<\/p>\n<p>P.- \u00bfQue opinas sobre la culturizaci\u00f3n de las etnias primitivas, como los sherpas, por parte de occidentales ociosos, como los alpinistas<\/p>\n<p>R.- Es verdad que los sherpas se han occidentalizado mucho, y es una pesa porque en algunos casos ha sido para mal, porque muchos de ellos no han sabido organizar sus vidas en estas nuevas circunstancias. Pero tambi\u00e9n hay cosas buenas, casos en los que esta occidentalizaci\u00f3n ha sido positiva, por ejemplo, en cuestiones m\u00e9dicas o ciertos aspectos culturales, como la alfabetizaci\u00f3n de la regi\u00f3n.<\/p>\n<p>P.- Hola Edurne, y cuando acabes los 14 \u00bfqu\u00e9?, \u00bftienes nuevos proyectos?<\/p>\n<p>R.- Despu\u00e9s de los 14 habr\u00e1 proyectos que tengan que ver con la monta\u00f1a, seguro, porque no voy a dejar de hacerlo, pero seguramente tambi\u00e9n habr\u00e1 otro tipo de proyectos que vayan m\u00e1s por los medios de comunicaci\u00f3n.<\/p>\n","protected":false},"excerpt":{"rendered":"<p>La tolosarra partir\u00e1 a comienzos del pr\u00f3ximo mes de marzo al Himalaya, para intentar las ascensiones consecutivas del Shisha Pangma, en T\u00edbet, y el Annapurna, en Nepal, y convertirse en la primera mujer del mundo en subir a los 14 ochomiles.<\/p>\n","protected":false},"author":1,"featured_media":0,"comment_status":"open","ping_status":"open","sticky":false,"template":"","format":"standard","meta":{"footnotes":""},"categories":[],"tags":[],"class_list":["post-3709","post","type-post","status-publish","format-standard","hentry"],"_links":{"self":[{"href":"https:\/\/intervius.com\/index.html\/wp-json\/wp\/v2\/posts\/3709","targetHints":{"allow":["GET"]}}],"collection":[{"href":"https:\/\/intervius.com\/index.html\/wp-json\/wp\/v2\/posts"}],"about":[{"href":"https:\/\/intervius.com\/index.html\/wp-json\/wp\/v2\/types\/post"}],"author":[{"embeddable":true,"href":"https:\/\/intervius.com\/index.html\/wp-json\/wp\/v2\/users\/1"}],"replies":[{"embeddable":true,"href":"https:\/\/intervius.com\/index.html\/wp-json\/wp\/v2\/comments?post=3709"}],"version-history":[{"count":0,"href":"https:\/\/intervius.com\/index.html\/wp-json\/wp\/v2\/posts\/3709\/revisions"}],"wp:attachment":[{"href":"https:\/\/intervius.com\/index.html\/wp-json\/wp\/v2\/media?parent=3709"}],"wp:term":[{"taxonomy":"category","embeddable":true,"href":"https:\/\/intervius.com\/index.html\/wp-json\/wp\/v2\/categories?post=3709"},{"taxonomy":"post_tag","embeddable":true,"href":"https:\/\/intervius.com\/index.html\/wp-json\/wp\/v2\/tags?post=3709"}],"curies":[{"name":"wp","href":"https:\/\/api.w.org\/{rel}","templated":true}]}}