{"id":3701,"date":"2010-02-16T00:00:00","date_gmt":"2006-11-06T00:00:00","guid":{"rendered":"https:\/\/intervius.com\/index.html\/?p=3701"},"modified":"2006-11-06T00:00:00","modified_gmt":"2006-11-06T00:00:00","slug":"Albert_Boadella3701","status":"publish","type":"post","link":"https:\/\/intervius.com\/index.html\/Albert_Boadella3701\/","title":{"rendered":"Albert Boadella"},"content":{"rendered":"<p>Pregunta.- \u00bfCon Franco se escrib\u00eda teatro mejor?<\/p>\n<p>Respuesta.- Con Franco se escrib\u00eda el teatro que permit\u00eda la censura. Ello hac\u00eda que el teatro estuviera privado de cierta libertad de expresi\u00f3n, pero los escritores o los poetas, si eran buenos, saltaan por encima de la censura.<\/p>\n<p>P.- Desde que dirige los Teatros del Canal de Madrid, \u00bfno le ha dado por dedicar una obra al sainete Aguirre-Gallard\u00f3n? \u00bfCu\u00e1ndo viene lo nuevo de Els Joglars a Madrid? Gracias Sr. Boadella.<\/p>\n<p>R.- Lo nuevo de Els Joglars a Madrid entra el 5 de marzo en los Teatros del Canal y estar\u00f1\u00e1 cinco semanas. La obra es 2036 Omenag-e. Ruiz Gallard\u00f3n no me parece una figura especialmente parodiable, porque creo que no merece una obra, sino que con un sketch es m\u00e1s que suficiente.<\/p>\n<p>P.- \u00bfQu\u00e9 tema ser\u00eda usted incapaz de llevar al escenario? O dicho de otro modo, \u00bfde qu\u00e9 NO se r\u00ede usted, se\u00f1or Boadella? Gracias por su tan agradecida incorrecci\u00f3n.<\/p>\n<p>R.- Yo s\u00f3lo me r\u00edo de los que entiendo que tienen un cierto poder. No me r\u00edo del que sufre o est\u00e1 en condiciones de inferioridad.<\/p>\n<p>P.- que le parece Rodriguez Zapatero como presidente y como personaje<\/p>\n<p>R.- Despu\u00e9s de Fernando VII, creo que el peor dirigente espa\u00f1ol ha sido Zapatero. Ha sido una desgracia para Espa\u00f1a que este hombre fuera capaz de engatusar a unos billones de espa\u00f1oles. Las consecuencias de su mandato no s\u00f3lo afectar\u00e1n los a\u00f1os que \u00e9l est\u00e9 en el poder, sino que durar\u00e1n mucho tiempo m\u00e1s. Incluso creo que lo pagar\u00e1n nuestros nietos. Como personaje, me parece una mentalidad de hombra amoral, que puede estar hoy en un bando y ma\u00f1ana en el contrario.<\/p>\n<p>P.- Chapeau. Un intelectual que piensa y no se deja llevar por modas y mamandurrias. Yo como espa\u00f1ol y catalan solo puedo reconocerle sus meritos. mi pregunta \u00bfcree que en alg\u00fan momento se dar\u00e1n cuenta los catalanes de como est\u00e1n destrozando una tierra magnifica?<\/p>\n<p>R.- Las comunidades humanas, igual que las personas, pueden enfermar. Catalu\u00f1a sufre una epidemia de paranoia contra Espa\u00f1a. Esto es una patolog\u00eda muy dif\u00edcil de eliminar en las generaciones vigentes. Por lo tanto, a corto plazo, veo muy dif\u00edcil que los catalanes reaccionen ante el delirio que est\u00e1n sufriendo.<\/p>\n<p>P.- Sr. Boadella, usted ha cambiado mucho en la forma de pensar, me parece, ha pasado de una catitud nacionalista algo extrema, a una integradora y unificadora. \u00bfEs porque entiende que los nacionalismos, a parte de nefastos, son de personas poco evolucionadas y en el fondo, bastante dictadoras?. Muchas gracias y toda mi admiraci\u00f3n por su persona y su obra. Un saludo<\/p>\n<p>R.- Yo nunca he sido nacionalista y mucho menos extremo. S\u00ed es cierto que defend\u00ed la cultura catalana y la necesidad de que esta cultura tuviera un reconocimiento en \u00e9pocas de la Dictadura. Posteriormente, cuando vi la evoluci\u00f3n que tomaba el catalanismo empec\u00e9 a enfrentarme a esta politizaci\u00f3n de una cultura y al hecho de utilizar una lengua como efectivo militar contra otra lengua. A partir de aqu\u00ed, mis relaciones con ciertos sectores de Catalu\u00f1a fueron de mal en peor. Es el problema de la pol\u00edtica de los sentimientos en vez de la pol\u00edtica de la raz\u00f3n.<\/p>\n<p>P.- Supongo que a usted le importa un pimiento los premios. Pero, \u00bfse siente marginado? No recuerdo que usted o su compa\u00f1\u00eda est\u00e9 nominado en los Max.<\/p>\n<p>R.- Cuando empezaron los premios Max y, comprobando la forma como se votaban estos premios, la compa\u00f1\u00eda Joglars comunic\u00f3 a la Sociedad General de Autores, que son los organizadores, que no dese\u00e1bamos aparecer nunca como candidatos. Desde entonces, han cumplido con nuestra petici\u00f3n.<\/p>\n<p>P.- Creo que es un honor para Sevilla que Els Joglars decida estrenar aqu\u00ed. Pero, una duda, \u00bfquiz\u00e1s no lo puede hacer en Catalu\u00f1a? No son ustedes bien recibidos?<\/p>\n<p>R.- En Catalu\u00f1a, desde hace unos a\u00f1os, debido a nuestra posici\u00f3n ante el nacionalismo, sufrimos un baj\u00f3n de p\u00fablico muy espectacular. Fue como un boicot generalizado a nuestra actitud. Paralelamente, las entidades que siempre nos hab\u00edan contratado dejaron de contratarnos. Entonces, no tuvimos m\u00e1s remedio que pensar en ampliar otros mercados, ya que nosotros no somos una compa\u00f1\u00eda subvencionada, somos una compa\u00f1\u00eda privada que vive directamente de los espectadores. Con este baj\u00f3n de espectadores en Ctalu\u00f1a, consiguieron lo que deseaban, que no apareci\u00e9ramos por all\u00ed.<\/p>\n<p>P.- Si me permite una cr\u00edtica a su \u00faltima obra, echo en falta qu\u00e9 menos que una Glorieta de Ferr\u00e1 Adri\u00e1. Enhorabuena por sus \u00e9xitos y gracias por su trabajo.<\/p>\n<p>R.- Ferr\u00e1n Adri\u00e1 ya fue protagonista en nuestra obra El Retablo de las Maravillas. Despu\u00e9s, tambi\u00e9n tuvo sus referencias en La Cena. Por lo tanto, ahora lo dejamos descansar, porque adem\u00e1s creo que el hecho de que cierre su restaurante durante dos a\u00f1os no es debido a la investigaci\u00f3n, sino a descansar de nuestros ataques.<\/p>\n<p>P.- \u00bfPor qu\u00e9 no dedica una obra a Esperanza Aguirre o a Jos\u00e9 Mar\u00eda Aznar? \u00bfNo se atreve? \u00bfAguirre y Aznar son demasiado mediocres para ser parodiados? \u00bfTeme morder a las personas que le dan de comer ahora?<\/p>\n<p>R.- Yo no necesito que nadie me d\u00e9 de comer, porque me he espabilado y me espabilo en mi vida sin necesidad de tener que acudir a nadie. Lo he realizado simplemente con mi propio oficio. La se\u00f1ora Aguirre, lo que simplemente ha hecho, es contratar un especialista en teatro para poner en marcha unos teatros nuevos. Esto no significa ni una cesi\u00f3n pol\u00edtica ni un vasallaje, es un puro contrato comercial, como el que tiene cualquier director de un teatro p\u00fablico. Sobre la posibilidad de parodiar a Aznar o Esperanza Aguirre, no lo descarto, pero tengo otras muchas cosas que me interesan m\u00e1s. Los artistas somos libres al margen de lo que nos pueda pedir el p\u00fablico.<\/p>\n<p>P.- Hay algun politico en Cataluna con sentido de estado?<\/p>\n<p>R.- En Catalu\u00f1a se ha instalado lo que se llama un r\u00e9gimen. Incluso la propia oposici\u00f3n, como podr\u00eda ser el PP o Ciutadans, no consigue enfrentarse de fomra radical al nacionalismo, trata siempre de consensuarlo todo. Por lo tanto, en estas circunstancias, se hace muy dif\u00edcil que un pol\u00edtico tenga sentido de Estado, porque supondr\u00eda un enfrentamiento radical con el resto de sus colegas.<\/p>\n<p>P.- Laporta esta fuera o dentro de la casta politica catalana actual?<\/p>\n<p>R.- Laporta est\u00e1 llamado a ser el Berlusconi catal\u00e1n. Est\u00e1 al margen de los pol\u00edticos catalanes, pero es un populista compulsivo, y eso all\u00ed le augura un \u00e9xito total.<\/p>\n<p>P.- Zapatero el peor \u00bfpor qu\u00e9? Y segunda pregunta \u00bfPeor que Aznar?<\/p>\n<p>R.- Zapatero es el peor porque ha hecho algo irreversible, como es poner en riesgo la unidad territorial de Espa\u00f1a. Su cesi\u00f3n constante a los nacionalismos y a los partidos independentistas ha dado alas al secesionismo. Unas alas que, hasta ahora, nadie se atrevi\u00f3 a dar, incluido Aznar.<\/p>\n<p>P.- Lo tengo por buen conocedor de Espa\u00f1a, sus territorios y su situaci\u00f3n pol\u00edtica. \u00bfCree que en Andaluc\u00eda tendr\u00eda futuro una compa\u00f1\u00eda como Els Joglars o, en cambio, morir\u00eda asfixiada por el vac\u00edo del poder?<\/p>\n<p>R.- Joglars es una compa\u00f1\u00eda que siempre ha tratado de espabilarse sola a trav\u00e9s de conseguir una buena audiencia de p\u00fablico. Se da la casualidad de que en Andaluc\u00eda Joglars tiene mucho predicamento. Por lo tanto, creo, sinceramente, que hubi\u00e9ramos salido mucho mejor parados que de Catalu\u00f1a. Andaluc\u00eda es una tierra respetuosa con sus artistas, porque es una tierra de gran tradici\u00f3n art\u00edstica. En este sentido, estoy convencido de que hubi\u00e9ramos seguido teniendo el \u00e9xito que tenemos.<\/p>\n<p>P.- \u00bf Qu\u00e9 le ha hecho Catalu\u00f1a para que la odie tanto? \u00bf C\u00f3mo ve el mundo del teatro espa\u00f1ol?<\/p>\n<p>R.- Yo no odio a Catalu\u00f1a. Porque ser\u00eda como odiarme a m\u00ed mismo, a mi familia o a muchos amigos. Simplemente, lo que ha ocurrido es como aquel se\u00f1or que se separa de una mujer y al cabo de los a\u00f1os, no siente nada por aquella mujer. Es lo que ahora me ocurre a m\u00ed. Cuando me hablan de Catalu\u00f1a, es como si me hablaran de Vietnam. El teatro espa\u00f1ol es un teatro que goza de buena salud de p\u00fablico, porque los envoltorios son ahora mucho m\u00e1s brillantes que en el pasado. S\u00f3lo tiene un problema de contenidos. En general, los argumentos son poco seductores para el p\u00fablico que busca, tambi\u00e9n en el tatro, la transgresi\u00f3n y la s\u00e1tira de los poderes que tiene encima.<\/p>\n<p>P.- Si le nombrasen conseller de cultura de la Generalitat de Catalunya, que primera medida tomar\u00eda. Saludos<\/p>\n<p>R.- Si me nombraran conseller de Cultura de la Generalitat, es que alguien se habr\u00eda vuelto loco o el presidente ser\u00eda un kamikaze. Estamos hablando de ciencia ficci\u00f3n. Pero en el caso hipot\u00e9tico, mi primera medida ser\u00eda presentar la dimisi\u00f3n en castellano.<\/p>\n<p>P.- Sr Boadella \u00bf Cual cree que ser\u00e1 el resultado en Catalu\u00f1a en referenc\u00eda a la abolici\u00f3n de las corridas de toros? \u00bfPorqu\u00e9 cree que haya llegado a producirse esta propuesta por parde de los pol\u00edticos y parte de la sociedad de Catalu\u00f1a?. Mucha Suerte de parte de un Jienense que trabaja en Catalu\u00f1a.<\/p>\n<p>R.- En Catalu\u00f1a, los toros son vistos ahora como algo que pertenece a la cultura espa\u00f1ola. Por lo tanto, todo lo que huele a espa\u00f1ol es cuesti\u00f3n de separarlo. Esto es una prueba de la ignorancia de los nacionalistas, ya que no hay nada tan mediterr\u00e1neo como los toros. En este sentido, creo que finalmente conseguir\u00e1n que los toros sean prohibidos, y as\u00ed les parecer\u00e1 que han ganado otra batalla m\u00e1s para la independencia. Peor para ellos. Se pivan del arte m\u00e1s completo que tiene hoy el mundo occidental.<\/p>\n<p>P.- Se\u00f1or Boadella, \u00bfpor qu\u00e9 a ning\u00fan artista del No a la Guerra se le ha ocurrido hacer parodia con el burka? Gracias por su valent\u00eda, y disculpe mi espa\u00f1ol antiguo.<\/p>\n<p>R.- Los artistas adheridos al actual Gobierno no quieren tomar riesgos de ninguna clase y mucho menos enfrentarse ideol\u00f3gicamente a quienes les dan de comer.<\/p>\n<p>P.- Sr Boadella, \u00bfqu\u00e9 se dir\u00e1 dentro de muchos a\u00f1os del teatro de nuestro tiempo? \u00bfquien dejar\u00e1 huella? \u00bfser\u00e1 el tearo d nuestro tiempo un peque\u00f1o siglo de oro o un simple reflejo de un tiempo de mediocridad intelectual?<\/p>\n<p>R.- El teatro actual no creo que sea un teatro que llegue nunca a ser cl\u00e1sico. Seguramente porque est\u00e1 en una evoluci\u00f3n constante y no se asienta sobre ninguna f\u00f3rmula. Quiero decir que destruye constantemente las formas que \u00e9l mismo ha colocado en la moda. Y as\u00ed no hay manera de asentar una tradici\u00f3n. El teatro cl\u00e1sico era fruto de una larga tradici\u00f3n.<\/p>\n<p>P.- Se\u00f1or Boadella, \u00bfno se siente una tanto frustrado por el hecho de que la mayor\u00eda de preguntas que le hacen traten sobre pol\u00edtica y muy pocas de su profesi\u00f3n?<\/p>\n<p>R.- Uno paga siempre sus propios pecados. Y mi teatro se ha introducido muchas veces en el mundo de la pol\u00edtica. Por lo tanto, es coherente que me pregunten sobre pol\u00edticos y pol\u00edtica, pero no hay duda que donde m\u00e1s conocimiento tengo es en el teatro y tambi\u00e9n donde disfruto m\u00e1s, hablando de mi profesi\u00f3n.<\/p>\n<p>P.- Amic Boadella, para aquellos catalanes seguidores de su teatro que no tenemos tiempo de trasladarnos a Madrid para disfrutarle, por favor, haga algo!!! para que podemos verle. Gracias por su libertad, su independencia y por ser el mayor y m\u00e1s impenitente cachondo que conozco<\/p>\n<p>R.- Yo creo que en Madrid, aparte de Joglars, se puede visitar el Prado, el Tissen y comer un buen cocido. Este es un programa que le recomiendo para poder hacer durante el d\u00eda y por la noche ver Els Joglars. No obstante, tambi\u00e9n actuamos m\u00e1s cerca, como es el caso de Huesca o Castell\u00f3n.<\/p>\n<p>P.- Dirigir una compa\u00f1\u00eda me imagino que no tiene nada que ver con dirigir un teatro, y menos si es p\u00fablico, como se lleva esto? mucha burocracia?<\/p>\n<p>R.- Afortunadamente, tengo muchos colaboradores que realizan el trabajo burocr\u00e1tico. A m\u00ed s\u00f3lo me toca decidir qui\u00e9n viene a los teatros. Para m\u00ed ha sido una experiencia muy estimulante asistir al levantamiento de un teatro desde las obras hasta llenarlo de compa\u00f1\u00edas. He podido realizar algunas cosas que tuve que sufrir en el pasado, por ejemplo que los tatros p\u00fablicos eran teatros al gusto de su director. En este caso, yo lo he corregido y los Teatros del Canal son teatros al gusto del p\u00fablico.<\/p>\n<p>P.- Sr. Boadella, \u00bfha pensado alguna vez c\u00f3mo ser\u00eda su vida si en vez de catal\u00e1n hubiese sido vasco? Un saludo y gracias.<\/p>\n<p>R.- Creo sinceramente que mi vida hubiera sido corta. O, en todo caso, un exilio ya en mi juventud. Porque dudo mucho que algunas de las obras, de las s\u00e1tiras o de las cr\u00edticas que yo he realizado en Catalu\u00f1a se hubieran soportado sin amenazarme directamente el f\u00edsico.<\/p>\n<p>P.- \u00bfQue le parece que se multe a aquellos que rotulan sus comercios en castellano estando en catalu\u00f1a?<\/p>\n<p>R.- Como es obvio, me parece un escarnio a la libertad. Y al mismo tiempo una transgresi\u00f3n a la Constituci\u00f3n, que presenta la lengia espa\u00f1ola como la lengua de todos los ciudadanos de Espa\u00f1a.<\/p>\n<p>P.- \u00bfConoce la pol\u00e9mica de las &#8220;Setas&#8221; de la Plaza de la Encarnaci\u00f3n de Sevilla? \u00bfSer\u00eda susceptible de incorporarla a alguna obra suya? \u00bfAguantar\u00edan los pol\u00edticos de aqu\u00ed su s\u00e1tira o tambi\u00e9n tendr\u00eda que abandonar Andaluc\u00eda? Un saludo y mis respetos.<\/p>\n<p>R.- Afortunadamente, la crisis es capaz de acabar con las gilipolleces de la modernidad. Pienso que hay que ser muy respetuoso con lo que es el centro hist\u00f3rico de la ciudad de Sevilla. Hay cientos de hect\u00e1reas fuera de este centro hist\u00f3rico para colocar delirios vanguardistas.<\/p>\n<p>P.- si pudiera modificar o quitar tres leyes en espa\u00f1a, cuales ser\u00edan?<\/p>\n<p>R.- La primera, que el primog\u00e9nito, fuera hombre o mujer, en la monarqu\u00eda, pudiera reinar. La segunda, no multar por no llevar el cintur\u00f3n de seguridad, porque es un atentado a la libertad individual y no causa ning\u00fan da\u00f1o a los dem\u00e1s, sino a uno mismo. Y la tercera, la distribuci\u00f3n auton\u00f3mica, que nos cuesta muy cara y que se ha convertido en un conjunto de reinos de taifas, donde la corrupci\u00f3n se ha multiplicado por 17.<\/p>\n<p>P.- Hola, \u00bfTan aburrida es la vida que necesita de la provocaci\u00f3n continua?, no se da cuenta que toda la vida ha vivido de Catalu\u00f1a ya sea a favor, o en contra.<\/p>\n<p>R.- Yo no he vivido de Catalu\u00f1a, sino de los espectadores de toda Espa\u00f1a, de muchos pa\u00edses europeos y de muchos pa\u00edses americanos, que son quienes han llenado mis teatros. Si usted considera que provocar es decir lo que uno piensa, entonces aceptar\u00e1 que uno de nuestros peores males hoy en Espa\u00f1a es el silencio de la gente ante muchos atropellos del poder, incluido el catal\u00e1n.<\/p>\n<p>P.- \u00bfusted canta en la ducha o teme que cuando vaya a coger el champ\u00fa se encuentre con una factura de la SGAE si lo hace?<\/p>\n<p>R.- La Sociedad de Autores es una sociedad que naci\u00f3 para defender los derechos de los creadores, y es l\u00f3gico que un autor tenga que encontrar alguna f\u00f3mula para poder vivir de su trabajo. El problema de la SGAE es cuando quiere cobrar por cosas que desconoce, como es el caso de las descargas de internet. Aqu\u00ed, el asunto se convierte en algo muy cercano a una estafa, porque no se sabe si un determinado autor ha sido m\u00e1s o menos descargado, y por lo tanto mal se puede repartir el canon.<\/p>\n<p>P.- \u00bfQu\u00e9 le pareci\u00f3 que en la gala de los Goya no dijeran ni una palabra sobre la guerra de afganistan o los 4 millones de parados?<\/p>\n<p>R.- Me parece bien que en una gala no digan m\u00e1s que las cosas que tienen que ver directamente con el motivo del acto. Lo que ocurre es que, misteriosamente, se dicen cosas cuando les conviene y no se dicen otras cuando creen que son una inconveniencia. Eso forma parte del tributo de vasallaje del cine espa\u00f1ol al Gobierno, que en cierta medida es quien le da de comer a trav\u00e9s de la subvenci\u00f3n constante.<\/p>\n<p>P.- SR. Boadella \u00bfNo echa vts. de menos a Lope, Calder\u00f3n y todos nuestros cl\u00e1sicos en la cartelera actual? \u00bfEstar\u00eda ustec dispuesto a hacer una obra dram\u00e1tica sobre el caso GAL \u00f3 el Fais\u00e1n que ahora se pone de actualidad? gracias.<\/p>\n<p>R.- NO echo de menos a Lope ni Calder\u00f3n, porque los programo tantas veces como puedo en los Teatros del Canal. Lo que s\u00ed echo de menos es que ahora tuvi\u00e9ramos dramaturgos de su talla. Sin duda, la pol\u00edtica espa\u00f1ola y los casos de corrupci\u00f3n o terrorismo deber\u00edan ser un argumento de gran inter\u00e9s para los artistas. Lo que ocurre es que esto significa un compromiso y muy poca gente quiere asumir este riesgo. Este es uno de los mayores problemas que tiene nuestro teatro y nuestro cine.<\/p>\n<p>P.- Hola, Sr. Boadella: de ser una especie de &#8220;demonio vivo&#8221; con el &#8220;Teledeum&#8221;, pas\u00f3 a ser invitado frecuente de la COPE (que es de la Conferencia Episcopal, como todo el mundo sabe). En los a\u00f1os que han pasado entre los dos hechos, \u00bfcree usted que la democracia se ha asentado, que hemos madurado todos, o simplemente que la evoluci\u00f3n de la pol\u00edtica espa\u00f1ola hace extra\u00f1os compa\u00f1eros de cama? Gracias y mucha suerte<\/p>\n<p>R.- No soy yo el que he cambiado, sino que ha sido la sociedad espa\u00f1ola, que ha evolucionado en formas muy distintas. En este momento, hay medios y empresas que hab\u00edan sido los paladines de la libertad, que se han convertido en los m\u00e1s sectarios. Es l\u00f3gico que haya buscado otros medios que a m\u00ed me parecen m\u00e1s plurales, incluida la Cope. Por dos razones: la primera, porque no me gusta el sectarismo de la progres\u00eda. Y la segunda, porque este mismo sectarismo hace que no me llamen nunca.<\/p>\n<p>P.- Hola Albert, me gustar\u00eda preguntarte si consideras a los gestores de la cultura y a los medios de comunicaci\u00f3n complices de haber llegado al esperpento teledirigido en el que vivimos? ten\u00eda Orwell raz\u00f3n ?<\/p>\n<p>R.- La cultura europea de estos \u00faltimos decenios ha sido una cultura pagada e inducida directamente por los gobiernos. Eso hace que desde el punto de vista ideol\u00f3gico se hayan teledirigido unas formas culturales. Quien no ha entrado en ese juego se ha quedado marginal. Pienso que \u00e9ste es uno de los probl\u00f1emas m\u00e1s graves que afectan al sector cultural, no s\u00f3lo espa\u00f1ol, sino europeo. Debemos aceptar que el proteccionismo ha hecho que muchos artistas hayan comido mejor. Pero al mismo tiempo ha llevado consigo una monopolizaci\u00f3n de las ideas.<\/p>\n","protected":false},"excerpt":{"rendered":"<p>A punto de cumplir 50 a\u00f1os al frente de Els Joglars, Albert Boadella ha estrenado en Sevilla el montaje 2036. Omena-G, una s\u00edntesis del humor, el sarcasmo y la tragedia que ha caracterizado la extensa trayectoria de la compa\u00f1\u00eda catalana. El actor, dramaturgo y director teatral responde a los lectores.<\/p>\n","protected":false},"author":1,"featured_media":0,"comment_status":"open","ping_status":"open","sticky":false,"template":"","format":"standard","meta":{"footnotes":""},"categories":[],"tags":[],"class_list":["post-3701","post","type-post","status-publish","format-standard","hentry"],"_links":{"self":[{"href":"https:\/\/intervius.com\/index.html\/wp-json\/wp\/v2\/posts\/3701","targetHints":{"allow":["GET"]}}],"collection":[{"href":"https:\/\/intervius.com\/index.html\/wp-json\/wp\/v2\/posts"}],"about":[{"href":"https:\/\/intervius.com\/index.html\/wp-json\/wp\/v2\/types\/post"}],"author":[{"embeddable":true,"href":"https:\/\/intervius.com\/index.html\/wp-json\/wp\/v2\/users\/1"}],"replies":[{"embeddable":true,"href":"https:\/\/intervius.com\/index.html\/wp-json\/wp\/v2\/comments?post=3701"}],"version-history":[{"count":0,"href":"https:\/\/intervius.com\/index.html\/wp-json\/wp\/v2\/posts\/3701\/revisions"}],"wp:attachment":[{"href":"https:\/\/intervius.com\/index.html\/wp-json\/wp\/v2\/media?parent=3701"}],"wp:term":[{"taxonomy":"category","embeddable":true,"href":"https:\/\/intervius.com\/index.html\/wp-json\/wp\/v2\/categories?post=3701"},{"taxonomy":"post_tag","embeddable":true,"href":"https:\/\/intervius.com\/index.html\/wp-json\/wp\/v2\/tags?post=3701"}],"curies":[{"name":"wp","href":"https:\/\/api.w.org\/{rel}","templated":true}]}}