{"id":3699,"date":"2010-02-17T00:00:00","date_gmt":"2006-11-06T00:00:00","guid":{"rendered":"https:\/\/intervius.com\/index.html\/?p=3699"},"modified":"2006-11-06T00:00:00","modified_gmt":"2006-11-06T00:00:00","slug":"Daniel_Matoses3699","status":"publish","type":"post","link":"https:\/\/intervius.com\/index.html\/Daniel_Matoses3699\/","title":{"rendered":"Daniel Matoses"},"content":{"rendered":"<p>Pregunta.- Se\u00f1or Matoses, podr\u00eda darme razones de peso para cambiar mi concepto negativo del funcionariado. Gracias.<\/p>\n<p>Respuesta.- El funcionario es un trabajador generalmente competente que realiza su funci\u00f3n al servicio de la sociedad con honestidad, capacidad y eficacia. La mala imagen de los funcionarios viene desde el principio de los tiempos dado que sobre todo en tiempos de crisis se les considera privilegiados por entender que no peligra su puesto de trabajo. Esta circunstancia que en tiempos de crisis se produce e suele olvidar en \u00e9pocas de bonanza donde muchos funcionarios si hubieran prestado servicios en empresas privadas con la capacidad y formaci\u00f3n que tienen, hubieran obtenido seguramente unos ingresos muy superiores a los que percib\u00edan.<\/p>\n<p>P.- \u00bfNo cree que la responsabilidad para reformar el sistema de pensiones y el resto de cuestiones que tengan que ver con la econom\u00eda deber\u00edan tomarla personas que sufrieran en sus carnes los vaivenes de la econom\u00eda? Un ministro o un presidente del Gobierno tendr\u00e1n un buen plan de pensiones y, desde luego, no tienen apuros para llegar a fin de mes.<\/p>\n<p>R.- Yo entiendo que, sobre todo, esas medidas las deber\u00eda de tomar quien tuviera credibilidad, conocimientos, actitud y aptitud. Y afrontar con realismo y liderando un gran pacto nacional en el que todos aport\u00e1semos los sacrificios necesarios para volver a la senda del progreso, el crecimiento y el bienestar<\/p>\n<p>P.- \u00bfQu\u00e9 medidas propone usted para salir de la crisis econ\u00f3mica en la que se encuentra el pa\u00eds?<\/p>\n<p>R.- Propongo que un l\u00edder pol\u00edtico con credibilidad y capacidad lidere un gran pacto de estado en el que todos los partidos pol\u00edticos y agentes sociales, anteponiendo el inter\u00e9s general a otras cuestiones de \u00edndole pol\u00edtica o de rentabilidad sindical, establezcan las iniciativas necesarias de incentivaci\u00f3n de la inversi\u00f3n productiva, del empleo y del consumo que nos permitan invertir la tendencia actual que nos ha llevado a una grav\u00edsima situaci\u00f3n, sobre todo en cuanto al empleo.<\/p>\n<p>P.- A estas alturas, \u00bfcree que una manifestaci\u00f3n sirve para algo? Buenos d\u00edas&#8230;<\/p>\n<p>R.- Puede servir para mucho en funci\u00f3n del \u00e9xito de la misma, puesto que, desgraciadamente, los responsables pol\u00edticos mueven ficha cuando los trabajadores salen a la calle y de una forma contundente expresan su rechazo a determinadas pol\u00edticas. Nunca ha habido tantos motivos para ello como en esta ocasi\u00f3n, en la que peligra el estado de bienestar en su conjunto.<\/p>\n<p>P.- Me parece muy bien la manifestaci\u00f3n que desde CSI-F se ha impulsado&#8230; dada la situaci\u00f3n actual en nuestro pa\u00eds&#8230; Pero, \u00bfNo le parece que desde los sindicatos hay que dar ejemplo? Es decir, no &#8220;bailar el agua&#8221; al gobierno de turno (central, auton\u00f3mico o local, el que sea, me da igual) que interese a los dirigentes sindicales&#8230; O dar ejemplo tamb\u00eden a que se realicen contrataciones con todas las de la ley o se utilicen las subvenciones como deben utilizarse.. y no en otros fines&#8230; desde los propios sindicatos? Predicar sin ejemplo, adem\u00e1s de no servir de nada, convierte a cin\u00edcos a las personas.<\/p>\n<p>R.- Le agradezco su opini\u00f3n sobre la concentraci\u00f3n convocada y en cuanto al ejemplo que deben de dar los sindicatos, desde el nuestro entendemos que \u00b4bailando\u00b4o \u00b4sin bailar\u00b4hay que priorizar y centrar las actuaciones en el bienestar de los ciudadanos y en la mejora de las condiciones laborales de los trabajadores, y, sobre todo, en estos momentos, en recuperar el empleo para los casi cinco millones de parados.<\/p>\n<p>P.- \u00bfPor qu\u00e9 los sindicatos no se manifiestan unidos contra la pol\u00edtica econ\u00f3mica del gobierno?<\/p>\n<p>R.- Habr\u00eda que pregunt\u00e1rselo al resto de sindicatos. Por CSI\u00b7F no habr\u00eda ning\u00fan inconveniente en acudir conjuntamente con quien sea para reivindicar lo que figura en el lema de nuestra concentraci\u00f3n: \u00b4Por el empleo. Contra la pol\u00edtica y social del Gobierno. No al pensionazo\u00b4.<\/p>\n<p>P.- \u00bfC\u00f3mo es posible que ustedes se manifiesten siempre contra el Gobierno socialista y est\u00e1n callados respecto al PP?, \u00bfAcaso no tiene responsabilidad Camps y su equipo en que la Comunidad no levante cabeza? Le recuerdo que tienen las competencias en la mayor\u00eda de \u00e1mbitos<\/p>\n<p>R.- No es cierto que nosotros no nos manifestamos contra gobiernos dirigidos por el Partido Popular. Sin ir m\u00e1s lejos, el viernes pasado, d\u00eda 12, y el viernes anterior, d\u00eda 5, nos estuvimos manifestando en el Palau de la Generalitat, cuyo presidente es el presidente regional del Partido Popular. Ahora bien, la responsabilidad de la situaci\u00f3n econ\u00f3mica es mayoritariamente, pero muy mayoritariamente, responsabilidad del gobierno central en estos momentos. Las competencias que le otorga el Estatut a la Generalitat permiten poco margen de maniobra para distanciarse de las pol\u00edticas econ\u00f3micas del Estado.<\/p>\n<p>P.- \u00bfVa usted a reclamar alg\u00fan d\u00eda al Gobierno auton\u00f3mico que haga algo adem\u00e1s de poner primeras piedras y presentar mil veces programas que no sirven para nada?<\/p>\n<p>R.- Al Gobierno valenciano le estamos pidiendo que lo que se vendi\u00f3 como gran pacto valenciano para el empleo y la formaci\u00f3n (Pavace) y que ha demostrado una ineficacia total, dado que a nuestro entender s\u00f3lo sirve para repartir fondos a los sindicatos y patronal firmantes del mismo. Reclamamos tambi\u00e9n al Gobierno valenciano que se ponga las pilas y, en la medida de sus posibilidades por las competencias que tiene asumidas, intensifique las iniciativas conducentes a incentivar la inversi\u00f3n productiva, el empleo y el consumo, as\u00ed como a facilitar, tambi\u00e9n dentro de sus escasas competencias, el cr\u00e9dito a los consumidores, a los aut\u00f3nomos y a las peque\u00f1as y medianas empresas.<\/p>\n<p>P.- \u00bfSe siente la tercera fuerza sindical en la Comunidad Valenciana?<\/p>\n<p>R.- Me siento parte del proyecto sindical m\u00e1s \u00fatil y eficaz que existe en la Comunidad Valenciana para defender los intereses de los trabajadores y contribuir a construir una sociedad m\u00e1s justa y solidaria y con mayor progreso y bienestar en nuestra Comunidad.<\/p>\n<p>P.- Sr Matoses \u00bfqu\u00e9 cualidades debe tener un buen sindicalista y qu\u00e9 defectos suele tener o corre el peligro de adquirir?. \u00bfNo es f\u00e1cil a veces que los liberados caigan en la relajaci\u00f3n o el desinter\u00e9s? \u00bfC\u00f3mo evita usted eso en los suyos? Se lo digo porque es muy peligroso que un delegado d\u00e9 imagen de dejadez. Deja el nombre de todo un sindicato por los suelos<\/p>\n<p>R.- Yo creo que no nos debemos quedar en an\u00e9cdotas. Como en todos los colectivos sociales entre los liberados sindicales puede haber personas que no est\u00e9n a la altura de las circunstancias, pero eso no empa\u00f1a la labor de la mayor\u00eda de ellos, que con honestidad, dedicaci\u00f3n y convicci\u00f3n realizan una funci\u00f3n en favor de los dem\u00e1s digna de encomio y reconocimiento. En cualquier caso desde nuestro sindicato cuando observamos alguna actuaci\u00f3n manifiestamente mejorable actuamos de inmediato.<\/p>\n<p>P.- \u00bfSu manifestaci\u00f3n del viernes es contra la pol\u00edtica econ\u00f3mica del Consell o del Gobierno de Zapatero?<\/p>\n<p>R.- La concentraci\u00f3n del viernes, a las seis de la tarde en la plaza del Temple de Valencia, es por el empleo y contra la pol\u00edtica econ\u00f3mica y social del Gobierno central, que es el responsable directo de la situaci\u00f3n socioecon\u00f3mica en la que nos encontramos.<\/p>\n<p>P.- \u00bfPercibe que CCOO y UGT est\u00e1n siendo muy benevolentes con Zapatero?<\/p>\n<p>R.- Creo que es bastante evidente, hasta ahora, que la actitud de estos compa\u00f1eros no ha ayudado a mejorar las iniciativas llevadas a cabo por el Gobierno y que han resultado un aut\u00e9ntico fiasco para la recuperaci\u00f3n econ\u00f3mica.<\/p>\n<p>P.- Como cree que acabara la legislatura el sr.Rodriguez Zapatero?<\/p>\n<p>R.- Si sigue as\u00ed espero que no la acabe puesto que Espa\u00f1a no aguanta dos a\u00f1os m\u00e1s con una ineficacia en lo econ\u00f3mico como la demostrada hasta ahora. La \u00fanica forma de que finaliza la legislatura entiendo que ser\u00eda alcanzando un gran pacto de estado con todas las fuerzas pol\u00edticas, anteponiendo el inter\u00e9s real de los ciudadanos a otras circunstancias como las que \u00e9l invoc\u00f3 d\u00edas atr\u00e1s en cuanto a cuestiones ideol\u00f3gicas.<\/p>\n<p>P.- Seg\u00fan su punto de vista, \u00bflos sindicatos en este pa\u00eds est\u00e1n politizados?<\/p>\n<p>R.- Desgraciadamente en este pa\u00eds se est\u00e1 politizando casi todo, pero tambi\u00e9n es evidente que dentro del sindicalismo hay algunos que no es que est\u00e9n politizados, sino que su identificaci\u00f3n con determinadas opciones pol\u00edticas es total e incontestable, y eso, evidentemente, en muchos casos no es bueno para el inter\u00e9s general del pa\u00eds.<\/p>\n<p>P.- La situaci\u00f3n del funcionario es penosa. No se cubren puestos de trabajo, ante la avalancha de trabajo, como es el caso de la Consejeria de Agricultura con el tema de la solicitud \u00fanica. Gacias<\/p>\n<p>R.- Los funcionarios, desgraciadamente muchas veces incomprendidos por parte de la sociedad, sufren en sus carnes la falta de conocimiento y capacidad de algunos dirigentes pol\u00edticos a los que se nombra para dirigir \u00e1mbitos de la administraci\u00f3n que desconocen totalmente. Y se dan circunstancias en las que la falta de personal es dram\u00e1tica y eso repercute directamente en el funcionario, peusto que el ciudadano con quien se encuentra para expresarle su rechazo a esas carencias es con el funcionario y con el responsable de esos hechos. Igualmente se pueden producir circunstancias en las algunos funcionarios no tengan suficiente carga de trabajo. Por lo tanto hab\u00eda que evaluar las necesidades de los distintos \u00e1mbitos de las distintas administraciones y reasignar efectivos en funci\u00f3n de las necesidades reales de cada una de ellas.<\/p>\n<p>P.- \u00bfA qu\u00e9 achaca que hayan perdido delegados sindicales respecto a 2008?<\/p>\n<p>R.- A que la mayor\u00eda de nuestros delegados lo son del sector p\u00fablico y en el 2009 las elecciones que se han llevado a cabo han sido en el sector privado y en alguna corporaci\u00f3n local. Por lo tanto, estamos convencid\u00edsimos de que en 2010 y en el 2011, que son los a\u00f1os de elecciones sindicales en el sector p\u00fablico, el n\u00famero de delegados crecer\u00e1 de forma muy significativa. De hecho, en las \u00fanicas elecciones celebradas en 2009 en la p\u00fablica de la provincia de Valencia, en el sector de Justicia, CSI\u00b7F obtuvo mayor\u00eda absoluta en los resultados. Y en cualquier caso nuestro sindicato en el 2009 no ha perdido delegados, lo que ha ocurrido es que otros sindicatos que s\u00f3lo tienen representatividad en la privada han incrementado muy levemente el n\u00famero de los suyos.<\/p>\n<p>P.- \u00bfCree que un cambio de gobierno a nivel nacional y auton\u00f3mico mejorar\u00eda la situaci\u00f3n de crisis que estamos viviendo?<\/p>\n<p>R.- Desde luego, indudablemente a nivel nacional s\u00ed, y a nivel auton\u00f3mico entiendo que convendr\u00eda llevar a cabo algunos retoques en la actual composici\u00f3n del Consell.<\/p>\n<p>P.- en el entorno de crisis \u00bfpercibe voluntad politica de aprobar la carrera profesional de los funcionarios de la generalitat e iniciar su pago durante este a\u00f1o? gracias<\/p>\n<p>R.- Aprecio una voluntad inequ\u00edvoca que se ha manifestado de forma contundente por parte de la consellera Paula S\u00e1nchez de Le\u00f3n en la Mesa General de la Funci\u00f3n P\u00fablica, de cumplir los acuerdos suscritos con el Gobierno valenciano. Eso conlleva la promulgaci\u00f3n de la Ley de la Funci\u00f3n P\u00fablica Valenciana, del posterior decreto de carrera y de la retroactividad de los efectos econ\u00f3micos de la misma al uno de enero de 2010.<\/p>\n<p>P.- Sr Matoses, cree que Zapatero lo est\u00e1 haciendo rematadamente mal? o que esta crisis era casi insorteable? A mi el presidente del Gobierno siempre me ha inspirado honradez y confianza, pero ahora empiezo a dudar. Desde su opini\u00f3n, cree que a cualquier otro presidente del gobierno le hubiera pasado lo mismo con esta crisis?<\/p>\n<p>R.- Yo no dudo de la honestidad del presidente del Gobierno y puede que en determinados aspectos su gesti\u00f3n haya sido razonablemente buena, pero en materia econ\u00f3mica su gesti\u00f3n no ha podido ser peor, porque creo que no s\u00f3lamente no tiene conocimientos de econom\u00eda, sino que adem\u00e1s se cree en posesi\u00f3n de la verdad y desoye y desautoriza a compa\u00f1eros suyos de partido que reiteradamente en materia econ\u00f3mica le han estado afeando y censurando las iniciativas llevadas a cabo. No creo que a otros presidentes del Gobierno les hubiera ocurrido lo mismo, por eso entiendo que para salir de esta situaci\u00f3n, que s\u00ed que se pod\u00eda haber sorteado como lo han hecho Francia o Alemania, es necesario que el Partido Socialista sustituya al presidente del Gobierno y que la persona elegida re\u00fana requisitos de actitud, aptitud y credibilidad para liderar un gran pacto nacional que devuelva la esperanza y el bienestar a los espa\u00f1oles.<\/p>\n<p>P.- Enhorabuena sr Matoses por la nueva sede que han inaugurado. Es el justo pago por los servicios prestados al Gobierno popular, porque no nos querr\u00e1 usted hacer creer que s\u00f3lo se ha pagado con las cuotas de sus afiliados&#8230;<\/p>\n<p>R.- Pues mire, aunque no se lo crea ni el Gobierno popular ni el Gobierno socialista nos han dado absolutamente nada. Somos el sindicato que por s\u00ed solo ha adquirido m\u00e1s sedes que el resto de sindicatos juntos en nuestra Comunidad, con sus propios recursos y sin deber a nadie salvo al Banco Popular. Y adem\u00e1s nuestro sindicato no tiene ning\u00fan local cedido en uso o facilitado por ninguna administraci\u00f3n, ni del patrimonio sindical acumulado ni del patrimonio benevolente concedido por alguna administraci\u00f3n.<\/p>\n<p>P.- \u00bfVan a dejar de ser alg\u00fan d\u00eda los sindicatos (casi todos) unos vendidos al correspondiente partido pol\u00edtico af\u00edn y defender realmente a los trabajadores?<\/p>\n<p>R.- Puedo hablarlo por CSI\u00b7F, que es un sindicato independiente que antepone el inter\u00e9s de los trabajadores y el inter\u00e9s general a cualquier otra circunstancia, que procura, a trav\u00e9s de la negociaci\u00f3n y el di\u00e1logo, alcanzar sus objetivos, y en ese sentido no le duelen prendas en suscribir acuerdos con cualquier gobierno, sea del color que sea.<\/p>\n<p>P.- Hace poco sali\u00f3 publicada la alianza inminente entre el Sindicato Independiente y USO. Podr\u00eda en alg\u00fan momento CSI\u00b7F sentarse a negociar un pacto para conformar una gran fuerza sindical que fuera menos partidista que las cl\u00e1sicas UGT y CCOO??<\/p>\n<p>R.- CSI\u00b7F, recientemente, ha mantenido contactos en los que ha mostrado una actitud constructiva y generosa con ambas formaciones sindicales. Son los responsables de estos dos sindicatos los que deber\u00edan dar las explicaciones que usted me solicita, puesto que, en ambos casos, la ruptura unilateral parti\u00f3 de ellas.<\/p>\n<p>P.- Por qu\u00e9 ha decidido CSI\u00b7F salir a la calle a protestar ahora?<\/p>\n<p>R.- CSI\u00b7F ha salido a la calle siempre que ha habido motivos para ello y ahora entiende que existen m\u00e1s motivos que nunca.<\/p>\n<p>P.- Trabajo en el sector Justicia y s\u00e9 que el lunes tambi\u00e9n habr\u00e1 una concentraci\u00f3n de CSI\u00b7F en la Ciudad de la Justicia. \u00bfCSI\u00b7F est\u00e1 rob\u00e1ndole la calle a UGT y CCOO? Me refiero, \u00bftan mal est\u00e1 la cosa en todos los \u00e1mbitos? porque creo que CSI\u00b7F nunca hab\u00eda estado tan activo como ahora&#8230;<\/p>\n<p>R.- CSI\u00b7F siempre ha estado activo y si usted trabaja en el sector Justicia pues es un testigo privilegiado de ello. Y en estos momentos, en otros \u00e1mbitos, est\u00e1 m\u00e1s activo que nunca porque entiende CSI\u00b7F que tambi\u00e9n nunca ha habido tanta necesidad de ello.<\/p>\n<p>P.- cree usted sr. Matoses, al igual que su presidente nacional como comento en el programa televisivo VEO , que los funcionarios cobran poco?<\/p>\n<p>R.- No se puede generalizar porque empleados p\u00fablicos son varios millones y cada uno de ellos tiene una retribuci\u00f3n distinta, en unos casos puede que est\u00e9n razonablemente retribuidos y en otros, que no alcanzan los mil euros mensuales, entiende que sus condiciones retributivas son insuficientes.<\/p>\n<p>P.- \u00bfSe consideran ustedes, como mucha gente cree, el &#8220;sindicato del PP&#8221;?<\/p>\n<p>R.- Ni lo consideramos nosotros ni lo considera el PP. No tenemos ning\u00fan complejo en reconocer cuando determinados gobiernos, sean del color que sean, realizan una buena gesti\u00f3n. Y ese reconocimiento nuestro hacia el gobierno del Consell no es un hecho aislado, sino que es compartido por la mayor\u00eda de los ciudadanos de esta comunidad como queda constatado en los \u00faltimos procesos electorales.<\/p>\n","protected":false},"excerpt":{"rendered":"<p>El presidente auton\u00f3mico del sindicato de funcionarios CSI\u00b7F ha convocado una manifestaci\u00f3n contra la gesti\u00f3n gubernamental de la crisis econ\u00f3mica y el retraso de la edad de jubilaci\u00f3n.<\/p>\n","protected":false},"author":1,"featured_media":0,"comment_status":"open","ping_status":"open","sticky":false,"template":"","format":"standard","meta":{"footnotes":""},"categories":[],"tags":[],"class_list":["post-3699","post","type-post","status-publish","format-standard","hentry"],"_links":{"self":[{"href":"https:\/\/intervius.com\/index.html\/wp-json\/wp\/v2\/posts\/3699","targetHints":{"allow":["GET"]}}],"collection":[{"href":"https:\/\/intervius.com\/index.html\/wp-json\/wp\/v2\/posts"}],"about":[{"href":"https:\/\/intervius.com\/index.html\/wp-json\/wp\/v2\/types\/post"}],"author":[{"embeddable":true,"href":"https:\/\/intervius.com\/index.html\/wp-json\/wp\/v2\/users\/1"}],"replies":[{"embeddable":true,"href":"https:\/\/intervius.com\/index.html\/wp-json\/wp\/v2\/comments?post=3699"}],"version-history":[{"count":0,"href":"https:\/\/intervius.com\/index.html\/wp-json\/wp\/v2\/posts\/3699\/revisions"}],"wp:attachment":[{"href":"https:\/\/intervius.com\/index.html\/wp-json\/wp\/v2\/media?parent=3699"}],"wp:term":[{"taxonomy":"category","embeddable":true,"href":"https:\/\/intervius.com\/index.html\/wp-json\/wp\/v2\/categories?post=3699"},{"taxonomy":"post_tag","embeddable":true,"href":"https:\/\/intervius.com\/index.html\/wp-json\/wp\/v2\/tags?post=3699"}],"curies":[{"name":"wp","href":"https:\/\/api.w.org\/{rel}","templated":true}]}}