{"id":369,"date":"2004-01-27T00:00:00","date_gmt":"2006-11-06T00:00:00","guid":{"rendered":"https:\/\/intervius.com\/index.html\/?p=369"},"modified":"2006-11-06T00:00:00","modified_gmt":"2006-11-06T00:00:00","slug":"Nani_Roma369","status":"publish","type":"post","link":"https:\/\/intervius.com\/index.html\/Nani_Roma369\/","title":{"rendered":"Nani Roma"},"content":{"rendered":"<p>Pregunta.- Pues ya que tienes el Dakar en motos, ahora vas a por el de coches \u00bfno?<\/p>\n<p>Respuesta.- Por ahora quiero intentar ganar otro Dakar, pero en un futuro por qu\u00e9 no intentar ganar uno en coche.<\/p>\n<p>P.- \u00bfQu\u00e9 tal Nani? En primer lugar darte la enhorabuena por tu victoria en el Dakar. Nos has tenido pegados a los medios de comunicaci\u00f3n para seguirte \u00a1Te lo mereces! Bueno, yo tengo 17 a\u00f1os y este a\u00f1o corro el Campeonato de Enduro de Madrid por primera vez \u00bfEl mundo del enduro, raids, etc, es tan bonito como lo pintan?<\/p>\n<p>R.- S\u00ed, creo que es m\u00e1s bonito cuando lo conoces y es mejor de c\u00f3mo lo pintan.<\/p>\n<p>P.- \u00a1Enhorabuena! \u00bfHas sentido miedo en alg\u00fan momento durante el Dakar?<\/p>\n<p>R.- M\u00e1s que miedo respeto al desierto, siempre se le tiene que tener respeto al desierto pero nunca miedo.<\/p>\n<p>P.- \u00bfQu\u00e9 velocidades alcanzas por medio del desierto?<\/p>\n<p>R.- Como m\u00e1ximo 190 en pista muy dura y en pista de arena 140-150 m\u00e1ximo.<\/p>\n<p>P.- \u00a1Felicidades Joan!! (Desde Osaka-Jap\u00f3n) Eres un ejemplo de tenacidad. \u00bfCu\u00e1l es el secreto de esa fuerza de voluntad? Gracias<\/p>\n<p>R.- Gracias, creer en uno mismo. Pensar que el objetivo lo puedes conseguir y as\u00ed todo es posible.<\/p>\n<p>P.- Primero felicitarle por la victoria. Y despu\u00e9s una pregunta que no tiene mucho que ver con el deporte. \u00bfDe qu\u00e9 manera puede el Dakar ayudar al continente africano o simplemente si le sirve para algo a ese continente?<\/p>\n<p>R.- Es una muy buena pregunta. A veces parece que metemos all\u00ed m\u00e1quinas y les invadimos todo pero ayuda en todo, econ\u00f3micamente, los taxis, los m\u00e9dicos ayudan a todos los hospitales por donde pasamos y la gente en general vive mejor cuando pasa el Rally. No les solucionamos el problema pero si ayudamos.<\/p>\n<p>P.- Primero fecilitarte por este gran triunfo, te lo merec\u00edas desde hace mucho. Mi marido y yo somos grandes aficionados y siempre seguimos el Rally. \u00bfNecesitabas este triunfo tanto como lo esper\u00e1bamos los aficionados? Gracias<\/p>\n<p>R.- Bueno, creo que no es que lo necesitara, pero si que hace mucho tiempo que lo buscaba. A veces no llegan las cosas y cuando llega la gente parece que no se lo esperaba y haces suya tambi\u00e9n la victoria.<\/p>\n<p>P.- \u00bfNo cree que la uso del GPS le quita mucho encanto y misticismo a la prueba en relaci\u00f3n a lo que es aventura?<\/p>\n<p>R.- Los tiempos cambian y lo que hemos ganado con el GPS es seguridad. Es la misma dificultad pero a otro ritmo y uno se tiene que adaptar.<\/p>\n<p>P.- Bon dia Nani. Te acabo de escuchar en la entrevista en RAC-1 \u00bfCu\u00e1nto dinero necesita un piloto para volver der Dakar sin p\u00e9rdidas? \u00bfEstabas en el equipo con m\u00e1s dinero? Gracias<\/p>\n<p>R.- Hay dos cosas, un equipo profesional como el nuestro y los amateurs, estos necesitan como unos ocho millones de pesetas para correr y nosotros hemos salido con alg\u00fan dinerillo. A nosotros nos pagan por correr.<\/p>\n<p>P.- Hola Nani,felicitats. \u00bfCrees que Peterhansel intentar\u00e1 ganar tambi\u00e9n en camiones? \u00bfA qu\u00e9 edad crees que puedes seguir compitiendo en motos?<\/p>\n<p>R.- No se si Peterhansel querr\u00e1 correr en camiones, a lo mejor s\u00ed. Lo de la edad, no me importa. Mientras disfrute y me lo pase bien, seguir\u00e9 corriendo.<\/p>\n<p>P.- \u00bfQu\u00e9 es m\u00e1s duro, soportar el calor o la dureza del terreno? Y las noches, \u00bfs\u00f3n tan fr\u00edas como dicen y se ven tantas estrellas en el desierto?<\/p>\n<p>R.- De hecho, m\u00e1s que las temperaturas es el ambiente: ha llovido, ha habido tormentas de arena. En el desierto una de las mejores cosas que puedes hacer es ver las estrellas, es incre\u00edble.<\/p>\n<p>P.- Buenos d\u00edas campe\u00f3n. Estoy faltando a clase para estar un ratito contigo. He seguido la carrera d\u00eda a d\u00eda y me gustar\u00eda saber: \u00bfCu\u00e1les eran tus miedos durante la carrera? Pienso que lo m\u00e1s duro son las noches y la necesidad de ver a las personas queridas. Espero que el a\u00f1o que viene puedas volver a revalidar tu t\u00edtulo. Un saludo de un gran admirador.<\/p>\n<p>R.- Muchas gracias por tu tiempo. Lo m\u00e1s duro es la carrera en general, muchos kil\u00f3metros, echas de menos a las hijas pero sabes que todo pasa muy r\u00e1pido y eso llegar\u00e1, lo m\u00e1s duro es la carrera.<\/p>\n<p>P.- Enhorabuena campe\u00f3n. Dinos una cosa, \u00bfcu\u00e1l ha sido el momento m\u00e1s duro de este Dakar para t\u00ed? \u00bfY el m\u00e1s bonito o emocionante? Saludos y a seguir as\u00ed<\/p>\n<p>R.- El m\u00e1s duro fue la etapa llegando a Mauritania, pas\u00e9 6 o 7 horas muy estresantes. Y el m\u00e1s bonito, cuando llegaba a la meta por la playa al lado de mi compa\u00f1ero Isidro.<\/p>\n<p>P.- En primer lugar felicidades desde galicia, mi pregunta es la siguiente \u00bfCambiar\u00edas algo en la organizaci\u00f3n del Dakar?. Saludos y enhorabuena.<\/p>\n<p>R.- Bueno, es muy dif\u00edcil organizar una carrera. Desde fuera ves cosas que cambiar\u00edas pero creo que es muy dif\u00edcil organizar el Dakar, creo que lo hacen muy bien y es muy dif\u00edcil hacer lo que hacen ellos.<\/p>\n<p>P.- Hola campe\u00f3n!!. Lo primero de todo darte la enhorabuena y lo segundo saber qu\u00e9 llegaste a pensar de la organizaci\u00f3n cuando suspendieron el rally por dos d\u00edas (\u00bfindignaci\u00f3n, etc.?)<\/p>\n<p>R.- Gracias, hac\u00eda falta cortarlo porque a mucha gente le salv\u00f3 la carrera, por lo tanto est\u00e1 bien hecho.<\/p>\n<p>P.- Estoy interesada en la t\u00e9cnica de visualizaci\u00f3n que trabajaste con Pep Font como herramienta para gestionar la presi\u00f3n que puede producir la competici\u00f3n \u00bfcon qu\u00e9 objetivo utilizaste esta t\u00e9cnica? \u00bfen qu\u00e9 consisti\u00f3? \u00bfte sirvi\u00f3 para manejar mejor la presi\u00f3n?. Muchas gracias<\/p>\n<p>R.- Basicamente es saber en situaciones dif\u00edciles relajarte, saber que cu\u00e1nto m\u00e1s tranquilo est\u00e1s encuentras la mejor soluci\u00f3n, si te pones nervioso el problema se convierte en cat\u00e1strofe<\/p>\n<p>P.- \u00bfTe cost\u00f3 sacarte el carnet de moto? Es que me lo estoy sacando yo ahora&#8230;<\/p>\n<p>R.- No, me lo saqu\u00e9 todo a la primera. Tengo que decir que en la te\u00f3rica tuve un poco de suerte.<\/p>\n<p>P.- \u00bfNani qu\u00e9 hace del Dakar que sea tan m\u00edtico que a\u00fan siendo una carrera con premios en met\u00e1lico bajos tiene tanta fama mundial?<\/p>\n<p>R.- Porque es la carrera dura, larga, m\u00e1s dificil que se hace en el mundo de los rallies. El hecho de que no la hubiera ganado nadie de aqu\u00ed se le ha dado m\u00e1s importancia.<\/p>\n<p>P.- \u00bfEl triunfo va dedicado a&#8230;? \u00a1El tiempo nos pone a cada uno en nuestro lugar campe\u00f3n!<\/p>\n<p>R.- La victoria la dedico a mucha gente. Hay mucha gente culpable, mec\u00e1nicos, compa\u00f1eros, los aficionados que han estado a mi lado.<\/p>\n<p>P.- Hola, campe\u00f3n. \u00bfHay que estar mejor preparado f\u00edsica o psicol\u00f3gicamente para ganar un Dakar? \u00c1nimo y a por el de coches.<\/p>\n<p>R.- Bueno, creo que un poco todo. Tienes que trabajar tanto una cosa como la otra. Hay momentos en los que es m\u00e1s importante lo f\u00edsico y otros lo ps\u00edquico para funcionar bien.<\/p>\n<p>P.- \u00bfCrees que alguno de tus compa\u00f1eros de equipo pueden lograr un Dakar?<\/p>\n<p>R.- creo que si, tienen que trabajar y tener la oportunidad de correr mas rallyes en Africa, tienen que trabajar, y asi lo pueden conseguir<\/p>\n<p>P.- Antes de nada felicidades y enhorabuena por este triunfo que tanto has buscado y mi pregunta es: Rossi ha dicho que en un futuro correr\u00eda el Dakar, \u00bfcrees que podr\u00eda tener posibilidades?Gracias y enhorabuena<\/p>\n<p>R.- Gracias por las felicitaciones y \u00bfpor qu\u00e9 no? Es un fen\u00f3meno y si se lo propusiera podr\u00eda hacerlo muy bien. No s\u00e9 hasta qu\u00e9 punto podr\u00eda ganar o no, pero un fen\u00f3meno como \u00e9l, podr\u00eda hacerlo muy bien.<\/p>\n<p>P.- Felicidades Campeon. \u00bf En que piensa uno cuando se pierde de noche?<\/p>\n<p>R.- Gracias. En intentar encontrar el buen camino, de noche la visi\u00f3n disminuye y lo que hay que hacer es llegar al campamento.<\/p>\n<p>P.- \u00bfQu\u00e9 rallies corres para entrenar para el Dakar?<\/p>\n<p>R.- Corro el de Tunez, el de Marruecos, Egipto, Dubai y Baja Arag\u00f3n aqu\u00ed en Espa\u00f1a.<\/p>\n<p>P.- \u00bfQue tal te llevas con Richard Sainct?<\/p>\n<p>R.- Bueno, ja, ja, ha habido momentos tensos. Tenemos una relacion correcta, ha habido nuestros m\u00e1s y nuestros menos. Nos llevamos m\u00e1s o menos bien<\/p>\n<p>P.- Nani, esto de tantas entrevistas, salir en los medios, \u00bfc\u00f3mo lo llevas? \u00bfagobia? \u00bfes bueno para la difusion de tu deporte? Un saludo crack<\/p>\n<p>R.- A veces es un poco dif\u00edcil porque no estamos acostumbrados pero creo que es bueno para la difusi\u00f3n de los rallies en general.<\/p>\n<p>P.- Desde Avignon, yo que soy un estudiante Erasmus, hemos notado que en Francia tiene mucha m\u00e1s repercusi\u00f3n el Dakar, que en lo que respecta a Espa\u00f1a, \u00bftu crees que esto cambiar\u00e1 con tu triunfo?<\/p>\n<p>R.- Bueno, a lo mejor s\u00ed, espero que s\u00ed. Es verdad que en Francia tiene una repercusi\u00f3n muy grande porque es una carrera francesa. Saludos para Avignon, tengo una t\u00eda que vive all\u00ed y he pasado mucho por Avignon.<\/p>\n<p>P.- En primer lugar felicidades.\u00bfTu que crees que es mas complicado hacer el dakar en coches o en motos.?<\/p>\n<p>R.- Gracias, creo que todo es complejo. La \u00fanica diferencia es que en moto vas solo y en coche vas acompa\u00f1ado, pero todo es dif\u00edcil.<\/p>\n<p>P.- \u00bfY ahora qu\u00e9, a descansar o ya tenemos en mente otras carreras?<\/p>\n<p>R.- Ahora a descansar un poquito, pero dentro de dos semanas ya tengo una carrera Memorial Toni Sole el 7 de febrero y luego empieza el Campeonato de Espa\u00f1a de Enduro.<\/p>\n<p>P.- Felicidades y dinos: \u00bfCu\u00e1nto ha tenido que ver en tu victoria la direcci\u00f3n y ayuda del campeon\u00edsimo Arcarons?<\/p>\n<p>R.- Felicidades y dinos: \u00bfCu\u00e1nto ha tenido que ver en tu victoria la direcci\u00f3n y ayuda del campeon\u00edsimo Arcarons?<\/p>\n","protected":false},"excerpt":{"rendered":"<p>Joan Nani Roma se ha convertido en el primer espa\u00f1ol en conseguir el triunfo en el Rally Dakar, del que se han disputado 26 ediciones. El piloto ha charlado con los internautas.<br \/>\nAgradecerles su tiempo, agradecerles que hayan estado siempre a mi lado y citarles para el pr\u00f3ximo Dakar que no s\u00e9 si lo ganar\u00e9 o no, pero citarles para correrlo.<\/p>\n","protected":false},"author":1,"featured_media":0,"comment_status":"open","ping_status":"open","sticky":false,"template":"","format":"standard","meta":{"footnotes":""},"categories":[],"tags":[],"class_list":["post-369","post","type-post","status-publish","format-standard","hentry"],"_links":{"self":[{"href":"https:\/\/intervius.com\/index.html\/wp-json\/wp\/v2\/posts\/369","targetHints":{"allow":["GET"]}}],"collection":[{"href":"https:\/\/intervius.com\/index.html\/wp-json\/wp\/v2\/posts"}],"about":[{"href":"https:\/\/intervius.com\/index.html\/wp-json\/wp\/v2\/types\/post"}],"author":[{"embeddable":true,"href":"https:\/\/intervius.com\/index.html\/wp-json\/wp\/v2\/users\/1"}],"replies":[{"embeddable":true,"href":"https:\/\/intervius.com\/index.html\/wp-json\/wp\/v2\/comments?post=369"}],"version-history":[{"count":0,"href":"https:\/\/intervius.com\/index.html\/wp-json\/wp\/v2\/posts\/369\/revisions"}],"wp:attachment":[{"href":"https:\/\/intervius.com\/index.html\/wp-json\/wp\/v2\/media?parent=369"}],"wp:term":[{"taxonomy":"category","embeddable":true,"href":"https:\/\/intervius.com\/index.html\/wp-json\/wp\/v2\/categories?post=369"},{"taxonomy":"post_tag","embeddable":true,"href":"https:\/\/intervius.com\/index.html\/wp-json\/wp\/v2\/tags?post=369"}],"curies":[{"name":"wp","href":"https:\/\/api.w.org\/{rel}","templated":true}]}}