{"id":3681,"date":"2010-03-05T00:00:00","date_gmt":"2006-11-06T00:00:00","guid":{"rendered":"https:\/\/intervius.com\/index.html\/?p=3681"},"modified":"2006-11-06T00:00:00","modified_gmt":"2006-11-06T00:00:00","slug":"Chimo_Bayo3681","status":"publish","type":"post","link":"https:\/\/intervius.com\/index.html\/Chimo_Bayo3681\/","title":{"rendered":"Chimo Bayo"},"content":{"rendered":"<p>Pregunta.- La fiesta del fuego, que fen\u00f3meno. \u00bfA qui\u00e9n quemar\u00edas en esa hoguera musical tan fallera que has creado?<\/p>\n<p>Respuesta.- Hola a todos. Como hab\u00e9is podido comprobar mezclamos lo pagano con lo divino en este video. As\u00ed que pod\u00e9is elegir a una persona de lo divino y otra de lo pagano. El v\u00eddeo sigue siendo libre como todas mis canciones. Me mojo: a los prepotentes.<\/p>\n<p>P.- Hola CHIMO: \u00bfDonde hubo m\u00e1s drogas en la Ruta del Bakalao o en Eurovisi\u00f3n? Saludos M.E.<\/p>\n<p>R.- Es una pregunta con trampa? Despu\u00e9s de ver la gala imagino que en Eurovisi\u00f3n. Eso no hab\u00eda quien lo soportara, es m\u00e1s de lo mismo.<\/p>\n<p>P.- COMENTA TU RELACION QUE MANTIENES CON TU PUEBLO NATAL EN LA PROVINCIA DE TERUEL. Y QUE REPRESENTA ESE ENTORNO PARA TI<\/p>\n<p>R.- Hablamos de Rubielos de Mora. Exactamente nac\u00ed en Valencia y la familia de mi padres es la que es de all\u00ed. Hace tiempo que no voy, pero me siento muy turolense en ese aspecto. Tengo un recuerdo muy entra\u00f1able y muy inocente. Pas\u00e9 gran parte de mi juventud all\u00ed. Los quiero a todos.<\/p>\n<p>P.- \u00bfNo crees que la carrera por ir a Eurovisi\u00f3n en este pa\u00eds se ha convertido en una batalla de frikis?<\/p>\n<p>R.- Son todos unos frikis, pero no solamente los que se presentan, tambi\u00e9n los directivos de Televisi\u00f3n Espa\u00f1ola. Al no poder hacer publicidad, el festival se ha convertido en un fastidio para ellos. S\u00f3lo hab\u00eda que ver el decorado de la gala.<\/p>\n<p>P.- \u00bfC\u00f3mo viste la actuaci\u00f3n de Rodolfo Chikilicuatre? A m\u00ed me pareci\u00f3 antol\u00f3gica, hay que tener mucha cara para re\u00edrse en sus propias narices de todos los que organizan el sarao de Eurovisi\u00f3n y encima ser aplaudido.<\/p>\n<p>R.- Era un actor. Nosotros no hemos cambiado nuestro tipo de m\u00fasica para ir a Eurovisi\u00f3n, hacemos lo mismo de siempre.<\/p>\n<p>P.- Chimote, \u00bfqu\u00e9 les dar\u00edas a los de Televisi\u00f3n Espa\u00f1ola para que te dejaran ir a Eurovisi\u00f3n?<\/p>\n<p>R.- Personalmente me ilusion\u00e9 con este proyecto para reivindicar la m\u00fasica electr\u00f3nica en Espa\u00f1a. Hubiera sido la primera vez que un dj que hace m\u00fasica tecno habr\u00eda representado a Espa\u00f1a en Eurovisi\u00f3n. Un avance. Contestando a tu pregunta: dos hostias.<\/p>\n<p>P.- Chimo.\u00bf qu\u00e9 piensas de LADY GAGA?\u00bfpara cuando un duo con el\/la?.<\/p>\n<p>R.- Vengo del espacio exterior, no s\u00e9 si nos encontraremos en la tierra, pero si ella quiere, yo le pego a todo, por lo de las hostias vamos.<\/p>\n<p>P.- Enhorabuena CHIMO por el videoclip, buen formato, buena idea, cuales son tus pr\u00f3ximos proyectos audiovisuales?<\/p>\n<p>R.- Estoy pendiente de realizar un corto, a ver si s\u00e9 actuar. La verdad es que el videoclip es muy bueno, est\u00e1 mal que lo diga yo. Juntamos lo pagano con lo divino, insisto. \u00bfqu\u00e9 pens\u00e1is que significa este videoclip?<\/p>\n<p>P.- bUENOS D\u00cdAS TEMPLARIO. \u00bfC\u00d3MO SER\u00cdA UN DUELO MUSICAL ENTRE CHIMO BAYO Y JOHN COBRA? \u00bfY ENTRE BAYO Y KARMELE?<\/p>\n<p>R.- Seguramente no aparecer\u00eda en ninguno de los dos. A m\u00ed que me llamen de todo menos temprano. No tengo nada que ver con estas personas y no tengo inter\u00e9s en conocerlas. Espero que todos entend\u00e1is que no me pod\u00e9is meter en le mismo saco. \u00bfQu\u00e9 ser\u00eda de nosotros?<\/p>\n<p>P.- Hola monstruo, \u00bfprefieres las bombas o los tsunamis?<\/p>\n<p>R.- Prefiero la espoleta de la T\u00eda Enriqueta y lo que m\u00e1s pena me da de todo es que el d\u00eda que me eliminaron de Eurovisi\u00f3n eliminaron tambi\u00e9n a Karmele. No tenemos nada que ver uno con el otro y es lo que no veo claro de todo esto.<\/p>\n<p>P.- Acabo de ver el v\u00eddeo y he flipado, sobre todo con tus botas, \u00bfde d\u00f3nde las has sacado?<\/p>\n<p>R.- No os lo v\u00e1is a creer. Estas botas las tengo desde hace poco, porque en un viaje perd\u00ed las otras. No me pregunt\u00e9is c\u00f3mo porque no me acuerdo, pero la f\u00e1brica de estas botas, que tiene cojones el nombre, se llama A rayas. No voy de co\u00f1a.<\/p>\n<p>P.- Hola Chimo, al verte con la moto a toda pastilla me he puesto un poco tonta. Me han venido a la mente im\u00e1genes de hace veinte a\u00f1os. me has alegrado el d\u00eda. Me encanta que te enfrentes al paso del tiempo con esa entereza. No dejes de hacer cosas como este, aunque algunos se r\u00edan de tu frikismo k es en verdad vitalidad.<\/p>\n<p>R.- Si lo de frikismo viene por monstruo, por superviviente y por convicci\u00f3n, lo comparto contigo. Aparte, \u00bfc\u00f3mo te llamas?<\/p>\n<p>P.- \u00bfNo se te ha ocurrido nada m\u00e1s cutre que correr por el circuito de Cheste con esos se\u00f1ores disfrazados de saragueys futuristas? He de admitir que el video tiene su gracia&#8230;<\/p>\n<p>R.- Cuando alguien hace algo se expone a que la gente opine. Si lo tuviera que hacer lo volver\u00eda a hacer igual. Somos independientes y postapocal\u00edpticos.<\/p>\n<p>P.- hola ximo, pasando de los frikis de eurovision. \u00bfque recuerdos tienes de las noches de Arsenal ? bombas, bombass que pasaaaa<\/p>\n<p>R.- Me imagino que estuviste all\u00ed. Una de las mejores sensaciones que he tenido en mi vida fue all\u00ed, donde todo lo que ocurr\u00eda era real, aunque no lo pareciera. Poner m\u00fasica electr\u00f3nica, tecnoindustrial, ebm. etc. y hacerlo accesible al p\u00fablico creo que quiz\u00e1s sea mi mayor logro. Estoy pasando a digital todas las cintas que tengo de Arsenal y dentro de poco podr\u00e9is o\u00edrlas en youtube y Facebook.<\/p>\n<p>P.- Chimo, \u00bfvolver\u00e1s a intentar ir a Eurovisi\u00f3n el a\u00f1o que viene? Forocoches te apoya.<\/p>\n<p>R.- No lo hemos pensado todav\u00eda, aunque s\u00ed que me siento apoyado por toda la gente en internet. Para m\u00ed la mayor satisfacci\u00f3n fue ver el apoyo que tuvimos en cuatro d\u00edas. Conseguimos 50.000 votos, eso es la puta bomba.<\/p>\n<p>P.- Esos code name con los que colaboras de donde han salido? Eres el amo Chimo.<\/p>\n<p>R.- Son los ganadores del Sona la Dipu de 200Han sido seguidores m\u00edos siempre y me pidieron colaborar en una canci\u00f3n que se llama Videodrome. Met\u00ed las voces y nos hemos hecho amigos. Hacen m\u00fasica muy oscura, como me gusta a m\u00ed, y al unirnos yo les he dado ese toque m\u00e1s accesible respecto a la producci\u00f3n. Son muy buenos.<\/p>\n<p>P.- \u00bfCu\u00e1nta pasta te ha pagado Gur\u00fa por salir en el video? \u00bfVas a convertirlo en el nuevo Templo? Saludos.<\/p>\n<p>R.- Ah\u00ed estamos. Tenemos un proyecto, vamos a ver si lo podemos realizar, que se llamar\u00eda Bayo Festival. Con las iniciales de mi apellido BAYO ser\u00eda baile, arte y ocio. Algo creado para apoyar a colectivos y gente joven.<\/p>\n<p>P.- \u00bfpodr\u00edas explicarme el mensaje que transmite tu v\u00eddeo? Gracias<\/p>\n<p>R.- En mi facebook quer\u00eda transmitir esta misma pregunta a todos vosotros. \u00bfQu\u00e9 es lo que pens\u00e1is que significa la canci\u00f3n y el videoclip? \u00bfde qu\u00e9 trata? \u00bfcrees que tiene algo que ver con nosotros? Os lo pregunto yo a vosotros.<\/p>\n<p>P.- HOla Dj!!! cuanto me alegro que vuelvas a escena&#8230; Donde podemos encontrar las bases del concurso??? un abrazo desde Cantabria<\/p>\n<p>R.- \u00bfTe refieres al Sona la Dipu Dj? Si es as\u00ed, en internet. Busca pro dj o en la web de la Diputaci\u00f3n de Valencia.<\/p>\n<p>P.- \u00bfC\u00f3mo es posible que un dj con cierta fama hace muchos muchos a\u00f1os en la ruta del bakalao se mantenga en candelero sin haber hecho pr\u00e1cticamente nada en todos estos a\u00f1os? \u00bfCu\u00e1l es el secreto de tu \u00e9xito amigo? Saludossssss<\/p>\n<p>R.- Exactamente ese, no hacer muchas cosas y ser vers\u00e1til. Sigo actuando por toda Espa\u00f1a con mi show, tambi\u00e9n he estado haciendo televisi\u00f3n, dirig\u00eda un night late en una tv local de Valencia y tambi\u00e9n he estado en algunos programas de Canal Para m\u00ed lo m\u00e1s importantee s actuar de cara al p\u00fablico. Es una terapia y resulta muy gratificante ver los diferentes tipos de gentes y edades que acuden a mis actuaciones. Cuando la gente viene a verme sabe lo que va a ver y viene preparada. Chimo siempre ha estado relacionado con la diversi\u00f3n y el buen rollo y eso se nota en mis actuaciones.<\/p>\n<p>P.- Valencia tiene cada vez m\u00e1s iconos, desde el punto de vista monumental, deportivo, econ\u00f3mico, de eventos, etc. \u00bfCrees que Chimo Bayo es el icono de algo en concreto que pueda definir a la ciudad?<\/p>\n<p>R.- Me gustar\u00eda. Siempre me he sentido querido en Valencia, pero act\u00fao m\u00e1s fuera. Lo de icono&#8230; me han dicho muchas cosas y esa \u00faltimamente me la reiteran.<\/p>\n<p>P.- Por tu forma de proceder, parece que ir a Eurovisi\u00f3n supon\u00eda para ti una necesidad vital. \u00bfQu\u00e9 esperabas conseguir llevando al festival tu fiesta del fuego?<\/p>\n<p>R.- No era una necesuidad vital. esta canci\u00f3n no la hicimos para Eurovisi\u00f3n. Soy una persona que escucha a los que est\u00e1n a su alrededor, colaboradores, amigos&#8230; Estuvieron dici\u00e9ndome durante un mes que nos present\u00e1ramos a Eurovisi\u00f3n y yo les dije que no. El \u00faltimo d\u00eda, por la noche, les dije vale, presentarlo, pero no era una necesidad vital. Cuando la gente nos empez\u00f3 a votar se convirti\u00f3 en otra cosa. Me sent\u00ed responsable de todos esos votos porque yo no soy yo, yo soy t\u00fa.<\/p>\n<p>P.- Chimo, \u00bfintentar\u00e1s el a\u00f1o que viene ir de nuevo a Eurovisi\u00f3n?<\/p>\n<p>R.- Si nos pagan y quieren un poco de dignidad, \u00bfpor qu\u00e9 no?<\/p>\n<p>P.- Torre de control llamando a base, torre de control llamando a base&#8230; Qu\u00e9 pasa crack!! Eres uno de los m\u00fasicos m\u00e1s incombustibles del panorama espa\u00f1ol y eso es muy de agradecer, sobre todo por m\u00ed, que sigo escuchando tus temazos. \u00bfQu\u00e9 nos vamos a encontrar en tu nuevo disco? \u00bfTendremos sorpresas, como alguna canci\u00f3n de distinto g\u00e9nero al tuyo habitual? Por cierto, \u00bfqu\u00e9 tal sigue la t\u00eda Enriqueta?? jajaja. Un abrazo!<\/p>\n<p>R.- Ante todo muchas gracias por preocuparte por la T\u00eda Enriqueta, es un detalle. Cuando vaya a tomarme la cervecita de la ma\u00f1ana se lo contar\u00e9. Fuera de bromas, sab\u00e9is que la canci\u00f3n de la T\u00eda Enriqueta est\u00e1 basada en un hecho real, es la historia de una se\u00f1ora mayor que se volvi\u00f3 loca y muri\u00f3 hace muchos a\u00f1os encima de la bicicleta. Era su \u00fanica diversi\u00f3n y me pareci\u00f3 una historia tan irreal como lo que ocurr\u00eda en la ruta del bakalao y lo asoci\u00e9 enseguida. Por cierto, nos vamos a meter en el estudio para hacer tres temas, a ver si lo conseguimos antes de verano. Ser\u00edan temas de Chimo Bayo y algunas colaboraciones con grupos como Mendezt, Dorians y Code Name.<\/p>\n<p>P.- Chimo, eres un impostor. El verdadero Chimo Bayo s\u00e9 de buena tinta que es bastante m\u00e1s marchoso que t\u00fa&#8230;<\/p>\n<p>R.- Qu\u00e9 gracia tienes. Es que yo no soy yo, yo soy t\u00fa, ya te lo he dicho. De todas formas, g\u00edrate que estoy detr\u00e1s de ti.<\/p>\n<p>P.- \u00bfcuanto dinero gana?<\/p>\n<p>R.- No s\u00e9 si ya te lo he dicho alguna vez, pero soy el altruista accidental. Ayer actuamos por la noche en la plaza de toros de Valencia sin cobrar y esta tarde presento un pase de modelos caninos para ayudar a una asociaci\u00f3n que combate el maltrato a los animales. Eso va a ser para verlo.<\/p>\n<p>P.- \u00bfNo crees que Chimo Bayo ya forma parte del folklore y ya no hace (tanta) gracia?<\/p>\n<p>R.- \u00bfMe est\u00e1s preguntando a mi, al aut\u00e9ntico Chimo Bayo? Convivo conmigo mismo desde hace 48 a\u00f1os y todav\u00eda me sigo haciendo gracia. Eso s\u00ed, a veces me enfado conmigo mismo y he llegado a no hablarme.<\/p>\n<p>P.- Hola Chimo. kreo ke eres uno de los mejores compositores valencianos de los ultimos a\u00f1os y me pareses una persona muy sensata. Tu sobreviviste a la ruta del vakalado sin tomar drogas. \u00bfque le dir\u00edas a los jobenes para que se alejen de ese infierno? Una madre que iba a Central<\/p>\n<p>R.- Si la gente joven me ve como un superviviente de la vor\u00e1gine de la ruta del bakalao me parece bien. Lo m\u00e1s importante, hagas lo que hagas en esta vida, es respetarte a ti mismo y a los dem\u00e1s y siempre hay una frase que repito: lo m\u00edo siempre ha sido un descontrol controlado. Estar ocho horas pinchando cara al p\u00fablico no lo hace cualquier persona, y esto es de lo que m\u00e1s me enorgullezco, viendo a toda la gente que se ha divertido ante m\u00ed.<\/p>\n<p>P.- Que tal hermano!, Has pensado en grabar en el 2011, (20 a\u00f1os) un nuevo video en lo que queda de El Templo, pero sin hacer un remix, solo un nuevo video. Tu m\u00fasica sigue siendo actual. Saludos<\/p>\n<p>R.- Hemos intentado entrar en el Templo para grabar un v\u00eddeo pero est\u00e1 viviendo gente all\u00ed, est\u00e1 lleno de okupas y la polic\u00eda nos dijo que era un poco peligroso entrar. Entramos con la c\u00e1mara y nos la roban. Es buana idea, me gusta mucho el concepto postapocal\u00edptico. Si esas paredes hablaran&#8230;<\/p>\n<p>P.- Para estar tan interesado en ir a Eurovisi\u00f3n, debes pensar que este festival es un acontecimiento digno, \u00bfno? O quiz\u00e1s es que es una bakal\u00e1, algo m\u00e1s cercano a tu g\u00e9nero&#8230;<\/p>\n<p>R.- Os lo vuelvo a repetir. No era una prioridad, pero nos dejamos llevar. Me sent\u00ed como que llevaba el estandarte de la gente de la m\u00fasica electr\u00f3nica. Se convirti\u00f3 en un frenes\u00ed en cuatro d\u00edas. A veces est\u00e1 bien dejarse llevar, pero eso s\u00ed, me empujasteis vosotros.<\/p>\n<p>P.- Chimo, eso que llevas en las gafas \u00bfes una cremallera? Crack, eres mi \u00eddolo.<\/p>\n<p>R.- \u00bfC\u00f3mo voy a llevar una cremallera en las gafas? \u00bfQu\u00e9 tipo de pregunta es esta? Si ni siquiera llevo gafas, no tengo nariz.<\/p>\n<p>P.- Hola Chimo!!! Bienvenido de nuevo a este mundo. Menudo robo que no te dejaran ir a Eurovisi\u00f3n. Fijo que habr\u00edas ganado. \u00bfQu\u00e9 te parecieron las candidaturas de karmele o del tal John Cobra? Alg\u00fan d\u00eda te veremos representando a espa\u00f1a!!\u00bf?<\/p>\n<p>R.- Muchas gracias, siempre he estado aqu\u00ed. Me molesta mucho que me metan en el mismo saco con estos dos artistas despu\u00e9s de 25 a\u00f1os de profesi\u00f3n. No hemos cambiado nuestro estuilo, hemos hecho lo que nos gusta y lo que os gusta a vosotros y no hemos cambiado la manera de trabajar. S\u00f3lo hemos presentado una canci\u00f3n que habla de cosas interesantes y de la purificaci\u00f3n del fuego. Por cierto, \u00bfqu\u00e9 crees que significa la canci\u00f3n? \u00bfde qu\u00e9 trata?<\/p>\n<p>P.- La fiesta del fuego, \u00bfpero eso no lo vendiste ya en las Fallas del a\u00f1o pasado?<\/p>\n<p>R.- El disco no est\u00e1 a\u00fan a la venta, pero s\u00ed que el a\u00f1o pasado, en un encuentro como este, lo pudisteis escuchar. Hoy hemos tra\u00eddo el videoclip y dentro de poco estar\u00e1 para descargar. Esto es muy importante: la m\u00fasica que te gusta te necesita. \u00bfMe adopt\u00e1is?<\/p>\n<p>P.- Chimo , yo tenia los billetes para ir a Eurovisi\u00f3n que puedo hacer con ellos<\/p>\n<p>R.- D\u00e1melos y les pegamos fuego. Las \u00faltimas noticias que han llegado es que no quer\u00edan que fu\u00e9ramos, porque al llegar con la fiesta del fuego hubi\u00e9ramos derretido el casquete polar y me hubieran acusado, aparte de todo, del cambio clim\u00e1tico. \u00bfCuela?<\/p>\n<p>P.- \u00bf&#8221;El paisaje blanco del nuevo milenio&#8221; tiene algo que ver con la farlopilla?<\/p>\n<p>R.- Os he preguntado que qu\u00e9 cre\u00e9is que significa la canci\u00f3n.<\/p>\n<p>P.- Chimo, he visto en YouTube un video que sale tu hija. \u00bfTiene novio?<\/p>\n<p>R.- Je, je, je, je&#8230; Ha tenido m\u00e1s \u00e9xito que yo. No eres el primero que me lo pregunta. Seguramente en otro encuentro la subastar\u00e9. Es broma&#8230;<\/p>\n<p>P.- CHIMO, que opinas del tema \u00f1o\u00f1o &#8220;Algo peque\u00f1ito&#8221; del clon de Garfunkel que va a Eurovisi\u00f3n?<\/p>\n<p>R.- M\u00e1s de lo mismo. El chico debe ser buen chaval, pero vamos a quedar los \u00faltimos. Esta vez lo conseguimos.<\/p>\n<p>P.- Ximo, \u00bfes verdad que vas a aparecer pronto en un reality en tv?<\/p>\n<p>R.- Hay alguna propuesta, pero todav\u00eda no s\u00e9 nada. Imag\u00ednate yo vestido de Tarz\u00e1n en la selva, con Chita de manager, con el escroto al aire&#8230; \u00bfQu\u00e9 pens\u00e1is? \u00bfTengo que ir?<\/p>\n<p>P.- Por qu\u00e9 no envejeces? brib\u00f3n<\/p>\n<p>R.- Porque soy un inconsciente. A\u00fan creo que tengo veinte a\u00f1os. La ignorancia es la felicidad absoluta. Y gracias&#8230;<\/p>\n<p>P.- Chimo \u00bfpiensas que tu estilo musical puede tener m\u00e1s exito en pa\u00edses centroeuropeos como Alemania u Holanda donde est\u00e1n m\u00e1s familiarizados con este tipo de sonido? \u00bfPorqu\u00e9 no una letra en ingl\u00e9s para ir el a\u00b4\u00f1o que viene a por todas a Eurovisi\u00f3n?<\/p>\n<p>R.- No es la primera vez que me lo proponen, pwero siempre he considerado que Chimo Bayo canta en castellano y s\u00ed que nuestra m\u00fasica tiene que ver con la m\u00fasica tecno de centroeropa.<\/p>\n","protected":false},"excerpt":{"rendered":"<p>Vuelve Chimo Bayo. Otra vez. Tras su ef\u00edmero intento por llegar a Eurovisi\u00f3n (y su pol\u00e9mica eliminaci\u00f3n), el gur\u00fa de la ruta del bakalao estrena v\u00eddeo y prepara, con motivo de las Fallas 2010, el lanzamiento de su nuevo disco, La Fiesta del Fuego.<\/p>\n","protected":false},"author":1,"featured_media":0,"comment_status":"open","ping_status":"open","sticky":false,"template":"","format":"standard","meta":{"footnotes":""},"categories":[],"tags":[],"class_list":["post-3681","post","type-post","status-publish","format-standard","hentry"],"_links":{"self":[{"href":"https:\/\/intervius.com\/index.html\/wp-json\/wp\/v2\/posts\/3681","targetHints":{"allow":["GET"]}}],"collection":[{"href":"https:\/\/intervius.com\/index.html\/wp-json\/wp\/v2\/posts"}],"about":[{"href":"https:\/\/intervius.com\/index.html\/wp-json\/wp\/v2\/types\/post"}],"author":[{"embeddable":true,"href":"https:\/\/intervius.com\/index.html\/wp-json\/wp\/v2\/users\/1"}],"replies":[{"embeddable":true,"href":"https:\/\/intervius.com\/index.html\/wp-json\/wp\/v2\/comments?post=3681"}],"version-history":[{"count":0,"href":"https:\/\/intervius.com\/index.html\/wp-json\/wp\/v2\/posts\/3681\/revisions"}],"wp:attachment":[{"href":"https:\/\/intervius.com\/index.html\/wp-json\/wp\/v2\/media?parent=3681"}],"wp:term":[{"taxonomy":"category","embeddable":true,"href":"https:\/\/intervius.com\/index.html\/wp-json\/wp\/v2\/categories?post=3681"},{"taxonomy":"post_tag","embeddable":true,"href":"https:\/\/intervius.com\/index.html\/wp-json\/wp\/v2\/tags?post=3681"}],"curies":[{"name":"wp","href":"https:\/\/api.w.org\/{rel}","templated":true}]}}