{"id":3680,"date":"2010-03-05T00:00:00","date_gmt":"2006-11-06T00:00:00","guid":{"rendered":"https:\/\/intervius.com\/index.html\/?p=3680"},"modified":"2006-11-06T00:00:00","modified_gmt":"2006-11-06T00:00:00","slug":"Miguel_Freijo3680","status":"publish","type":"post","link":"https:\/\/intervius.com\/index.html\/Miguel_Freijo3680\/","title":{"rendered":"Miguel Freijo"},"content":{"rendered":"<p>Pregunta.- No se que le pasa a Gas Natural. El valor parece responder con buenos datos, pero no reacciona a nivel bursatil. \u00bfCree que va a recuperar los niveles de 15 euros o que subira lo que no subi\u00f3 el a\u00f1o pasado? Gracias<\/p>\n<p>Respuesta.- Desde luego que si. Cotiza a niveles muy por debajo de su precio objetivo. Pensemos adem\u00e1s que se qued\u00f3 atr\u00e1s en todo el movimiento alcista del IBEX en el a\u00f1o pasado, debido fundamentalmente a los movimientos corporativos. Pronto volver\u00e1 a ver los 15 euros y adem\u00e1s es un de los valores de nuestro selectivo con mayor potencial de crecimiento.<\/p>\n<p>P.- Hola. Iberdrola sigue sin conseguir las fuerzas necesarias para encaminarse hacia los 6.25\u20ac donde tiene una resistencia. \u00bfCrees que la romper\u00e1 en fechas pr\u00f3ximas? En caso de ser asi, \u00bfhasta donde puede llegar el valor? Un saludo y muchas gracias<\/p>\n<p>R.- Hola. Seguimos en un sector que nos gusta. Recordemos que se trata de un sector que ser\u00e1 objeto de una nueva regulaci\u00f3n durante los pr\u00f3ximos meses y eso queramos o no siempre introduce un componente de volatilidad en su cotizaci\u00f3n. El inicio de a\u00f1o ha sido complicado, pero pronto retomar\u00e1 la senda alcista. En cualquier caso pensamos que las mayores alegr\u00edas se las llevar\u00e1 por parte de su filial de renovables.<\/p>\n<p>P.- Buenos dias. La hiper recomendadisima Grifols es parte de mi cartera. En los precios actuales pierdo en torno a 1\u20ac, y me gustar\u00eda saber su opini\u00f3n sobre el futuro a corto medio del valor. \u00bfConseguira recuperarse y atacar los 13\u20ac o para eso aun falta mucho, pero mucho MUCHO? Gracias<\/p>\n<p>R.- Buenos d\u00edas. Es dif\u00edcil de explicar el comportamiento que ha tenido la acci\u00f3n desde comienzos de a\u00f1o. Pensamos que se trata de una acci\u00f3n que en el peor de los casos deber\u00eda mantenerse lateral. Dicho esto vemos c\u00f3mo la correcci\u00f3n desde febrero es tambi\u00e9n muy importante, aunque tenemos dos resistencias en niveles de 12 y 13 euros a tener en cuenta. Sinceramente no creo que falte mucho para recuperar ese euro que me comenta, parece que lo peor ya ha pasado.<\/p>\n<p>P.- Buenos dias. Llevo a\u00f1os arrastrando p\u00e9rdidas con criteria pues compre titulos a su salida a Bolsa. Ahora me alegra ver al valor por los 3.50\u20ac, \u00bfcress que es momento de vender o puede seguir subiendo algo m\u00e1s? \u00bfDonde re-invertir\u00edas en caso de venta? Muchas gracias<\/p>\n<p>R.- Buenos d\u00edas. Yo mantendr\u00eda la posici\u00f3n. En estos momentos hay pocas alternativas atractivas en nuestro mercado y parece que la estrategia tomada desde el holding ha sido aplaudida en el mercado en este comienzo de ejercicio. La clave ser\u00e1 romper esta resistencia que comentamos de 3.50. En el caso de que se mantenga mucho m\u00e1s tiempo lateral (desde el verano hasta enero apenas se ha movido), le propongo cerrar y mirar alguna acci\u00f3n de renovables: Acciona nos gusta mucho en estos momentos.<\/p>\n<p>P.- Estimado Miguel: Tengo acciones de Acelor-mital, compradas a 29,65, cree que vale la pena mantenerlas? Como ve las proyecciones de ventas de acero a nivel mund\u00edal.<\/p>\n<p>R.- Teniendo en cuenta que las econom\u00edas que actualmente presentan mayor potencial de crecimiento son las emergentes: India, Brasil y China, nuestras previsiones son de un incremento importante en la demanda de acero. China ya se ha convertido en el mercado que demanda mayor n\u00famero de autom\u00f3viles. La acci\u00f3n est\u00e1 en clara tendencia alcista desde comienzos del 2009 y pensamos que as\u00ed se mantendr\u00e1 en el medio plazo. Mi recomendaci\u00f3n es de mantener<\/p>\n<p>P.- que opinion le merece las acciones de Telecinco. \u00bfsubiran en corto plazo?<\/p>\n<p>R.- Ya desde comienzos de a\u00f1o preferimos mantenernos fuera del sector audiovisual. Hasta el momento todo siguen siendo rumores de fusiones y movimientos corporativos, pero sin concretarse nada hasta la fecha. Lo \u00fanico que podemos esperar en el corto plazo es una fuerte volatilidad en todas estas acciones hasta que se vayan concretando este tipo de operaciones. Si quisiera entrar ahora mismo en nuestro mercado me fijar\u00eda en otras alternativas: renovables o farmas.<\/p>\n<p>P.- Buenos d\u00edas. Tengo unas cuantas acciones del Santader que compr\u00e9 a 9,\u00bfC\u00f3mo cree que pueden cotizar a medio plazo? Gracias.<\/p>\n<p>R.- BUenos d\u00edas. No esperar\u00eda mucho de Santander este a\u00f1o. En primer lugar la apreciaci\u00f3n de su cotizaci\u00f3n desde el mes de Marzo ha sido increible. Cierto es que ha sufrido un serio reajuste durante este comienzo de 2010, pero que como mucho nos podr\u00eda llevar de nuevo a niveles de 12 euros a finales de a\u00f1o. No debemos de olvidar que los bancos de nuestro pa\u00eds siguen presentando una gran incertidumbre debido principalmente a la crisis inmobiliaria. Por lo tanto lo que preveo en el corto\/medio plazo es un movimiento muy lateral de la acci\u00f3n.<\/p>\n<p>P.- Buenos dias, \u00bfcomo ve Iberia ahora que parece que se van a fusionar definitivamente? \u00bfhasta donde puede llegar el valor ahora? \u00bfy tras la fusi\u00f3n? Gracias<\/p>\n<p>R.- Buenos d\u00edas. No espero mucho la verdad. El tema de la fusi\u00f3n parece el cuento de nunca acabar. Como ya he comentado, el mejor escenario posible de esta fusi\u00f3n ya est\u00e1 descontada en su cotizaci\u00f3n. Lo que tenemos en este momento es una fuerte ca\u00edda del consumo, del turismo, y una fuerte competencia por la llegada de algunas aerol\u00edneas extranjeras, sobre todo de low-cost, que han traido precios mucho m\u00e1s competitivos a nuestro mercado. Creo que en el corto\/medio plazo pocas alegr\u00edas nos puede dar.<\/p>\n<p>P.- \u00bfQue opina de Iberdrola Renovables? \u00bfDespegar\u00e1 alg\u00fan d\u00eda?<\/p>\n<p>R.- Eso espero. Las renovables son nuestra gran apuesta para este a\u00f1o. Pensemos que es un sector pendiente de una nueva regulaci\u00f3n en EEUU y que en principio deber\u00eda presentar nuevas e importantes perspectivas de crecimiento para todas nuestras empresas con presencia en ese mercado. Cierto es que la reforma sanitaria de la Administraci\u00f3n Obama est\u00e1 llevando m\u00e1s tiempo de la cuenta (debido a conflictos como Afghanistan, Haiti..) pero antes o despu\u00e9s conoceremos la nueva normativa.<\/p>\n<p>P.- Estimado Sr. Freijo, lo que est\u00e1 ocurriendo con la Seda de Barcelona, \u00bfcomo cree que acabar\u00e1? y de volver a salir los t\u00edtulos al mercado, \u00bfcree que experimentar\u00e1n una subida? Muchas gracias<\/p>\n<p>R.- En estos momentos no tenemos opini\u00f3n sobre este valor. Lo siento.<\/p>\n<p>P.- Hola amigo, le pregunto por REALIA. Las inmobiliarias han sufrido sin excepcion un severo castigo, pero quizas REALIA, al tener un nucleo consistente en su accionariado y con una deuda asequible y refiananciada, sin necesisad de ampliaciones de capital, es una buena oportunidad a estos preciso si tenemos en cuenta que el NNAV ES DE 4.34, segun resultados del 200Que le parece ????<\/p>\n<p>R.- Me parece que sigue siendo un sector que presenta altas dosis de incertidumbre. Como bien apunta, una de las claves es la forma en que todas y cada una de estas compa\u00f1\u00edas est\u00e1 refinanciando su deuda. Y cierto es que Realia en estos momentos vive una situaci\u00f3n &#8220;m\u00e1s holgada&#8221; que otras compa\u00f1\u00edas del sector. A\u00fan as\u00ed seguimos pensando que hasta que no volvamos a niveles de transacciones de compraventa similares a los del 2005-2006 a\u00fan es pronto para tomar posiciones en este sector<\/p>\n<p>P.- Gamesa un 6% arriba el mi\u00e9rcoles y hoy un 3%. \u00bfQu\u00e9 le pasa? \u00bfCu\u00e1nto potencial alcista le queda?<\/p>\n<p>R.- Pensamos que mucho. De hecho nuestro precio objetivo para este ejercicio es de 15 euros. Los motivos son los mismos que he dado para Iberdrola Renovables. Paciencia y suerte!<\/p>\n<p>P.- Buenos d\u00edas. Tengo compradas Telef\u00f3nicas a 18,40 euros y no se qu\u00e9 hacer con ellas. Me gustar\u00eda que en caso de que me digas que debo venderlas a estos precios, me recomendases alg\u00fan otro valor. Muchas gracias<\/p>\n<p>R.- Buenos d\u00edas. Imagino que se plantea deshacer la posici\u00f3n por el mal comportamiento que ha tenido su cotizaci\u00f3n durante el mes de enero. Pues muy probablemente ya hayamos visto lo peor. Estamos hablando de la compa\u00f1\u00eda l\u00edder de su sector, con un balance muy saneado y una atractiva pol\u00edtica de dividendos. Por lo tanto mi recomendaci\u00f3n es la de mantener. Pronto retomar\u00e1 la tendencia alcista que inici\u00f3 en MArzo del 2009<\/p>\n","protected":false},"excerpt":{"rendered":"<p>El director del equipo de Ventas de IG Markets, Miguel Freijo, responde a las dudas de los lectores sobre la Bolsa, donde el Ibex trata de escalar hasta los 11.000 puntos.<\/p>\n","protected":false},"author":1,"featured_media":0,"comment_status":"open","ping_status":"open","sticky":false,"template":"","format":"standard","meta":{"footnotes":""},"categories":[],"tags":[],"class_list":["post-3680","post","type-post","status-publish","format-standard","hentry"],"_links":{"self":[{"href":"https:\/\/intervius.com\/index.html\/wp-json\/wp\/v2\/posts\/3680","targetHints":{"allow":["GET"]}}],"collection":[{"href":"https:\/\/intervius.com\/index.html\/wp-json\/wp\/v2\/posts"}],"about":[{"href":"https:\/\/intervius.com\/index.html\/wp-json\/wp\/v2\/types\/post"}],"author":[{"embeddable":true,"href":"https:\/\/intervius.com\/index.html\/wp-json\/wp\/v2\/users\/1"}],"replies":[{"embeddable":true,"href":"https:\/\/intervius.com\/index.html\/wp-json\/wp\/v2\/comments?post=3680"}],"version-history":[{"count":0,"href":"https:\/\/intervius.com\/index.html\/wp-json\/wp\/v2\/posts\/3680\/revisions"}],"wp:attachment":[{"href":"https:\/\/intervius.com\/index.html\/wp-json\/wp\/v2\/media?parent=3680"}],"wp:term":[{"taxonomy":"category","embeddable":true,"href":"https:\/\/intervius.com\/index.html\/wp-json\/wp\/v2\/categories?post=3680"},{"taxonomy":"post_tag","embeddable":true,"href":"https:\/\/intervius.com\/index.html\/wp-json\/wp\/v2\/tags?post=3680"}],"curies":[{"name":"wp","href":"https:\/\/api.w.org\/{rel}","templated":true}]}}