{"id":3662,"date":"2010-03-17T00:00:00","date_gmt":"2006-11-06T00:00:00","guid":{"rendered":"https:\/\/intervius.com\/index.html\/?p=3662"},"modified":"2006-11-06T00:00:00","modified_gmt":"2006-11-06T00:00:00","slug":"Jorge_Drexler3662","status":"publish","type":"post","link":"https:\/\/intervius.com\/index.html\/Jorge_Drexler3662\/","title":{"rendered":"Jorge Drexler"},"content":{"rendered":"<p>Pregunta.- Hola Jorge: Gracias por el nuevo disco, s\u00f3lo he escuchado el primer tema, pero ya ten\u00eda ganas de escuchar algo nuevo tuyo. \u00bfPor qu\u00e9 has tardado 4 a\u00f1os en sacar nuevo disco?..no tardes tanto la pr\u00f3xima vez, \u00bfvale? Saludos, V\u00edctor.<\/p>\n<p>Respuesta.- Hola V\u00edctor y hola todos! Aqu\u00ed estoy, tecleando. 4 a\u00f1os! No me hab\u00eda dado cuenta que eran tantos. No fueron 3? Bueno, como en el medio sacamos el disco en vivo &#8220;Cara B&#8221;, se nos estir\u00f3 un poco la gira. Hicimos 170 conciertos en 16 pa\u00edses y no encontraba tiempo para componer&#8230;<\/p>\n<p>P.- \u00bfTiendes al pesimismo o al optimismo?<\/p>\n<p>R.- Digamos que tiendo hacia una melancol\u00eda con cierta luminosidad. No creo en el optimismo o el pesimismo a secas.<\/p>\n<p>P.- Me encanta todo el nuevo disco pero especialmente Tres Mil Millones de Latidos y Noctiluca. En esta \u00faltima, \u00bfc\u00f3mo fue el proceso de composici\u00f3n? \u00bfTen\u00edas la melod\u00eda en mente al escribir la letra? \u00bfEn estas dos canciones donde encuentro paralelos de ritmo, ese ritmo y acompa\u00f1amiento de guitarra se te ocurre primero o adaptas la melod\u00eda a la letra, o a la vez? En todo caso, enhorabuena, me fascina tu m\u00fasica. Evita<\/p>\n<p>R.- Gracias Evita! Cierto que yo veo a esas dos canciones vinculadas. EN el ritmo y en el tipo de acordes&#8230; En las dos hay una idea motriz que empieza a desarrollarse primero en la guitarra, luego en la melod\u00eda y por fin en la letra. Aunque en 3.ooo millones de latidos (que por cierto es el promedio de latidos que da un coraz\u00f3n humano a lo largo de una vida)la melod\u00eda no estuvo fijada hasta el d\u00eda de la grabaci\u00f3n&#8230; Las dos tienen un aire de candombe sobrevol\u00e1ndolas.<\/p>\n<p>P.- Hola Jorge! te gustar\u00eda cantar en otros idiomas? crees que los artistas deben hablar de politica? mucha suerte con tu nuevo disco!<\/p>\n<p>R.- Me encantan los idiomas. Para hablarlos y cantarlos. Son como diferentes instrumentos tocando una misma melod\u00eda. En el disco anterior (Cara B) cantaba en 5 idiomas. Y en &#8220;Amar la trama&#8221; canto una canci\u00f3n en ingl\u00e9s. No creo que nadie DEBA hablar de pol\u00edtica. Puede hacerlo si quiere, pero no lo veo como una obligaci\u00f3n.<\/p>\n<p>P.- \u00bfCu\u00e1ndo vuelves a Buenos Aires? Graciela Ojeda.<\/p>\n<p>R.- En setiembre voy a Buenos Aires!! Estoy deseando llegar ah\u00ed!<\/p>\n<p>P.- Que parte de ti ha quedado m\u00e1s reflejada en este disco? Desde Espa\u00f1a tu m\u00fasica en muchas ocasiones nos devuelve al Uruguay que dejamos atr\u00e1s, o que nos encontraremos m\u00e1s adelante.<\/p>\n<p>R.- Llevo a Montevideo dentro. Como quien lleva un tatuaje o un acento. No puedo ni me interesa esconderlo, pero este disco en concreto es el m\u00e1s madrile\u00f1o que he hecho. Despu\u00e9s de 15 a\u00f1os de vivir aqu\u00ed&#8230;ya era hora de dedicarle un disco a mi ciudad adoptiva!!<\/p>\n<p>P.- Hola Jorge. Saludos desde Argentina. Tengo una curiosidad, \u00bfConoces personalmente a Fito P\u00e1ez? , \u00bfTe gustar\u00eda hacer alguna colaboraci\u00f3n con \u00e9l?, son dos de mis autores favoritos. Gracias, espero que llegu\u00e9 pronto el disco por ac\u00e1.<\/p>\n<p>R.- Hola! Si, conozco personalmente a Fito. Y lo admiro profundamente. A mi me encantar\u00eda hacer algo con el. Ya se nos dar\u00e1! Creo que ayer sali\u00f3 el disco nuevo tambi\u00e9n en Argentina, no?<\/p>\n<p>P.- Hola Jorge! Felicitaciones por tu nuevo disco, no dejo de sorprenderme por el nivel que muestran tus discos y las diferencias que hay entre ellos. Con la Gira Cara B, logr\u00e9 escuchar &#8220;Equipaje&#8221;, una de mis canciones favoritas, ahora espero que en alg\u00fan concierto suene &#8220;La Aparecida&#8221;. Me gustan mucho tus dos primeros discos. \u00bfIncorporaras alguna canci\u00f3n de esos discos en esta gira?, Saludos desde Santiago de Chile, gracias por la compa\u00f1\u00eda de tus canciones. Felipe<\/p>\n<p>R.- Gracias Felipe. La verdad es que a cada disco nuevo&#8230;.se agregan 12 canciones m\u00e1s! As\u00ed que ya debe haber como ciento y pico (quiz\u00e1s 200 con las que he escrito para otros cantantes) canciones que podr\u00eda tocar&#8230; Y en un show, s\u00f3lo entran&#8230;20!<\/p>\n<p>P.- \u00bfComo haces para que los conciertos suenen tan bien que parecen ser canciones grabadas, cuando realmente no es asi ya que adem\u00e1s en directo todo lo haces dinamico e improvisativo? Eso tiene mucho merito. Javi<\/p>\n<p>R.- Gracias Javi! Cu\u00e1ntos elogios! Quiz\u00e1s el moderador del Mundo (Custodio) est\u00e1 seleccionando las preguntas!jaja! Y respecto a los conciertos, tengo dos orejas de lujo: las de Mat\u00edas Cella, productor de los \u00faltimos 2 discos y sonidista en directo de los shows. Mat\u00edas es un verdadero superdotado del sonido.<\/p>\n<p>P.- Hola, Me llamo Raquel y me gustar\u00eda preguntarte cu\u00e1ndo podemos verte en Madrid en directo porque es un placer siempre ir a escucharte y verte. Gracias y enhorabuena por el disco!<\/p>\n<p>R.- El 7 de mayo toco en Madrid en un lugar que me encanta: el Circo Price. De cualquier modo pueden ver las fechas de toda la gira en http:\/\/www.jorgedrexler.com\/conciertos.asp<\/p>\n<p>P.- Hola Jorge. Te he seguido durante los \u00faltimos seis a\u00f1os. La primera vez que te vi fue en un concierto en el Palau de la M\u00fasica en Valencia, en marzo de 2004 (all\u00ed conoc\u00ed a mi novio). \u00bfC\u00f3mo describir\u00edas el cambio experimentado de &#8220;Eco&#8221; a &#8220;Doce segundos de oscuridad&#8221;? \u00bfY de &#8220;Doce segundos&#8230;&#8221; a &#8220;Amar la trama&#8221;? \u00a1Un saludo y gracias por tu m\u00fasica!<\/p>\n<p>R.- Yo creo que ECO y AMAR LA TRAMA tienen un entorno an\u00edmico parecido, como de cierta melancol\u00eda luminosa. 12 SEGUNDOS DE OSCURIDAD, como su t\u00edtulo lo anticipa, es m\u00e1s oscuro. Despu\u00e9s&#8230;la verdad es que me cuesta ver las caracter\u00edsticas de mis propios discos claramente&#8230;soy la persona que tiene la menor perspectiva con respecto a ellos!<\/p>\n<p>P.- Hola!! mi pregunta es.. \u00bfha considerado la opci\u00f3n de poner una &#8220;jukebox&#8221; en su p\u00e1gina web con todas las canciones de su discograf\u00eda para escucharlas? Gracias y enhorabuena por su \u00faltimo trabajo!!. Rosa.<\/p>\n<p>R.- Es una buena idea. Se la sugerir\u00e9 al web master!<\/p>\n<p>P.- \u00bfQu\u00e9 te transmite tu propio disco cuando lo escuchas tranquilamente tumbado en el sof\u00e1?<\/p>\n<p>R.- La verdad, estoy muy orgulloso del sonido que conseguimos, tocando los 9 m\u00fasicos a la vez en una misma habitaci\u00f3n, como se grababan los discos de Sinatra! Disfruto mucho de oir los vientos con su sonido elegante y expansivo.<\/p>\n<p>P.- Hola Jorge, te sigo desde &#8220;Vaiven&#8221;.. cierto es que este disco es mucho m\u00e1s luminoso que el anterior y me recuerda mucho, en mi humilde opini\u00f3n, a &#8220;Sea&#8221; y &#8220;Eco&#8221;.. me gusta mucho la direcci\u00f3n de tus discos, mi pregunta es, para cu\u00e1ndo un Blog cont\u00e1ndonos tus conciertos, experiencias, cosas sobre las canciones&#8230;?? eso y un libreto con partituras para piano y voz con canciones emblem\u00e1ticas tuyas ser\u00eda una gran ilusi\u00f3n para m\u00ed.. es posible o un sue\u00f1o? :)) Gracias por existir y por todas tus canciones, me hacen la vida m\u00e1s feliz!!!!<\/p>\n<p>R.- Gracias a ti! Si, concuerdo contigo en el parecido lum\u00ednico con ECO. Solo que este disco nuevo tiene cero electr\u00f3nica. Se grabaron de manera muy diferente. Ya desde la portada, AMAR LA TRAMA tiene m\u00e1s luz, evidentemente que 12 SEGUNDOS DE OSCURIDAD. Lo del blog&#8230; siempre me lo pregunto&#8230;pero soy muy inconstante! El tiempo que tengo se me va en relaciones sociales reales, y me queda muy poco para las virtuales&#8230; Tengo un cancionero hecho con MUCHO cuidado en Uruguay, hace 5-6 a\u00f1os&#8230;Es casi imposible de conseguir. Estoy pensando reeditarlo y venderlo en lps conciertos o la web.<\/p>\n<p>P.- Estimad\u00edsimo Sr. Drexler, mi mujer me ha contagiado la pasi\u00f3n por sus creaciones, mi m\u00e1s sincera enhorabuena. Presenci\u00e9 un concierto suyo en Gij\u00f3n, con &#8220;unplugged&#8221; inclu\u00eddo. Ahora que vendr\u00e1 por Vigo espero poder regalarle a mi mujer otro rato inolvidable. Muchas gracias. Lo cierto es que no es una pregunta&#8230;pero es que no tengo ninguna.<\/p>\n<p>R.- Gracias por la no pregunta!jaja! Estoy encantado de ir por Vigo. Siempre me pareci\u00f3 una ciudad muy intensa, con mucha personalidad.<\/p>\n<p>P.- \u00bfCu\u00e1les son tus principales referentes musicales?<\/p>\n<p>R.- Tengo muchos! Te recomiendo algunos: Joao Gilberto, Chico Buarque, Fernando Cabrera, Santiago Chalar, Atahualpa Yupanqui, Alfredo Zitarrosa, Caetano Veloso&#8230;.<\/p>\n<p>P.- Hola Jorge, ahora que ya tienes una cierta perspectiva por el tiempo que ha pasado \u00bfc\u00f3mo cambi\u00f3 tu vida el Oscar?<\/p>\n<p>R.- Mis canciones, nada.Mi vida no mucho. Mi trabajo bastante. Mi difusi\u00f3n, mucho.<\/p>\n<p>P.- Hay colaboraciones en el nuevo disco? Me encant\u00f3 la que hiciste con Kevin Johansen!! Saludos, Pilar<\/p>\n<p>R.- Si, tenemos varios invitados de lujo! Leonor Watling, Josemi Carmona (de Ketama) en la guitarra, Ben Sidran en le \u00f3rgano Hammond y Leo Sidran en Marimbas. Gracias, Pilar.<\/p>\n<p>P.- Aunque &#8220;todos somos de todos lados&#8221;\u00bfComo definir\u00edas tu tierra de origen, Uruguay? \u00bfConoces la ciudad de Colonia del Sacramento?<\/p>\n<p>R.- Uruguay es el pa\u00eds m\u00e1s chico del continente, entre los dos m\u00e1s grandes. Es una llanura suavemente ondulada, con la gente concentrada en la capital, Montevideo (que es una ciudad preciosa). Mucho verde. Gente tranquila y con un cierto amor por la cultura. En un momento, ahora de una muy valiosa estabilidad pol\u00edtica y con un mont\u00f3n de proyectos encaminados. Te recomiendo conocer online el PLAN CEIBAL, seg\u00fan el cual se le entreg\u00f3 a cada ni\u00f1o en edad escolar una computadora haciendo de Uruguay el pa\u00eds m\u00e1s informatizado del mundo hoy en d\u00eda y un lugar a la vanguardia educativa.<\/p>\n<p>P.- Hola, Jorge. Tuve la suerte, junto con mi chica, de asistir a una de las sesiones de grabaci\u00f3n del nuevo disco y nos encant\u00f3 la experiencia. El nivelazo de los m\u00fasicos era increible. Veo que has cambiado de guitarra el\u00e9ctrica y has aparcado por el momento tu Epiphone Casino, la de John Lennon, que tanto me gusta. El modelo de guitarra el\u00e9ctrica que utilizaste para las sesiones de grabaci\u00f3ni, \u00bfcu\u00e1l es? Me pareci\u00f3 ver que era una Gibson, de color rojo, espectacular, pero no estoy muy seguro. Un abrazo, Jos\u00e9 Luis<\/p>\n<p>R.- Es una Gibson Chet Atkins Country Gentelman roja, linda como ella s\u00f3la. Y la quiero con todo mi ser!<\/p>\n","protected":false},"excerpt":{"rendered":"<p>Amar la trama es su nuevo disco. Doce nuevas canciones elegantes y c\u00e1lidas del oscarizado uruguayo que pueden ser disfrutadas por los m\u00e1s diversos oyentes. Un trabajo org\u00e1nico de Jorge Drexler en el que la electr\u00f3nica est\u00e1 ausente, como contraste a sus \u00e1lbumes anteriores.<\/p>\n","protected":false},"author":1,"featured_media":0,"comment_status":"open","ping_status":"open","sticky":false,"template":"","format":"standard","meta":{"footnotes":""},"categories":[],"tags":[],"class_list":["post-3662","post","type-post","status-publish","format-standard","hentry"],"_links":{"self":[{"href":"https:\/\/intervius.com\/index.html\/wp-json\/wp\/v2\/posts\/3662","targetHints":{"allow":["GET"]}}],"collection":[{"href":"https:\/\/intervius.com\/index.html\/wp-json\/wp\/v2\/posts"}],"about":[{"href":"https:\/\/intervius.com\/index.html\/wp-json\/wp\/v2\/types\/post"}],"author":[{"embeddable":true,"href":"https:\/\/intervius.com\/index.html\/wp-json\/wp\/v2\/users\/1"}],"replies":[{"embeddable":true,"href":"https:\/\/intervius.com\/index.html\/wp-json\/wp\/v2\/comments?post=3662"}],"version-history":[{"count":0,"href":"https:\/\/intervius.com\/index.html\/wp-json\/wp\/v2\/posts\/3662\/revisions"}],"wp:attachment":[{"href":"https:\/\/intervius.com\/index.html\/wp-json\/wp\/v2\/media?parent=3662"}],"wp:term":[{"taxonomy":"category","embeddable":true,"href":"https:\/\/intervius.com\/index.html\/wp-json\/wp\/v2\/categories?post=3662"},{"taxonomy":"post_tag","embeddable":true,"href":"https:\/\/intervius.com\/index.html\/wp-json\/wp\/v2\/tags?post=3662"}],"curies":[{"name":"wp","href":"https:\/\/api.w.org\/{rel}","templated":true}]}}