{"id":3653,"date":"2010-03-29T00:00:00","date_gmt":"2006-11-06T00:00:00","guid":{"rendered":"https:\/\/intervius.com\/index.html\/?p=3653"},"modified":"2006-11-06T00:00:00","modified_gmt":"2006-11-06T00:00:00","slug":"Angel_Cappa3653","status":"publish","type":"post","link":"https:\/\/intervius.com\/index.html\/Angel_Cappa3653\/","title":{"rendered":"\u00c1ngel Cappa"},"content":{"rendered":"<p>Pregunta.- Ayer viendo el partido celebrado entre el Real Madrid y el Atletico, el primer tiempo vio usted, algunas ganas de jugar a los jugadores del Real, jugaron 15 minutos y el resto de pelicula, tienen los jugadores del Real alguna motivacion, pra ganar la Liga, yo creo que ninguna<\/p>\n<p>Respuesta.- No estoy de acuerdo con usted. Al contrario, yo creo que jugaron con demasiada intensidad con poca pausa, con mucho esfuerzo f\u00edsico y poca claridad. En cuanto a la motivaci\u00f3n, no hay mayor incentivo que ganar la Liga.<\/p>\n<p>P.- Buenos d\u00edas. Una pregunta clara y directa. \u00bfLe basta al Madrid con el juego desplegado ayer para poder hacer frente al Bar\u00e7a? Saludos.<\/p>\n<p>R.- Buenos d\u00edas. Ese partido como usted sabe es absolutamente diferente y tanto el Madrid como el Barcelona jugar\u00e1n con un empe\u00f1o especial y adem\u00e1s, casi con seguridad, se jugar\u00e1n gran parte de la Liga, por lo tanto seguramente veremos un Madrid distinto.<\/p>\n<p>P.- Buenos d\u00edas. Felicidades por su exitosa carrera. \u00bf Qu\u00e9 posiciones cree usted, que deber\u00eda reforzar el Real Madrid para la temporada que viene ?. Gracias.<\/p>\n<p>R.- Buenos d\u00edas y muchas gracias. Desde mi punto de vista, al Madrid le faltan centrocampistas, porque los que tiene cumplen casi todos la misma funci\u00f3n.<\/p>\n<p>P.- Buenos d\u00edas, Sr. Cappa. No le parece que el Atl\u00e9tico pec\u00f3 de conservador y que deb\u00eda de haber intentado matar el partido cuando iba por delante.<\/p>\n<p>R.- Buenos d\u00edas. El Atletico, seg\u00fan creo yo, tendr\u00eda que haber quitado el ritmo al Madrid y para eso disponer de la pelota m\u00e1s tiempo. En cambio, el Madrid por lo visto no necesita de esa cualidad o de esa virtud para llegar al gol.<\/p>\n<p>P.- Buenos d\u00edas se\u00f1or Cappa. En un sistema con dos centrocampistas, 4-4-2 o 4-2-3-1, a usted como le gusta el centro del campo, o que cree usted que es lo mejor: 2 pivotes de corte m\u00e1s defensivo como Lass y Gago, dos centrocampistas m\u00e1s ofensivos como Xavi Hern\u00e1ndez y Xabi Alonso, o uno de cada. Gracias m\u00edster.<\/p>\n<p>R.- Buenos d\u00edas. Para mi est\u00e1n primero los jugadores y despu\u00e9s los sistemas. Entonces el 4-4-2, 4-2-3-1 o cualquier otra cuesti\u00f3n te\u00f3rica la considero en segundo t\u00e9rmino. Seg\u00fan de qui\u00e9n hablemos despu\u00e9s arreglamos los n\u00fameros.<\/p>\n<p>P.- Buenos d\u00edas se\u00f1or Cappa. \u00bfUn equipo como el Sevilla que ha ido creciendo con el paso de los a\u00f1os, y que su \u00faltimo entrenador, ahora destituido ha tenido que emular el juego y la buena sintonia del equipo de a\u00f1os pasados \u00bfc\u00f3mo es posible que se prescinda de \u00e9l a las primeras mal dadas? Gracias<\/p>\n<p>R.- Buenos d\u00edas. Como dijo Menotti lo importante no es preguntarse porqu\u00e9 destituyen a tal o cual entrenador, sino porqu\u00e9 lo contratan. Y esa es una respuesta que muy pocos directivos est\u00e1n en condiciones de responder con criterio.<\/p>\n<p>P.- \u00bfEn qu\u00e9 tiene que mejorar el Real Madrid para tener el juego contundente del Bracelona?. \u00bfNo pas\u00f3 demasiados apuros para ganar al Atl\u00e9tico?<\/p>\n<p>R.- Para mi m\u00e1s contundencia que el Madrid no tiene ning\u00fan equipo. Sin jugar demasiado bien es capaz de golear. En consecuencia, yo creo que deber\u00eda mejorar el juego para poder controlar con m\u00e1s tranquilidad los partidos.<\/p>\n<p>P.- Hola Angel, aqu\u00ed va mi pregunta: \u00bfPrefieres una liga como la BBVA, donde el misterio de qui\u00e9n ser\u00e1 el campe\u00f3n se decide entre s\u00f3lo dos equipos, o una liga como la Argentina, donde cada vez es m\u00e1s dif\u00edcil saber qui\u00e9n ser\u00e1 el campe\u00f3n?<\/p>\n<p>R.- Hola. Prefiero una Liga de mayor calidad que la argentina y mucho m\u00e1s igualada que la espa\u00f1ola. \u00bfConoces alguna?<\/p>\n<p>P.- \u00bfNo cree que es mejor que esos minutos que juega Raul deber\u00ecan ser destinados a algun jugador de la cantera?<\/p>\n<p>R.- Usted seguramente se referir\u00e1 a alg\u00fan jugador de la cantera que lo merezca. \u00bfHay alguno?. Por otra parte, Ra\u00fal merece todo nuestro cari\u00f1o y respeto porque adem\u00e1s de lo que ha hecho, que es much\u00edsimo, juega los minutos que le dan con el mismo entusiasmo y responsabilidad que un debutante.<\/p>\n<p>P.- sr cappa, \u00bfno ha pensado dejar de entrenar (por lo ingrato del puesto) y acomodarte a un trabajito como secretario tco o director general, etc. etc. &#8230;tipo valdano ? sebastian<\/p>\n<p>R.- Por ahora me sigue entusiasmando entrenar. El placer de estar en una cancha con jugadores y una pelota de f\u00fatbol no lo cambio por nada. Adem\u00e1s, cuando deje de entrenar seguramente me dedicar\u00e9 a comentar (si me dejan). Nunca a un trabajo como el que usted sugiere porque por mi car\u00e1cter no ser\u00eda apto.<\/p>\n<p>P.- buenos dias, \u00bf no cree que se ha sido un poco injusto al cuestionar la capacidad ofensiva de Arbeloa para jugar en el Real Madrid?<\/p>\n<p>R.- Buenos d\u00edas. Si alguien ha cuestionado la capacidad ofensiva de Arbeloa se equivoc\u00f3 seriamente, porque el lateral del Madrid es uno de los factores m\u00e1s importantes del equipo cuando ataca, del mismo modo que Marcelo. Ambos le dan amplitud hacia lo ancho a la circulaci\u00f3n de la pelota.<\/p>\n<p>P.- Que opina del futbol uruguayo, pienso que es increible que hayan sido campeones del mundo y exalten a sus jugadores, cuando juegan tan mal.<\/p>\n<p>R.- El f\u00fatbol uruguayo merece todo mi respeto. En un pa\u00eds de apenas tres millones y algo de habitantes salen permanentemente grandes jugadores y muchos cracks. El problema que tiene Uruguay es que se van casi todos y demasiado r\u00e1pido y entonces no pueden tener un campeonato de mayor nivel.<\/p>\n<p>P.- Buenos Dias D. Angel: En esta liga hist\u00f3rica, (por la distancia y superioridad de Madrid y Bar\u00e7a sobre el resto mayormente), que lecturas pueden sacarse sobre el partido del siglo que pr\u00f3ximamente jugar\u00e1n \u00e9stos dos equipos, cuales ser\u00e1n las claves determinantes seg\u00fan usted, que har\u00e1n que el partido caiga para uno u otro lado, resumiendo: \u00bfque tiene que hacer el Madrid para anular al Bar\u00e7a y viceversa?<\/p>\n<p>R.- Buenos d\u00edas. Si las cosas son como hasta ahora el Barcelona jugar\u00e1 mejor y el Madrid amenazar\u00e1 permanentemente por su tremenda contundencia. \u00bfAlguien puede asegurar que las cosas en ese partido ser\u00e1n como parece?.<\/p>\n<p>P.- querr\u00eda saber tu opinion sobre la eliminatoria del arsenal-barcelona. justo el s\u00e1bado se lesiona iniesta. es una desventaja para los cul\u00e9s ? ya te leo despu\u00e9s. gracias por ser tan claro<\/p>\n<p>R.- Seg\u00fan mi opini\u00f3n este es el mejor partido que se puede ver en el mundo. Son los dos equipos que mejor juegan al f\u00fatbol y estoy ansioso por verlos. Incluso, si puedo, ir\u00e9 al campo. Espero que tanto Iniesta como F\u00e0bregas que est\u00e1n en duda puedan jugar porque son dos de los mejores volantes del f\u00fatbol mundial. Ser\u00e1n dos partidos para disfrutar y aprender.<\/p>\n<p>P.- Buenos d\u00edas \u00c1ngel, estoy entrenando a un equipo y veo que nos atascamos jugando por el centro, se ahogan las jugadas. Pero si juego con dos extremos, perdemos mucha posesi\u00f3n en la parte central del campo y nos crean muchas ocasiones de gol en contra. \u00bfC\u00f3mo puedo hacer m\u00e1s ancho el campo y a la vez tener superioridad num\u00e9rica por el centro?, \u00bfQuiz\u00e1s con los laterales aunque asume m\u00e1s riesgos?. Muchas gracias m\u00edster.<\/p>\n<p>R.- Buenos d\u00edas. No soy de dar consejos y menos sin ver a tu equipo. De todos modos la soluci\u00f3n que propones (la subida de los laterales) me parece oportuna. Asumir riesgos es parte del juego. Para eso entrenamos, para asumirlos de la mejor manera posible.<\/p>\n<p>P.- Angel, mi pregunta es la siguiente: Ayer estuve en el Bernabeu y me quede observando el partido y movimientos de Cristiano, me parece increible los kilometros y los esfuerzos que hace este futbolista por todo el terreno de juego, si no fuera un superdotado fisico(en esto no creo que nadie se le acerque, ni Messi, para mi el numero uno actual), no lo aguantaria. \u00bf Piensas que este futbolista encauzado en un modelo de juego y sistema definido y una posicion de donde partir y administrar su juego seria aun mejor? Gracias Angel<\/p>\n<p>R.- A mi me parece un jugador dotado de las mejores condiciones para jugar. Sin embargo, tal vez, le faltar\u00eda integrarse al juego colectivo. Muchas veces da la impresi\u00f3n que conf\u00eda tanto en \u00e9l que se olvida de los compa\u00f1eros. Seguro que poco a poco ir\u00e1 mejorando en ese sentido y por lo tanto rendir\u00e1 a\u00fan mucho m\u00e1s.<\/p>\n<p>P.- Buenas, Don \u00c1ngel \u00bfNo crees que muchas veces el juego del Madrid se desarrolla mucho por el centro, sin aprovechar las bandas?&#8230; \u00bfQu\u00e9 te parece lo de las tarjetas de Alves, Ramos y Alonso, no piensas que es adulterar la competici\u00f3n y una falta de respeto para el Athletic y Racing?&#8230; Por \u00faltimo, \u00bfest\u00e1s de acuerdo conmigo que hay algunas faltas que podr\u00edan sacar Van der Vaart o Guti con m\u00e1s peligro que Cristiano? Muchas gracias como siempre por tu paciencia y sabidur\u00eda.<\/p>\n<p>R.- Buenos d\u00edas. Lo de jugar por las bandas es relativo. Lo de utilizar el ancho del campo en la elaboraci\u00f3n es imprescindible y el Madrid lo hace con el aporte de Arbeloa y Marcelo. En cuanto a las tarjetas, hay que considerar que se hizo teniendo en cuenta el cl\u00e1sico donde se jugar\u00e1 parte de la Liga. Efectivamente, tanto Van der Vaart como Guti e incluso Marcelo podr\u00edan de vez en cuando aportar una variante a las faltas que, a pesar de las poses cinematogr\u00e1ficas, tira Cristiano Ronaldo maravillosamente.<\/p>\n<p>P.- Cu\u00e1l ser\u00eda su defensa ideal. D\u00edgame un portero, dos centrales y dos laterales. M\u00f3jese \u00c1ngel. Un mill\u00f3n de gracias y que pase un buen d\u00eda. Alberto<\/p>\n<p>R.- Buenos d\u00edas y muchas gracias. Le respondo teniendo en cuenta la Liga espa\u00f1ola solamente, y entendiendo que se trata simplemente de un juego. Poteros: Vald\u00e9s y Casillas. Laterales: Alves y Marcelo. Centrales: Garay y Piqu\u00e9. \u00bfQue te parece?<\/p>\n","protected":false},"excerpt":{"rendered":"<p>El t\u00e9cnico argentino repasar\u00e1 todo lo ocurrido durante la jornada de Liga en el consultorio del ELMUNDO.es respondiendo a las preguntas de los lectores. \u00c1ngel Cappa dar\u00e1 su versi\u00f3n sobre toda la actualidad de la Liga.<\/p>\n","protected":false},"author":1,"featured_media":0,"comment_status":"open","ping_status":"open","sticky":false,"template":"","format":"standard","meta":{"footnotes":""},"categories":[],"tags":[],"class_list":["post-3653","post","type-post","status-publish","format-standard","hentry"],"_links":{"self":[{"href":"https:\/\/intervius.com\/index.html\/wp-json\/wp\/v2\/posts\/3653","targetHints":{"allow":["GET"]}}],"collection":[{"href":"https:\/\/intervius.com\/index.html\/wp-json\/wp\/v2\/posts"}],"about":[{"href":"https:\/\/intervius.com\/index.html\/wp-json\/wp\/v2\/types\/post"}],"author":[{"embeddable":true,"href":"https:\/\/intervius.com\/index.html\/wp-json\/wp\/v2\/users\/1"}],"replies":[{"embeddable":true,"href":"https:\/\/intervius.com\/index.html\/wp-json\/wp\/v2\/comments?post=3653"}],"version-history":[{"count":0,"href":"https:\/\/intervius.com\/index.html\/wp-json\/wp\/v2\/posts\/3653\/revisions"}],"wp:attachment":[{"href":"https:\/\/intervius.com\/index.html\/wp-json\/wp\/v2\/media?parent=3653"}],"wp:term":[{"taxonomy":"category","embeddable":true,"href":"https:\/\/intervius.com\/index.html\/wp-json\/wp\/v2\/categories?post=3653"},{"taxonomy":"post_tag","embeddable":true,"href":"https:\/\/intervius.com\/index.html\/wp-json\/wp\/v2\/tags?post=3653"}],"curies":[{"name":"wp","href":"https:\/\/api.w.org\/{rel}","templated":true}]}}