{"id":3637,"date":"2010-04-08T00:00:00","date_gmt":"2006-11-06T00:00:00","guid":{"rendered":"https:\/\/intervius.com\/index.html\/?p=3637"},"modified":"2006-11-06T00:00:00","modified_gmt":"2006-11-06T00:00:00","slug":"Lucia_Mendez3637","status":"publish","type":"post","link":"https:\/\/intervius.com\/index.html\/Lucia_Mendez3637\/","title":{"rendered":"Luc\u00eda M\u00e9ndez"},"content":{"rendered":"<p>Pregunta.- Luc\u00eda, desde Valencia, \u00bf Qu\u00e9 puede hacer hacer G\u00e9nova para reconducir la situaci\u00f3n en la C. Valenciana ? La gangrena alcanza al Consell, desde su president, y a la m\u00e1s alta jerarqu\u00eda del partido &#8230;&#8230;.. somos miles los votantes del pp que consideramos esta situaci\u00f3n &#8220;infumable&#8221; !!!<\/p>\n<p>Respuesta.- Hola a todos y gracias por estar ah\u00ed, procurar\u00e9 responder lo mejor que sepa. Desde Madrid a Valencia. Tras la baja voluntaria de militancia pedida por B\u00e1rcenas, Rajoy tiene ahora que resolver lo de Valencia. Creo que est\u00e1 en ello, aunque desde luego no va a resultarle f\u00e1cil porque el principal responsable pol\u00edtico de las relaciones peligrosas de la trama con la Generalitat es el presidente Camps, que ha optado adem\u00e1s por negarlo todo, hasta las evidencias. Habr\u00e1 que esperar a los pr\u00f3ximos d\u00edas o a los pr\u00f3ximos meses, pero lo de Valencia da mucha verg\u00fcenza a mucha gente del PP, no solo a ti.<\/p>\n<p>P.- \u00bfCree Ud que alguien de la trama G\u00fcrtel tiene a Rajoy &#8220;cogido por los huevos&#8221;?<\/p>\n<p>R.- No, no lo creo. La explicaci\u00f3n de por qu\u00e9 Rajoy act\u00faa como act\u00faa o, mejor dicho, no act\u00faa como no act\u00faa hasta que el PP es un clamor para que lo haga no hay que buscarla en que la trama Gurtel tenga cogido a Rajoy por ning\u00fan sitio. Creo que es su propia forma de entender el liderazgo de un partido y su lugar en la pol\u00edtica espa\u00f1ola lo que paraliza al presidente del PP y hace que no reacciones ante los acontecimientos que le salen en el camino.<\/p>\n<p>P.- \u00bfNo cree que deber\u00eda procederse a celebrar un congreso extraordinario para elegir un nuevo lider del PP, dados los silencios que generan incertidumbre, y que la directiva actual esta quemada por este suceso?<\/p>\n<p>R.- El PP ha tenido varias oportunidades en los \u00faltimos a\u00f1os para reaccionar desde el punto de vista interno. Un congreso extraordinario s\u00f3lo puede ser una decisi\u00f3n que parta del interior del partido, que lo pidan dirigentes o militantes, porque es obvio que la actual direcci\u00f3n no lo va a hacer. No creo que toda la direcci\u00f3n est\u00e9 quemada por la trama G\u00fcrtel, pero s\u00ed creo que el PP debe una explicaci\u00f3n a la sociedad espa\u00f1ola porque los responsables del aparato del partido, en los tiempos gloriosos de la direcci\u00f3n que encabezaba Cascos, permitieron que una pandilla de golfos -seg\u00fan se desprende del sumario- se hicieran ricos gracias a la complicidad de personas que ten\u00edan una gran responsabilidad en el organigrama del PP. Mientras esto no se asuma por parte de la nueva direcci\u00f3n, creo que no conseguir\u00e1n cerrar la sangr\u00eda, porque el caso g\u00fcrtel seguir\u00e1 y seguir\u00e1&#8230; y de vez en cuando volver\u00e1 a darles sustos. Creo que, como m\u00ednimo, deber\u00edan pedir perd\u00f3n a los ciudadanos.<\/p>\n<p>P.- Historia ficci\u00f3n, Luc\u00eda. \u00bfQu\u00e9 pasar\u00eda si Rajoy dimitiera? Aguirre, Gallard\u00f3n, Basagoiti, Feijo\u00f3&#8230; \u00bfc\u00f3mo jugar\u00edan sus cartas? \u00bfqui\u00e9n saldr\u00eda reforzado? Gracias<\/p>\n<p>R.- Tienes raz\u00f3n, es pol\u00edtica ficci\u00f3n, no creo que haya la m\u00e1s m\u00ednima posibilidad de que Rajoy dimita, \u00e9l quiere ser presidente del Gobierno y la \u00fanica forma de serlo es ser primero l\u00edder de un partido. Por atender a la ficci\u00f3n, el PP celebrar\u00eda un congreso extraordinario en el que creo que habr\u00eda m\u00e1s de un candidato para la presidencia del partido. Ahora mismo, pienso que Gallard\u00f3n ser\u00eda un seguro candidato, de Aguirre no lo tengo tan claro, pero Feij\u00f3o me parece que tambi\u00e9n podr\u00eda serlo. Lo \u00fanico que creo tener claro es que en el PP es imposible una nueva sucesi\u00f3n a dedo como la de Aznar y que su \u00fanico camino es un proceso democr\u00e1tico para elegir a su futuro l\u00edder<\/p>\n<p>P.- Una pregunta que son dos: \u00bfNo cree que Rajoy deber\u00eda dimitir? \u00bfSi no lo hace porqu\u00e9 es?<\/p>\n<p>R.- NO tengo claro que Rajoy tenga que dimitir. Lo que s\u00ed tendr\u00eda que hacer, en mi opini\u00f3n, es solucionar lo de Valencia, que es muy serio y dar una explicaci\u00f3n pol\u00edtica sobre c\u00f3mo es posible que el aparato del PP le abriera las puertas de la sede a personas que seg\u00fan el sumario parecen sacadas de un casting de los Soprano. Los propios militantes, alcaldes, concejales y dirigentes del PP de toda Espa\u00f1a est\u00e1n abochornados y nadie les ofrece una respuesta contundente por parte de la direcci\u00f3n nacional.<\/p>\n<p>P.- Hola Sra. M\u00e9ndez. Usted trabaj\u00f3 en el gabinete de prensa de Aznar. \u00bfConoci\u00f3 personalmente a B\u00e1rcenas? \u00bfc\u00f3mo era?<\/p>\n<p>R.- Trabaj\u00e9 en la Secretar\u00eda de Estado de Comunicaci\u00f3n del Gobierno de Aznar, del 96 al 98, no en el gabinete de prensa del PP. Pero a B\u00e1rcenas le conoc\u00eda, por referencias porque con los gerentes no habl\u00e1bamos, cuando como periodista de EL MUNDO estaba encargada de la informaci\u00f3n del PP, hice todas las campa\u00f1as y todos los viajes de Aznar desde el Congreso de Sevilla, del que ahora se cumplen 20 a\u00f1os, hasta el 9A quien s\u00ed conoc\u00ed porque estaba en todos los m\u00edtines, ya que organizaba los actos y los viajes fue a Correa, yo y todos los periodistas que iban en la caravana. Lo conoc\u00edamos como el chulo y me voy a quedar ah\u00ed, no enga\u00f1aba a nadie.<\/p>\n<p>P.- \u00bfCree usted que se puede hablar de financiaci\u00f3n ilegal del Partido Popular?<\/p>\n<p>R.- Es una figura jur\u00eddica muy concreta, no lo s\u00e9, los tribunales tendr\u00e1n que establecerlo. Lo que s\u00ed me parece es que el sumario es tan o m\u00e1s grave que la financiaci\u00f3n irregular, aunque el PP se agarre a este asunto como a un clavo ardiendo. Adem\u00e1s, dentro del sumario hay un informe en el que s\u00ed se recoge financiaci\u00f3n irregular del PP valenciano. El hecho de que el nexo de conexi\u00f3n de la trama con el PP fuera el gerente, que es el que maneja el dinero, creo que es suficiente como para que muchas personas puedan sospechar que s\u00ed ha habido financiaci\u00f3n irregular.<\/p>\n<p>P.- \u00bfSe puede comparar el caso Filesa del PSOE con el caso G\u00fcrtel?\u00bfQue diferencias y semejanzas tienen ambos? Tambi\u00e9n quer\u00eda preguntarle sobre el juez Garz\u00f3n, \u00bfcree que ha utilizado los medios justos para la investigar la corrupci\u00f3n de G\u00fcrtel?y tambi\u00e9n si ve justo las acusaciones que se estan llevando a cabo por el ala conservadora de los magistrados y de los medios de comunicaci\u00f3n. Gracias<\/p>\n<p>R.- No creo que tengan comparaci\u00f3n. El caso Filesa fue un montaje organizado por la direcci\u00f3n del PSOE para recaudar dinero porque la campa\u00f1a del refer\u00e9ndum de la OTAN les hab\u00eda salido muy cara. Gurtel es otra cosa, y tiene que ver con una pandilla de aprovechados que se hicieron amigos de personas de la direcci\u00f3n del PP para hacerse ricos y vivir una vida de lujo propia de nuevos ricos y tambi\u00e9n de la era del pelotazo. Pero no me parece que Gurtel sea menos grave que Filesa, toda esa exhibici\u00f3n de lujos y riqueza, de coches, relojes de marca y de millones es una verg\u00fcenza total y los que en el PP consintieron que esto fuera posible deber\u00edan asumir su responsabilidad pol\u00edtica. Sobre el juez Garz\u00f3n, creo que su instrucci\u00f3n de G\u00fcrtel es lo que ha permitido que sepamos todo lo que ahora sabemos, sobre las escuchas ordenadas ilegalmente los tribunales ya las han anulado, pero el resto de la instrucci\u00f3n que hizo el juez es la base del caso.<\/p>\n<p>P.- Que tal, Luc\u00eda. \u00bfHay relacion entre el caso Gurtel y el procesamiento de Garz\u00f3n? \u00bfhay alg\u00fan nexo subterraneo que pretenda acorralar a Garz\u00f3n para sacar alguna ventaja (?) en el proceso Gurtel?.- Oscar<\/p>\n<p>R.- No, no lo creo. S\u00ed creo, por supuesto, que el PP cuando estall\u00f3 este caso llev\u00f3 a cabo una aut\u00e9ntica cacer\u00eda contra Garz\u00f3n, pero francamente creo que Garz\u00f3n tiene muchos casos a sus espaldas y muchos errores, ha estado metido pr\u00e1cticamente en todo, y ahora le toca pagar todo ese af\u00e1n de protagonismo que le llev\u00f3 muchas veces a actuar de forma temeraria en la aplicaci\u00f3n de las leyes.<\/p>\n<p>P.- \u00bfQu\u00e9 papel han jugado los medios de comunicaci\u00f3n en la instrucci\u00f3n del caso G\u00fcrtel?<\/p>\n<p>R.- En la instrucci\u00f3n creo que ninguno. El PP dice que no hay novedades en lo que se ha conocido despu\u00e9s de que el juez levantara el secreto del sumario. Yo creo que s\u00ed hay una importante novedad: ahora lo que conocemos es el sumario, no determinadas filtraciones. Supongo que te refieres a las filtraciones cuando hablas del papel de los medios en el sumario.<\/p>\n<p>P.- \u00bfQu\u00e9 es lo que m\u00e1s te ha impresionado de G\u00fcrtel?<\/p>\n<p>R.- NO s\u00e9 qu\u00e9 decirte, la groser\u00eda de quienes trabajaban para el PP? los relojes de marcas car\u00edsimas de las que nunca hab\u00eda oido hablar? La obsesi\u00f3n por el lujo de esta gente? La cantidad de millones que manejaban que ni siquiera son abarcables mentalmente? Supongo que me ha impresionado lo mismo que a t\u00ed.<\/p>\n<p>P.- Hola Luc\u00eda. Siempre es un placer hablar contigo, incluso, aprovechando los nuevos artilugios de comunicaci\u00f3n. C\u00f3mo crees que afectara Gurtel al devenir de la derecha hacia el poder? Crees que en el fondo este grupo se nucle\u00f3 entorno al poder de aznar? \u00bfEst\u00e1n todos los que son? Graciano Palomo<\/p>\n<p>R.- Hombre Graciano, te hac\u00eda en Sevilla, hace 20 a\u00f1os all\u00ed nos conocimos, c\u00f3mo es que no has ido a la comida? UN placer hablar contigo como siempre. Tu sabes que toda esta gente se aprovech\u00f3 de los tiempos de vino y rosas del poder del PP, tanto cuando estaban a punto de llegar al poder como cuando estuvieron en el Gobierno. A algunos de los que ahora est\u00e1n encausados en el sumario los he conocido yo en los m\u00edtines poniendo sillas y de repente conduc\u00edan coches de superlujo y viv\u00edan en grandes casplones. Tu sabes que la simple menci\u00f3n del nombre de Aznar e incluso el de su actual yerno abr\u00edan muchas puertas. Fijate que el Bigotes se hizo pasar por asesor de Aznar. No s\u00e9 cu\u00e1les ser\u00e1n las consecuencias de G\u00fartel para el PP, pero me parece imposible que un esc\u00e1ndalo con los ingredientes que tiene este no acabe afectando a un partido que aspira a gobernar. Creo que o espabilan y reaccionan o quedar\u00e1n tocados. Besos.<\/p>\n<p>P.- Clubs de alterne, relojes de marca, bodas y bautizos, millones por aqu\u00ed y por all\u00e1. Est\u00e9tica de Torrente. Cutrer\u00edo y poca verg\u00fcenza. El PP ya no es lo que era \u00bfCu\u00e1ndo empez\u00f3 a ser as\u00ed? \u00bfo siempre fue as\u00ed y nos ten\u00edan enga\u00f1ados llamando siempre corruptos a los socialistas? \u00a1Qu\u00e9 horror, qu\u00e9 pol\u00edticos tenemos! Un lector tuyo, Luc\u00eda. Gracias.<\/p>\n<p>R.- Tampoco yo doy cr\u00e9dito a todo esto que dices, creo que si la direcci\u00f3n del PP est\u00e1 tan ciega como para no ver que los ciudadanos no pueden soportar la visi\u00f2n de todo esto es que est\u00e1n ciegos y no piensan en los ciudadanos, sino solo en s\u00ed mismos. Pero tampoco creo que todo el PP sea igual, seguramente tu, como yo, conoces a gente del PP, que son la mayor\u00eda, que es honrada y hace pol\u00edtica por convicci\u00f3n. LO que s\u00ed no pueden hacer es seguir tom\u00e1ndonos el pelo con que ser\u00e1n implacables contra la corrupci\u00f3n si despu\u00e9s no hacen nada o defienden la gesti\u00f3n de B\u00e1rcenas, como han hecho. Es imposible defender la gesti\u00f3n de alguien que, esto si est\u00e1 claro, permiti\u00f3 que la trama de Gurtel existiera como tal. Todo el mundo sabe que B\u00e1rcenas y Correa eran u\u00f1a y carne, lo sab\u00edamos los periodistas, no lo iban a saber ellos&#8230;<\/p>\n<p>P.- Al final, en qu\u00e9 se quedar\u00e1 todo esto?. Se alargar\u00e1 el proceso a\u00f1os y a\u00f1os, no se devolver\u00e1 el dinero, nadie entrar\u00e1 en la carcel y los pol\u00edticos implicados seguir\u00e1n mandando?. Cu\u00e1l puede ser el final, podemos esperar justicia por fin en un caso de corrupci\u00f3n?<\/p>\n<p>R.- Supongo que el proceso de G\u00fartel ser\u00e1 largo hasta que llegue el juicio, no me parece que estos delitos, o presuntos, vayan a quedar impunes, creo que hay bastantes indicios, pruebas y evidencias en el sumario como para que los responsables paguen con la c\u00e1rcel. Pero es cierto que casos como \u00e9ste, creo yo, son una desgracia para la credibilidad de la clase pol\u00edtics y es la principal raz\u00f3n por la que la gente cree que los pol\u00edticos son un problema y no una soluci\u00f3n. Esto es lo que deber\u00eda tener muy en cuenta la direcci\u00f3n del PP, esto es lo m\u00e1s importante, y no la defensa de la presunci\u00f3n de inocencia de su ex tesorero.<\/p>\n<p>P.- Llama la atenci\u00f3n las palabras de Aznar. Me pregunto \u00bfqu\u00e9 grado de participaci\u00f3n pudo tener \u00e9l? Teniendo en cuenta que todos los implicados acudieron a la cita de El Escorial&#8230; Una saludo y gracias.<\/p>\n<p>R.- No hay duda de que Correa y los suyos trabajaron para el PP en la \u00e9poca de Aznar y tuvieron una estrecha relaci\u00f3n con el actual yerno del ex presidente. Alejandro Agag. Esto es un hecho, los mitines y los viajes de Aznar los organizaba Correa y parece ser que cobraba m\u00e1s de lo que le correspond\u00eda porque si no no podr\u00eda haber acumulado tantos millones. No puedo saber hasta q\u00fa\u00e9 punto conoc\u00eda Aznar a esta gente, ya sabes que los l\u00edderes no suelen tratar con el personal de servicio. En el partido siempre hay personas que se dedican a la intendencia para que los l\u00edderes brillen ante las c\u00e1maras. Lo que s\u00ed me pregunto, supongo que como tu, es c\u00f3mo fue posible que toda esta gente presumiera ostentosamente de sus riquezas y nadie se diera cuenta a su alrededor. Si alguien trabaja al lado de una persona que de repente se compra de repente un palacete en la Toscana, llega con un reloj de oro o va por ah\u00ed pagando con billetes de quinientos euros, supongo que nos preguntar\u00edamos de d\u00f3nde saca el dinero. Pues eso.<\/p>\n<p>P.- \u00bfQu\u00e9 dirigentes del Partido Popular crees que han quedado m\u00e1s tocados tras hacerse p\u00fablico el sumario?<\/p>\n<p>R.- Por este orden, y no necesariamente con la misma gravedad. Luis B\u00e1rcenas, Francisco Camps, los vicepresidentes valencianos, Javier Arenas y Ana Mato.<\/p>\n<p>P.- Hola Luc\u00eda, \u00bfen qu\u00e9 posici\u00f3n crees que queda ahora Ana Mato dentro del partido despu\u00e9s de haberse hecho p\u00fablico el sumario?<\/p>\n<p>R.- Inc\u00f3moda, como m\u00ednimo. Ana Mato estuvo en la organizaci\u00f3n de los actos del partido durante todos esos a\u00f1os y su relaci\u00f3n con la trama est\u00e1 por explicar. Doblemente inc\u00f3moda en lo personal, ya que su ex marido es Jes\u00fas Sep\u00falveda, ex alcalde de Pozuelo y tambi\u00e9n imputado. Ellos dos eran destacados miembros del aparato del partido en la \u00e9poca G\u00fcrtel, y aunque Rajoy la apoya mucho, habr\u00e1 que esperar al avance de la causa judicial para saber cu\u00e1l es su futuro.<\/p>\n<p>P.- \u00bfCree que lo publicado hasta ahora solo supone la punta del iceberg?<\/p>\n<p>R.- NO lo s\u00e9, pero si as\u00ed fuera se trata de una punta de iceberg que es tan grande como lo que puede estar sumergido.<\/p>\n<p>P.- Gracias por tu independencia. Tu curriculum incluye un tiempo en Presidencia del Gobierno en los primeros a\u00f1os de Aznar (si lo he entendido bien). Me pregunto c\u00f3mo fue esa \u00e9poca y por qu\u00e9 eres tan cr\u00edtica con el PP actual, incluyendo a casi todos sus miembros de entonces (Aznar, Rajoy, Mayor&#8230;). Me llama la atenci\u00f3n. \u00bfCambiaron ellos o cambiaste t\u00fa?. \u00bfFue interesante y recomendar\u00edas a un periodista pasar por esa etapa cercana al Gobierno o no?<\/p>\n<p>R.- Ya s\u00e9 que esta situaci\u00f3n puede sorprender, de hecho, s\u00e9 que mucha gente est\u00e1 sorprendida de que como periodista haya trabajado en el Gobierno de Aznar y ahora sea cr\u00edtica con las mismas personas con las que trabaj\u00e9. La explicaci\u00f3n ser\u00eda mucho m\u00e1s amplia, pero ver\u00e9 si te la puedo resumir. Yo he sido periodista toda mi vida, incluso cuando trabaj\u00e9 en La Moncloa, donde me incorpor\u00e9 al servicio de un Gobierno, que no de un partido. Mientras estuve all\u00ed trabaj\u00e9 con lealtad hacia el Gobierno. Me parec\u00eda que Aznar era un tipo serio, consistente, honrado y cabal. Al Aznar de ahora no le conozco de nada, puede que ni siquiera \u00e9l se conozca a s\u00ed mismo despu\u00e9s de lo que ha hecho en los \u00faltimos a\u00f1os. Pienso, por experiencia, que el poder produce muchos estragos en las personas que lo detentan de una manera absoluta y total. Creo que a las personas no se las puede juzgar por c\u00f3mo se llaman o en qu\u00e9 partido militan, sino por lo que hacen, en eso me educaron en el colegio y en mi casa: por sus hechos los conocer\u00e9is. Si a los que mandaban en el PP les da por hacer cosas que a mi no me parecen bien, creo que mi deber me obliga a decir lo que pienso, y es mi propia visi\u00f3n de la honestidad profesional. NO creo que los periodistas debamos llevar un escapulario al cuello de ningun lider ni de ningun partido para defender cosas que son indedendibles Puedo comprender la extra\u00f1eza tal y como est\u00e1 el panorama de los medios, pero por eso mismo me siento una privilegiada en muchos aspectos, ya que trabajo en un peri\u00f3dico cuyo director me permite ser libre para opinar, y eso te aseguro que no tiene precio. La etapa de La Moncloa fue interesante, claro, aprend\u00ed mucho y sobre todo sal\u00ed de all\u00ed con un gran respeto por el Gobierno y por las instituciones democr\u00e1ticas.<\/p>\n<p>P.- \u00bfCree que el PP gobernar\u00e1 en 2011 en Valencia con Camps de candidato? \u00bfQu\u00e9 opina de las palabras de Camps en las Cortes Valencianas, cuando dice que la gente le vota en masa, y por eso le atacan con &#8220;montajes&#8221; como Gurtel?<\/p>\n<p>R.- Es posible que Camps quiera resistirse a lo que es un clamor en el PP. Casi todos los dirigentes importantes opinan que Camps debe dimitir y dejar paso a otro candidato para las elecciones del a\u00f1o que viene. Yo tambi\u00e9n lo creo. La mayor\u00eda absoluta que pronostican las encuestas en la comunidad valenciana no es de Camps, aunque \u00e9l crea que s\u00ed, es del PP y cualquier otro candidato tendr\u00eda los mismos votos. A los pol\u00edticos se les conoce en los momentos de dificultad y creo que Camps, por el que he tenido siempre un gran respeto, no ha dado la talla no ya como l\u00edder, sino simplemente como dirigente medio de un partido nacional. Su reacci\u00f3n ante las revelaciones de sus peligrosas relaciones con El Bigotes es inaceptable desde el punto de vista democr\u00e1tica y su negativa a dar explicaciones lo dice todo. Lo del montaje, despu\u00e9s de todo lo que sabemos porque nos hemos enterado de sus conversaciones con el Bigotes, me parece un intulto a la inteligencia de las personas. Si el PP sigue ganando en Valencia puede ser por muchas cosas, entre otras porque el PSOE no logre cimentar una alternativa, pero eso no quiere decir que Camps se est\u00e9 comportando de forma adecuada y responsable. Si llega a 2011 ser\u00e1 de milagro y tan quemado que no s\u00e9 qu\u00e9 tipo de campa\u00f1a electoral podr\u00e1 hacer.<\/p>\n","protected":false},"excerpt":{"rendered":"<p>Conoce todas las claves de G\u00fcrtel, el nombre dado a la investigaci\u00f3n instruida por Baltasar Garz\u00f3n cuyo fin es desentra\u00f1ar una presunta red de corrupci\u00f3n vinculada al Partido Popular. Encabezada por el empresario Francisco Correa, cuyo apellido traducido al alem\u00e1n da nombre al caso, la red est\u00e1 en boca de todos tras hacerse p\u00fablico el sumario.<\/p>\n","protected":false},"author":1,"featured_media":0,"comment_status":"open","ping_status":"open","sticky":false,"template":"","format":"standard","meta":{"footnotes":""},"categories":[],"tags":[],"class_list":["post-3637","post","type-post","status-publish","format-standard","hentry"],"_links":{"self":[{"href":"https:\/\/intervius.com\/index.html\/wp-json\/wp\/v2\/posts\/3637","targetHints":{"allow":["GET"]}}],"collection":[{"href":"https:\/\/intervius.com\/index.html\/wp-json\/wp\/v2\/posts"}],"about":[{"href":"https:\/\/intervius.com\/index.html\/wp-json\/wp\/v2\/types\/post"}],"author":[{"embeddable":true,"href":"https:\/\/intervius.com\/index.html\/wp-json\/wp\/v2\/users\/1"}],"replies":[{"embeddable":true,"href":"https:\/\/intervius.com\/index.html\/wp-json\/wp\/v2\/comments?post=3637"}],"version-history":[{"count":0,"href":"https:\/\/intervius.com\/index.html\/wp-json\/wp\/v2\/posts\/3637\/revisions"}],"wp:attachment":[{"href":"https:\/\/intervius.com\/index.html\/wp-json\/wp\/v2\/media?parent=3637"}],"wp:term":[{"taxonomy":"category","embeddable":true,"href":"https:\/\/intervius.com\/index.html\/wp-json\/wp\/v2\/categories?post=3637"},{"taxonomy":"post_tag","embeddable":true,"href":"https:\/\/intervius.com\/index.html\/wp-json\/wp\/v2\/tags?post=3637"}],"curies":[{"name":"wp","href":"https:\/\/api.w.org\/{rel}","templated":true}]}}