{"id":3598,"date":"2010-05-10T00:00:00","date_gmt":"2006-11-06T00:00:00","guid":{"rendered":"https:\/\/intervius.com\/index.html\/?p=3598"},"modified":"2006-11-06T00:00:00","modified_gmt":"2006-11-06T00:00:00","slug":"Javier_Godino3598","status":"publish","type":"post","link":"https:\/\/intervius.com\/index.html\/Javier_Godino3598\/","title":{"rendered":"Javier Godino"},"content":{"rendered":"<p>Pregunta.- Buenos d\u00edas, en primer lugar felicitarle por su trayectoria. Creo que &#8220;el secreto de sus ojos&#8221; es una de las mejores pel\u00edculas que se han hecho ultimamente y su actuaci\u00f3n, simplemente, maravillosa; cuando la vi me qued\u00e9 con los pelos de punta, esa frase suya al final&#8230;\u00a1incre\u00edble!. Este jueves ir\u00e9 a ver a la Gran V\u00eda &#8220;40 el Musical&#8221;, me podr\u00eda explicar \u00bfcon qu\u00e9 me voy a encontrar? y \u00bfle ver\u00e9 en el escenario?. Muchas gracias. Un saludo y un beso enorme de Mar\u00eda de Madrid<\/p>\n<p>Respuesta.- S\u00ed, este jueves estar\u00e9 en 40 El Musical en la Gran V\u00eda. Vas a encontrarte con un espect\u00e1culo muy divertido en el que vas a poder cantar todas las canciones, te vas a emocionar y sobre todo vas a pasar un rato estupendo. Muchas gracias por tu cari\u00f1o y suerte.<\/p>\n<p>P.- Hola Javier, me encant\u00f3 tu interpretaci\u00f3n en El Secreto de sus Ojos y tambi\u00e9n la de Joaqu\u00edn en 40 El Musical. Ambas son fant\u00e1sticas. \u00bfAbandonar\u00e1s el musical para hacer cine? espero que no! Joaqu\u00edn toma otra dimensi\u00f3n contigo!!!<\/p>\n<p>R.- Muchas gracias. Joaqu\u00edn es un personaje precioso y por fin cuento una historia de amor en un escenario. Me lo estoy pasando genial. Supongo que no voy a poder abandonar la m\u00fasica nunca, pero echo de menos el cine, si te soy sincero. Un abrazo.<\/p>\n<p>P.- Javier, desde Huelva, \u00bfes normal que un d\u00eda s\u00ed otro no vea de forma aleatoria un trozo de &#8220;El secreto de sus ojos&#8221; y encuentra alg\u00fan gui\u00f1o, alg\u00fan aspecto t\u00e9cnico, alguna mirada&#8230; que me deslumbre y apasione a\u00fan m\u00e1s? \u00bfc\u00f3mo hab\u00e9is conseguido todos crear esa atm\u00f3sfera de credibilidad, sentimiento y pasi\u00f3n?<\/p>\n<p>R.- A partir de una base literaria excelente, de Eduardo Sacheri, y el gui\u00f3n que coescribi\u00f3 con Campanella se pudo hacer una pel\u00edcula llena de matices, de detalles que en el fondo son lo que crea vida en la pantalla. Con un equipo as\u00ed es f\u00e1cil apasionarse.<\/p>\n<p>P.- Hola Javier, ni ser\u00e9 el primero ni el \u00faltimo que te diga que me encantaste en &#8220;El Secreto&#8230;.&#8221; y ahora cambias totalmente de registro. Que te pareci\u00f3 trabajar en Argentina?, ten\u00edas la sensanci\u00f3n de que la pel\u00edcula iba a ser un bombazo?, gracias y mucha suerte con el musical.<\/p>\n<p>R.- S\u00ed tuve la sensaci\u00f3n de que era un pelicul\u00f3n. Trabajar en Argentina fue un placer, vivir la primavera bonaerense y poder trabajar con ese material es una suerte para un actor como yo que aspira a poder interpretar cosas dif\u00edciles, art\u00edsticamente interesantes.<\/p>\n<p>P.- Hola Javier, en primer lugar, enhorabuena por todos tus trabajos y por tu reconocimiento. Soy actriz &#8220;retirada&#8221; y s\u00e9 lo duro que es y la incre\u00edble satisfacci\u00f3n que puede llegar a ser vivir de tus sue\u00f1os. Aparte de esto, he o\u00eddo que quiz\u00e1s ibas a protagonizar una TV movie sobre Antonio Vega. Para m\u00ed y para much\u00edsima gente es un personaje al que admiramos tremendamente por su calidad art\u00edstica y su honestidad, y estamos un poco cansados de que siempre se buscara el morbo de su adicci\u00f3n a las drogas. Si es cierto que vas a protagonizar esta serie, puedes hablarnos de ella? C\u00f3mo nos presenta a Antonio? Un saludo, y mucha suerte<\/p>\n<p>R.- Es un proyecto maravilloso sobre la vida de Antonio Vega. No s\u00e9 mucho. S\u00e9 que su hermano Carlos Vega est\u00e1 cuidando el trabajo. Para m\u00ed ser\u00eda un honor poder interpretarlo, pero creo que es muy pronto para adelantar nada. Tienes raz\u00f3n en que esta profesi\u00f3n es muy dura, pero siempre necesita gente con talento.<\/p>\n<p>P.- Buenos dias Javier;Me alegro de tener esta oportunidad de saludarte y de transmitirte mi gran admiraci\u00f3n por tu trabajo.Te conozco desde que eras muy peque\u00f1o, era vecina de tu abuela en &#8220;La vi\u00f1a&#8221; y todavia sigues teniendo la misma cara. \u00bfTienes nuevos proyectos en cine o vas a seguir con el teatro?, esperamos verte por Villa prontito&#8230;<\/p>\n<p>R.- Qu\u00e9 alegr\u00eda. Ahora estoy en 40 El Musical esta temporada y estamos pendientes de si continuamos la temporada que viene. Por ahora no puedo decir nada m\u00e1s. Si me ves en Villaviciosa de Od\u00f3n sal\u00fadame. Un abrazo.<\/p>\n<p>P.- Javier, ten\u00eda tan claro que ibais a ganar el Oscar que apost\u00e9 50 \u20ac con las apuestas 10 a Enhorabuena por esa gran pel\u00edcula de Campanella&#8230;y a ti por esa escena del ascensor&#8230;.todav\u00eda se me ponen los pelos como escarpias. La pregunta es&#8230;cuantas veces rodasteis la escena del estadio que si no me equivoco dura unos minutos sin ning\u00fan &#8220;corten&#8221;.? Marcos A. G.<\/p>\n<p>R.- Enhorabuena por tu buen ojo en las apuestas. La escena del estadio de Hurac\u00e1n la rodamos en cuatro d\u00edas. Un d\u00eda fue el helic\u00f3ptero, otro las gradas, otro los pasillos y el \u00faltimo el campo. Como sabes, los avances digitales son alucinantes y puede parecer que no se grite ning\u00fan Corten. Gracias.<\/p>\n<p>P.- En primer lugar, enhorabuena por su papel en &#8220;El secreto de sus ojos&#8221;, una de las mejores pel\u00edculas que jam\u00e1s he visto. En la escena del ascensor me puso usted los pelos de punta. No se lo tome a mal, pero&#8230;\u00bfse sinti\u00f3 ofendido por los insultos de Soledad Villamil en la escena de la declaraci\u00f3n? Un saludo y mucha suerte.<\/p>\n<p>R.- El personaje s\u00ed. Isidoro G\u00f3mez ten\u00eda un problema grave con las mujeres y con su propia hombr\u00eda. Yo s\u00f3lo me dej\u00e9 llevar por el momento con Soledad.<\/p>\n<p>P.- Encantado de poder preguntarte. Me encant\u00f3 tu canci\u00f3n con Secun de la Rosa en la \u00faltima gala de los Goya. \u00bfQu\u00e9 tal fue la experiencia? \u00bfNervios? Un abrazote. Oriol (Girona)<\/p>\n<p>R.- Lo prepar\u00e9 en una semana con Secun, al que ya conoc\u00eda de antes. Nos lo pasamos genial. Buenafuente es un \u00e1ngel, la directora de la gala, Rosa Olucha, nos apoy\u00f3 desde el principio y s\u00f3lo he recibido mucho cari\u00f1o despu\u00e9s de ello, as\u00ed que para ser la primera vez que estoy invitado a los Goya fue un regalito.<\/p>\n<p>P.- Hola, Javier. Dentro de unos d\u00edas comienza el mayor festival de cine del mundo, el de Cannes. An\u00edmate y haz una previsi\u00f3n. \u00bfQui\u00e9n se llevar\u00e1 este a\u00f1o la Palma de Oro? \u00bfI\u00f1arritu, Kiarostami, Leigh o Doug Liman? Muchos saludos. Tino<\/p>\n<p>R.- Los jurados son inescrutables. Me gusta mucho I\u00f1\u00e1rritu, que adem\u00e1s es latinoamericano.<\/p>\n<p>P.- Javier, \u00bfcual fue el momento de tu vida en que decidiste dedicarte en cuerpo y alma a la interpretaci\u00f3n y a la m\u00fasica?<\/p>\n<p>R.- No fue una decisi\u00f3n consciente, era como una sensaci\u00f3n interna. Me lo empec\u00e9 a tomar en serio a partir del a\u00f1o 2004 y lo deseaba desde los 8 a\u00f1os.<\/p>\n<p>P.- \u00bfC\u00f3mo fue trabajar con Nacho Cano en Hoy No Me Puedo Levantar? \u00bfPiensas que el musical tuvo un antes y un despu\u00e9s tras su salida del musical? En mi opini\u00f3n ya nada volvi\u00f3 a ser igual, al principio fue un musical m\u00e1gico, despu\u00e9s puro negocio. Un saludo<\/p>\n<p>R.- Los intereses comerciales siempre est\u00e1n detr\u00e1s de una producci\u00f3n tan grande como fue HNMPL. Nacho es un genio entusiasta y sacaba lo mejor de todos. Pero tras su salida el esp\u00edritu de la obra segu\u00eda vivo y a\u00fan le queda mucho camino a ese musical.<\/p>\n<p>P.- hola javi \u00bfcomo ha sido para ti la vuelta al rialto donde viviste tanta magia bajo la piel de colate?pd:gracias por todo aquello.un abrazo,jony.<\/p>\n<p>R.- Un poco como volver a casa. Recuerdo cuando entr\u00e9 la primera vez al teatro Rialto con Diego Par\u00eds y a\u00fan estaba en obras. S\u00f3lo hab\u00eda un gran tabl\u00f3n de madera haciendo de escenario, yo llevaba un piedra pintada y la tir\u00e9 a los cimientos, en memoria de mi amiga Loreto. Me siento como en familia en ese teatro.<\/p>\n<p>P.- \u00bfCu\u00e1ndo se estrenar\u00e1 tu pr\u00f3xima pel\u00edcula, &#8220;Genio y figura&#8221;? \u00bfC\u00f3mo ha sido trabajar con Alfonso Bassave? Un saludo. Andreu<\/p>\n<p>R.- Genio y figura ya se ha estrenado en el Festival de M\u00e1laga y se ha llevado el Premio Especial del Jurado. Es un cortometraje y trabajar con Alfonso ha sido divertid\u00edsimo. Hacemos de enemigos irreconciliables. Gracias.<\/p>\n<p>P.- \u00bfPara cu\u00e1ndo un disco? Yo te veo muy en la l\u00ednea de cantante tipo Alex Kapranos, de Franz Ferdinand. Un rock estiloso, que tanta falta nos hace en este pa\u00eds. Graciela<\/p>\n<p>R.- Qu\u00e9 halago. Me encantar\u00eda sacar un disco, pero ya sabes c\u00f3mo est\u00e1 la industria discogr\u00e1fica en este momento. Yo compongo desde hace a\u00f1os y algunas me salen bonitas. Voy a ver si tomo este impulso que me das para empezar a presentar mi trabajo.<\/p>\n<p>P.- Hello, Godino! Si tuvieras una l\u00e1mpara m\u00e1gica y le pudieras pedir el deseo de trabajar con un director, \u00bfa qui\u00e9n elegir\u00edas? \u00bfAlmod\u00f3var, Scorsese, Spielberg, Haneke? Un abrazo! Inma<\/p>\n<p>R.- Primero le pedir\u00eda a la l\u00e1mpara que me diera todos los deseos que me pueda conceder, un cup\u00f3n de deseos infinitos y trabajar\u00eda con todos ellos. Vaya cuatro ejemplos has dado. Incluir\u00eda a Am\u00e9nabar, a Woody Allen y a otros miles. Gracias!<\/p>\n<p>P.- Hola, Javier. Recomi\u00e9ndanos alguna pel\u00edcula para ver este finde. Un saludo. Mario<\/p>\n<p>R.- Yo tengo ganas de ver la nueva de Medem. V\u00ed Alicia en el pa\u00eds de las maravillas y me lo pas\u00e9 estupendamente, pero tengo tantas pel\u00edculas pendientes&#8230; El concierto me han dicho que es preciosa, El escritor, Soul kitchen, etc&#8230;<\/p>\n<p>P.- Hola, Javier. Lo primero de todo, mi m\u00e1s sincera enhorabuena por tu interpretaci\u00f3n en &#8220;El Secreto de sus ojos&#8221;. Est\u00e1s sencillamente genial. Me gustar\u00eda preguntarte si no te ha indignado (como a m\u00ed) el hecho de que en los medios de comunicaci\u00f3n, cada vez que se hablaba de esta pel\u00edcula como nominada a los \u00f3scar se &#8220;vendiera&#8221; que era un gran \u00e9xito del cine espa\u00f1ol al ser una co-producci\u00f3n hispano-argentina, sin decir en ning\u00fan momento que adem\u00e1s en ella participaba un actor espa\u00f1ol (sobre todo teniendo en cuenta lo bien que est\u00e1s). Gracias y mucha suerte de una villaodonesa que te conce mucho y te admira m\u00e1s.<\/p>\n<p>R.- Ha sido bueno para la pel\u00edcula que no se desvelara la identidad del actor que interpretaba el malo. Quiz\u00e1 no se me ha promocionado para el gran p\u00fablico, pero en el \u00e1mbito profesional me siento reconocido y querido.<\/p>\n<p>P.- Hola Javier. \u00bfQu\u00e9 te gusta hacer en tu tiempo libre?<\/p>\n<p>R.- Me empapo de m\u00fasica, paseo por el parque del Oeste y veo mucho cine, entre otras cosas. Ahora con el musical no tengo mucho tiempo libre.<\/p>\n<p>P.- \u00a1Hola Javier! Te vimos el otro d\u00eda en el musical y nos lo pasamos genial. He o\u00eddo que 40 El Musical sale a la calle el d\u00eda de San Isidro, \u00bfvais a estar todos? \u00bfd\u00f3nde es? \u00bfa qu\u00e9 hora os podremos ver? Gracias<\/p>\n<p>R.- Yo s\u00ed voy a estar en la plaza de Callao a las 21h para celebrar el centenario de la Gran V\u00eda. Vamos a hacer una coreograf\u00eda grupal con la nueva canci\u00f3n que hemos incorporado al musical, I gotta feeling. Hemos simplificado la coreograf\u00eda para que os la aprend\u00e1is desde casa (est\u00e1 en YouTube y en www.40elmusical.com) y veng\u00e1is a bailar y a cantarla con nosotros. Tambi\u00e9n habr\u00e1 una sorpresa de parte de Hoy no me puedo levantar. An\u00edmate.<\/p>\n<p>P.- Hola Javier!! Como seria tu &#8220;personaje ideal&#8221; para interpretar?? Que tiene que tener?? Un besin, Paloma(madrid).<\/p>\n<p>R.- Como dice mi maestro: Lo perfecto es enemigo de lo bueno. Hay personajes maravillosos. Yo creo que lo m\u00e1s importante es que reflejen el alma humana y sean un espejo del que poder aprender.<\/p>\n<p>P.- Hola, Javier. Siempre me he imaginado que los actores ten\u00e9is que ligar un mont\u00f3n. Conocer\u00e9is mucha gente, de un lugar a otro, parec\u00e9is gente muy interesante. Todo el d\u00eda entre actores, empresarios, periodistas&#8230; \u00bfEs verdad que lig\u00e1is tanto? \u00bfHas llegado a ligar, por ejemplo, en una entrevista? Qu\u00e9 curiosidad! Alejandra (Almer\u00eda)<\/p>\n<p>R.- Los interesantes de verdad son los personajes. Los actores s\u00f3lo lo parecemos. A m\u00ed no me va mal en el tema de ligar. En una entrevista no recuerdo haber ligado, pero supongo que tiene que ver m\u00e1s con la edad. Con 50 a\u00f1os supongo que la cosa no ser\u00e1 tan f\u00e1cil.<\/p>\n<p>P.- Hola Sr Godino. Nos alegra mucho ver como has alcanzado el exito con una de las mejores peliculas de la decada. Nuestra pregunta es muy simple \u00bfNos tendremos que volver a casar para que nos cantes?. Tus amigos Eva y Miguel<\/p>\n<p>R.- Hola Eva y Miguel. Si son las bodas de plata s\u00ed. Un beso a Sevilla.<\/p>\n<p>P.- Hola, Javier. \u00bfC\u00f3mo llevas el mundo del glamour del cine? \u00bfQui\u00e9n te visti\u00f3 para la \u00faltima gala de los Goya? \u00bfTienes asesor de imagen? Un saludo. Karen<\/p>\n<p>R.- Gracias a Dios tengo a Marta, la jefa de prensa de mi agencia. Para los Goya me visti\u00f3 Moschino y tambi\u00e9n he vestido de Hugo Boss. En mi agencia me cuidan un mont\u00f3n y siempre intentan ponerme guapo. El glamour es otra ficci\u00f3n.<\/p>\n<p>P.- Godino como madrile\u00f1o de nacimiento que eres, \u00bfc\u00f3mo vas a celebrar esta semana de San Isidro? \u00bfIr\u00e1s a la Pradera? \u00bfA Las Ventas? \u00bfHuir\u00e1s de la ciudad? Un saludo. Tolo<\/p>\n<p>R.- Esta semana trabajo. Vamos a ver si despu\u00e9s de la funci\u00f3n tengo fuerzas suficientes para irme a celebrarlo. Estar\u00e9 el d\u00eda 15 en la plaza de Callao cantando I gotta feeling. Por cierto, no habr\u00e1 coches ese d\u00eda en la Gran V\u00eda. Una ocasi\u00f3n \u00fanica.<\/p>\n<p>P.- \u00bfQu\u00e9 sue\u00f1os tienes?<\/p>\n<p>R.- Me da verg\u00fcenza compartirlos aqu\u00ed. Algunos son ego\u00edstas y otros son muy altruistas. Ojal\u00e1 se cumplan. Muchas gracias.<\/p>\n","protected":false},"excerpt":{"rendered":"<p>De El secreto de sus ojos, un trabajo reconocido por la Uni\u00f3n de Actores o la Academia de Cine Argentina, a 40 El Musical. El argumento gira en torno a las aventuras de un grupo de j\u00f3venes que se enfrentan a sus conflictos de madurez. Muchos todav\u00eda recuerdan a Javier Godino como Colate, protagonista de Hoy no me puedo levantar, otro exitoso musical.<\/p>\n","protected":false},"author":1,"featured_media":0,"comment_status":"open","ping_status":"open","sticky":false,"template":"","format":"standard","meta":{"footnotes":""},"categories":[],"tags":[],"class_list":["post-3598","post","type-post","status-publish","format-standard","hentry"],"_links":{"self":[{"href":"https:\/\/intervius.com\/index.html\/wp-json\/wp\/v2\/posts\/3598","targetHints":{"allow":["GET"]}}],"collection":[{"href":"https:\/\/intervius.com\/index.html\/wp-json\/wp\/v2\/posts"}],"about":[{"href":"https:\/\/intervius.com\/index.html\/wp-json\/wp\/v2\/types\/post"}],"author":[{"embeddable":true,"href":"https:\/\/intervius.com\/index.html\/wp-json\/wp\/v2\/users\/1"}],"replies":[{"embeddable":true,"href":"https:\/\/intervius.com\/index.html\/wp-json\/wp\/v2\/comments?post=3598"}],"version-history":[{"count":0,"href":"https:\/\/intervius.com\/index.html\/wp-json\/wp\/v2\/posts\/3598\/revisions"}],"wp:attachment":[{"href":"https:\/\/intervius.com\/index.html\/wp-json\/wp\/v2\/media?parent=3598"}],"wp:term":[{"taxonomy":"category","embeddable":true,"href":"https:\/\/intervius.com\/index.html\/wp-json\/wp\/v2\/categories?post=3598"},{"taxonomy":"post_tag","embeddable":true,"href":"https:\/\/intervius.com\/index.html\/wp-json\/wp\/v2\/tags?post=3598"}],"curies":[{"name":"wp","href":"https:\/\/api.w.org\/{rel}","templated":true}]}}