{"id":3597,"date":"2010-05-10T00:00:00","date_gmt":"2006-11-06T00:00:00","guid":{"rendered":"https:\/\/intervius.com\/index.html\/?p=3597"},"modified":"2006-11-06T00:00:00","modified_gmt":"2006-11-06T00:00:00","slug":"Juan_Valderrama3597","status":"publish","type":"post","link":"https:\/\/intervius.com\/index.html\/Juan_Valderrama3597\/","title":{"rendered":"Juan Valderrama"},"content":{"rendered":"<p>Pregunta.- La copla, o canci\u00f3n popular, tiene hoy en d\u00eda una mala salud de hierro. Pero, d\u00f3nde est\u00e1 el problema: en los int\u00e9rpretes o en los autores&#8230; Yo echo en falta a gente tan grande como su padre, que era un brillante autor. Un abrazo desde Sevilla.<\/p>\n<p>Respuesta.- Faltan autores y compositores, pero la copla es un g\u00e9nero popular y nunca morir\u00e1. A mi juicio no hay ning\u00fan problema, solo que artistas como mi padre, Juana Reina o Lola Flores se rompen tres o cuatro cada siglo. Paciencia.<\/p>\n<p>P.- Buenas tardes, Juan. \u00bfNos puedes explicar c\u00f3mo ha sido tu evoluci\u00f3n musical para, siendo, si me lo permites, Hijo de la Copla, est\u00e9s cantando boleros?<\/p>\n<p>R.- Debo ser el garbanzo negro de la familia&#8230; Ahora en serio, este espect\u00e1culo tiene coplas, cantes flamencos, canciones m\u00edas y alg\u00fan bolero, solo alguno.<\/p>\n<p>P.- \u00bfLe est\u00e1 afectando la crisis?, \u00bfc\u00f3mo ve el panorama de la m\u00fasica flamenca? y por \u00faltimo, \u00bfcu\u00e1l es la regi\u00f3n de Espa\u00f1a que m\u00e1s le gusta para vivir?<\/p>\n<p>R.- La crisis est\u00e1 presente en todos los sectores, los artistas estamos atravesando momentos dif\u00edciles, no se venden discos, los Ayuntamientos han recortado los presupuestos para actuaciones&#8230; Pero hay que seguir luchando como hicieron otros antes que nosotros. Para vivir me gusta el Aljafafe sevillano, donde me he criado.<\/p>\n<p>P.- Qu\u00e9 papel juega Internet y las redes sociales en el mundo musical desde tu punto de vista.<\/p>\n<p>R.- Internet ha sustituido a casi todos los medios de comunicaci\u00f3n, para la m\u00fasica es un cambio tan brusco que todav\u00eda no sabemos su alcance ni como afectar\u00e1, pero est\u00e1 claro que hay que adaptarse rapido&#8230; o desaparecer como los dinosaurios.<\/p>\n<p>P.- \u00bfCu\u00e1l es el mejor consejo que le dio su padre? Saludos.<\/p>\n<p>R.- Que dejara el tabaco y que respetara al p\u00fablico y a la profesi\u00f3n de artista por encima de todo.<\/p>\n<p>P.- Qu\u00e9 espera del p\u00fablico sevillano ma\u00f1ana cuando se ponga ante \u00e9l en el teatro Lope de Vega? Mucha suerte, maestro<\/p>\n<p>R.- Ese \u00f3le en el sitio que solo Sevilla sabe dar, ese comentario que te hace sonreir, su poquito de guasa&#8230; Lo que nos hace \u00fanicos e inconfundibles.<\/p>\n<p>P.- Esperamos tu trabajo con ganas de escucharlo. Eres grande como artista. Recuerdo tus cantes en la redacci\u00f3n de Radiotelevisi\u00f3n Estepona&#8230; \u00a1Qu\u00e9 tiempos!. Un saludo, amigo y compa\u00f1ero, y sigue as\u00ed, que tienes una voz que quita &#8221; er sent\u00edo&#8221;.<\/p>\n<p>R.- Los buenos recuerdos siempre van conmigo&#8230; Y Dani Casares ahora tambi\u00e9n. Abrazos para mi gente de la radio y la tele de estepona<\/p>\n<p>P.- Has actuado en muchos escenarios de Espa\u00f1a, \u00bfen cu\u00e1l o cu\u00e1les a\u00fan no lo has hecho y te gustaria hacerlo?<\/p>\n<p>R.- Prec\u00edsamente en el Teatro Cervantes de M\u00e1laga, donde no s\u00e9 por qu\u00e9 motivo no me quieren dejar cantar. Es un tema que me jode, porque hay mucha gente en M\u00e1laga que tiene ganas de ir a verme y ese Teatro se supone que es municipal, no propiedad de nadie. Aunque lo parezca.<\/p>\n<p>P.- \u00bfQu\u00e9 le parece el programa Se llama copla, de Canal Sur?<\/p>\n<p>R.- Un programa que le gusta mucho sobre todo a los mayores, pero creo que el futuro de la copla va por otros derroteros; nuevas coplas, nuevos arreglos, nueva imagen&#8230; Si bien ha demostrado que un programa musical bien hecho, puede arrasar con las audiencias. Que tomen nota.<\/p>\n<p>P.- \u00bfQu\u00e9 opini\u00f3n tiene de la pirater\u00eda? \u00bfEs cierto que compensa las p\u00e9rdidas por los discos no vendidos con los conciertos? Saludos.<\/p>\n<p>R.- No tiene nada que ver. Para que un grupo o un artista funcionen y tengan conciertos hay que tener un disco, si no hay disco se para todo el proceso. A mi me gustan mucho los Ferraris, pero no puedo llevarme uno aludiendo que es para mi uso personal&#8230; tengo que pagar los ciento veinte mil que vale, o me llevan detenido por ladr\u00f3n y por gilipollas. \u00bfSencillo de entender, verdad? Pues no lo entendemos.<\/p>\n<p>P.- Hola Juan, quer\u00eda preguntarte, si har\u00e1s gira internacional con tu pr\u00f3ximo espect\u00e1culo &#8220;MAESTROS&#8221;&#8230;Se deber\u00eda mostrar al mundo esta otra parte del flamenco que estamos olvidando&#8230;Besos<\/p>\n<p>R.- Ojal\u00e1, s\u00e9 que voy a Berl\u00edn en Mayo, pero me conformo con ofrecer esa parte del flamenco en los principales festivales y ciclos de mi pa\u00eds. De momento estamos en SUMA flamenca, en la Bienal y el a\u00f1o pr\u00f3ximo en Las Minas&#8230; los tres ciclos m\u00e1s importantes a nivel mundial. Buen comienzo.<\/p>\n<p>P.- Por qu\u00e9 no os venis a Atenas para dar un espectaculo, y asi la gente disfrute ya de una vez de algo tan hermoso? llenariais hasta el estadio olimpico&#8230;. no es broma.<\/p>\n<p>R.- Pues est\u00e1 Grecia para cantarles por sole\u00e1&#8230; Ahora yo encantado, que conste<\/p>\n<p>P.- \u00a1Por qu\u00e9 a los \u00b4j\u00f3venes les ha dejado de interesar el flamenco y la copla?<\/p>\n<p>R.- El Flamenco no ha dejado de interesar y la copla tiene muchos adeptos, pero la juventud est\u00e1 en otra onda, como lo estaba yo cuando ten\u00eda quince a\u00f1os, pero luego maduras y te das cuenta de que tus padres resulta que no eran tan carrozas como parec\u00eda&#8230; o que eres t\u00fa el que empiezas a serlo. El caso es que cada edad tiene su m\u00fasica<\/p>\n<p>P.- Buenas tardes, me caes fenomenal como persona cuando te escucho en Herrera en la onda, para cuando un disco homenaje a tu padre? no se me olvida tu actuacion en tve junto a un video de el cantando a duo EL EMIGRANTE, irrepetible. Un saludo.<\/p>\n<p>R.- Es un honor trabajar con Carlos Herrera y con su equipo, y en cuanto al disco homenaje, todo llegar\u00e1 en su momento, ahora estamos con otras cosas, pero gracias por el piropo.<\/p>\n<p>P.- \u00bfFusi\u00f3n flamenca o flamenco puro? No ya como queda evidente en su trayectoria sino como planteamiento musical&#8230;<\/p>\n<p>R.- La palabra pureza me da repel\u00fas, es excluyente y hay que tenerle mucho respeto. El flamenco es fruto de la mezcla de pueblos y culturas.<\/p>\n<p>P.- Lo del respeto a la profesi\u00f3n de artista parece evidente. Pero, una curiosidad, \u00bfdej\u00f3 el tabaco como le pidi\u00f3 su padre?<\/p>\n<p>R.- Qu\u00e9 va, sigo encendiendo alg\u00fan que otro pitillo cuando no tengo que cantar, ahora por ejemplo intento controlarme. Pero prometo que lo dejar\u00e9 antes de que termine este a\u00f1o.<\/p>\n<p>P.- Buenos d\u00edas Juan. Me atrae tu forma de seducir con palabras, tanto cuando cantas como cuando hablas. \u00bfEst\u00e1s en un punto de tu carrera en el que tu m\u00fasica es m\u00e1s una expresi\u00f3n de lo que t\u00fa eres?. Y, \u00bftienes previsto alg\u00fan concierto en Cantabria?. Gracias.<\/p>\n<p>R.- Menuda profundidad&#8230; Cantar es mi forma de decirle al mundo que yo tambi\u00e9n existo y que tengo algo que ofrecer. En invierno me tienes por Cantabria seguro.<\/p>\n<p>P.- Podrias venir a suecia algun dia? Juan..siento una gran admiracion y gusto por tu trabajo..eres un artista de pie a cabeza&#8230;con orgullo llevo tu mismo apellido.. te saludo con mucho afecto y admiraci\u00f3n.<\/p>\n<p>R.- Esta semana lo tengo complicado, pero si me buscas un bolito por ah\u00ed, yo encantado. Otro saludo cari\u00f1oso para ti.<\/p>\n<p>P.- eres futbolero? Madrid o Bar\u00e7a?<\/p>\n<p>R.- Madridista desde chico<\/p>\n<p>P.- T\u00fa sabes de esto, porque tu padre fue cantaor. T\u00fa, de esto, est\u00e1s muy desplazado y de ritmo o comp\u00e1s est\u00e1s a a\u00f1os luz&#8230;<\/p>\n<p>R.- Seguro que puedo aprender de grandes maestros como t\u00fa.<\/p>\n<p>P.- Yo no te pregunto, Juan.. Afirmo : Eres una maravillosa persona y un excelente cantante. Deseo que tengas much\u00edsmo \u00e9xito y que sigas siendo tan cercano con la gente.. Y no como otros.. Un abrazo.. \u00a1\u00a1 Que Dios te bendiga ! Y ..\u00a1\u00a1 Cuanto se te quiere entre el colectivo de los Fosfonuatas !<\/p>\n<p>R.- Gracias a vosotros por acogerme con tanto cari\u00f1o, s\u00f3is una gente incre\u00edble, abrazos<\/p>\n","protected":false},"excerpt":{"rendered":"<p>El artista grabar\u00e1 en directo su cuarto disco durante la gira andaluza con su espect\u00e1culo Casi boleros y prepara ya el estreno en junio de Maestros, su nuevo espect\u00e1culo flamenco.<\/p>\n","protected":false},"author":1,"featured_media":0,"comment_status":"open","ping_status":"open","sticky":false,"template":"","format":"standard","meta":{"footnotes":""},"categories":[],"tags":[],"class_list":["post-3597","post","type-post","status-publish","format-standard","hentry"],"_links":{"self":[{"href":"https:\/\/intervius.com\/index.html\/wp-json\/wp\/v2\/posts\/3597","targetHints":{"allow":["GET"]}}],"collection":[{"href":"https:\/\/intervius.com\/index.html\/wp-json\/wp\/v2\/posts"}],"about":[{"href":"https:\/\/intervius.com\/index.html\/wp-json\/wp\/v2\/types\/post"}],"author":[{"embeddable":true,"href":"https:\/\/intervius.com\/index.html\/wp-json\/wp\/v2\/users\/1"}],"replies":[{"embeddable":true,"href":"https:\/\/intervius.com\/index.html\/wp-json\/wp\/v2\/comments?post=3597"}],"version-history":[{"count":0,"href":"https:\/\/intervius.com\/index.html\/wp-json\/wp\/v2\/posts\/3597\/revisions"}],"wp:attachment":[{"href":"https:\/\/intervius.com\/index.html\/wp-json\/wp\/v2\/media?parent=3597"}],"wp:term":[{"taxonomy":"category","embeddable":true,"href":"https:\/\/intervius.com\/index.html\/wp-json\/wp\/v2\/categories?post=3597"},{"taxonomy":"post_tag","embeddable":true,"href":"https:\/\/intervius.com\/index.html\/wp-json\/wp\/v2\/tags?post=3597"}],"curies":[{"name":"wp","href":"https:\/\/api.w.org\/{rel}","templated":true}]}}