{"id":3595,"date":"2010-05-11T00:00:00","date_gmt":"2006-11-06T00:00:00","guid":{"rendered":"https:\/\/intervius.com\/index.html\/?p=3595"},"modified":"2006-11-06T00:00:00","modified_gmt":"2006-11-06T00:00:00","slug":"Esteban_Urreiztieta3595","status":"publish","type":"post","link":"https:\/\/intervius.com\/index.html\/Esteban_Urreiztieta3595\/","title":{"rendered":"Esteban Urreiztieta"},"content":{"rendered":"<p>Pregunta.- Crees que los pol\u00edticos &#8220;temen&#8221; a la prensa?<\/p>\n<p>Respuesta.- No es que lo crea. Es una realidad. Si no fuera por la prensa, en esta comunidad gran parte de ellos no estar\u00edan imputados ni condenados. Como para no temer a los periodistas&#8230;<\/p>\n<p>P.- Como califica a la Fiscalia anticorrupcion de Baleares. Y al fiscal jefe Barcel\u00f3.<\/p>\n<p>R.- La Fiscal\u00eda Anticorrupci\u00f3n de Baleares se ha convertido en un instrumento al servicio de la clase pol\u00edtica dominante. No aplica la misma vara de medir dependiendo de si los imputados son del PP o del PSOE y UM. \u00bfC\u00f3mo es posible que el mismo fiscal jefe Bartomeu Barcel\u00f3 considerara delictivos los esc\u00e1ndalos de Margarita N\u00e1jera y cuando cambi\u00f3 el gobierno pidiera el archivo? La Fiscal\u00eda ha aplicado el m\u00e1ximo rigor al PP y ha protegido activamente a UM hasta que el PSOE necesit\u00f3 a sus l\u00edderes para gobernar Baleares. Hasta el extremo de no ser capaz de citar a Munar por el esc\u00e1ndalo de Can Domenge durante 3 a\u00f1os pese a estar denunciada. El fiscal jefe Barcel\u00f3 lo explicaba con toda claridad: &#8220;Con Munar hay que andarse con pies de plomo&#8221;. Pues eso.<\/p>\n<p>P.- Buenos d\u00edas. Quien cree usted que present\u00f3 la denuncia an\u00f3nima sobre Matas que abri\u00f3 la investigaci\u00f3n criminal. \u00bfNo es un poco raro todo eso?<\/p>\n<p>R.- Lo que parece claro es que estaba inducida. \u00bfAcaso es normal que un ciudadano an\u00f3nimo solicite que se haga una pericial? Con todo, la investigaci\u00f3n del patrimonio de Matas es obligada. Se corrompi\u00f3 y amas\u00f3 una fortuna siendo el presidente de la comunidad aut\u00f3noma.<\/p>\n<p>P.- Sea sincero \u00bfno le entr\u00f3 la risa cu\u00e1ndo ley\u00f3 la sentencia?enhorabuena<\/p>\n<p>R.- Isabel Alemany estaba convencida de que por haber ayudado a la Fiscal\u00eda Anticorrupci\u00f3n a montar el caso Andratx tendr\u00eda carta blanca con la Justicia. Con lo que no contaba es que todav\u00eda hay jueces que juzgan con rigor y profesionalidad. Ella tiene un parking en un torrente. Eso es ilegal, lo diga Agamen\u00f3n o su porquero. Y debe dimitir por ello. Lo que es dram\u00e1tico es que siga ocupando cargos p\u00fablicos. Eso da la medida de la mala salud de nuestro sistema democr\u00e1tico. S\u00ed, al leerla, no puede contener la sonrisa, para qu\u00e9 vamos a enga\u00f1arnos.<\/p>\n<p>P.- Lo primero felicidades!En su opini\u00f3n \u00bfc\u00f3mo es posible que nadie haya metido mano a ese p\u00e1rking?Qu\u00e9 interereses ocultos hay en tirno a esta se\u00f1ora? Gracias<\/p>\n<p>R.- Lo que es inconcebible es que en el sumario del caso Andratx no haya una pieza separada con el parking de Alemany. Pero ella ayud\u00f3 a los fiscales, concretamente a Adri\u00e1n Salazar, denunciando las irregularidades de Hidalgo y se lo premiaron mirando para otro lado. Ahora ya no hay excusa. Joan Carrau y Pedro Horrach deben pedir que se incoe una pieza separada.<\/p>\n<p>P.- Enhorabuena por tu trabajo. Crees que los pol\u00edticos viven en un &#8220;mundo paralelo&#8221; al de los ciudadanos?<\/p>\n<p>R.- La gran mayor\u00eda, sobre todo en Baleares, persigue su lucro personal y su permanencia en los cargos. El gran problema, como ya dijo en los noventa Mario Conde en su libro El Sistema es la reinserci\u00f3n social del pol\u00edtico. \u00bfQu\u00e9 empresa privada contratar\u00eda como ejecutivo a Antich?<\/p>\n<p>P.- Crees que veremos a Munar en la c\u00e1rcel?<\/p>\n<p>R.- Si los hechos que ya han quedado acreditados en sus investigaciones los hubiera protagonizado un ex conseller de Matas, ya estar\u00eda en la c\u00e1rcel. Hay m\u00e1s de cinco integrantes de la productora Video-U que aseguran que es suya. Ella le otorg\u00f3 a esta empresa cinco millones de euros. \u00bfSe le ocurre que un cargo p\u00fablico pueda hacer algo m\u00e1s grave que esto? Lo que produce escalofr\u00edos es que no haya sido todav\u00eda detenida.<\/p>\n<p>P.- Cu\u00e1ntos esc\u00e1ndalos quedan por salir a la luz?<\/p>\n<p>R.- Tantos como grandes expedientes urban\u00edsticos tramitados por Maria Ant\u00f2nia Munar en connivencia con el PP. Ojal\u00e1 se investiguen como toca todas las recalificaciones del Plan Territorial. Pero todas, no s\u00f3lo unas como pretende la Fiscal\u00eda. Y en ning\u00fan caso ninguna como pretende el juez Miquel Florit.<\/p>\n<p>P.- \u00bfcomo definir\u00edas al juez de instrucci\u00f3n que os toc\u00f3? \u00bf y la instrucci\u00f3n que se sigui\u00f3?<\/p>\n<p>R.- El juez Juan Manuel Sobrino ha hecho lo que ten\u00eda que hacer. \u00bfCon qu\u00e9 argumentos iba a sostener que el parking de Isabel Alemany es legal? De no haber hecho lo que hizo, hubiera actuado negligentemente. Lo que es escandaloso es que el juez Antoni Rotger nos impusiera una fianza de 180.000 euros por decir que esta instalaci\u00f3n es clandestina. Deber\u00eda explicar, porque no lo explic\u00f3 en su auto, por qu\u00e9 lo hizo. Ser\u00eda muy interesante.<\/p>\n<p>P.- Esteban \u00bfpara cuando la investigacion de Tirme, Mac Insular y todo el tinglado montado entorno a la seleccion y tratamiento de residuos por Angel Fernandez, Munar, Farrus etc? Parece que la cosa huele muuuy mal. \u00bfestais en ello? \u00bfos interesa descubrir otro flagrante caso de corrupcion politica? Saludos y animo. Maria S.<\/p>\n<p>R.- Si tiene alguna pista, no dude en dec\u00edrnoslo. Estamos \u00e1vidos de abrir nuevos temas.<\/p>\n<p>P.- Hola Esteban!Soy lectora habitual y tengo mis dudas de que se llegue a sacar algo en claro con Can Domenge o Son Oms \u00bfqu\u00e9 hay de cierto en aquellos rumores que hanlaban de pactos PSIB-UM para que Munar fuese intocable?<\/p>\n<p>R.- En Can Domenge y en Son Oms ya est\u00e1 casi todo claro. UM vendi\u00f3 por 30 millones un solar que val\u00eda 60 y filtr\u00f3 las bases al ganador. En Son Oms, toda la banda de Munar cobr\u00f3 comisiones del 15%. S\u00f3lo falta saber, en el primer caso, d\u00f3nde est\u00e1 el dinero. Y en el segundo, d\u00f3nde se encuentra el &#8220;quinto lote&#8221; que desvel\u00f3 Bartomeu Cerd\u00e1 que correspond\u00eda a Munar. A Munar se le ha protegido activamente durante toda la legislatura. S\u00f3lo el empe\u00f1o de este peri\u00f3dico y de funcionarios honrados como los que dirige el delegado especial de Hacienda Ra\u00fal Burillo y el comsiario de la Polic\u00eda Judicial Antonio Cerd\u00e1, se ha puesto punto y final a un esc\u00e1ndalo que estaba afectando a los cimientos del Estado de Derecho de esta comunidad.<\/p>\n<p>P.- A su entender tras tanto esc\u00e1ndalo de corrupci\u00f3n en Baleares deber\u00edan adelantarse las elecciones auton\u00f3micas<\/p>\n<p>R.- Sin lugar a dudas. Antich no est\u00e1 legitimado para gobernar esta comunidad. Le dio las llaves de la caja a Munar y los suyos a sabiendas de que son unos corruptos y cuando no le qued\u00f3 m\u00e1s remedio, rompi\u00f3 con ellos. Les ha permitido robar dinero p\u00fablico. Es as\u00ed de duro y as\u00ed de cierto. Debe someterse a unos nuevos comicios.<\/p>\n<p>P.- por que no investigan acerca del patrimonio de la directora de las obras del metro?<\/p>\n<p>R.- Si nos aporta alg\u00fan indicio s\u00f3lido que apunte a que ha cometido irregularidades, no lo dude.<\/p>\n<p>P.- Tienes previsto publicar otro libro? cu\u00e1l es el tema?<\/p>\n<p>R.- Si la corrupci\u00f3n me lo permite, s\u00ed. Ser\u00e1 una bomba.<\/p>\n<p>P.- Primero felicitarte a ti y a todos tus compa\u00f1eros por el trabajo que hac\u00e9is. Te han amenazado alguna vez? has sentido miedo?<\/p>\n<p>R.- Por fortuna, la mafia en Baleares es, todav\u00eda, incruenta. El episodio m\u00e1s desagradable lo vivimos cuando al actual director de Marca Eduardo Inda le mandaron una bala a su casa tras destapar las tropel\u00edas de Joaqu\u00edn Rabasco. Hemos estado gobernados por delincuentes sin escr\u00fapulos capaces de robar. Pero de momento no se han atrevido a dar un paso m\u00e1s. El denunciante del caso Son Oms \u00c1ngel Ochando siempre dice que en Baleares la Mafia es blanca. Por mucho tiempo.<\/p>\n<p>P.- \u00bfLe parece \u00e9tico que desde un medio de comunicaci\u00f3n se anuncie el calendario de actuaciones judiciales contra los miembros del anterior gobierno? \u00bfpodemos pensar que tiene hilo directo con la Fiscal\u00eda o s\u00f3lo busca intoxicar?<\/p>\n<p>R.- Si anda como un pato y habla como un pato, pues ser\u00e1 un pato. La Fiscal\u00eda ha escogido a un peri\u00f3dico determinado para crear el clima adecuado para sus intervenciones, tapar sus fallos e intentar marcar el calendario pol\u00edtico y judicial. El problema es que lo han hecho de manera demasiado obscena. Si el titular es &#8220;La Fiscal\u00eda medita denunciar a fulano&#8230;&#8221;, \u00bfqui\u00e9n va a ser la fuente?<\/p>\n<p>P.- Se\u00f1or Esteban Urreiztieta y su acompa\u00f1ante de firma habitual Eduardo Colom, \u00bfPorqu\u00e9 no investigan ustedes al se\u00f1or Dieguez y la cartera de clientes empresarios que ha incorporado en los \u00faltimos a\u00f1os?. Nota, suenan muy pocas cr\u00edticas en este diario sobre el PSIB-PSOE. hemos visto alguna raz\u00f3n con el Caso Bono.<\/p>\n<p>R.- El problema del PSOE es que no hace nada. El Ejecutivo de Antich cobra a final de mes por no llevar a cabo ning\u00fan gran proyecto. Si Di\u00e9guez se ha corrompido, lo investigaremos. De momento, le dimos un tir\u00f3n de orejas por defender a uno de los mayores corruptos de esta tierra, el ex jefe de Costas Antonio Garau. Y por hacerlo en el cobro de una comisi\u00f3n ilegal. \u00c9l no puede tener amistades tan peligrosas. Ni la mujer de Garau Do\u00f1a Concha es una gran asesora tur\u00edstica ni Garau alguien a quien se pueda defender por parte de un portavoz parlamentario.<\/p>\n<p>P.- \u00bfPorqu\u00e9 El Mundo ha dejado de investigar y ha acallado su voz ante un hist\u00f3rico de UM como Antoni Pascual, cuando el aumento de su patrimonio desde la pol\u00edtica ha sido descomunal y adem\u00e1s sigue imputado en el caso peaje? \u00bfVa a ser el \u00fanico de los peces gordos de UM que se quede sin investigar, cuando sobre \u00e9l recaen much\u00edsimas sospechas? \u00bfQu\u00e9 le pasa a El Mundo?<\/p>\n<p>R.- EL MUNDO no ha dejado de investigar a Pascual. Este peri\u00f3dico sac\u00f3 a la luz el desv\u00edo de la carretera de Manacor y sus m\u00faltiples gasolineras con favores p\u00fablicos. Gracias a nuestras informaciones se va a derribar una de ellas, que se encuentra en una zona verde. Y seguiremos en ello, no se preocupe.<\/p>\n<p>P.- Sr. Urreiztieta, \u00bfcree usted que el fiscal actuara contra UM por el caso de la compra de votos?<\/p>\n<p>R.- Ya no le queda una sola excusa. Hay numerosos testimonios de argentinos que as\u00ed lo acreditan y se utiliz\u00f3 dinero de contratistas para pagar a captadores de votos. Ahora el fiscal jefe Barcel\u00f3 ya no podr\u00e1 decir que no ve nada porque las pruebas son demasiado evidentes.<\/p>\n<p>P.- \u00bfQue cree de la labor de Carlos Delgado como Alcalde de Calvi\u00e1?\u00bfEs de fiar?<\/p>\n<p>R.- Carlos Delgado consigui\u00f3 derrocar a Margarita N\u00e1jera en Calvi\u00e1 y de eso pueden presumir muy pocos. Y ha sido el \u00fanico pol\u00edtico que ha plantado cara a dos de las mayores lacras de esta comunidad aut\u00f3noma: el editor Pedro Serra y su cuate Maria Ant\u00f2nia Munar. Abort\u00f3 el pelotazo de Son Massot pese a jugarse su carrera pol\u00edtica con ello, porque Matas se la jur\u00f3. No tiene complejos, es valiente y no tengo un solo dato para dudar de su honradez. Ojal\u00e1 todos los pol\u00edticos en Baleares pudieran decir lo mismo.<\/p>\n<p>P.- alguna vez, han intentado comprar tu &#8220;silencio&#8221;?<\/p>\n<p>R.- S\u00f3lo en una ocasi\u00f3n un octogenario trujim\u00e1n me ofreci\u00f3 dinero en un restaurante. Ninguna vez m\u00e1s. A lo mejor es porque ya conocen la respuesta.<\/p>\n<p>P.- Hola Esteban. Mi pregunta es m\u00e1s bien sencillita pero algo m\u00e1s dif\u00edcil de responder; con la proyecci\u00f3n de futuro que tienes \u00bfcual va a ser tu destino? \u00bfseguir en Mallorca o ir a Madrid para acabar siendo un tertuliano de esos tan pesados que salen por la televisi\u00f3n?. Alfonso.<\/p>\n<p>R.- Me temo que no soy due\u00f1o de mi destino y dudo que exista alg\u00fan lugar m\u00e1s apasionante para ejercer el periodismo de investigaci\u00f3n que Baleares. Y esto no ha hecho m\u00e1s que empezar.<\/p>\n<p>P.- Buenas tardes Sr. Urreiztieta, despu\u00e9s de tantos a\u00f1os de lucha denunciando la ilegalidad del parking \u00bfc\u00f3mo reciben la noticia de la absoluci\u00f3n usted y el Sr. Colom?<\/p>\n<p>R.- Con la sensaci\u00f3n del deber cumplido<\/p>\n<p>P.- Esta sentencia es una buena prueba de que los periodistas pueden investigar y publicar sus investigaciones sin injuriar a nadie. Pero \u00bfPorqu\u00e9 no hacen esto mismo m\u00e1s a menudo? \u00bfPor falta de dinero? \u00bfPor \u00f3rdenes superiores?. Hace 4 a\u00f1os que se vienen publicando en otros medios, muchas falsedades (&#8220;supuestas&#8221; corrupciones sin fundamento). \u00bfPorqu\u00e9 no se denuncia este tipo de corrupci\u00f3n?<\/p>\n<p>R.- Baleares necesita m\u00e1s al periodismo que el periodismo a Baleares. Con los medios que tenemos hacemos todo lo que podemos. Estoy de acuerdo en que la grado de corrupci\u00f3n actual s\u00f3lo ha podido ser posible gracias a la connivencia de los medios de comunicaci\u00f3n que han mirado para otro lado y, como en el caso del Grupo Serra, se han incorporado a los esc\u00e1ndalos adoptando un papel protagonista.<\/p>\n<p>P.- \u00bf Cree usted Sr. Esteban que ser\u00eda justo y l\u00f3gico que el ex alcalde de Andratx fuera condenado a 3 a\u00f1os de prisi\u00f3n por haber clausurado en su d\u00eda un aparcamiento ilegal situado dentro del cauce de un torrente ?<\/p>\n<p>R.- Cerr\u00f3 una actividad ilegal. No creo que una conducta as\u00ed, por mucho que se tratara de una venganza, merezca un reproche penal. Ojal\u00e1 todas las venganzas persiguieran la clausura de establecimientos ilegales.<\/p>\n<p>P.- Crees que Baleares es la comunidad aut\u00f3noma con m\u00e1s corrupto por metro cuadrado?<\/p>\n<p>R.- Probablemente s\u00ed. No creo que haya tanto personajes como Maria Ant\u00f2nia Munar o Pedro Serra por metro cuadrado en otras sociedades. Mallorca no se merece este establishment.<\/p>\n<p>P.- y el metro?y el caso ibatur?cu\u00e1ndo saltar\u00e1n estos casos?<\/p>\n<p>R.- Preg\u00fantele a los fiscales, que son los que manejan el calendario. Si hay algo, espero que cuanto antes y que no se congelen con finalidades pol\u00edticas.<\/p>\n<p>P.- Enhorabuena por su trabajo y su acierto. Con UM, el Mundo la ha clavado. Sin embargo quiz\u00e1s le fall\u00f3 algo el seguimiento y el control del govern en la anterior legislatura, habida cuenta de los escandalazos que han salido. Creo que la prensa mallorquina tiene demasiados inetereses. El grupo Serra con sus filias (UM) y sus fobias (Delgado), DM con sus filias (PSOE y UM) y sis fobias (PP y Bloc) el Mundo, con sus filias (Delgado) y sus fobias (nacionalistas). En todo caso en la anterior legislatura algui\u00e9n hubiera podidio detectar algun que otro caso de corrupci\u00f3n del govern y perseguir un poco menos a Delgado UH i BAL), Grosske, March, Llauger, curas de La Real (El Mundo), Caso Formentera o Caballistas (DM) y quiz\u00e1s controlar m\u00e1s al poder, a la vista de la incapacidad de la oposici\u00f3n de entonces de hacerlo. Repito, gracias por todo.<\/p>\n<p>R.- Con m\u00e1s medios, hubi\u00e9ramos sacado m\u00e1s esc\u00e1ndalos. No lo dude. Visto desde la distancia, si hubi\u00e9ramos sacado grandes corruptelas de Matas hace unos a\u00f1os, que no las ten\u00edamos, no hubiera pasado nada. La misma Fiscal\u00eda que ahora se escandaliza, ten\u00eda instrucciones, como dir\u00eda Joan Verger, de no menear la perdiz.<\/p>\n<p>P.- En el a\u00f1o 2006, ustedes publicaron una noticia hablando de mi, que se ha demostrado incierta. Lo unico que les pedi, fue que rectificaran, no lo quisieron hacer, y perdiero el juicio, apelaron y perdieron el juicio, les condenaron a pagar 6.000 euros y han vuelto a apelar&#8230;\u00bf porque no tratan ustedes a los demas como quieren ser tratados ?<\/p>\n<p>R.- Sin conocer el caso concreto no le puedo contestar directamente. Si recurrimos es porque estamos convencidos de que actuamos correctamente. De lo contrario, nos hubi\u00e9ramos retractado. No somos infalibles.<\/p>\n<p>P.- ME ENCOTRABA FUERA DE PALMA EL VIERNES Y SIN PSIBILIDAD DE PONERME EN CONTACTO CON USTED. SE QUE EL TEMA DE DEBATE ES OTRO PERO NO PUEDO POR MENOS QUE PREGUNTARLE \u00bfQUE TIEE HORA QUE DECIR ANTE EL CARIZ QUE EST\u00c1 TOMANDO EL CASO ROYALTUR?. DESPU\u00c9S DE HABER LEIDO LOS ACUSADOS EN SU PERI\u00d3DICO TODO LO TUBIERON QUE LEER Y SOPORTAR DURAJNTE A\u00d1OS \u00bfQUE LES PUEDE DECIR AHORA? \u00bfVA SU PERDIDICO RESARCIRLES DE ALGUNA MANERA SU HONORABILIDAD Y EL DA\u00d1O HECHO A SUS FAMILIAS HABIENDO PUBLICDO SEMEJNTES BARABARIDADES CONTRA ELLOS EN BOCA DEL SR. MOLL SIN HABER CONTRASTADO NADA? SE LLEG\u00d3 A DCIR QUE ERA EL CASO MAS IMPORTANTE DESPUES DE RUMASA. INSISTO \u00bfVAN A DEVOVER AL CESAR LO QUE ES DEL CESAR O SE VAN A MANTENER EN LA MISMA LINEA? SERIA VERGONZOSO Y DISCULPE MI OPINI\u00d3N. ESPERO SU RESPUESTA<\/p>\n<p>R.- Quien dio alas al caso Royaltur fue la juez Ana San Jos\u00e9, que advirti\u00f3 indicios de estafa y fij\u00f3 la mayor fianza de la historia de Baleares. Es verdad, que ella condicion\u00f3 el tratamiento informativo del tema e inclin\u00f3 la balanza. Con el tiempo, y antes de que se celebrase el juicio, yo mismo me aventur\u00e9 em mi libro Los March a asegurar que Sim\u00f3n Galm\u00e9s y cia no estafaron a Jaume Moll. Dije que Moll se rebel\u00f3 al ver que otros hoteleros remontaban el vuelo y \u00e9l se quedaba en la estacada. De Royaltur escrib\u00ed informaciones. No opin\u00e9. Si hubo quienes lo hicieron por motivos espurios, deben explicar por qu\u00e9. Yo le aseguro que no fui comprado por el ex contrabandista Moll ni por nadie. Por mucho que algunos s\u00f3lo se empe\u00f1en en entender la relaci\u00f3n empresarios-periodistas en t\u00e9rminos mercantiles.<\/p>\n","protected":false},"excerpt":{"rendered":"<p>Esteban Urreiztieta es periodista y subdirector de El Mundo\/El D\u00eda de Baleares. Sac\u00f3 a la luz el esc\u00e1ndalo del parking ilegal de Isabel Alemany en Sant Elm, cuyo fallo ha absuelto recientemente al periodista y condenado a Alemany.<\/p>\n","protected":false},"author":1,"featured_media":0,"comment_status":"open","ping_status":"open","sticky":false,"template":"","format":"standard","meta":{"footnotes":""},"categories":[],"tags":[],"class_list":["post-3595","post","type-post","status-publish","format-standard","hentry"],"_links":{"self":[{"href":"https:\/\/intervius.com\/index.html\/wp-json\/wp\/v2\/posts\/3595","targetHints":{"allow":["GET"]}}],"collection":[{"href":"https:\/\/intervius.com\/index.html\/wp-json\/wp\/v2\/posts"}],"about":[{"href":"https:\/\/intervius.com\/index.html\/wp-json\/wp\/v2\/types\/post"}],"author":[{"embeddable":true,"href":"https:\/\/intervius.com\/index.html\/wp-json\/wp\/v2\/users\/1"}],"replies":[{"embeddable":true,"href":"https:\/\/intervius.com\/index.html\/wp-json\/wp\/v2\/comments?post=3595"}],"version-history":[{"count":0,"href":"https:\/\/intervius.com\/index.html\/wp-json\/wp\/v2\/posts\/3595\/revisions"}],"wp:attachment":[{"href":"https:\/\/intervius.com\/index.html\/wp-json\/wp\/v2\/media?parent=3595"}],"wp:term":[{"taxonomy":"category","embeddable":true,"href":"https:\/\/intervius.com\/index.html\/wp-json\/wp\/v2\/categories?post=3595"},{"taxonomy":"post_tag","embeddable":true,"href":"https:\/\/intervius.com\/index.html\/wp-json\/wp\/v2\/tags?post=3595"}],"curies":[{"name":"wp","href":"https:\/\/api.w.org\/{rel}","templated":true}]}}