{"id":3591,"date":"2010-05-12T00:00:00","date_gmt":"2006-11-06T00:00:00","guid":{"rendered":"https:\/\/intervius.com\/index.html\/?p=3591"},"modified":"2006-11-06T00:00:00","modified_gmt":"2006-11-06T00:00:00","slug":"Luis_de_Guindos3591","status":"publish","type":"post","link":"https:\/\/intervius.com\/index.html\/Luis_de_Guindos3591\/","title":{"rendered":"Luis de Guindos"},"content":{"rendered":"<p>Pregunta.- cuando cree Usted que se recupere la economia en este pais?<\/p>\n<p>Respuesta.- Hoy hemos sabido por el INE que Espa\u00f1a ha crecido el 0,1 el primer trimestre, pero la recuperaci\u00f3n real empezar\u00e1 cuando se cree empleo. Ello va a depender de nosotros mismos y de las medidas que se tomen, fundamentalmente la reforma laboral.<\/p>\n<p>P.- Qu\u00e9 le parecen las medidas que acaba de anunciar Zapatero para reducir el d\u00e9ficit (recorte 5% sueldo funcionarios, cheque beb\u00e9, congelaci\u00f3n pensiones&#8230;)<\/p>\n<p>R.- Creo que el gobierno se empieza a enfrentar a la gravedad del problema, aunque con dos a\u00f1os de retraso. Nunca deber\u00edamos haber llegado a esto pero puede que sea la \u00fanica alternativa por desgracia. Vamos a pagar los errores de gasto p\u00fablico cometidos, y de cualquier forma necesitamos un plan global de pol\u00edtica econ\u00f3micay no s\u00f3lo un ajuste fiscal. Espa\u00f1a nunca deber\u00eda haber alcanzado un d\u00e9ficit de m\u00e1s del 11% del PIB<\/p>\n<p>P.- Buenos d\u00edas, Don Luis. Soy trabajador del sector financiero ya desde unos cuantos a\u00f1os. \u00bfUsted cree que Banco de Espa\u00f1a realmente realiza los deberes que se le presupone? \u00bfNo ser\u00eda deseable algo m\u00e1s de autoridad en temas regulatorios? \u00bfD\u00f3nde reside la independencia del regulador si el Gobernador cambia cada vez que lo hace el Ejecutivo del pa\u00eds? Disculpe tantas preguntas, y mis m\u00e1s sincero agradecimiento.<\/p>\n<p>R.- Si estoy de acuerdo con Vd de que el Banco de espa\u00f1a debe ser el responsable de la restructaraci\u00f3n del sector, sin interferencias de las Comunidades Aut\u00f3nmomas. Ello exige cambiar la LORCA, ley que rige el funcionamiento de las cajas, y voluntad y mano firme por parte de nuestro banco central<\/p>\n<p>P.- Sr De Guindos, \u00bfcree usted que la ayuda a Grecia se ha enfocado como una inversion mas que como una ayuda? De ser asi, \u00bfcree que ha sido una decision acertada teniendo en cuenta nuestra situacion actual?, Gracias<\/p>\n<p>R.- Espa\u00f1a debe apoyar a Grecia, por solidaridad y por el futuro del proyecto europeo. Pero hay que hacerlo poniendo condiciones para evitar que se convierta en un cheque en blanco.La situaci\u00f3n de Grecia pone de manifiesto que si un pa\u00eds deteriora sus finanzas puede llegar a suspender pagos, a\u00fan estando en el euro.<\/p>\n<p>P.- \u00bfSabr\u00eda decir (m\u00e1s o menos) cu\u00e1nto se va a ahorrar el Gobierno con las medidas que acaban de anunciar?<\/p>\n<p>R.- es d\u00edficil saberlo todav\u00eda y habr\u00e1 que esperar al decreto-ley del viernes ya que quedan muchos detalles por conocer. Las medidas con m\u00e1s impacto son la reducci\u00f3n del sueldo de funcionarios y la congelaci\u00f3n de pensiones. Mi impresi\u00f3n inicial es que las medidas anunciadas pueden no llegar a ser suficientes, sin una recuperaci\u00f3n de actividad y de los ingresos fiscales que no es probable.<\/p>\n<p>P.- \u00bfcomo es posible que no se cambie la tributacion de las sicav, teniendo en cuenta que mueven los capitales especulando pura y duramente mientras que la carga fiscal la sostienen los mas necesitados?<\/p>\n<p>R.- La tributaci\u00f3n de sicavs tiene m\u00e1s se se\u00f1al que de realidad, pero efectivamente es imprescindible un reparto equitativo de la carga fiscal, especialmente en tiempos de crisis<\/p>\n<p>P.- Como ex secretario de Estado de Econom\u00eda, \u00bfhabr\u00eda tomado otras medidas para reducir el d\u00e9ficit? \u00bfcu\u00e1les?<\/p>\n<p>R.- La peor carga para el presupuesto es el paro, por ello la reforma laboral resulta vital para crear empleo y reducir la presi\u00f3n del gasto en prestaci\u00f3n de desempleo que supera los 30 mil millones de euros al a\u00f1o<\/p>\n<p>P.- En su opini\u00f3n, por d\u00f3nde deber\u00eda acometerse la reforma laboral?<\/p>\n<p>R.- La reforma de la negociaci\u00f3n colectiva es el elemento central. En Alemania se calcula que dicha flexibilidad ha permitido mantener cerca de un mill\u00f3n de puestos de trabajo. Espa\u00f1a tiene un sistema que penaliza a las PYMES, que son la base del empleo en Espa\u00f1a.<\/p>\n<p>P.- Buenos d\u00edas, Sr de Guindos. Entender\u00e1 que la pregunta es inevitable. Como ex m\u00e1ximo mandatario de Lehman Brothers en Espa\u00f1a, \u00bfc\u00f3mo percib\u00eda la situaci\u00f3n las semanas previas a la quiebra de la entidad? \u00bfC\u00f3mo es posible que las agencias de calificaci\u00f3n sigan teniendo un m\u00ednimo de credibilidad teniendo en cuenta que el d\u00eda antes de la quiebra su rating era de AAA? Gracias<\/p>\n<p>R.- dejar caer Lehman fue un error. El problema de Lehman era generalizado en toda la banca americana, por lo que se creo una enorme incertidumbre en los mercados mundiales, lo que agrav\u00f3 la crisis y sus consecuencias.<\/p>\n<p>P.- Sr. de Guindos, se rumorea cada vez con mas fuerza que el ministro Sebastian va a rebajar las primas de las renovables a partir de 2011 en contra de la propia ley que impedia la retroactividad.Si esto fuera as\u00ed, como cree usted que afectar\u00eda a la credibilidad de Espa\u00f1a entre los inversores extranjeros.Cree usted que la inseguridad jur\u00eddica que esto provocar\u00eda impedir\u00eda por muchoa a\u00f1os nuevas inversiones en este pais?.<\/p>\n<p>R.- Yo espero que finalmente se llegue a una soluci\u00f3n de equilibrio entre una tarifa que no puede soportar muchas m\u00e1s cargas en un momento de crisis, y la estabilidad respecto a la normativa bajo las que se hicieron las inversiones en el pasado<\/p>\n<p>P.- \u00bfSe podria decir, Don Luis, que pese a que Zapatero no queria se ha visto obligado a hacer una reduccion dr\u00e1stica? \u00bfRealmente se est\u00e1 gestionando tan mal el aspecto economico espa\u00f1ol como para que nos tengan que llamar al orden desde Alemania?<\/p>\n<p>R.- Espa\u00f1a lleg\u00f3 a una situaci\u00f3n l\u00edmite no s\u00f3lo por su d\u00e9ficit, sino por la expectativa de que el crecimiento va a ser muy reducido los pr\u00f3ximos a\u00f1os lo que imposibilitar\u00e1 el ajuste fiscal. Por ello, es imprescindible reformas que generen confianza y crecimiento para nuestra econom\u00eda en el futuro. Es necesario un plan global frente a la crisis.<\/p>\n<p>P.- Las medidas que ha anunciado esta ma\u00f1ana el Gobierno, \u00bfcuanto cree usted que durar\u00e1n? \u00bfve usted que la subida del IVA tenga una vida de 2\/3 a\u00f1os o ser\u00e1 m\u00e1s? \u00bfLas soluciones que afectan a funcionarios y jubilados tendr\u00e1n tambien fecha de caducidad a corto plazo? Muchas gracias<\/p>\n<p>R.- Yo creo que por desgracia el gobierno nos va subir los impuestos, y los que tienen m\u00e1s capacidad recaudatoria son el IVA y los especiales. Estamos en una situaci\u00f3n l\u00edmite a la cu\u00e1l nunca deber\u00edamos haber llegado y ahora hay que aplicar medidas extraordinarias.<\/p>\n<p>P.- Sr de Guindos, \u00bfesta usted de acuerdo con que la situacion en Grecia se parece mucho a la que llevamos aqui? De Cospedal dijo el otro dia que habia factores claros donde coindiamos ambas naciones<\/p>\n<p>R.- Espa\u00f1a no es Grecia pero ya no vale con no parecerse, es imprescindible convencer que vamos a volver al crecimiento y que retornaremos r\u00e1pido a un d\u00e9ficit controlable. Grecia ha cruzado una l\u00ednea roja, nosotros estamos cerca pero no lo hemos hecho. Esta es nuestra ventaja.<\/p>\n<p>P.- Sr De Guindos, hemos sabido recientemente que el 60% de los alemanes quiere abandonar el euro y desearia volver a su moneda anterior, \u00bfque lectura debemos hacer de este dato? \u00bfse esta acabando la paciencia de la gente ante la falta de medidas a nivel internacional?<\/p>\n<p>R.- Alemania ha obtenido tambi\u00e9n muchas ventajas del euro. Lo que pasa es que todos los pa\u00edses del euro deben cumplir su parte del trato, incluida una disciplina fiscal que impida situaciones de vulnerabilidad para el euro<\/p>\n<p>P.- \u00bfPor qu\u00e9 no empiezan, primero, por bajar los alt\u00edsimos sueldos que cobran los parlamentarios del Estado y de los respectivos parlamentos auton\u00f3mico un 20-25%.? Un 5% para un funcionario o trabajador es mucho descuento en su sueldo, y un 15% de rabaja en el sueldo de un ministro o parlamentario no es nada. CARADURAS<\/p>\n<p>R.- El esfuerzo se tiene que realizar de forma equitativa, y los altos cargos deben mostrar solidaridad con ajustes superiores. En \u00e9pocas de crisis estas se\u00f1ales tienen gran valos y ayudan al ajuste, El ejemplo es fundamental, y los espa\u00f1oles est\u00e1n apret\u00e1ndose el cintur\u00f3n.<\/p>\n<p>P.- Leyendo su respuesta a la pregunta 12, \u00bfc\u00f3mo pudieramos haber evitado llegar a esta situacion? \u00bfcree usted que esta situacion, con el Gobierno Aznar, se hubiera afrontado con mas garantias?<\/p>\n<p>R.- Hoy la crisis es distinta, pero creo que con mayor austeridad y con una voluntad reformista nunca habr\u00edamos llegado a esta situaci\u00f3n.<\/p>\n<p>P.- Sr. de Guindos: \u00bfY no ser\u00eda posible ahorrar gastos de las autonom\u00edas por el procedimiento de recuperar algunas competencias? \u00bfNo resulta car\u00edsimo mantener 17 reinos de taifas?<\/p>\n<p>R.- Ahora se demuestra que haber derogado parcialmente la ley de estabilidad en 2004 fue un error. Se pas\u00f3 una se\u00f1al de &#8220;barra libre&#8221; a las Autonom\u00edas que habr\u00e1 que corregir, eliminando gasto superfluo y con mayor control y disciplina.<\/p>\n<p>P.- \u00bfSon suficientes esos 15.000 millones para salir de la situaci\u00f3n actual?\u00bfQu\u00e9 actividades pueden aportar crecimiento significativo a nuestro PIB en un futuro, de forma similar a como lo ha realizado la construcci\u00f3n?<\/p>\n<p>R.- Depender\u00e1 de si se recupera el crecimiento. Si no es as\u00ed entonces tenemos un problema, por ello son fundamentales reformas como la laboral y la financiera que aceleren nuestro potencial. La construcci\u00f3n, sin los excesos del pasado, debe ser importante para una econom\u00eda como la espa\u00f1ola al igual que el turismo.<\/p>\n<p>P.- &#8220;Si entra capital privado en las cajas el ajuste ser\u00e1 m\u00e1s r\u00e1pido&#8221;, lo dijo hace poco el Sr. Aznar Botella, \u00bfesta usted de acuerdo?<\/p>\n<p>R.- Una cosa es clara las cajas necesitan m\u00e1s capital para solucionar sus problemas actuales y hacer frente a la regulaci\u00f3n futura, y esto s\u00f3lo puede venir del sector privado, lo cual es bueno para el modelo de las cajas, que tienen que contribuir a la soluci\u00f3n de la falta de cr\u00e9dito que nos agobia.<\/p>\n","protected":false},"excerpt":{"rendered":"<p>El ex secretario de Estado de Econom\u00eda y actual responsable del centro de PwC y el IE que analiza los retos del sector financiero, Luis de Guindos, atiende a los lectores. Pregunte al coordinador del libro &#8220;Espa\u00f1a, claves de prosperidad&#8221;, que analiza la pol\u00edtica econ\u00f3mica puesta en marcha en los ocho a\u00f1os de Gobierno del PP, sobre la situaci\u00f3n econ\u00f3mica de Espa\u00f1a.<\/p>\n","protected":false},"author":1,"featured_media":0,"comment_status":"open","ping_status":"open","sticky":false,"template":"","format":"standard","meta":{"footnotes":""},"categories":[],"tags":[],"class_list":["post-3591","post","type-post","status-publish","format-standard","hentry"],"_links":{"self":[{"href":"https:\/\/intervius.com\/index.html\/wp-json\/wp\/v2\/posts\/3591","targetHints":{"allow":["GET"]}}],"collection":[{"href":"https:\/\/intervius.com\/index.html\/wp-json\/wp\/v2\/posts"}],"about":[{"href":"https:\/\/intervius.com\/index.html\/wp-json\/wp\/v2\/types\/post"}],"author":[{"embeddable":true,"href":"https:\/\/intervius.com\/index.html\/wp-json\/wp\/v2\/users\/1"}],"replies":[{"embeddable":true,"href":"https:\/\/intervius.com\/index.html\/wp-json\/wp\/v2\/comments?post=3591"}],"version-history":[{"count":0,"href":"https:\/\/intervius.com\/index.html\/wp-json\/wp\/v2\/posts\/3591\/revisions"}],"wp:attachment":[{"href":"https:\/\/intervius.com\/index.html\/wp-json\/wp\/v2\/media?parent=3591"}],"wp:term":[{"taxonomy":"category","embeddable":true,"href":"https:\/\/intervius.com\/index.html\/wp-json\/wp\/v2\/categories?post=3591"},{"taxonomy":"post_tag","embeddable":true,"href":"https:\/\/intervius.com\/index.html\/wp-json\/wp\/v2\/tags?post=3591"}],"curies":[{"name":"wp","href":"https:\/\/api.w.org\/{rel}","templated":true}]}}