{"id":3588,"date":"2010-05-12T00:00:00","date_gmt":"2006-11-06T00:00:00","guid":{"rendered":"https:\/\/intervius.com\/index.html\/?p=3588"},"modified":"2006-11-06T00:00:00","modified_gmt":"2006-11-06T00:00:00","slug":"Jaime_Urrutia3588","status":"publish","type":"post","link":"https:\/\/intervius.com\/index.html\/Jaime_Urrutia3588\/","title":{"rendered":"Jaime Urrutia"},"content":{"rendered":"<p>Pregunta.- \u00bfHay alguna colaboraci\u00f3n en el disco? \u00bfDe que m\u00fasicos te has rodeado en este trabajo?<\/p>\n<p>Respuesta.- He grabado con Esteban Hirschfeld a los teclados, con el que co-produzco el disco; Candi Avello al bajo y &#8220;Ni\u00f1o&#8221; Bruno a la bater\u00eda. Germ\u00e1n Vilella y Ambite de Los Corsarios grabaron &#8220;Tratando&#8221;. Y el saxo en dos temas lo toca Francis Garc\u00eda que ya nos acompa\u00f1\u00f3 tantas veces a Gabinete Caligari.<\/p>\n<p>P.- Soy profesora de m\u00fasica y siempre le digo a mis alumnos que la m\u00fasica sirve para expresar nuestros sentimientos. \u00bfDe las canciones del disco nuevo cu\u00e1l es la que mejor expresa el momento actual en el que te encuentras? A m\u00ed me encanta la 9 &#8220;que salga el sol por donde quiera&#8230;..&#8221;<\/p>\n<p>R.- Te refieres a &#8220;Aqu\u00ed sin m\u00e1s&#8221;. Todas reflejan lo que es ahora mismo Jaime Urrutia. Me gusta mucho el corte n\u00famero 6, &#8220;Y nos dir\u00e1n&#8221;.<\/p>\n<p>P.- Una pregunta que siendo hoy el d\u00eda que es, y siendo vos madrile\u00f1o de pura cepa, resulta inevitable. \u00bfEres seguidor del Real Madrid o del Atl\u00e9tico de Madrid? Y si simpatizas con otro, \u00bfcon cual? En mi caso soy madridista pero le mando mis mejores deseos al Atl\u00e9tico para esta noche hist\u00f3rica, ojal\u00e1 nos traigan la UEFA. Un saludo Don Jaime.<\/p>\n<p>R.- Soy madridista de toda la vida. Si gana el Atleti hoy, bien; si pierde, voy a dormir igual de tranquilo.<\/p>\n<p>P.- \u00bfTu como aficionado a los toros, y habiendo sido tu padre cr\u00edtico taurino, qu\u00e9 opinas de la pol\u00e9mica actual con respecto a nuestra fiesta nacional?<\/p>\n<p>R.- Que cada uno es muy libre de opinar lo que quiera, no soy abanderado de nada. Eso s\u00ed, me gustan mucho los toros.<\/p>\n<p>P.- Buenas tardes. Enhorabuena por el disco, tengo ganas de escucharlo con detenimiento. Me gustar\u00eda que me dieras tu opini\u00f3n general sobre el panorama musical espa\u00f1ol. Muchas gracias.<\/p>\n<p>R.- Espero que lo escuches con detenimiento porque, creo, que te va a gustar. El panorama musical espa\u00f1ol atraviesa un momento bastante incierto.<\/p>\n<p>P.- Buenas tardes Jaime, \u00bfcuando tendremos una gira por Espa\u00f1a de este nuevo disco? Ven a Sevilla, por favor. Un abrazo fuerte.<\/p>\n<p>R.- Presento el disco en Madrid y Barcelona los dias 10 y 12 de Junio. Hay que esperar para Sevilla, haremos lo posible por ir all\u00ed cuanto antes.<\/p>\n<p>P.- En un principio, Enrique Bunbury iba a ser el productor de tu ultimo disco. &#8211; \u00bfCuales han sido las circustancias para que no se llevara a cabo?- Canet<\/p>\n<p>R.- No pudo ser porque Enrique se meti\u00f3 en otros proyectos prioritarios para \u00e9l en Estados Unidos. Otra vez ser\u00e1 pero me he quedado muy satisfecho de haberlo producido yo junto a Esteban Hirschfeld.<\/p>\n<p>P.- Buenos d\u00edas, maestro. \u00bfEs este \u00faltimo disco un recuerdo de tus primeros trabajos con Gabinete? Un Saludo de Martina y Ulises.<\/p>\n<p>R.- No hay recuerdos de Gabinete, es Jaime Urrutia en estado puro lo cual, l\u00f3gicamente, recuerda a Gabinete.<\/p>\n<p>P.- \u00bfQu\u00e9 queda del Jaime Urrutia que escribi\u00f3 &#8220;Obediencia&#8221; u &#8220;Olor a carne quemada&#8221;? Los Gabinete del principio, los del rollo siniestro \u00bfson s\u00f3lo fruto de su \u00e9poca? Por cierto, mientras escribo esto escucho su discazo &#8220;Privado&#8221;. \u00a1L\u00e1stima que &#8220;S\u00f3lo se vive una vez&#8221; no repitiese el \u00e9xito de &#8220;Camino Soria&#8221;. Un fuerte abrazo desde Asturias de parte de otro &#8220;Muchacho El\u00e9ctrico&#8221; m\u00e1s. Rafa Balbuena.<\/p>\n<p>R.- Queda mucho, entre otras cosas yo y mi forma de ver la vida y hacer canciones.<\/p>\n<p>P.- Hola Jaime. Siempre hab\u00e9is dicho que Loquillo, Calamaro, Bunbury y tu sois muy amigos y siempre se habla de alguna gira conjuta o disco. \u00bf Este proyecto ver\u00e1 la luz alg\u00fan d\u00eda? Ser\u00eda todo un discazo donde se juntan 4 genios de los que parece que hoy ya no quedan. Suerte con tu disco, yo me lo compro seguro. Saludos desde C\u00f3rdoba.<\/p>\n<p>R.- A raiz del video de &#8220;El hombre de negro&#8221; se ha vuelto a retomar el asunto de hacer una gira los Vewremos cuando puede ser, a m\u00ed, desde luego me apetece mucho.<\/p>\n<p>P.- Hola Jaime. Nos firmaste toda la discografia de GABINETE y tuya en el Clamores en los camerinos tras una amena charla con una Mahou en la mano hace unos a\u00f1os&#8230;. Ahora &#8220;Reivindicando la heterosexualdad&#8221;. Por fin alguien habla claro y sin tapujos. Menos mal que siempre has sido tan claro en tus declaraciones. Para segir en esa linea, donde te colocas politica-ideol\u00f3gicamente??. Un abrazo de tus fieles seguidores Miguel &#038; Belen. Nos vemos el dia 10 enJoy!!!!<\/p>\n<p>R.- Siempre me he considerado una persona m\u00e1s cercana a la izquierda que a la derecha ideol\u00f3gicamente hablando. Nos vemos el d\u00eda 10 de Junio en el Joy Eslava.<\/p>\n<p>P.- Le salud\u00e9 despu\u00e9s de un concierto de El Canto del Loco en la Ventas, aunque su figura me produce un respeto paralizante. \u00bfTiene usted un punto de timidez ante los cumplidos o quiz\u00e1 una seriedad casi hier\u00e1tica? Un saludo con mi m\u00e1s profunda admiraci\u00f3n. Noelia<\/p>\n<p>R.- Tengo un rictus de seriedad que la gente que no me conoce confunde con una actitud incluso de desprecio. Pero procuro sacarle partido, Noelia.<\/p>\n<p>P.- \u00bfEn qu\u00e9 ha cambiado con los a\u00f1os tu forma de escribir las letras?<\/p>\n<p>R.- En que cada vez tengo m\u00e1s t\u00e9cnica para hacerlas pero menos cosas que contar, por aquello de no repetirme.<\/p>\n<p>P.- Buenas tardes Jaime y enhorabuena por tu nuevo disco. Soy un gran seguidor tuyo desde hace mas de 20 a\u00f1os y tus canciones han puesto la banda sonora a mi vida. Quisiera preguntarte: \u00bfQue valoras mas, el ser un grupo de moda que llenaba estadios de f\u00fatbol y plazas de toros en los mejores tiempos con Gabinete o el tener un p\u00fablico incondicional y fiel aunque menos numeroso como el que tienes ahora? Un abrazo y espero seguir disfrutando de tu m\u00fasica muchos a\u00f1os.<\/p>\n<p>R.- Buena pregunta. El ser humano a\u00f1ora lo que no tiene. No me hubiera importado tener la tranquilidad de ahora en aquellos a\u00f1os, lo mismo que ahora no me importar\u00eda llenar un estadio de f\u00fatbol. S\u00f3lo te puedo decir que soy muy feliz actualmente con lo que hago.<\/p>\n<p>P.- Antes de nada mi m\u00e1s sincera enhorabuena por el disco. El lunes por la ma\u00f1ana ya lo ten\u00eda en mis manos y s\u00f3lo puedo decir que es fant\u00e1stico. Tan bueno que se me ha hecho un pel\u00edn corto (esa es la \u00fanica pega). Me preguntaba si el excelente tema &#8220;Tanta paz lleves&#8221; est\u00e1 inspirado en alguien, si es un personaje privado o p\u00fablico, y si se puede contar!! Un abrazo a uno de los padres del rock espa\u00f1ol. \u00c1lex.<\/p>\n<p>R.- Las canciones son, efectivamente, muy cortas, lo he echo adrede como un ejercicio de estilismo. En cuanto a &#8220;Tanta paz lleves&#8221;, creo que todos tenemos una o varias personas, tanto p\u00fablicas como privadas en nuestras vidas, a quien dedicarle esa canci\u00f3n, en mi caso d\u00e9jame que lo guarde en secreto.<\/p>\n<p>P.- Antes de nada, decirte que me ha encantado el primer single del \u00e1lbum y en especial ese portentoso videoclip que respira aires castizos, de charanga y de viejos rockers. \u00bfNos podr\u00edas adelantar cu\u00e1l va ser el segundo corte para la promoci\u00f3n del disco? En mi caso, me gustar\u00eda que fuera &#8220;Tus problemas&#8221; o &#8220;Tratando&#8221; con Calamaro. Y que haya nuevo videoclip, por favor! Un saludo, te admiro much\u00edsimo.<\/p>\n<p>R.- Las dos que dices m\u00e1s &#8220;Tanta paz lleves&#8221; ser\u00edan para mi el segundo single. Esperemos a hablar con la gente de la compa\u00f1\u00eds.<\/p>\n<p>P.- Recuerdo una entrevista que concediste durante la promoci\u00f3n de &#8220;Patente de corso&#8221; en la que narrabas las tremendas dificultades que te hab\u00edas encontrado en la industria discogr\u00e1fica para sacar adelante el disco. Desde entonces \u00bfhas seguido teniendo problemas o a d\u00eda de hoy las discogr\u00e1ficas siguen confiando en ti como ese padre del rock espa\u00f1ol y uno de los mejores compositores de rock espa\u00f1ol que eres?<\/p>\n<p>R.- Digamos que me siento halagado por tener una compa\u00f1\u00eda, Dro-Warner, que me sigue dando la oportunidad de hacer mi m\u00fasica. Tambi\u00e9n es cierto que los medios y costes de producci\u00f3n han bajado por la tremenda crisis del sector y que hay que acoplarse a ello.<\/p>\n<p>P.- Buenas Jaime, \u00bfque guitarras usas habitualmente? \u00bfcual es tu preferida? Un saludo enorme!<\/p>\n<p>R.- Utilizo Fender Telecaster para tocar en directo, es mi preferida de siempre. En el disco he utilizado en varias canciones la Gretsch que aparece en las fotos del libreto del disco.<\/p>\n<p>P.- Hola Jaime, eres Rock en estado puro. Gracias por tu m\u00fasica, tus himnos. Mi pregunta es referente a la forma de grabaci\u00f3n del nuevo disco, \u00bftotalmente an\u00e1logica? Si es as\u00ed, \u00bfno crees que interesar\u00eda editarlo en vinilo? Yo voto por que sea as\u00ed, soy amante de este formato. Incluso tener vinilos de tus anteriores discos, \u00bfuna cajita recopilatoria de tus discos en solitario, en vinilo? Gracias de nuevo, nos vemos en los conciertos. Saludos, Manuel desde Valladolid.<\/p>\n<p>R.- S\u00ed, el disco se ha grabado totalmente en sistema anal\u00f3gico. Me gustar\u00eda lanzarlo en vinilo pero, tal y como est\u00e1 el negocio, es un coste adicional que solo se pueden permitir artistas que venden much\u00edsimos discos (Bunbury, Amaral p. ej.)<\/p>\n","protected":false},"excerpt":{"rendered":"<p>Lo que no est\u00e1 escrito es su nuevo disco, para el que ha compuesto 11 canciones. Un trabajo que sale a la venta en una edici\u00f3n limitada en formato CD + libro de 36 p\u00e1ginas, con las partituras de todas las canciones y textos de Juan Puchades y El Hortelano, que firma la obra de la portada. Jaime Urrutia lo presenta a los lectores.<\/p>\n","protected":false},"author":1,"featured_media":0,"comment_status":"open","ping_status":"open","sticky":false,"template":"","format":"standard","meta":{"footnotes":""},"categories":[],"tags":[],"class_list":["post-3588","post","type-post","status-publish","format-standard","hentry"],"_links":{"self":[{"href":"https:\/\/intervius.com\/index.html\/wp-json\/wp\/v2\/posts\/3588","targetHints":{"allow":["GET"]}}],"collection":[{"href":"https:\/\/intervius.com\/index.html\/wp-json\/wp\/v2\/posts"}],"about":[{"href":"https:\/\/intervius.com\/index.html\/wp-json\/wp\/v2\/types\/post"}],"author":[{"embeddable":true,"href":"https:\/\/intervius.com\/index.html\/wp-json\/wp\/v2\/users\/1"}],"replies":[{"embeddable":true,"href":"https:\/\/intervius.com\/index.html\/wp-json\/wp\/v2\/comments?post=3588"}],"version-history":[{"count":0,"href":"https:\/\/intervius.com\/index.html\/wp-json\/wp\/v2\/posts\/3588\/revisions"}],"wp:attachment":[{"href":"https:\/\/intervius.com\/index.html\/wp-json\/wp\/v2\/media?parent=3588"}],"wp:term":[{"taxonomy":"category","embeddable":true,"href":"https:\/\/intervius.com\/index.html\/wp-json\/wp\/v2\/categories?post=3588"},{"taxonomy":"post_tag","embeddable":true,"href":"https:\/\/intervius.com\/index.html\/wp-json\/wp\/v2\/tags?post=3588"}],"curies":[{"name":"wp","href":"https:\/\/api.w.org\/{rel}","templated":true}]}}