{"id":3569,"date":"2010-05-26T00:00:00","date_gmt":"2006-11-06T00:00:00","guid":{"rendered":"https:\/\/intervius.com\/index.html\/?p=3569"},"modified":"2006-11-06T00:00:00","modified_gmt":"2006-11-06T00:00:00","slug":"Lori_Meyers3569","status":"publish","type":"post","link":"https:\/\/intervius.com\/index.html\/Lori_Meyers3569\/","title":{"rendered":"Lori Meyers"},"content":{"rendered":"<p>Pregunta.- Buenas tardes Me gusta mucho vuestra m\u00fasica. Os sigo desde el principio y este disco me ha sorprendido mucho \u00bfA qu\u00e9 se debe ese cambio de estilo? Salvo alguna excepci\u00f3n (como &#8220;Mi Realidad&#8221;) no veo mucha continuidad entre estos Lori y los Lori de los otros discos. Comprendo que un grupo tiene que evolucionar, pero sinceramente, me gustaba m\u00e1s el aire fresco de los discos anteriores.<\/p>\n<p>Respuesta.- Nosotros no pensamos como t\u00fa. Pensamos que el cambio es totalmente natural y sigue manteniendo la esencia Lori. Ademas te digo que temas como Religion iban a entrar en Cronolanea&#8230; Te animamos a que sigas escuchando<\/p>\n<p>P.- Muy buenas!!! Simplemente me gustaria saber como surgi\u00f3 y porque esta cambio en este nuevo disco, y que le contestais a quienes os han criticado. Por mi parte, me parece que este salto lo lleva a cabo todo grupo ya con experiencia, y un cambio en todo grupo va genial&#8230; en vuestro caso este cambio me ha gustado, no os veo tan lejos de los lori de viajes de estudios..<\/p>\n<p>R.- Todo viene de experimentar con otros sonidos que antes no habiamos usado a traves de ordenadores y otras maquinitas. No nos gusta estancarnos y queremos descucbrir otras formas de revestir las canciones.<\/p>\n<p>P.- Me llamo Mar\u00eda Paz y soy de Chile, mi pregunta es la siguiente \u00bftienen planeada alguna vez visitar america latina o Chile? ya que aca habemos muchos fan de su excelente m\u00fasica.<\/p>\n<p>R.- Nos encantaria pero de momento no hay planes al respecto. As\u00ed que habr\u00e1 que esperar<\/p>\n<p>P.- Hola Lori Meyers, parece que est\u00e1is en la cresta de la ola. \u00bfQu\u00e9 hay que hacer para tocar el bajo en vuestra banda? \u00bfC\u00f3mo cambiando tanto de bajista los consegu\u00eds todos buenos?<\/p>\n<p>R.- jajaja&#8230; Los cambios de formacion no los elegimos simplemente suceden y tratamos de buscar a alguien que reuna buenas cualidades. Mandanos tu curriculum.. por si acaso. Es co\u00f1a<\/p>\n<p>P.- \u00bfOs fij\u00e1is en las fans de los conciertos mientras cant\u00e1is?<\/p>\n<p>R.- De los tres que estamos contestando aqui no. No se los demas.<\/p>\n<p>P.- Vaya concierto hicist\u00e9is el viernes en La Copera de Granada, me tuve que comprar una camiseta nueva porque dej\u00e9 la m\u00eda chorreando de los saltos que pegue, jeje. Con esos grandes directos, \u00bfos plante\u00e1is un disco en directo? Un abrazo y nos veremos en el Sonorama seguro!<\/p>\n<p>R.- no lo hemos pensado a\u00fan, sabemos que los directos nos estan saliendo ultimamente muy bien pero de momento no podriamos por tiempo.<\/p>\n<p>P.- \u00bfpor que este cambio en el ritmo de las canciones?<\/p>\n<p>R.- nuestra se\u00f1a de indentidad siempre ha sido la melodia y las bases contundente, creo que eso no ha cambiado. Lo que si hay nuevo es la introducci\u00f3n de sintes y samplers para revestir los temas.<\/p>\n<p>P.- Hola! Tengo vuestros cuatro discos, y el \u00faltimo, tiene un sonido diferente pero que cada vez me gusta m\u00e1s. Estoy deseando escucharlo en directo. \u00bfC\u00faando toc\u00e1is en madrid?<\/p>\n<p>R.- hemos estado hace poco, despues de verano supongo que volveremos.<\/p>\n<p>P.- \u00bfEl hecho de sacar discos tan seguidos es por iniciativa propia o es que os aprietan desde la casa de discos ahora que teneis m\u00e1s tir\u00f3n? No habeis pensado en espaciarlos? \u00bfQue tal la paella del jueves pasado en el Bala? Saludos desde Valencia<\/p>\n<p>R.- Los discos se editan cuando hay material, si fuera por nosotros creo que incluso sacar\u00edamos m\u00e1s material. Han sido editados con dos a\u00f1o de diferencia, creo que es tiempo sufuciente.<\/p>\n<p>P.- Hola lori meyers!! \u00bf En que momento os planteasteis que lori meyers fuese un grupo serio para vivir de la m\u00fasica y dejase de ser un hobby? enorabuena por el disco, es de lo mejorcito que tenemos en este pais.<\/p>\n<p>R.- creo que puede ser a partir de las ultimas maquetas y la edici\u00f3n del primer album cuando todo se profesionaliz\u00f3. Pero a vivir de esto desde hace menos tiempo.<\/p>\n<p>P.- Hola, Me gustaria saber cuales son vuestras referencias musicales a nivel de grupos espa\u00f1oles. Ya no que os influyan a la hora de componer, si no lo que os gusta escuchar en casa, coche&#8230; saludos<\/p>\n<p>R.- Nos gustan mucho Pony Bravo, Napoleon Solo, Love of Lesbian, Sunday Drivers son muy buenos&#8230; y tantos otros<\/p>\n<p>P.- Como es que decidisteis poner como cierre en los conciertos \u201cEnhorabuena eres el que tiene m\u00e1s\u201d ? Cuando la estabais grabando lo ten\u00edais ya claro? La ve\u00edais como una buena canci\u00f3n para terminar un concierto? A mi particularmente me encanta! Y me parece un acierto el terminar as\u00ed los conciertos, derroche de simpat\u00eda y muy buen rollo!<\/p>\n<p>R.- Esa cancion tiene un aire de cachondeo ya que es un tema ir\u00f3nico y pensamos que como cierre pod\u00eda ser divertido, hacer al publico y la banda participe es especial<\/p>\n<p>P.- Esto no es una pregunta, solo es algo que quer\u00eda deciros. Sab\u00e9is que es lo que mas me gusta de Lori Meyers? (a parte de su grandiosa m\u00fasica, por supuesto!) Lo humildes y cercanos que sois con la gente. Aparentemente no se os ha subido la fama a la cabeza y cuando alguien se acerca a vosotros sois muy amables y atentos y creerme que eso se agradece y mucho! Espero que siempre sig\u00e1is as\u00ed y no cambi\u00e9is nunca!<\/p>\n<p>R.- Muchas gracias, siempre nos gusto ser cercanos a la gente<\/p>\n<p>P.- Eih que tal. soy un paisano vuestro (Loja) deciros que enorabuena por este nuevo trabajo, me parece que cada grupo debe de avanzar en un sentido con un estilo propio, y para lo primero vosotros os habeis mostrado valientes sin haber perdido la se\u00f1a de identidad de lori meyers. Me siento orgulloso de ser de esta ciudad en parte por vosotros. Un saludo<\/p>\n<p>R.- Gracias paisanooo<\/p>\n<p>P.- Le pedi casarse a mi novia con la m\u00fasica de &#8220;Tokyo ya no nos quiere&#8221; y me dijo que no sab\u00eda. \u00bfTendr\u00eda algo que ver la canci\u00f3n? Nos preocup\u00e9is que al final s\u00ed nos casamos.<\/p>\n<p>R.- jajaja. Prueba con La Mujer Esponja a ver qu\u00e9 tal&#8230;<\/p>\n<p>P.- Not\u00e1is las preferencias de los fans con respecto a los componentes del grupo? Tiene m\u00e1s tiron Noni por ser el cantante principal que el resto? O por el contrario os sent\u00eds todos igual de queridos?<\/p>\n<p>R.- si, de hecho Alfredo esta muy encabronado con eso y le ha dicho al tourmanager que la bateria ir\u00e1 en primer plano y Noni detr\u00e1s de las bambalinas&#8230; jeje<\/p>\n<p>P.- Hola chicos. Hab\u00e9is cambiado de productor en cada disco&#8230; \u00bfpens\u00e1is seguir haci\u00e9ndolo u os gustar\u00eda llegar a autoproduciros alg\u00fan d\u00eda?<\/p>\n<p>R.- Nos gusta probar con distintos productores porque de cada uno aprendes algo. Para el siguiente no sabemos todav\u00eda. De hecho todos nuestros discos son coproducidos porque somos muy cabezones con lo que nos gusta<\/p>\n<p>P.- Despues de leer algunas criticas de vuestro disco en algunos blogs y revistas, creeis que la escena Indie-Periodistica espa\u00f1ola es lo m\u00e1s parecido a los Talibanes? Miguel<\/p>\n<p>R.- No le damos importancia a las criticas que no tienen base y que destruyen el trabajo de meses en dos l\u00edneas&#8230;<\/p>\n<p>P.- \u00bfCre\u00e9is necesario que en vuestra profesi\u00f3n es necesaria la figura del abogado? \u00bfRecomend\u00e1is alguno en especial?<\/p>\n<p>R.- Por supuesto que s\u00ed!!! Ya tuvimos que recurrir a ellos por lo de Houston. Garrigues??? pero son muy caros&#8230;<\/p>\n<p>P.- Felicidades por vuestro nuevo disco. Si todo va bien os veremos varias veces en esta gira que empieza. \u00bfVais a cambiar el setlist en festivales y en conciertos solamente vuestros? \u00bfCu\u00e1ntos de los 11 temas del disco present\u00e1is?<\/p>\n<p>R.- El setlist todav\u00eda lo estamos confeccionando, hasta que no demos unos cuantos bolos no sabemos cual es el mejor. De momento hemos tocado todas las del disco nuevo, y es la intenci\u00f3n para los pr\u00f3ximos ya que lo estamos presentando<\/p>\n<p>P.- Hola Lori! Ante todo felicidades por el ascenso del Granada, como ya os dije por Facebook espero que mi C\u00e1diz se quede en 2\u00aa y nos veamos las caras el a\u00f1o que viene. Respecto al disco, \u00bfno creeis que existe una diferencia bastante grande entre las canciones grabadas y luego en directo? Gracias y a ver si nos vemos prontito por Sevilla.<\/p>\n<p>R.- Los directos tienen mas energia y en las grabaciones tiendes a experimentar mas, siempre intentamos que el directo sea lo mas fiable al disco pero com mas crunch<\/p>\n<p>P.- Es verdad que la gira gorda empieza a partir de septiembre? Ir\u00e9is poniendo las fechas con algo de antelaci\u00f3n? Es para poder organizarme (ya que estudio y trabajo) para ir a mas de un concierto (espero)! Jeje Gracias y seguid as\u00ed!<\/p>\n<p>R.- Esa es la idea, despues de verano llegar a todas las ciudades que no hemos podido ir y repetir en otras.<\/p>\n<p>P.- Hola LORY(S) jeje, soy Ainhoa de Donosti, hace poco que os he descubierto y sinceramente estoy flipando mucho con vuestra m\u00fasica. Lo primero que \u00e9scuche fue CUANDO LA DISTANCIA NOS ALCANCE y me enganch\u00f3 mucho, por lo cual os felicito ya que se que habe\u00eds tenido mucho cr\u00edticas al respecto, pero como suelen decir (renovarse o morir). A partir de ah\u00ed he seguido escuchando el resto de vuestros trabajos y son geniales. Tambi\u00e9n me he visto videos, entrevistas; tanto escritas como de reportajes y he de subrayar algo que realmente me ha llegado muy adentro y es sobretodo y antetodo la humildad que tene\u00eds, creo que eso os hace ser grandes m\u00fasicos. Me gustar\u00eda haceros muchas preguntas pero escoger\u00e9 un par: Cre\u00e9is que esa humildad hace que este\u00eds donde esta\u00eds? Y qu\u00e9 diferencia hay entre los LORI MEYERS en un escenario y los LORI MEYERS del d\u00eda a d\u00eda?. Gracias por vuestra atenci\u00f3n y seguir as\u00ed chicos. Ah por cierto! ya he leido que todav\u00eda no tene\u00eds cerrada la contrataci\u00f3n de los conciertos, pero tene\u00eds pensado venir para Donosti?<\/p>\n<p>R.- No lo sabemos, nosotros simplemente hacemos canciones y somos como somos. Muchas gracias<\/p>\n<p>P.- desde Huesca enhorabuena, por vuestro disco, por el ascenso, por vuestros directos&#8230;. Pregunta comprometida, vuestra canci\u00f3n de la que est\u00e9sis m\u00e1s orgullosos, y no me digais una de este disco&#8230; P.D: se os echara de menos en el Contempopranea, como es que este a\u00f1o no estais en el cartel?<\/p>\n<p>R.- Creo que todos tenemos un cari\u00f1o especial a Tokio ya no nos quiere por recordarnos a nuestros inicios<\/p>\n<p>P.- Le\u00ed en alg\u00fan sitio que vuestra m\u00fasica ha mutado &#8220;porque no ten\u00e9is miedo de dar rienda suelta a la innovaci\u00f3n&#8221;. Sinceramente, me gustaba m\u00e1s la m\u00fasica de antes&#8230;. qu\u00e9 pena, otro grupo DOVER.<\/p>\n<p>R.- Has escuchado el disco?<\/p>\n<p>P.- \u00bfAlgo que est\u00e9is deseando hacer pero a\u00fan no ha llegado o no se ha dado el momento? (Silvia Tp)<\/p>\n<p>R.- Tenemos en mente hacer una gira ac\u00fastica porque nos lo pasamos muy bien y le damos una vuelta de tuerca a las canciones. No s\u00e9, tocar en otro pa\u00eds..<\/p>\n<p>P.- \u00bfQu\u00e9 os dan de comer en Granada que salen tantos buenos m\u00fasicos de all\u00ed?<\/p>\n<p>R.- Plato alpujarre\u00f1o, tortilla del sacromonte y caracoles del Albayzin<\/p>\n<p>P.- Cre\u00e9is que los fans est\u00e1n respondiendo bien al nuevo disco? Como los hab\u00e9is visto en estos conciertos que hab\u00e9is hecho? Gracias por hacer tan buena m\u00fasica!<\/p>\n<p>R.- Pensamos que muy bien, si bien en Madrid llevaba el disco poco tiempo en la calle, pero ya en Valencia o Granada se not\u00f3 que le gente estaba divirti\u00e9ndose mucho. Estamos contentos<\/p>\n<p>P.- Creo que vuestras letras son de las mejores del pop espa\u00f1ol. \u00bfTen\u00e9is referencias literarias, que escritores os gustan, me podr\u00edais decir el t\u00edtulo de algunos libros que os hayan interesado ultimamente? Gracias, el disco es buen\u00edsimo.<\/p>\n<p>R.- Nos gusta leer a Tom Sharpe, Paulo Coelho, Paul Auster, Douglas Adams&#8230; Punset est\u00e1 escribiendo unos libros muy buenos. El Marca, el As&#8230;jeje<\/p>\n<p>P.- \u00bfEn qu\u00e9 festivales os vais a dejar caer este verano?<\/p>\n<p>R.- Tenemos Sonorama, Low Cost de Benidorm, uno en Poio llamado Poio Pop&#8230; Van saliendo poco a poco<\/p>\n<p>P.- Sois la banda sonora de mi relacion!!! Mi novio os conocia de antes, y yo con vuestro tercer disco. En el concierto presentacion de cronolanea nos sentimos muy identificados con todas las canciones, y desde entonces os hemos seguido a todos lados!!Ya tengo vuestra discografia completa, y para el siguiente concierto me la llevo a ver si consigo que me la firmeis!! \ud83d\ude42<\/p>\n<p>R.- Cuando quieras te lo firmamos. gracias<\/p>\n<p>P.- \u00bf C\u00f3mo ha sido trabajar en Los \u00c1ngeles?<\/p>\n<p>R.- Hemos aprendido mucho de como se hacen las cosas alli, son super profesionales. Somos muy fans de la costa oeste y fue un placer ir all\u00ed<\/p>\n<p>P.- Buenas chicos! Soy Bea, de Madrid. Muy corto \u00bfQui\u00e9n es vuestra mayor inspiraci\u00f3n para crear las canciones?<\/p>\n<p>R.- Hugo, Mali y Plata. Nuestras mascotas. Es co\u00f1a&#8230; De cualquier cosa puedes sacar una canci\u00f3n<\/p>\n<p>P.- \u00bfQu\u00e9 os ha dicho J sobre Miguel y qu\u00e9 le hab\u00e9is dicho vosotros sobre Juli\u00e1n en este cambio de bajistas?<\/p>\n<p>R.- J quiere que vuelva.. pero no le dejamos.<\/p>\n<p>P.- \u00bfAlg\u00fan fan\u00e1tico de LOST en el grupo? \u00bfQu\u00e9 os ha parecido el final?<\/p>\n<p>R.- Pues si. Es imposible no caer en sus redes. Solo lo ha visto Alejandro y no sabe no contesta&#8230;<\/p>\n<p>P.- Noni, \u00bfqu\u00e9 llevas tatuado en el brazo?<\/p>\n<p>R.- La portada de Viaje de Estudios porque es especial para \u00e9l<\/p>\n<p>P.- Hola! \u00bfC\u00f3mo est\u00e1is encajando las cr\u00edticas a vuestro \u00faltimo trabajo? sinceramente \u00bfos han hecho dudar en alg\u00fan momento de que est\u00e1is en el camino correcto?<\/p>\n<p>R.- Para nada. Estamos muy orgullosos de este trabajo y creo que casi del que m\u00e1s. Las criticas destructivas nos resbalan<\/p>\n<p>P.- \u00bfhab\u00e9is notado en vuestros conciertos c\u00f3mo ha bajado la edad de vuestros fans? Me sorprendi\u00f3 ver en el concierto de La Copera la cantidad de jovencitos que hab\u00eda (tambi\u00e9n est\u00e1bamos los de siempre) \u00bfos da miedo convertiros en un grupo 40 principales?<\/p>\n<p>R.- Mas miedo nos da convertirnos en un grupo 40 puretones. Qu\u00e9 siginifica ser un grupo 40 principales, nosotros vamos a lo nuestro, si les llega a mas jovencitos pues mejor, como si les llega a los pensionistas&#8230; por cierto los menores de edad no podian entrar por Jack Daniels,no tan jovenes<\/p>\n","protected":false},"excerpt":{"rendered":"<p>Pregunta.- Buenas tardes Me gusta mucho vuestra m\u00fasica. Os sigo desde el principio y este disco me ha sorprendido mucho \u00bfA qu\u00e9 se debe ese cambio de estilo? Salvo alguna excepci\u00f3n (como &#8220;Mi Realidad&#8221;) no<span class=\"theme-excerpt-more\"> [&#8230;] <a href=\"https:\/\/intervius.com\/index.html\/Lori_Meyers3569\/\" title=\"Lori Meyers\">Read More<\/a><\/span><\/p>\n","protected":false},"author":1,"featured_media":0,"comment_status":"open","ping_status":"open","sticky":false,"template":"","format":"standard","meta":{"footnotes":""},"categories":[],"tags":[],"class_list":["post-3569","post","type-post","status-publish","format-standard","hentry"],"_links":{"self":[{"href":"https:\/\/intervius.com\/index.html\/wp-json\/wp\/v2\/posts\/3569","targetHints":{"allow":["GET"]}}],"collection":[{"href":"https:\/\/intervius.com\/index.html\/wp-json\/wp\/v2\/posts"}],"about":[{"href":"https:\/\/intervius.com\/index.html\/wp-json\/wp\/v2\/types\/post"}],"author":[{"embeddable":true,"href":"https:\/\/intervius.com\/index.html\/wp-json\/wp\/v2\/users\/1"}],"replies":[{"embeddable":true,"href":"https:\/\/intervius.com\/index.html\/wp-json\/wp\/v2\/comments?post=3569"}],"version-history":[{"count":0,"href":"https:\/\/intervius.com\/index.html\/wp-json\/wp\/v2\/posts\/3569\/revisions"}],"wp:attachment":[{"href":"https:\/\/intervius.com\/index.html\/wp-json\/wp\/v2\/media?parent=3569"}],"wp:term":[{"taxonomy":"category","embeddable":true,"href":"https:\/\/intervius.com\/index.html\/wp-json\/wp\/v2\/categories?post=3569"},{"taxonomy":"post_tag","embeddable":true,"href":"https:\/\/intervius.com\/index.html\/wp-json\/wp\/v2\/tags?post=3569"}],"curies":[{"name":"wp","href":"https:\/\/api.w.org\/{rel}","templated":true}]}}