{"id":3563,"date":"2010-05-27T00:00:00","date_gmt":"2006-11-06T00:00:00","guid":{"rendered":"https:\/\/intervius.com\/index.html\/?p=3563"},"modified":"2006-11-06T00:00:00","modified_gmt":"2006-11-06T00:00:00","slug":"Fernando_Argenta3563","status":"publish","type":"post","link":"https:\/\/intervius.com\/index.html\/Fernando_Argenta3563\/","title":{"rendered":"Fernando Argenta"},"content":{"rendered":"<p>Pregunta.- Sr. Argenta, creo que la musica cl\u00e1sica espa\u00f1ola le debe much\u00edsimo a usted. \u00bfCree que hay una m\u00fasica cl\u00e1sica para cada momento?. \u00bfA quien recomendar\u00eda para tiempos de crisis?. Un saludo.<\/p>\n<p>Respuesta.- Recomendar\u00eda El himno a la alegr\u00eda, es el himno europeo. El mensaje que lanza es que todos tenemos que ser hermanos.<\/p>\n<p>P.- \u00bfCu\u00e1l es su opini\u00f3n sobre c\u00f3mo se refleja la muerte de Mozart en la pel\u00edcula Amadeus?<\/p>\n<p>R.- Es un poco fabulaci\u00f3n. Los hechos no fueron exactamente as\u00ed, pero algo tambi\u00e9n hubo de eso.<\/p>\n<p>P.- Hubo alg\u00fan gesto de humor en la vida del m\u00e1s grande? (J.S. Bach)<\/p>\n<p>R.- La verdad es que yo no lo conozco. Tuvo que haberlo, pero no ha trascencido en su biograf\u00eda. \u00c9l compuso La cantata del caf\u00e9, que en realidad es una historia divertida entre una chica cafein\u00f3mana y su padre, que la amenaza con no comprarle vestidos, no dejarla salir de casa, no buscarle un novio si sigue buscando caf\u00e9&#8230; Sentido del humor ten\u00eda que tener seguro.<\/p>\n<p>P.- Hola Fernando&#8230; como se echa de menos el Conciertazo!! Era todo un lujo. GRACIAS. Quer\u00eda preguntarle: \u00bfCu\u00e1les son sus \u00f3peras preferidas? Pedro &#8211; Priego de C\u00f3rdoba.<\/p>\n<p>R.- Hay tantas&#8230; Si tengo que escoger una del Barroco escoger\u00eda Julio C\u00e9sar, si tengo que escoger dos de Mozart dir\u00eda Don Giovanni y Las bodas de F\u00edgaro. Luego est\u00e1n muchas otras como Rigoletto, La Traviatta, La Boh\u00e8me, etc, etc.<\/p>\n<p>P.- Buenas tardes, Fernando. Mi m\u00e1s sincera enhorabuena por el programa, que ha dejado hu\u00e9rfana la ma\u00f1ana del s\u00e1bado y con el que muchos ni\u00f1os hemos crecido y aprendido de m\u00fasica al mismo tiempo. \u00a1L\u00e1stima! Rectificar es de sabios, y \u00e9se es el mensaje que lanzo TVE. Mi pregunta es la siguiente: \u00bfQu\u00e9 le ha impulsado a escribir este libro precisamente? S\u00f3lo el t\u00edtulo ya motiva. Un abrazo. Montse<\/p>\n<p>R.- Lo que ha motivado toda mi vida: intentar que se conozca m\u00e1s y mejor a los m\u00fasicos, a los grandes genios cl\u00e1sicos, y por supuesto a su m\u00fasica.<\/p>\n<p>P.- Estimado Fernando. Muchas gracias por los a\u00f1os inolvidables de pedagog\u00eda musical. Ahora que nos han dejado sin tu presencia en la radio y en la televisi\u00f3n, \u00bfTe tendremos m\u00e1s a menudo en las giras por los teatros? Un abrazo muy grande para ti y para tu mujer<\/p>\n<p>R.- Eso depende del final de la crisis porque seg\u00fan est\u00e1 el patio ahora me parece a m\u00ed&#8230;.<\/p>\n<p>P.- \u00bfPor fin qued\u00f3 claro que Vivaldi se cepillaba a las Gir\u00f3?<\/p>\n<p>R.- No ha podido quedar claro, no hay ninguna prueba fehaciente de que Vivaldi hiciese un menage con las hermanas Giraud. Todos los indicios conducen a pensar que eso fue as\u00ed.<\/p>\n<p>P.- Buenas tardes Fernando. \u00bfNo piensas que en la acualidad no hay Directores de orquesta de la talla de los que hab\u00eda en el Siglo XX, la lista ser\u00eda interminable, pero si me gustar\u00eda preguntarte por Ferenc Fricsay, \u00bfsu muerte prematura no nos priv\u00f3 como en el caso de tu padre Ataulfo de grandes y memorables interpretaciones? Un abrazo. Jos\u00e9 \u00c1ngel<\/p>\n<p>R.- S\u00ed, tiene toda la raz\u00f3n. Fricsay era un gran director de orquesta. Guido Cantelli tambi\u00e9n fue un genio frustrado al morir a los 36 a\u00f1os en un accidente de aviaci\u00f3n.<\/p>\n<p>P.- Hola Fernando ese libro se vender\u00e1 en Argentina? Si as\u00ed fuera quiero saber el distribuidor o las librerias. Saludos cordiales Cristina<\/p>\n<p>R.- No lo creo. Si tiene muy buena acogida supongo que la editorial (Plaza y Jan\u00e9s) decidir\u00e1 editarlo fuera de Espa\u00f1a.<\/p>\n<p>P.- Buenas tardes desde Puerto Rico (aunque soy de C. Real), disfrut\u00e9 mucho con mi hija (ella tambi\u00e9n) la \u00faltima vez que vino a San Juan a presentar el conciertazo. \u00bfC\u00f3mo cree que se puede adaptar la m\u00fasica cl\u00e1sica a las nuevas tendencias tecnol\u00f3gicas (internet en general, redes sociales, videojuegos, etc.) que tanto utilizan los ni\u00f1os\/j\u00f3venes ahora?\u00bfCree que se est\u00e1 dando esta daptaci\u00f3n?. Muchas gracias por toda la m\u00fasica que nos ha hecho disfrutar tanto en radio como en tv.<\/p>\n<p>R.- No creo que tenga f\u00e1cil adaptaci\u00f3n, sinceramente, a los videojuegos o redes nuevas. Pero por Internet se pueden ver grandes conciertos y \u00f3peras y descubrir la vida y milagros de los grandes compositores e int\u00e9rpretes.<\/p>\n<p>P.- Hola Fernando. \u00bfCu\u00e1l de todos esos genios tuvo peor muerte? Gracias<\/p>\n<p>R.- Quiz\u00e1s Mozart, Puccini y Debussy.<\/p>\n<p>P.- Querido Fernando, En realidad no te hago una pregunta, si no que te env\u00edo mi mas sincero agradecimiento por toda una vida dedicada a la m\u00fasica cl\u00e1sica, y lo que es mejor a difundirla. Espero que alg\u00fan d\u00eda se te reconozca la gran labor que has hecho con los ni\u00f1os, y no tan ni\u00f1os, para que al menos supieran que existe otra m\u00fasica. Decirte que mis hijos desde peque\u00f1os no sal\u00edan de casa un s\u00e1bado hasta que no acabara el Conciertazo y que hoy son unos j\u00f3venes raros porque les gusta la m\u00fasica cl\u00e1sica. No dudes que compraremos tu, seguro magn\u00edfico libro y lo leeremos con mucho detenimiento. Gracias Fernando.<\/p>\n<p>R.- Siento mucho ser el culpable de que sean unos j\u00f3venes raros, pero me compensa saber que van a disfrutar de algo que no est\u00e1 al alcance de todos, desgraciadamente. Un abrazo.<\/p>\n<p>P.- \u00bfTiene alg\u00fan previsto alg\u00fan proyecto como &#8220;El Conciertazo&#8221; en alguna de las nuevas televisiones o no le dejan por contrato? Diganoslo si es as\u00ed, que nuestros hijos desean volver a verle.<\/p>\n<p>R.- No, por dos razones. No me dejan por la situaci\u00f3n del ERE y no creo que sea un programa para que las privadas se atrevan a hacerlo.<\/p>\n<p>P.- Hola Fernando. \u00bfQue metodolog\u00eda has empleado para escribir este libro? \u00bfCuales han sido tus fuentes?. Un saludo.<\/p>\n<p>R.- He cogido por orden cronol\u00f3gico una serie de autores y como fuentes una larga bibliograf\u00eda, art\u00edculos de prensa y muchos a\u00f1os de haber buceado en sus vidas por el programa Cl\u00e1sicos populares.<\/p>\n<p>P.- \u00bf Por qu\u00e9 la ense\u00f1anza musical est\u00e1 tan infravalorada en este pa\u00eds?<\/p>\n<p>R.- Porque somos un pa\u00eds culturalmente muy pobre.<\/p>\n<p>P.- Hola Fernando: soy uno de tus &#8220;oyentes hu\u00e9rfanos&#8221;, de esos que se enhufaban su hora reglamentaria de &#8220;Cl\u00e1sicos Populares&#8221;, y aparec\u00edan por los conciertos y programas en vivo para darte un abrazo, a t\u00ed y a Araceli, e incluso os acompa\u00f1\u00e9 en el estudio en una ocasi\u00f3n. \u00bfVas a firmar en la Feria del Libro de Madrid? Me encantar\u00eda aparecer a saludarte y que me dediques un ejemplar.<\/p>\n<p>R.- S\u00ed, voy a estar varios d\u00edas empezando por este pr\u00f3ximo domingo d\u00eda 30 de mayo de 12 a 14h y de 19 a 21h. Nos vemos en El Retiro. Firmar\u00e9 tambi\u00e9n otros d\u00edas.<\/p>\n<p>P.- Querido Fernando, en primer lugar te doy mi enhorabuena por tu libro. Hubiera querido estar en la presentaci\u00f3n, pero los compromisos profesionales mandan. Ha sido una gran sorpresa ver que desde aqu\u00ed se me da la posibilidad de participar de alguna manera en tu nuevo proyecto, y por lo tanto te formulo mi pregunta: \u00bfsomos los m\u00fasicos, por lo general, m\u00e1s pecadores, m\u00e1s hedonistas que el resto de los mortales? y otra m\u00e1s. \u00bfPor qu\u00e9 piensas que los cantantes en general, y los tenores en particular tenemos esa fama de donjuanes, ligones, zalameros, y promiscuos, etc.? Espero que volvamos a compartir muy pronto escenarios. Fuerte abrazo desde Alemania. Enrique Adrados<\/p>\n<p>R.- Ligones querr\u00edamos ser todos, pero otra cosa es que nuestro entorno nos lo facilite m\u00e1s o menos. Creo que el entorno de la m\u00fasica y sobre todo el de los cantantes de \u00f3pera es propicio para encontrar personas que puedan ser cercanas a nuestra sensibilidad y una vez establecido contacto &#8220;aqu\u00ed te pillo, aqu\u00ed te mato&#8221;. Un abrazo, compa\u00f1ero.<\/p>\n<p>P.- Fernando, buenas tardes. Como castre\u00f1o debo referirme a tu padre. Personaje ilustre que se sinti\u00f3 muy orgulloso de su Castro Urdiales natal. \u00bfRecuerdas tu infancia en los veranos castre\u00f1os, disfrutando del Coso Blanco y de las verbenas de La Barrera? Un fuerte abrazo.<\/p>\n<p>R.- C\u00f3mo no. Fueron uno de los momentos m\u00e1s felices de mi vida. Siempre llevar\u00e9 en el coraz\u00f3n a Castro y me sentir\u00e9 orgulloso de ser castre\u00f1o, aunque no haya nacido all\u00ed.<\/p>\n<p>P.- D\u00ba Fernando, enhorabuena por su gran dedicaci\u00f3n a la divulgaci\u00f3n de la musica cl\u00e1sica, y porsupuesto por Cl\u00e1sicos populares. Me gustar\u00eda saber su opini\u00f3n sobre la figura de Karajan, puesto que normalmente todo -o casi todo- son criticas hacia su figura y su arte de direcci\u00f3n; \u00bfsabe Vd. que trauma tiene el Sr. Norman Lebrech? Yo debo ser de los raros a quien le gusta la musica del maestro.<\/p>\n<p>R.- Karajan fue, sin lugar a dudas, uno de los mejores directores del siglo XX. Y adem\u00e1s le debemos el m\u00e9rito de haber sido el m\u00e1s medi\u00e1tico de todos, con lo que ayud\u00f3 mucho a la difusi\u00f3n de la m\u00fasica cl\u00e1sica. Otra cosa era su divismo y su posible car\u00e1cter complicado.<\/p>\n<p>P.- \u00bfTienes alg\u00fan cap\u00edtulo preferido de tu libro?<\/p>\n<p>R.- Es muy dif\u00edcil decirlo porque he puesto mi mayor inter\u00e9s en reflejar el car\u00e1cter de todos y su vida \u00edntima, pero si tuviera que escoger a uno por ser tan especial para m\u00ed, escoger\u00eda el de Mozart.<\/p>\n<p>P.- \u00bfQuien fue el m\u00e1s promiscuo de nuestros cl\u00e1sicos compositores?<\/p>\n<p>R.- Posiblemente Liszt y Tchaikovsky.<\/p>\n","protected":false},"excerpt":{"rendered":"<p>El director del programa musical de RNE El conciertazo husmea en la vida \u00edntima que llevaron los genios de la m\u00fasica cl\u00e1sica en Los cl\u00e1sicos tambi\u00e9n pecan (Ed. Plaza y Jan\u00e9s). Vivaldi, Bach, Mozart, Wagner, Puccini, entre otros, son los protagonistas de este libro. Con mucho humor, Fernando Argenta cuenta c\u00f3mo pasaron su infancia, sus man\u00edas, sus ligues, sus secretos y c\u00f3mo murieron.<\/p>\n","protected":false},"author":1,"featured_media":0,"comment_status":"open","ping_status":"open","sticky":false,"template":"","format":"standard","meta":{"footnotes":""},"categories":[],"tags":[],"class_list":["post-3563","post","type-post","status-publish","format-standard","hentry"],"_links":{"self":[{"href":"https:\/\/intervius.com\/index.html\/wp-json\/wp\/v2\/posts\/3563","targetHints":{"allow":["GET"]}}],"collection":[{"href":"https:\/\/intervius.com\/index.html\/wp-json\/wp\/v2\/posts"}],"about":[{"href":"https:\/\/intervius.com\/index.html\/wp-json\/wp\/v2\/types\/post"}],"author":[{"embeddable":true,"href":"https:\/\/intervius.com\/index.html\/wp-json\/wp\/v2\/users\/1"}],"replies":[{"embeddable":true,"href":"https:\/\/intervius.com\/index.html\/wp-json\/wp\/v2\/comments?post=3563"}],"version-history":[{"count":0,"href":"https:\/\/intervius.com\/index.html\/wp-json\/wp\/v2\/posts\/3563\/revisions"}],"wp:attachment":[{"href":"https:\/\/intervius.com\/index.html\/wp-json\/wp\/v2\/media?parent=3563"}],"wp:term":[{"taxonomy":"category","embeddable":true,"href":"https:\/\/intervius.com\/index.html\/wp-json\/wp\/v2\/categories?post=3563"},{"taxonomy":"post_tag","embeddable":true,"href":"https:\/\/intervius.com\/index.html\/wp-json\/wp\/v2\/tags?post=3563"}],"curies":[{"name":"wp","href":"https:\/\/api.w.org\/{rel}","templated":true}]}}