{"id":3558,"date":"2010-06-01T00:00:00","date_gmt":"2006-11-06T00:00:00","guid":{"rendered":"https:\/\/intervius.com\/index.html\/?p=3558"},"modified":"2006-11-06T00:00:00","modified_gmt":"2006-11-06T00:00:00","slug":"Ruben_Amon3558","status":"publish","type":"post","link":"https:\/\/intervius.com\/index.html\/Ruben_Amon3558\/","title":{"rendered":"Rub\u00e9n Am\u00f3n"},"content":{"rendered":"<p>Pregunta.- Enhorabuena Rub\u00e9n! \u00bfQui\u00e9n ha sido tu torero? \u00bfY en la actualidad?<\/p>\n<p>Respuesta.- Siempre me han gustado los toreros de arte. Me refiero a Paula, a Curro V\u00e1zquez, a Manzanares, a Romero. Actualmente me entusiasma Morante. Creo que es una s\u00edntesis bastante ins\u00f3lita entre el arte, el valor y la inspiraci\u00f3n.<\/p>\n<p>P.- Buenos d\u00edas Rub\u00e9n, \u00bfqu\u00e9 es lo m\u00e1s sorprendente que te has encontrado en el mundo de los toros? Saludos!<\/p>\n<p>R.- Me ha sorprendido siempre la entereza de los toreros en las situacines extremas. El libro menciona la agon\u00eda de Paquirri. Era el quien tranquilizaba al m\u00e9dico cuando ten\u00eda los muslos chorreando.<\/p>\n<p>P.- Estimado se\u00f1or Amon. Le escribo desde Tijuana (M\u00e9xico). No puedo mas que felicitarle por su brillante manera de escribir y por sus bastos conocimientos, ya sea del arte de la Tauromaquia, como el de la Opera. Alguna vez le he o\u00eddo hablar de un enorme torero muy admirado aqu\u00ed en mi Pais: &#8220;El Pana&#8221;. Usted ha expresado alguna vez su admiraci\u00f3n incondicional hacia el sentimiento y la hondura de sus faenas. Hay algunas anecdotas sobre \u00e9l en su libro? Muchas gracias . Horacio Db Zapater<\/p>\n<p>R.- El Pana aparece en el libro. Me ha parecido un personaje extravagante, y su brindis de M\u00e9xico es el m\u00e1s divertido que recuerdo. Le dedica la faena a las mesalinas, las vulpejas, las bu\u00f1is y cien maneras m\u00e1s de referirse a las prostitutas. Porque le dieron cari\u00f1o y calor.<\/p>\n<p>P.- \u00bfQu\u00e9 le falta al periodismo taurino para resultar cre\u00edble?.<\/p>\n<p>R.- Le falta despojarse del complejo de inferioridad. Tiene todav\u00eda una p\u00e1tina anacr\u00f3nica.<\/p>\n<p>P.- Buenos d\u00edas, \u00bfhay alguna an\u00e9cdota que se haya quedado fuera del libro y que ahora te arrepientas de no haberla incluido? Gracias. saludos!<\/p>\n<p>R.- Hay muchas an\u00e9cdotas que no he podido contar. Me las guardo para la segunda edici\u00f3n (\u00bf?). Me acuerdo de una del bajo ruso Chialiapin. Se lo presentaron a un torero, no recuerdo cual. Y le dijo: muy bien, se\u00f1or Chaliapin, a ver si con el tiempo llega a ser tenor&#8230;<\/p>\n<p>P.- \u00bfC\u00faal es tu plaza de toros favorita de Espa\u00f1a? \u00bfLa que m\u00e1s te ha impresionado? \u00bfLa que tiene mejor ambiente? Miguel (Granada)<\/p>\n<p>R.- Me gusta Sevilla y cada vez menos me gusta Madrid.<\/p>\n<p>P.- Hola Rub\u00e9n, \u00bfqu\u00e9 ha pasado con los espont\u00e1neos que antiguamente saltaban al ruedo para darse a conocer? Esos si que eran algo m\u00e1s que an\u00e9cdotas, \u00bfd\u00f3nde han quedado a tu parecer?. Saludos y gracias<\/p>\n<p>R.- La realidad es que los espont\u00e1neos tenian muy poco de espont\u00e1neos. Me refiero a que estudiaban con mucha premeditaci\u00f3n sus apariciones en los ruedos. Me acuerdo de los casos de El Cordob\u00e9s, o de Miguel\u00edn. En el libro menciono la de Simon Casas. Se ech\u00f3 al ruedo en Nimes para impresionar a una chica que le acompa\u00f1aba. Antonio Ord\u00f3\u00f1ez le dej\u00f3 torear y hasta rematar la faena.<\/p>\n<p>P.- Qu\u00e9rido Rub\u00e9n. Il\u00fastrenos. Recomi\u00e9ndonos, por favor, un libro, una pel\u00edcula, una \u00f3pera y un torero. Muchas gracias. Antonio<\/p>\n<p>R.- Voy a ce\u00f1irme al g\u00e9nero taurino. La pel\u00edcula dir\u00eda que &#8220;Torero&#8221;, de Carlos Velo. La \u00f3pera &#8220;Carmen&#8221;. El libro, &#8220;Belmonte&#8221;, de Chaves Nogales. Y el torero Morante de la Puebla.<\/p>\n<p>P.- Hola, Rub\u00e9n. Me encantan tus cronicas francesas. \u00bfCu\u00e1les son las tres mejores cosas de Par\u00eds y las tres peores? Un abrazo. Myriam<\/p>\n<p>R.- Creo que las virtudes de Par\u00eds son el civismo, la raz\u00f3n, la cultura. Y los defectos dir\u00eda que el exceso de pedagog\u00eda, una cierta insolencia y una no menos cierta arrogancia.<\/p>\n<p>P.- \u00bfNo cree que parte del mejor periodismo taurino se gesta hoy en p\u00e1ginas web, algunas escasamente conocidas?. \u00bfQu\u00e9 p\u00e1ginas sigue usted con cierta frecuencia?.<\/p>\n<p>R.- Consulto las p\u00e1ginas web casi siempre en busca de v\u00eddeos. No tanto para informarme. Mi favorita es mundotoro.com<\/p>\n<p>P.- \u00bfHaznos el r\u00e1nking de tus pasiones? \u00bfToros, \u00f3pera, periodismo? Un saludo. Kiko<\/p>\n<p>R.- Los toros y la \u00f3pera son una pasi\u00f3n, el periodismo es una manera de ganarse la vida. Puede que no la ideal, pero como dec\u00eda Montanelli es mejor dedicarse al periodismo que trabajar.<\/p>\n<p>P.- Hola Rub\u00e9n. El toreo se define como un arte, \u00bfqu\u00e9 opinas de los que no lo ven as\u00ed sino como un maltrato a un animal? \u00bfCrees que con tu libro alguna cambiar\u00eda esa visi\u00f3n? Un saludo!<\/p>\n<p>R.- Este libro no busca convertir. Los antitaurinos tienen derecho a manifestarse contra. Me parece un debate leg\u00edtimo. Como me parece sensato que sea la sociedad la que decide qu\u00e9 debe hacerse con los toros. Para que desaparezcan basta con no ir. Por eso no entiendo que deba otorgarse el poder de suspender o de abolir a un Gobierno. Menos a\u00fan, como sucede en Catalu\u00f1a, cuando se trata de una excusa para incitar la diferencia con el resto de Espa\u00f1a. Cualquiera que vea a Morante torear con el capote se dar\u00e1 cuenta de la creatividad, de la est\u00e9tica.<\/p>\n<p>P.- Ruben, estuviste sembrado contando el cafe con leche que tomaste en vaso de tubo en casa de Jesul\u00edn, por lo que me siento en deuda contigo. Como voy mucho por Paris, dime que puedo llevarte para saldar mi deuda. Saludos. Aitor.<\/p>\n<p>R.- No hay ninguna deuda. La an\u00e9codta que mencionas aparece en el libro. Fue imposible evitarla. Especialmente el pasaje en que la hermana de Jesul\u00edn apareci\u00f3 gritando: Mama, mama, el tigre ha &#8220;mord\u00edo&#8221; a Cristo. \u00bfA qu\u00e9 se refer\u00eda? La respuesta est\u00e1 en el libro&#8230;<\/p>\n<p>P.- Rub\u00e9n, \u00bfCual es tu opini\u00f3n de estos dos jerezanos: el tenor Ismael Jordi y el torero Rafael de Paula?. Muchas gracias, y cuando termine el curso me lio con tu libro.<\/p>\n<p>R.- Me gusta mucho Ismael Jordi. Es un tenor refinado, distinguido. Paula me ha emocionado m\u00e1s que ning\u00fan torero. Se aparec\u00eda.<\/p>\n<p>P.- Hola Rub\u00e9n, soy abonado de las Ventas. Enhorabuena por su libro. Me gustaria saber si ve final a la fiesta de los Toros. Solo si o no, no hace falta que me razone su respuesta ni me diga sus deseos o reflexiones. Much\u00edsimas gracias y suerte<\/p>\n<p>R.- Creo que hay un problema de bulimia. San Isidro es una desmesura, un disparate. No hay un escalaf\u00f3n para una feria tan larga ni el campo est\u00e1 para lidiarse tantas corridas. Los toros tienen que relativizarse. Menos festejos, m\u00e1s calidad, m\u00e1s rigor en la selecci\u00f3n. Ning\u00fan s\u00edntoma indica que &#8220;esto se acabe&#8221;. Hay un escalaf\u00f3n interesante (El Juli, Castella, Perera&#8230;) y dos toreros de \u00e9poca: Jos\u00e9 Tom\u00e1s y Morante.<\/p>\n<p>P.- Hola Rub\u00e9n, El mundo del toreo siempre ha estado est\u00e1 ligado al glamour o al menos al &#8220;famoseo&#8221; y \u00faltimamente al &#8220;politiqueo&#8221;, \u00bfConsideras necesario que siga siendo as\u00ed o por el contrario lo ves perjudicial ? Muchas Gracias<\/p>\n<p>R.- Los toros son un acontecimiento social, especialmente en las grandes ferias. Y pol\u00edticamente no se han sustraido a la arbitrariedad de la manipulaci\u00f3n pol\u00edtica. Hablo en el libro de ese aspecto. Y pongo como ejemplo las corridas que indistintamente presidieron La Pasionaria y Himmler en Las Ventas.<\/p>\n<p>P.- Buenos d\u00edas se\u00f1or Amon, es cierta esa an\u00e9cdota de no se que torero, que mientras salia escoltado por la guardia civil tras haber perpetrado una infame faena, noto un zurriagazo en la espalda y al girarse descubri\u00f3 que era una de los agentes que ante su at\u00f3nita mirada le dec\u00eda &#8220;es que los hecho muy malamente&#8221;. Gracias y un saludo de un exiliado parisino que tambi\u00e9n sufre en silencio del snobismo de mis conciudadanos. Javier<\/p>\n<p>R.- Le ocurri\u00f3 a un torero que se llamaba Miguelete. La cuento en el libro, pero es cierto que la guardia civil ha salvado la vida de muchos toreros. Que se lo digan a Cagancho.<\/p>\n<p>P.- \u00bfY qu\u00e9 opinas de lo de Catalu\u00f1a? \u00bfEl principio del fin? Alguien dijo hace poco algo parecido a dejar que la fiesta se muera sola, se muera en paz. Un saludo &#8211; LSA<\/p>\n<p>R.- Los toros agonizaban en Barcelona y la pol\u00e9mica han resucitado al maribundo. La paradoja es que un aficionado catal\u00e1n tenga que marcharse a Francia para ver un espect\u00e1culo &#8220;espa\u00f1ol&#8221;.<\/p>\n<p>P.- Rub\u00e9n, con quien te has re\u00eddo m\u00e1s: \u00bfCon El Gallo o con el Guerra?<\/p>\n<p>R.- El Gallo me parece m\u00e1s entra\u00f1able, fr\u00e1gil, noble. El Guerra era mucho m\u00e1s arrogante y altanero. Tiene gracia que se confundan las an\u00e9cdotas de uno y el otro. Empezando por el &#8220;Hay gente pa to&#8221;.<\/p>\n<p>P.- Rub\u00e9n, se te echa de menos en la tarde radiof\u00f3nica fantaseando con Juan Luis y Guillermo. \u00bfQu\u00e9 hay de esa faceta divertida de la vida? \u00bfLa podemos encontrar en el mundo del toro?<\/p>\n<p>R.- El mundo de los toros es muy propicio a las situaciones c\u00f3micas o tragic\u00f3micas. Precisamente por la tensi\u00f3n y el peligro que hay dentro. Me acuerdo de Paula. No fue capaz de matar a un toro y protagoniz\u00f3 un esc\u00e1ndalo en Barcelona. Despu\u00e9s coincidi\u00f3 con un ministro de Franco. Le hab\u00edan suspendido el permiso para torear. As\u00ed es que trat\u00f3 de convencerlo para que se lo devolviera. &#8220;Mire usted que de m\u00ed depende mi familia y las de mis banderilleros. Y no he hecho nada malo. Vamos, que por no matar no he matado ni al toro&#8230;&#8221;, dijo el maestro.<\/p>\n<p>P.- En una ocasi\u00f3n vi a un toro morir en la plaza de una ataque al coraz\u00f3n. Un amigo no me cree. Sabe usted de alg\u00fan caso concreto para demostrarle que eso ha ocurrido en alguna ocasi\u00f3n?? Muchas gracias<\/p>\n<p>R.- Claro que es posible que un toro sufra un ataque al coraz\u00f3n. A m\u00ed me ha impresionado el relato de algunos toreros, cuando confiesan haber visto a algunos toros llorar. Hay que estar muy cerca para apreciarlo. Tan cerca como se pon\u00eda Ojeda, por ejemplo.<\/p>\n<p>P.- \u00bfQu\u00e9 capacidad de dignidad le queda a alguien que figura al retortero de esa infamia period\u00edstica que es Zabala de la Serna, en calidad de miembro de &#8220;la cuadrilla&#8221;?<\/p>\n<p>R.- Convendr\u00e1 usted que la pregunta est\u00e1 condicionada, y hasta respondida por usted mismo. No comparto ni la intenci\u00f3n ni el contenido. Es lo que en el argot taurino se llama un ga\u00f1af\u00f3n. Para tranquilizar los \u00e1nimos le voy a contar una an\u00e9cdota que se le atribuye a Manolete. Le hab\u00edan hablado al monstruo de un periodista prometedor, pujante. &#8220;Vale mucho&#8221;, le contaron al califa cordob\u00e9s. Y Manolete respondi\u00f3: &#8220;\u00bfCu\u00e1nto dices que vale&#8230;?&#8221;<\/p>\n<p>P.- Comparto tu opini\u00f3n sobre Paula,pero \u00bfNo crees que la admiraci\u00f3n de Morante sobre el torero jerezano Le est\u00e1 llevando a parecerse m\u00e1s de lo debido.? Yo casi les empiezo a notar parecido hasta en las &#8221; hechuras&#8221; . Gracias torero<\/p>\n<p>R.- Puede haber una gran identificaci\u00f3n, pero a m\u00ed Morante se me parece cada vez m\u00e1s a Joselito el Gallo. No me refiero a la forma de torear -son \u00e9pocas que no pueden compararse- sino a la torer\u00eda, a la creatividad, a la lucidez delante del toro, al valor. Paula no fue un buen apoderado para Morante. Como cuento en el libro, lo anunci\u00f3 en dos plazas distintas el mismo d\u00eda y a la misma hora.<\/p>\n<p>P.- Me gustar\u00eda saber, desde tu punto de vista de corresponsal, qu\u00e9 imagen tienen de Espa\u00f1a los franceses. Un abrazo. Alex (Almer\u00eda)<\/p>\n<p>R.- Ya que hablamos de toros, lo m\u00e1s desconcertante de los franceses es que no conocen que en su pa\u00eds hay 60 plazas donde se celebra las corridas de toros. Desconocen que hay grandes ferias -Nimes, Arles, Bayona, Dax, Mont de Marsan, B\u00e9ziers, Vic Fezensac&#8230;- y que tanto Sebasti\u00e1n Castella como Juan Bautista son compatriotas de Sarkozy, a su vez aficionado a los toros.<\/p>\n<p>P.- Rub\u00e9n, \u00bf qu\u00e9 opini\u00f3n te merece Curro Diaz? No crees que merece m\u00e1s tardes en ferias importantes?<\/p>\n<p>R.- Lo he visto poco y me ha gustado mucho. Creo que es un torero necesario, interesante. M\u00e1s a\u00fan considerando que no proliferan muchos toreros de est\u00e9tica en el escalaf\u00f3n.<\/p>\n","protected":false},"excerpt":{"rendered":"<p>El periodista de ELMUNDO.es presenta su nuevo libro No puede ser y adem\u00e1s es imposible, publicado por la editorial Styria donde re\u00fane m\u00e1s de doscientas an\u00e9cdotas alrededor del mundo de los toros.<br \/>\nLea algunas de las an\u00e9cdotas<\/p>\n","protected":false},"author":1,"featured_media":0,"comment_status":"open","ping_status":"open","sticky":false,"template":"","format":"standard","meta":{"footnotes":""},"categories":[],"tags":[],"class_list":["post-3558","post","type-post","status-publish","format-standard","hentry"],"_links":{"self":[{"href":"https:\/\/intervius.com\/index.html\/wp-json\/wp\/v2\/posts\/3558","targetHints":{"allow":["GET"]}}],"collection":[{"href":"https:\/\/intervius.com\/index.html\/wp-json\/wp\/v2\/posts"}],"about":[{"href":"https:\/\/intervius.com\/index.html\/wp-json\/wp\/v2\/types\/post"}],"author":[{"embeddable":true,"href":"https:\/\/intervius.com\/index.html\/wp-json\/wp\/v2\/users\/1"}],"replies":[{"embeddable":true,"href":"https:\/\/intervius.com\/index.html\/wp-json\/wp\/v2\/comments?post=3558"}],"version-history":[{"count":0,"href":"https:\/\/intervius.com\/index.html\/wp-json\/wp\/v2\/posts\/3558\/revisions"}],"wp:attachment":[{"href":"https:\/\/intervius.com\/index.html\/wp-json\/wp\/v2\/media?parent=3558"}],"wp:term":[{"taxonomy":"category","embeddable":true,"href":"https:\/\/intervius.com\/index.html\/wp-json\/wp\/v2\/categories?post=3558"},{"taxonomy":"post_tag","embeddable":true,"href":"https:\/\/intervius.com\/index.html\/wp-json\/wp\/v2\/tags?post=3558"}],"curies":[{"name":"wp","href":"https:\/\/api.w.org\/{rel}","templated":true}]}}