{"id":3555,"date":"2010-06-03T00:00:00","date_gmt":"2006-11-06T00:00:00","guid":{"rendered":"https:\/\/intervius.com\/index.html\/?p=3555"},"modified":"2006-11-06T00:00:00","modified_gmt":"2006-11-06T00:00:00","slug":"Agustin_Fernandez_Mallo3555","status":"publish","type":"post","link":"https:\/\/intervius.com\/index.html\/Agustin_Fernandez_Mallo3555\/","title":{"rendered":"Agust\u00edn Fern\u00e1ndez Mallo"},"content":{"rendered":"<p>Pregunta.- Buenos d\u00edas Sr. Mallo \u00bfcree que con la llegada del e-book l industria editorial se ver\u00e1 en la misma situaci\u00f3n que la discogr\u00e1fica?\u00bfC\u00f3mo cree afectar\u00e1 la pirater\u00eda literaria?\u00bfse descargar\u00eda un libro del e-mule?<\/p>\n<p>Respuesta.- S\u00ed, naturalmente en cuanto a capacidad para piratear y entrar en cualquier sistema. Ahora bien, no s\u00e9 si por suerte o por desgracia, no ser\u00e1 tan masivo como en industrias que mueven candidades millonarias de euros. Porque, \u00bfcu\u00e1nta gente lee?<\/p>\n<p>P.- que diferencia a la generaci\u00f3n nocilla del resto del mundo??<\/p>\n<p>R.- Esta pregunta no la comprendo. Quiz\u00e1 la diferencia principal es que una cosa se llama &#8220;nocilla&#8221; y otra se llama &#8220;mundo&#8221;. El lenguaje importa.<\/p>\n<p>P.- Tapa dura o de bolsillo?<\/p>\n<p>R.- No tengo preferencias. Me importa m\u00e1s el &#8220;c\u00f3digo&#8221; que contienen. Como si es en pantalla.<\/p>\n<p>P.- Qu\u00e9 es m\u00e1s rentable, la literatura o la f\u00edsica?<\/p>\n<p>R.- Francamente, ninguna es rentable econ\u00f3micamente, pero ambas son rentables a un nivel est\u00e9tico. Quiz\u00e1 la f\u00edsica sea m\u00e1s imaginativa (y, por descontado, m\u00e1s respetable)<\/p>\n<p>P.- En la solapa de Nocilla Dream dice algo as\u00ed como que te inspiras en el Tractatus de Wittgenstein.Me gustar\u00eda que me explicaras si hay alg\u00fan nexo entre cualquiera de tus libros y el Tractatus? O decir algo as\u00ed es simplemente una pose. Un saludo. Fiona.<\/p>\n<p>R.- Claro que hay conexi\u00f3n, con todos mis libros hasta la fecha, el primero hasta lleva en el t\u00edtulo el nombre &#8220;Tractatus&#8221;, aunque en otras ocasiones es muy en diferido. El asunto es largo para tratarlo ahora, pero, b\u00e1sicamente, me interesa c\u00f3mo lleg\u00f3 Witt al &#8220;no decir&#8221;, t\u00edpico de la m\u00edstica, a trav\u00e9s de la absoluta racionalidad. En cuanto a lo de la pose, Fiona, yo s\u00f3lo poso en las fotos (y a veces ni eso).<\/p>\n<p>P.- El pasado fin de semana estuve en la Feria del libro de Madrid, ni punto de comparaci\u00f3n con la de Palma \u00bfcreee que el empe\u00f1o del Govern por el catal\u00e1n ha rebajado el nivel de la feria? Gracias.<\/p>\n<p>R.- Desconozco esos empe\u00f1os concretos respecto a la Feria. No estoy al tanto. Pero no creo que la Feria de Palma sea comparable con la de Madrid, ni ahora, ni antes ni nunca; por l\u00f3gica, y al margen de delirios provincianistas.<\/p>\n<p>P.- Hola Agust\u00edn, querr\u00eda saber qu\u00e9 opini\u00f3n te merecen autores como p\u00e9rez reverte, Dan Brown o Larsons que escriben best seller de piscina y se convierten en \u00eddolos de masas con literatrua ligera \u00bfhas le\u00eddo a alguno de ellos?. Gracias. Sonia<\/p>\n<p>R.- No, no los he le\u00eddo ni creo que a esta edad se me d\u00e9 por ah\u00ed. Pero mi opini\u00f3n es que hay sitio para todos. Me parece bien que haya mil clases de literatura, es un signo de buena salud y de ausencia de fundamentalismos. A m\u00ed me importa mi obra, mi po\u00e9tica y mi camino, y es en lo que me centro.<\/p>\n<p>P.- Cual es el \u00faltimo libro que se ha leido? y el \u00faltimo que se ha comprado? Y el que podr\u00eda releer una y otra vez?<\/p>\n<p>R.- No lo s\u00e9, la verdad, leo unos 10 libros al mismo tiempo. Comprar, comprar, ya no compro porque me los regalan, lo que en ocasiones te genera graves problemas de espacio. Lo \u00faltimo que compr\u00e9 fue un antiguo especial de la Revista Archipi\u00e9lago sobre soci\u00f3logo Jean Baudrillard.<\/p>\n<p>P.- ha firmado alguna vez algo que no haya escrito?<\/p>\n<p>R.- No!! (al menos en esta vida)<\/p>\n<p>P.- Agus, me puedes recomendar alguna novela nocillesca de este 2010? algo que se acerque a tu trilogia o al aire nuestro de vilas.<\/p>\n<p>R.- De momento, no. Pero es que yo casi no leo novela. As\u00ed que no soy una fuente muy fiable en eso.<\/p>\n<p>P.- qu\u00e9 opina de los libros que son un copia y pega de wikipedia?eso no es plagio?<\/p>\n<p>R.- Depende c\u00f3mo se plantee, y si se oculta o no, etc, etc. El apropiacionismo es una pr\u00e1ctica m\u00e1s que habitual y asimilada por disciplinas socialmente m\u00e1s eviolucionadas que la literatura, como por ejemplo las artes visuales. El asunto est\u00e1 en saber darle a ese copiar y pegar un nuevo sentido. &#8220;El significado es el uso&#8221; Wittgenstein dixit.<\/p>\n<p>P.- podr\u00edas explicar o describir cu\u00e1les son las relaciones entre tu prosa y tu poes\u00eda? Si son una y misma &#8220;cosa&#8221;, qu\u00e9 sentido tiene, para t\u00ed, el hecho de decir, por ejemplo, que las tres Nocillas son relatos y (por exemplo) Carne de Pixel es poes\u00eda?<\/p>\n<p>R.- Francamente, para m\u00ed todo lo que hago (incluido mi ensayo Postpoes\u00eda)es poes\u00eda empaquetada de diferentes maneras. Mi cabeza no es capaz de separar las obras porque en mi cabeza tambi\u00e9n todas parten de los mismos lugares, lugares que para m\u00ed son netamente po\u00e9ticos. Entra en mi blog, &#8220;El Hombre Que Sali\u00f3 de La Tarta&#8221;, y mira la pel\u00edcula Proyecto Nocilla que hay colgada. Ah\u00ed me extiendo.<\/p>\n<p>P.- confiese \u00bfde veras le gustan las firmas de libros?<\/p>\n<p>R.- \u00bfCu\u00e1ndo he dicho que me gustaran? Jam\u00e1s me han gustado, as\u00ed que nada que confesar. No me gustan porque me da corte pensar que alguien ha salido de su casa, ha caminado hasta una caseta y ha comprado un libro s\u00f3lo para que yo ponga una firma.<\/p>\n<p>P.- Qu\u00e9 es lo peor de la feria del libro? y lo mejor?<\/p>\n<p>R.- \u00bfLo mejor?, que la gente compra libros. \u00bfLo peor? No se me ocurre. Cuando era peque\u00f1o mi padre me llevaba a la feria del libro de La Coru\u00f1a, y me pasaba el d\u00eda anterior seleccionando libros para comprar. Lo recuerdo con mucha emoci\u00f3n, y me interesaba mucho ver qu\u00e9 compraban &#8220;los mayores&#8221;, no entend\u00eda c\u00f3mo pod\u00edan leer esos libros tan aburridos pero al mismo tiempo ten\u00eda curiosidad por ellos. Me preguntaba si alguna vez yo llegar\u00eda poderlos leer y a entenderlos. Esa sensaci\u00f3n de la feria supongo que la tendr\u00e1 mucha gente, especialmente los ni\u00f1os. Y supongo que est\u00e1 bien. pero s\u00f3lo lo supongo.<\/p>\n<p>P.- Hola Agust\u00edn \u00bftienes alg\u00fan nuevo libro en marcha? \u00bfde qu\u00e9 va?<\/p>\n<p>R.- un consejo si me lo permites: nunca le preguntes a un escritor de qu\u00e9 va su libro, y menos si no lo tiene acabado. Tengo &#8220;mil&#8221; libros en marcha. Escribo sin gui\u00f3n y sin programaci\u00f3n, as\u00ed que ni siquiera yo s\u00e9 de qu\u00e9 van. Y menos si son novela, poemas, ensayo (para m\u00ed lo mismo).<\/p>\n<p>P.- qu\u00e9 tal se maneja con las TIC? Es jugador asiduo de videojuegos?<\/p>\n<p>R.- Me manejo decentemente para tener la edad que tengo. Nunca he jugado a un videojuego.<\/p>\n<p>P.- Sigue creyendo en la &#8220;po\u00e9tica desvencijada&#8221; de Son Dureta?? O el vintage pasar\u00e1 de moda cuando lleguemos a Son Espases<\/p>\n<p>R.- Pasar\u00e1 de moda, seguro; afortunadamente.<\/p>\n<p>P.- Has mencionado, en diversas ocasiones, a escritores o artistas contemporaneos que te inspiran o inspiran el movimiento postpo\u00e9tico. Podr\u00edas tambi\u00e9n enumerar influencias del pasado, artistas\/escritores pre-postpo\u00e9ticos?<\/p>\n<p>R.- No s\u00e9 si entiendo tu pregunta. Influencias &#8220;del pasado&#8221;, como t\u00fa dices tengo muchas, como cualquiera. M\u00e1s que artistas en concreto, que tambi\u00e9n, me ha influenciado mucho la evoluci\u00f3n del concepto de &#8220;sombra&#8221; a lo largo de la historia.<\/p>\n<p>P.- \u00bfDe d\u00f3nde salen tus personajes? \u00bfC\u00f3mo los desarrollas? \u00bfSon todos un poco t\u00fa?<\/p>\n<p>R.- salen mi cabeza, otras veces son historias que he visto o le\u00eddo y las exprimo por vi\u00e1s po\u00e9ticas. Se desarrollan solos, se me escapan. Todos los personajes de un escritor son un poco el escritor, ya que no se puede escribir acerca de lo que no est\u00e1 en ti.<\/p>\n<p>P.- Ha registrado ya eso de poes\u00eda postpo\u00e9tica?<\/p>\n<p>R.- Hay un libro llamado Postpoes\u00eda (finalista Ensayo Anagrama 2009),creo que eso ya es suficiente registro. Descuida, nadie se har\u00e1 millonario con esa palabra.<\/p>\n<p>P.- Es un fan de Lost declarado y he le\u00eddo por ah\u00ed que para usted el final de la serie fue el de la cuarta temporada. Y yo le pregunto, no cree que Lost ser\u00eda el equivalente en tv a un bestseller literario??? dice que a estas alturas no va a leer a Larssons, pero es fan de Lost??<\/p>\n<p>R.- Nada que ver esa equivalencia. No la veo. Lost ha sido audaz narrativamente, ha cambiado la forma de hacer ficci\u00f3n en la televisi\u00f3n. Larson es m\u00e1s bien lo contrario (en narrativa).<\/p>\n<p>P.- \u00bfQu\u00e9 podemos hacer si dos de los escritores m\u00e1s conocidos de Mallorca son Llucia Ramis y Maria de la Pau Janer? Shakespeare<\/p>\n<p>R.- Llucia Ramis me parece brillante. No he le\u00eddo nada de Mar\u00eda de la Pau Janer, as\u00ed que no puedo opinar. Les deseo a ambas lo mejor. Cuando a la gente le va bien, yo me alegro. No practico la &#8220;xenofobia&#8221; ni del fracaso ni del \u00e9xito.<\/p>\n","protected":false},"excerpt":{"rendered":"<p>Uno de los miembros m\u00e1s destacados de la llamada Generaci\u00f3n Nocilla, Generaci\u00f3n Mutante o Afterpop charlar\u00e1 con los lectores acerca de su nuevo libro Nocilla Lab y la Feria del Libro que durante esta semana se celebra en Palma de Mallorca.<\/p>\n","protected":false},"author":1,"featured_media":0,"comment_status":"open","ping_status":"open","sticky":false,"template":"","format":"standard","meta":{"footnotes":""},"categories":[],"tags":[],"class_list":["post-3555","post","type-post","status-publish","format-standard","hentry"],"_links":{"self":[{"href":"https:\/\/intervius.com\/index.html\/wp-json\/wp\/v2\/posts\/3555","targetHints":{"allow":["GET"]}}],"collection":[{"href":"https:\/\/intervius.com\/index.html\/wp-json\/wp\/v2\/posts"}],"about":[{"href":"https:\/\/intervius.com\/index.html\/wp-json\/wp\/v2\/types\/post"}],"author":[{"embeddable":true,"href":"https:\/\/intervius.com\/index.html\/wp-json\/wp\/v2\/users\/1"}],"replies":[{"embeddable":true,"href":"https:\/\/intervius.com\/index.html\/wp-json\/wp\/v2\/comments?post=3555"}],"version-history":[{"count":0,"href":"https:\/\/intervius.com\/index.html\/wp-json\/wp\/v2\/posts\/3555\/revisions"}],"wp:attachment":[{"href":"https:\/\/intervius.com\/index.html\/wp-json\/wp\/v2\/media?parent=3555"}],"wp:term":[{"taxonomy":"category","embeddable":true,"href":"https:\/\/intervius.com\/index.html\/wp-json\/wp\/v2\/categories?post=3555"},{"taxonomy":"post_tag","embeddable":true,"href":"https:\/\/intervius.com\/index.html\/wp-json\/wp\/v2\/tags?post=3555"}],"curies":[{"name":"wp","href":"https:\/\/api.w.org\/{rel}","templated":true}]}}