{"id":3490,"date":"2010-09-13T00:00:00","date_gmt":"2006-11-06T00:00:00","guid":{"rendered":"https:\/\/intervius.com\/index.html\/?p=3490"},"modified":"2006-11-06T00:00:00","modified_gmt":"2006-11-06T00:00:00","slug":"Gregorio_Manzano3490","status":"publish","type":"post","link":"https:\/\/intervius.com\/index.html\/Gregorio_Manzano3490\/","title":{"rendered":"Gregorio Manzano"},"content":{"rendered":"<p>Pregunta.- sobre el sevilla&#8230; est\u00e1 la gente m\u00e1l acostumbrada por los \u00e9xitos de temporadas anteriores y ya no se contanta con acabar entre los 4 primeros????<\/p>\n<p>Respuesta.- Pienso que el Sevilla tendr\u00e1 un objetivo a principio de temporada que es disputar la Champions. Est\u00e1 entre los 4 o 5 mejores equipos de Espa\u00f1a, ahor abien, de ah\u00ed a optar por el campeonato de Liga creo que es dif\u00edcil; pero en los campeonatos de Copa y UEFA supongo que s\u00ed tendr\u00e1n un objetivo m\u00e1s altruista.<\/p>\n<p>P.- una pregunta \u00bfno cree que el atleti est\u00e1 demasiado fuerte f\u00edsicamente para estas alturas de temporada? no es contraproducente? un atl\u00e9tico k no se cree lo ke ve<\/p>\n<p>R.- Las pretemporadas de los equipos en el aspecto f\u00edsico se marcan en funci\u00f3n de los objetivos incluso antes de empezar las temporadas. Por ejemplo, hay eliminatorias previas de Champions, y trofeos como la Supercopa de Europa. Esto puede condicionar una planificaci\u00f3n f\u00edsica distina, y hace que algunos equipos tengan un nivel m\u00e1s fino que otros en estos momentos. Y el Atl\u00e9tico es uno de ellos. Los futbolistas que son explosivos si no se les cuida pueden sufrir luego un baj\u00f3n.<\/p>\n<p>P.- Buenos d\u00edas Gregorio, sobre el Barcelona, lleva 2 a\u00f1os jugando todos sus jugadores al 100% de su nivel, practicamente sin lesiones (salvo Iniesta)&#8230;como barcelonista me preocupa saber si tu crees que es posible mantener durante 3 a\u00f1os seguidos ese nivel y si el tema de las lesiones es suerte o preparaci\u00f3n f\u00edsica.<\/p>\n<p>R.- Creo que un buen profesional bien cuidado en todos los aspectos (alimentaci\u00f3n, f\u00edsico y con el descanso bien programado), puede jugar a un muy buen nivel durante varios a\u00f1os sin problema alguno. Ahora bien, quiz\u00e1s la baja forma de alg\u00fan futbolista en alg\u00fan momento es debido a las lesiones. Si un profesional le respetan las lesiones, podr\u00edamos estar hablando de que su calidad y cantidad de juego no tiene por qu\u00e9 disminuir aparentemente. Y Andr\u00e9s Iniesta es un ejemplo de buen profesional en todos los sentidos.<\/p>\n<p>P.- \u00bfQu\u00e9 opina del futbol que hace Mourinho en general, y qu\u00e9 posibilidades le da usted al Madrid esta temporada en particular? Federico Quesada<\/p>\n<p>R.- Hola Federico, pienso que Mourinho el primer objetivo que le preocupa es derrotar y destronar al Barcelona. Para ese objetivo, lo m\u00e1s importante es ganar m\u00e1s partido que ellos. La segunda cuesti\u00f3n es la calidad con la que intenta ganar, si va a ser suficiente para que ese objetivo se cumpla. Pero estamos de acuerdo en que la calidad futbol\u00edstica del Barcelona es innegable, y todos apuestan a que ser\u00e1 de nuevo el campe\u00f3n.<\/p>\n<p>P.- Buenas, no krees ke se deber\u00eda hacer una norma para potenciar que cada club contase cion un n\u00famero fijo de canteranos en el once titular??? gracuias<\/p>\n<p>R.- La pregunta tiene su dificultad. Estar\u00eda bien la idea, pero yo apostar\u00eda m\u00e1s que por canteranos por jugadores nacionales, porque no todas las canteras de todos los equipos dan jugadores de garant\u00eda para alcanzar los objetivos de cada club.<\/p>\n<p>P.- El Mallorca ha evidenciado una clara falta de gol en las dos primeras jornadas. \u00bfCree que esto es una problema puntual, o por el contrario a la venta de jugadores clave la temporada pasada como Aduriz, que anot\u00f3 12 tantos? Miguel Ant\u00fanez.<\/p>\n<p>R.- Hola Miguel, pienso que es un tema muy puntual. En dos jornadas no se pueden sacar conclusiones extremas. Hace tres temporadas, G\u00fciza se march\u00f3 siendo pichichi de la Liga, y se fich\u00f3 a Aduriz, marcando 11 goles y el equipo no se resinti\u00f3 demasiado. Ahora solo es momento de no sacar conclusiones pesimistas.<\/p>\n<p>P.- Qu\u00e9 le parece la llegada del jeque al M\u00e1laga? No recuerda a Piterman?<\/p>\n<p>R.- Supongo que Fernando Sanz, que vendi\u00f3 las acciones al jeque, ver\u00eda que sus intenciones deportivas y econ\u00f3micas con el club eran positivas. El tiempo dir\u00e1 si su gesti\u00f3n ser\u00e1 parecida a la de Piterman. Como entrenador que he sido del M\u00e1laga y como andaluz, no me gustar\u00eda que se pareciera en nada.<\/p>\n<p>P.- Buenas, soy Fernando G\u00f3mez, de Mallorca, y no olvidamos la gran camapa\u00f1a que hizo el a\u00f1o pasado. \u00bfNo cree que Nunes est\u00e1 infravalorado por los grandes de la Liga? Es k me parece un peazo de defensa&#8230; Y sobre Aduriz, \u00bfpor fin se reconoce su calidad, \u00bfno le parece? Ya por \u00faltimo, una de G\u00fciza, por qu\u00e9 no vuelve a la Liga? Grace!<\/p>\n<p>R.- Nunes, en el tiempo que yo le he entrenado, ha tenido casi todos los a\u00f1os ofertas para marcharse. Este a\u00f1o, sin ir m\u00e1s lejos, una del Sevilla. Para m\u00ed, su rendimiento en el f\u00fatbol espa\u00f1ol es muy alto y por tanto es una garantia que el Mallorca lo haya conservado durante tanto tiempo. Aduriz ha llegado a un equipo de gran nivel, a trav\u00e9s de su esfuerzo, trabajo y, sobre todo, honestidad. El club que le fich\u00f3 pag\u00f3 15 millones por su traspaso y por tanto cualquier club de Espa\u00f1a que quiera de nuevo a G\u00fciza en sus filas, tendr\u00e1 que negociar un posible traspaso. No creo que lo dejen libre, adem\u00e1s hay que contar con la ficha elevada que Dani tiene en el Fenerbahce.<\/p>\n<p>P.- Hola Sr. Manzano, un placer verle por aqu\u00ed, pero no s\u00e9 qu\u00e9 hace que no est\u00e1 entrenando a un equipo potente&#8230; C\u00f3mo ve todo el tema de las sociedades an\u00f3nimas? No cree que es contraproducente contra los clubes? Un saludo y muchas gracias Humphrey Bogart<\/p>\n<p>R.- Muchas gracias por tus palabras. Espero en un futuro estar entrenando en alg\u00fan equipo, y respecto a tu pregunta, s\u00ed es cierto que las sociedades an\u00f3nimas en los clubes de f\u00fatbol no han sido la panacea de los equilibrios econ\u00f3micos que se presum\u00edan. Deber\u00eda de haber una nueva revisi\u00f3n de este tema, sobre todo para equilibrar los grandes d\u00e9ficits que existen en muchos clubes y que no se llegue al extremo de que se tengan que acoger a la Ley Concursal como es el caso del Mallorca.<\/p>\n<p>P.- Buenas, \u00bfc\u00f3mo ve el f\u00fatbol alem\u00e1n? \u00bfNo le parece que es la \u00fanica Liga que est\u00e1 progresando en las \u00faltimas temporadas? No le tienta irse all\u00e1? Jansen<\/p>\n<p>R.- Pues la verdad que s\u00ed. Desde el Mundial de 2006 en Alemania la Bundesliga ha sido un valor en alza, como bien se puede ver jornada tras jornada. Los campos presentan grandes entradas, y sus jugadores son exportados a equipos grandes como por ejemplo el Real Madrid. Adem\u00e1s, tuvo un finalista en la\u00faltima Champions, sin ir m\u00e1s lejos. Es un mercado a tener en cuenta en el f\u00fatbol actual.<\/p>\n<p>P.- Hola Gregorio, supongo que viste el partidazo que nos dej\u00f3 ayer Borja Valero en Villarreal. \u00bfNo consideras un enorme fracaso del Madrid no dar oportunidades a grandisimos mediapuntas que han salido de la casa y de los que has disfrutado en algun caso como Sandro, Granero, Jurado, Borja Valero y todos los a\u00f1os fichar 1 o 2 mediapuntas de fuera? Un saludo<\/p>\n<p>R.- Totalmente de acuerdo. Hoy en mi art\u00edculo en EL MUNDO, hablo precisamente de la salida de Jurado de nuestro f\u00fatbol a Alemania. S\u00ed tengo que decir que me alegro enormemente que el Villarreal rescatara a Borja Valero del equipo ingl\u00e9s del West Brom, porque su f\u00fatbol es para degustarlo cada domingo en nuestra Liga. Seguro que triunfar\u00e1 en Villarreal y ojal\u00e1 pueda llegar a un sue\u00f1o que tengo con \u00e9l, y es que debute con nuestra selecci\u00f3n. Se lo merece.<\/p>\n<p>P.- No participar en la Uefa, que parec\u00eda un varapalo en pretemporada para el Mallorca, \u00bfcree que puede acabar siendo positivo para una plantilla algo corta a la que le podr\u00eda haber afectado la carga de partidos?<\/p>\n<p>R.- La UEFA en principio era un est\u00edmulo positivo y un prestigio a\u00f1adido, tanto para los profesionales como para la entidad. Ahora bien, desde el punto de vista de la confecci\u00f3n de la plantilla con las limitaciones econ\u00f3micas del presente a\u00f1o, quiz\u00e1s siendo objetivos y mirando el valor sustancial del club que no es otro que la permanencia en Primera Divisi\u00f3n, puede venirle bien estar centrados en solo una competici\u00f3n. Aunque el esfuerzo del a\u00f1o pasado bien hubiera merecido pasear el escudo y el nombre de Mallorca por todo Europa.<\/p>\n<p>P.- Aupa, soy Aitor, de Tolosa. A qu\u00e9 se debe que haya tanto entrenador vasco? Somos muy mandones o es porque la gente quer\u00eda seguir la estela de Clemente? \ud83d\ude09 Suerte!<\/p>\n<p>R.- Hay que destacar que los equipos vascos han tenido gran protagonismo en nuestro f\u00fatbol, y lo siguen teniendo. Y eso produce indirectamente muchos entrenadores que tienen oportunidades de ejercer la profesi\u00f3n a trav\u00e9s de esa proyecci\u00f3n en esos equipos. Una vez instalados en la alta categor\u00eda, luego es m\u00e1s f\u00e1cil encontrar trabajo en otros equipos de otras zonas de Espa\u00f1a.<\/p>\n<p>P.- \u00bfcrees que el Atleti, este a\u00f1o si, puede dar la sorpresa?<\/p>\n<p>R.- Por supuesto que s\u00ed, aunque respetando el buen hacer del Atl\u00e9tico, que ojal\u00e1 sea as\u00ed, la gran sorpresa ser\u00eda que Barcelona y Real Madrid no estuvieran a la altura esperada y deseada por sus plantillas. De todas formas un tercer equipo que se uniera a la conquista del t\u00edtulo ser\u00eda muy positivo para nuestro f\u00fatbol, para la Liga espa\u00f1ola.<\/p>\n<p>P.- Hola Gregory, \u00bfno crees que el s\u00e1bado en el Bernab\u00e9u se vieron dos estilos muy similares de juego? \u00bfSe parecen Camacho y Mourinho en sus planteamientos? El resultado fue un partido aburrid\u00edsimo&#8230; Carlos Anaut<\/p>\n<p>R.- Hola Carlos, el partido no fue vistoso, en principio porque Osasuna defensivamente trabaj\u00f3 muy bien, y quiz\u00e1s al Madrid le falt\u00f3 amplitud de juego por las bandas. Esta cuesti\u00f3n no s\u00e9 si se producir\u00e1 en otros partidos, pero lo que s\u00ed es cierto que si los rivales en el Bernab\u00e9u solo piensan en defender al final la calidad individual de los jugadores del Real Madrid pueden terminar ganando los partidos.<\/p>\n<p>P.- Mi padr dice que el futbol va hacia la brutalizacion del juego, segun el, se prioriza mas el musculo que la inteligencia. Y cuando dice esto habla de jugadores como luis suarez, xavi, di stefano, iniesta, pirlo, scholes, los cuales estan perdiendo la batalla frente a los diarra, khedira, gatusso&#8230; esta ud de acurdo con el?<\/p>\n<p>R.- Estoy en parte de acuerdo con tu padre, aunque el f\u00fatbol es combinaci\u00f3n de talento y de f\u00edsico. Ahora bien, la elecci\u00f3n de estas dos cualidades deben de ser bien entendidas por los entrenadores en cuesti\u00f3n. A unos les gusta trabajar con jugadores potentes, fuertes, muy f\u00edsicos y escaso talento, y este camino normalmente no es indicio de buen espect\u00e1culo. Yo prefiero la combinaci\u00f3n antes se\u00f1alada.<\/p>\n<p>P.- Si tu fueses entrenador del Real Madrid, que ya has hecho mas meritos que muchos que se han sentado en ese banquillo \u00bfque politica de fichajes te parece mas acertado, estrellas consagradas cercanas a la treintena o la de este a\u00f1o de jugadores con mucho futuro, mucha calidad, pero con mucho que demostrar? un saludo y que te veamos entrenando pronto.<\/p>\n<p>R.- Lo primero que har\u00eda ser\u00eda ver las necesidades que se ajustan al juego que se quiere desarrollar. En segundo lugar, buscar\u00eda primero en el mercado nacional, que soy de los que piensan que en nuestra Liga se encuentran muy buenos jugadores para poder defender la camiseta del Real Madrid; y en tercer lugar, si no se cumpliera la anterior premisa, ir\u00eda al mercado extranjero para buscar al jugador que se adaptara y comprometiera en todos los aspectos con lo que representa el Real Madrid a nivel nacional y a nivel internacional.<\/p>\n<p>P.- Raul Garcia esta en un gran momento,\u00bfpodria ser el jugador del a\u00f1o?<\/p>\n<p>R.- Ra\u00fal Garc\u00eda no es un jugador novedoso en esta Liga, es un jugador contrastado, donde despu\u00e9s de un periodo de adaptaci\u00f3n al Atl\u00e9tico de Madrid creo que puede convertirse en el l\u00edder del mediocampo (si no lo es ya) que un equipo de alto nivel necesita. Este a\u00f1o puede ser su consagraci\u00f3n definitiva siempre y cuando \u00e9l crea en sus infinitas posibilidades y se mentalice para jugar al 100% en todos los partidos.<\/p>\n","protected":false},"excerpt":{"rendered":"<p>Gregorio Manzano, ex entrenador de Mallorca o Atl\u00e9tico de Madrid entre otros, responder\u00e1 a las preguntas de los internautas sobre la Liga, los equipos, los jugadores, las jugadas pol\u00e9micas&#8230;<\/p>\n","protected":false},"author":1,"featured_media":0,"comment_status":"open","ping_status":"open","sticky":false,"template":"","format":"standard","meta":{"footnotes":""},"categories":[],"tags":[],"class_list":["post-3490","post","type-post","status-publish","format-standard","hentry"],"_links":{"self":[{"href":"https:\/\/intervius.com\/index.html\/wp-json\/wp\/v2\/posts\/3490","targetHints":{"allow":["GET"]}}],"collection":[{"href":"https:\/\/intervius.com\/index.html\/wp-json\/wp\/v2\/posts"}],"about":[{"href":"https:\/\/intervius.com\/index.html\/wp-json\/wp\/v2\/types\/post"}],"author":[{"embeddable":true,"href":"https:\/\/intervius.com\/index.html\/wp-json\/wp\/v2\/users\/1"}],"replies":[{"embeddable":true,"href":"https:\/\/intervius.com\/index.html\/wp-json\/wp\/v2\/comments?post=3490"}],"version-history":[{"count":0,"href":"https:\/\/intervius.com\/index.html\/wp-json\/wp\/v2\/posts\/3490\/revisions"}],"wp:attachment":[{"href":"https:\/\/intervius.com\/index.html\/wp-json\/wp\/v2\/media?parent=3490"}],"wp:term":[{"taxonomy":"category","embeddable":true,"href":"https:\/\/intervius.com\/index.html\/wp-json\/wp\/v2\/categories?post=3490"},{"taxonomy":"post_tag","embeddable":true,"href":"https:\/\/intervius.com\/index.html\/wp-json\/wp\/v2\/tags?post=3490"}],"curies":[{"name":"wp","href":"https:\/\/api.w.org\/{rel}","templated":true}]}}