{"id":3463,"date":"2010-09-29T00:00:00","date_gmt":"2006-11-06T00:00:00","guid":{"rendered":"https:\/\/intervius.com\/index.html\/?p=3463"},"modified":"2006-11-06T00:00:00","modified_gmt":"2006-11-06T00:00:00","slug":"Elena_Martin3463","status":"publish","type":"post","link":"https:\/\/intervius.com\/index.html\/Elena_Martin3463\/","title":{"rendered":"Elena Mart\u00edn"},"content":{"rendered":"<p>Pregunta.- \u00bf Qu\u00e9 quiere hacer para mejorar la vida de los de Alicante?<\/p>\n<p>Respuesta.- Quiero un ayuntamiento que mire por los alicantinos y las alicantinas, donde todos nuestros emprendedores tengan las mismas oportunidades. Quiero un Alicante sin desequilibrios econ\u00f3micos y sociales entre nuestros barrios y quiero ser una alcaldesa que no d\u00e9 la espalda a los vecinos y las vecinas, como ocurre ahora.<\/p>\n<p>P.- Dicen que usted es la \u201ccandidata del aparato\u201d, que ha sido puesta ah\u00ed y en la secretar\u00eda de Organizaci\u00f3n del PSPV por su amistad con Paj\u00edn. \u00bfes cierto?<\/p>\n<p>R.- Soy la candidata de la mayor\u00eda de la agrupaci\u00f3n de Alicante. Para m\u00ed es un honor y un orgullo haber obtenido la confianza de 715 compa\u00f1eros y compa\u00f1eras.<\/p>\n<p>P.- \u00bfPor qu\u00e9 recogi\u00f3 avales para las primarias si no los necesitaba? \u00bftiene miedo a Antonio Fern\u00e1ndez Valenzuela?<\/p>\n<p>R.- Nunca he tenido miedo a nada ni a nadie y vuelvo a reiterar que es un orgullo que 715 militantes quieran que sea la candidata a la alcald\u00eda.<\/p>\n<p>P.- Las principales familias del PSOE alicantino, la de \u00c1ngel Franco, la de Carmen S\u00e1nchez Brufal, etc. le han apoyado. \u00bfQu\u00e9 recibir\u00e1n a cambio? \u00bfseguir\u00e1 la pol\u00edtica de cuotas si gana?<\/p>\n<p>R.- Recibir\u00e1n lo mismo que el resto de compa\u00f1eros y compa\u00f1eras: mi compromiso por esta ciudad y por el Partido Socialista.<\/p>\n<p>P.- La alcaldesa de Alicante, Sonia Castedo, va por ah\u00ed diciendo que usted es la candidata que le conviene \u00bfla est\u00e1 minusvalorando? \u00bfqu\u00e9 opina de eso?<\/p>\n<p>R.- Coincido con ella en que ser\u00e9 la candidata que conviene a Alicante, porque yo har\u00e9 posible que Alicante vuelva a estar en los primeros puestos de las ciudades con mejor calidad de vida. Llevamos 15 a\u00f1os de retrasos gracias al trabajo del Partido Popular en esta ciudad y en la Generaitat. Eso lo cambiaremos con los alicantinos y las alicantinas.<\/p>\n<p>P.- \u00bfQu\u00e9 opina de presentar a un tr\u00e1nsfuga como candidato del PSOE en Benidorm?<\/p>\n<p>R.- Esa pregunta se la tienen que hacer en D\u00e9nia, en Calpe, en la Vila, en el Puig y en la Vall de Laguart al Partido Popular, que no s\u00f3lo no los expulsa del partido, sino que los pone en los \u00f3rganos de direcci\u00f3n.<\/p>\n<p>P.- \u00bfC\u00f3mo se vive siendo el submarino de Paj\u00edn en la corte de Alarte?<\/p>\n<p>R.- Para mi, Jorge Alarte y Leire Paj\u00edn son el mejor t\u00e1ndem que tenemos en el Partido Socialista. Dos personas honestas, trabajadoras y con firmes ideales por los que luchan todos los d\u00edas. Ya les gustar\u00eda en el Partido Popular tener dirigentes de la categor\u00eda de Jorge Alarte y Leire Paj\u00edn.<\/p>\n<p>P.- \u00bfQu\u00e9 le ha faltado al PSOE de Alicante durante 15 a\u00f1os para no poder ganar al PP en Alicante?<\/p>\n<p>R.- Creo que el tiempo de la autocr\u00edtica que hicimos los socialista, ya ha pasado y ahora estamos en un nuevo tiempo que es ganar las elecciones del 22 de mayo de 2011.<\/p>\n<p>P.- \u00bfC\u00f3mo vivi\u00f3 la &#8220;espant\u00e1&#8221; de Etelvina Andreu, de la que usted fue colaboradora?<\/p>\n<p>R.- La viv\u00ed mal, porque creo que debemos de cumplir con nuestras responsabilidades. Yo permanecer\u00e9 donde los alicantinos y alicantinas quieran que est\u00e9. Nunca he renunciado a mis compromisos.<\/p>\n<p>P.- \u00bfQu\u00e9 aprendi\u00f3 de aquella etapa?<\/p>\n<p>R.- Si se refiere a la etapa en el Ayuntamiento, aprend\u00ed, c\u00f3mo no se debe gobernar la casa que representa a todos los vecinos y vecinas. Aprend\u00ed a que hay que estar en la calle escuchando la realidad de Alicante para poder solucionar los problemas. Aprend\u00ed que no se puede hacer pol\u00edtica saliendo en las fotos, sin ocuparse ni preocuparse de la ciudadan\u00eda.<\/p>\n<p>P.- Qu\u00e9 har\u00e1 del Plan Rabasa si llega a la Alcald\u00eda de Alicante?<\/p>\n<p>R.- Hay que ser respetuoso con los tribunales y esperaremos a su decisi\u00f3n. Desde luego, los socialistas estamos en contra del macroproyecto urban\u00edstico y especulador que quiere hacer el PP en Rabasa con su &#8220;amiguito del alma&#8221;, el de las galletas.<\/p>\n<p>P.- \u00bfQu\u00e9 opina de la huelga de hoy? Est\u00e1 claro que usted no la est\u00e1 haciendo.<\/p>\n<p>R.- Opino que hay que respetar el derecho de los trabajadores a realizar una huelga, no estoy a favor de la huelga de hoy pero estoy convencida de que a partir de ma\u00f1ana el Partido Socialista se volver\u00e1 a sentar con los sindicatos.<\/p>\n<p>P.- \u00bfCu\u00e1l ser\u00e1 su prioridad si llega a la Alcad\u00eda, el Palacio de Congresos, el Parque Central donde va el AVE o peatonalizar el centro?<\/p>\n<p>R.- No podemos hablar s\u00f3lo de una prioridad para esta ciudad. Exigiremos, con la misma contundencia, que la Generalitat aporte el dinero para el Palacio de Congresos que nos niega durante 15 a\u00f1os. El AVE llegar\u00e1 a Alicante en el 2012, gracias al Gobierno de Zapatero y trabajaremos, al mismo tiempo para conseguir ese gran Parque Central.<\/p>\n<p>P.- \u00bfQu\u00e9 puede hacer un ayuntamiento ante la crisis econ\u00f3mica y el paro?<\/p>\n<p>R.- Lo primero que tiene que hacer es tener voluntad pol\u00edtica para hablar con los agentes sociales. En Alicante, gracias a las pol\u00edticas del Partido Popular, centradas en la pol\u00edtica del ladrillo y no asentando las bases de un desarrollo econ\u00f3mico de futuro, estamos padeciendo con m\u00e1s gravedad la crisis que en otras ciudades de nuestro pa\u00eds. Tenemos una tasa de paro superior a la Comunidad Valenciana y a la media de Espa\u00f1a. Yo propondr\u00e9 un gran pacto por el empleo a los agentes sociales, cuyos ejes fundamentales sean la formaci\u00f3n, generar calidad de vida y generar suelo industrial de calidad en esta ciudad, para que aquellas industrias limpias, no contaminantes, que quieran invertir en nuestra ciudad, vean que Alicante es una ciudad en la que se puede invertir y no se vayan fuera, como lo est\u00e1n haciendo actualmente.<\/p>\n<p>P.- \u00bfPor qu\u00e9 en temas como los silos que afectan a todos los vecinos de varios barrios de Alicante el PSOE local ha dicho una cosa y los representantes del Gobierno central, tambi\u00e9n del PSOE, otra muy distinta?<\/p>\n<p>R.- No he o\u00eddo a los representantes del Gobierno central tener una posici\u00f3n diferente a la del PSOE local. Yo le puedo asegurar que he estado en las manifestaciones con los vecinos y que la posici\u00f3n del PSOE es un puerto que genere riqueza, pero que no traiga industrias contaminantes. Ah\u00ed vamos a estar los socialistas.<\/p>\n<p>P.- \u00bfSe cree m\u00e1s ala izquierda que su rival, Fern\u00e1ndez Valenzuela?<\/p>\n<p>R.- Sin lugar a dudas. Es un hecho incontestable.<\/p>\n<p>P.- \u00bfPor qu\u00e9 hace de esquirol en d\u00eda de huelga general ? No pod\u00eda hacer el chat otro d\u00eda? Ya se ven sus genes de derecha<\/p>\n<p>R.- Mis genes son de izquierdas y por eso respeto profundamente la labor de los sindicatos en este pa\u00eds. Son necesarios para la sociedad y los respeto profundamente, aunque no comparta la decisi\u00f3n de hacer huelga hoy.<\/p>\n<p>P.- SRA. MARTIN ,ES CIERTO QUE UD. ACOMPA\u00d1ADA DE OTROS DIRIGENTES DEL PSOE MANTUVO UNA REUNION CON VALENZUELA PARA QUE FUERA EL CANDIDATO Y COMO LA PROPUESTA QUE EL PEDIA,BASICAMENTE ERA PONER EN LA LISTA GENTE DE RECONOCIDA VALIA Y GENTE JOVEN CON GANAS DE TRABAJAR ,OLVIDANDOSE DE LAS CUOTAS FAMILIARES , DESESTIMARON SU CANDIDATURA?<\/p>\n<p>R.- Rotundamente falso. Si Antonio Fern\u00e1ndez ha hecho alguna propuesta de esas caracter\u00edsticas, no ha sido a mi. Y en la candidatura del Partido Socialista, si yo soy la candidata, estar\u00e1n los mejores profesionales, los mejores compa\u00f1eros y compa\u00f1eras, gente joven y con experiencia. Pero lo que le puedo decir es que jam\u00e1s estar\u00e1 gente que haya ido en las listas del Partido Popular, ni que haya defendido sus intereses.<\/p>\n<p>P.- \u00bf que opina usted de Juan Antonio Rom\u00e1n Miralles? \u00bfC\u00f3mo cree que actuo en lo refernte al plan Rabasa?<\/p>\n<p>R.- Comparto la posici\u00f3n que mantuvo el ex secretario general de mi agrupaci\u00f3n. Lo conozco bien desde que coincidimos en Juventudes Socialistas y creo que siempre ha defendido los intereses del partido y de Alicante.<\/p>\n<p>P.- Como mejorarias el centro tradicional.<\/p>\n<p>R.- Hay que apostar decididamente por hacer un gran centro comercial urbano, favorecer a nuestro comercio urbano, d\u00e1ndole facilidades, haciendo que el centro sea un lugar de ocio, de calidad. Tenemos emprendedores de calidad en esta ciudad, por los cuales hay que apostar decididamente.<\/p>\n<p>P.- Como militante socialista no me ha parecido bien que no haya dimitido como secretaria de organizaci\u00f3n, as\u00ed hubiera tenido m\u00e1s credibilidad, ahora bien, \u00bfDimitir\u00e1 cuando se vea de candidata a la Alcald\u00eda? Cosa entendible si quiere dedicarse en cuerpo y alma a conseguir ser alcaldesa y si no lo ha hecho ya, \u00bfEs por que tiene dudas de que pueda ganar las primarias? Tomese en serio lo de alcaldable no como Roque Moreno, que por acaparar n\u00f3minas, ha pasado de ser el casero de los socialistas a estar desahuciado.<\/p>\n<p>R.- Roque Moreno es el secretario general de la agrupaci\u00f3n de Alicante, avalado por m\u00e1s del 75% de la militancia. Dirige una ejecutiva, en la que hay compa\u00f1eros y compa\u00f1eras trabajando todos los d\u00edas, trabajando todos los d\u00edas, pensando en el partido y en la ciudad. Y respecto a mi condici\u00f3n de secretaria de organizaci\u00f3n, en nuestro partido la mayor\u00eda de los dirigentes tienen responsabilidades p\u00fablicas y org\u00e1nicas. Por lo tanto, yo me siento capaz de compatibilizar una responsabilidad org\u00e1nica con una responsabilidad p\u00fablica. Pero me gustar\u00eda decirle que esa pregunta tiene un claro tinte machista. Y le pongo dos ejemplos. A nuestro compa\u00f1ero V\u00edctor Morl\u00e1n, que es secretario de organizaci\u00f3n de los socialistas de Arag\u00f3n y tambi\u00e9n es secretario de estado del Minsterio de Fomento, nunca nadie le ha preguntado si puede compatibilizar los dos cargos. A Rodolfo Ares, que es secretario de organizaci\u00f3n de los socialistas vascos y tambi\u00e9n consejero de Interior del Gobierno socialistas de Patxi L\u00f3pez, nadie le ha preguntado nunca si puede compatibilizar sus cargos.<\/p>\n<p>P.- \u00bfPerteneces a alguna asociacion social?<\/p>\n<p>R.- S\u00ed. Pertenezco a la Asociaci\u00f3n de Afectados por el S\u00edndrome de Marfan (SIMA), pertenezco a Solidaridad Internacional y a M\u00e9dicos sin Fronteras.<\/p>\n<p>P.- \u00bfEliminarias los nombres de las calles de la cidad de Alicante que nos recuerdan la Dictadura de mas de 40 a\u00f1os?<\/p>\n<p>R.- Har\u00eda cumplir sin lugar a dudas la legislaci\u00f3n. He de recordar que gracias al trabajo de la Plataforma de la Recuperaci\u00f3n de la Memoria Hist\u00f3rica y al trabajo del Grupo Municipal Socialista actual, conseguimos quitarle el t\u00edtulo de Hijo Predilecto de la ciudad al fascista dictador Franco. Por lo tanto, los socialistas seguiremos en el mismo camino.<\/p>\n<p>P.- En tu programa electoral, \u00bfpodremos colaborar en un plan general de acesibilidad?,<\/p>\n<p>R.- Sin lugar a dudas, ser\u00e1 un eje fundamental del programa electoral socialista. Alicante tiene que ser una ciudad accesible y sin barreras. Me comprometo a trabajar por ello.<\/p>\n<p>P.- Elena ante un rival con tanta experiencia y largo recorrido en el mundo de la pol\u00edtica, \u00bfte sientes en desventaja?<\/p>\n<p>R.- Me siento con la ventaja del apoyo recibido por parte de mis compa\u00f1eros y compa\u00f1eras, algunos de ellos con una experiencia y una trayectoria reconocidos en la ciudad y en el partido. Ellos nunca abandonaron los valores y las ideas socialistas. De ellos y de ellas he aprendido a luchar por la igualdad, por la libertad, por la solidaridad y por la justicia. Aprovecho la ocasi\u00f3n para darles las gracias por haberme dejado aprender de su experiencia y por nombrar a una persona que es referente para mi, me quedo con la trayectoria y la experiencia de Asunci\u00f3n Cru\u00e1\u00f1es.<\/p>\n<p>P.- En cuanto a alguna de las decisiones m\u00e1s pol\u00e9micas adoptadas por la actual alcaldesa, Sonia Castedo, (ve\u00e1se el botell\u00f3dromo o la peatonalizaci\u00f3n de la Explanada) \u00bfqu\u00e9 opini\u00f3n les merece y c\u00f3mo hubiera actuado usted ante el mismo problema?<\/p>\n<p>R.- Ser\u00e1 despeatonalizaci\u00f3n de la Explanada. Lo que pienso es que tenemos es un Gobierno en el Ayuntamiento dirigido por el Partido Popular que es fruto de la improvisaci\u00f3n, de no tener modelo para esta ciudad y lo que es m\u00e1s grave, de no importarle nada los alicantinos y las alicantinas.<\/p>\n<p>P.- Buenos d\u00edas, sra Mart\u00edn. \u00bfQu\u00e9 le pareci\u00f3 que la alcaldesa se refiriera a usted como la mujer de Javier Macho? \u00bfLe molest\u00f3?<\/p>\n<p>R.- Creo que las palabras descalifican a quien las pronuncia. Me gustar\u00eda pedir respeto para todos y para todas y recordar que en este pa\u00eds, afortunadamente, hace muchos a\u00f1os que las mujeres dejamos de ser &#8220;mujeres de&#8221;. Gracias a la lucha de las mujeres y de hombres que nos han acompa\u00f1ado, las mujeres ya no estamos s\u00f3lo para criar, ni para ser la mujer de nadie.<\/p>\n<p>P.- Como secretaria de Organizaci\u00f3n del PSPV-PSOE&#8230; \u00bfQu\u00e9 piensa de Agust\u00edn Navarro? No me venga con el respeto a los militantes, cuando usted es la que no respeta a los ciudadanos, que siempre pone su partido por encima de los militantes, y no es as\u00ed, sino al contrario. El partido te debe dar las herramientas para gobernar, pero usted debe gobernar para los ciudadanos. Defendiendo sus necesidades. \u00bfQu\u00e9 piensa de Agust\u00edn Navarro? Como un tr\u00e1nsfuga puede volver al PSOE de esta forma? Para cuando una diferenciaci\u00f3n entre partidos pol\u00edticos? Para cuando dejar de ser la misma mierda? Usted, tambi\u00e9n, es responsable de esa mierda, permitiendo estos acontecimientos.<\/p>\n<p>R.- No comparto tu reflexi\u00f3n y por supuesto, tus calificativos. Claro que no todos somos iguales. Quien rompi\u00f3 el Pacto Antitransfuguismo fue el PP en D\u00e9nia, en Calpe, en El Puig, en La Vall de Laguart y en La Vila. Y como secretaria de Organizaci\u00f3n, pido respeto para las decisiones que toman los militantes de este partido. Igual que pido respeto para los militantes de Alicante, que elegir\u00e1n libremente el candidato a la Alcald\u00eda, lo pido para los compa\u00f1eros de Benidorm. Esa es mi responsabilidad.<\/p>\n<p>P.- Qu\u00e9 influencia ha tenido en tu trayectoria pol\u00edtico social tu familia??<\/p>\n<p>R.- Ha tenido mucha influencia. Mi madre me ense\u00f1\u00f3 a ponerme siempre al lado de los desfavorecidos, a no callarme frente las injusticias y a hacerlo siempre con respeto.<\/p>\n<p>P.- Elena lo primero agradecerte la facilidad con la que se puede &#8220;conversar&#8221; contigo, creo que con este son ya cinco los encuentros digitales, pero me gustar\u00eda saber si eres usuaria de nuevas tecnolog\u00edas. Tienes FB? Creo que hoy en d\u00eda es el m\u00e9todo m\u00e1s directo para conocer de primera mano las necesidades de los ciudadanos. Gracias!<\/p>\n<p>R.- Muchas gracias por tus palabras. Soy usuaria de las nuevas tecnolog\u00edas, tengo un perfil en Facebook, que gestiono yo misma, no como otras, que se lo hacen. Y tambi\u00e9n tengo cuenta en Twitter y un &#8220;blog&#8221; que se llama &#8220;Historias Perdidas&#8221;, que tambi\u00e9n llevo yo misma. Si soy elegida candidata a la Alcald\u00eda de Alicante el pr\u00f3ximo domingo, ver\u00e9is que utilizaremos las pol\u00edticas 2.0 y las redes sociales.<\/p>\n<p>P.- Qu\u00e9 planteamiento tienes con la poblaci\u00f3n gitana de Alicante??<\/p>\n<p>R.- Desde luego, no tengo el planteamiento de Nicol\u00e1s Sarkozy. No es decente, ni \u00e9tico, ni moral, discriminar a nadie por su raza.<\/p>\n<p>P.- Qu\u00e9 te diferencia de Sonia Castedo? Dos mujeres j\u00f3venes, con ganas de comerse el mundo, con formaci\u00f3n pol\u00edtica, parece el mismo producto no?<\/p>\n<p>R.- Yo tengo una trayectoria laboral y social en esta ciudad. Siempre he estado con los vecinos y vecinas, que han reivindicado mejoras para Alicante. Yo tengo modelo de ciudad, mientras que el PP no lo ha tenido durante 15 a\u00f1os y, actualmente, menos todav\u00eda.<\/p>\n<p>P.- Crees que la recogida de residuos ( pl\u00e1sticos, papel, vidrio etc&#8230;) es sufciente?? No crees que Alicante incumple con respecto a otras ciudades en este aspecto??<\/p>\n<p>R.- Alicante incumple tantas cosas. No s\u00f3lo en la recogida de residuos, que tambi\u00e9n. Vamos a hablar del vertedero, que el Partido Popular ha convertido en un foco de insalubridad para las partidas rurales de nuestra ciudad, vamos a hablar de la pol\u00edtica de basuras del Partido Popular. Una Generalitat Valenciana que s\u00f3lo nos trae basuras, con el silencio c\u00f3mplice de la alcaldesa, que como siempre est\u00e1 m\u00e1s ocupada de salir en la foto, que de solucionar los problemas de los alicantinos y de las alicantinas.<\/p>\n","protected":false},"excerpt":{"rendered":"<p>La secretaria de Organizaci\u00f3n del PSPV y candidata a las primarias socialistas a la alcald\u00eda de Alicante desvela sus propuestas para la ciudad a pocos d\u00edas para someterse al dictamen de los militantes. Elena Mart\u00edn pugnar\u00e1 en esta carrera interna con el veterano Antonio Fern\u00e1ndez Valenzuela, ex presidente de la Diputaci\u00f3n y la C\u00e1mara de Comercio.<\/p>\n","protected":false},"author":1,"featured_media":0,"comment_status":"open","ping_status":"open","sticky":false,"template":"","format":"standard","meta":{"footnotes":""},"categories":[],"tags":[],"class_list":["post-3463","post","type-post","status-publish","format-standard","hentry"],"_links":{"self":[{"href":"https:\/\/intervius.com\/index.html\/wp-json\/wp\/v2\/posts\/3463","targetHints":{"allow":["GET"]}}],"collection":[{"href":"https:\/\/intervius.com\/index.html\/wp-json\/wp\/v2\/posts"}],"about":[{"href":"https:\/\/intervius.com\/index.html\/wp-json\/wp\/v2\/types\/post"}],"author":[{"embeddable":true,"href":"https:\/\/intervius.com\/index.html\/wp-json\/wp\/v2\/users\/1"}],"replies":[{"embeddable":true,"href":"https:\/\/intervius.com\/index.html\/wp-json\/wp\/v2\/comments?post=3463"}],"version-history":[{"count":0,"href":"https:\/\/intervius.com\/index.html\/wp-json\/wp\/v2\/posts\/3463\/revisions"}],"wp:attachment":[{"href":"https:\/\/intervius.com\/index.html\/wp-json\/wp\/v2\/media?parent=3463"}],"wp:term":[{"taxonomy":"category","embeddable":true,"href":"https:\/\/intervius.com\/index.html\/wp-json\/wp\/v2\/categories?post=3463"},{"taxonomy":"post_tag","embeddable":true,"href":"https:\/\/intervius.com\/index.html\/wp-json\/wp\/v2\/tags?post=3463"}],"curies":[{"name":"wp","href":"https:\/\/api.w.org\/{rel}","templated":true}]}}