{"id":3447,"date":"2010-10-08T00:00:00","date_gmt":"2006-11-06T00:00:00","guid":{"rendered":"https:\/\/intervius.com\/index.html\/?p=3447"},"modified":"2006-11-06T00:00:00","modified_gmt":"2006-11-06T00:00:00","slug":"Javier_Limon3447","status":"publish","type":"post","link":"https:\/\/intervius.com\/index.html\/Javier_Limon3447\/","title":{"rendered":"Javier Lim\u00f3n"},"content":{"rendered":"<p>Pregunta.- Hola Javier, quer\u00eda saber si tienes una canci\u00f3n exclusiva en tu repertorio para la iran\u00ed Sakineh Mohammadi Ashtiani. Ya s\u00e9 que son muchas, pero este caso concretamente es sangrante. Un abrazo y enhorabuena por tu trabajo.<\/p>\n<p>Respuesta.- Tengo varias me encantar\u00eda contactarla&#8230;<\/p>\n<p>P.- Javier Lim\u00f3n, \u00bfun referente musical? No te conoc\u00eda mucho pero el otro d\u00eda tuve la suerte de escucharte en la presentaci\u00f3n de tu \u00e1lbum y me llegaste hondo. Un saludo desde Madrid.<\/p>\n<p>R.- gracias besos el 13 de dic en Madrid otra<\/p>\n<p>P.- Ser\u00e1 que me inundar\u00e1 la nostalgia con uno de tus fados, quiz\u00e1s la alegr\u00eda con una buler\u00eda o ganas de bailar con el cante griego? Menuda mezcla! Dif\u00edcil? Gracias por responder a nuestras preguntas.<\/p>\n<p>R.- Gracias a vosotros besos Mariza grande<\/p>\n<p>P.- Buenos d\u00edas, Dado el cariz que rodea el panorama musical como crees que las nuevas tecnolog\u00edas tales como la web 2.0 pueden adaptarse al entorno musical? En un foro reciente comentaste que la m\u00fasica por internet pierde calidad&#8230; Los nuevos sistemas permiten trasferencias de musica y datos sin perdida de calidad respecto a un formato wma, a que te refieres con esa perdida de calidad? Respecto a que formato? Imagino que ser\u00f1ia respecto a un directo. Espero que la pregunta no sea confusa<\/p>\n<p>R.- un poquito&#8230; ja ja &#8230;. no para m\u00ed lo mejor es el sonido anal\u00f3gico, en la conversi\u00f3n a digital est\u00e1 la clave&#8230; ahora me gustan las cintas de cassete antiguas&#8230;<\/p>\n<p>P.- Hola Javier, En diversos foros he podido ver que planeas una colaboraci\u00f3n con el cantante Chelo, cuando vamos a poder oir el resultado? Enhorabuena por tu carrera, saludos Jimmy<\/p>\n<p>R.- No conozco a este cantante, conozco a una gitanita Chelo de las chamorro que canta muy bonito<\/p>\n<p>P.- \u00bf C\u00f3mo ha sido trabajar con mujeres tan diferentes?<\/p>\n<p>R.- Mezcla de emociones, todas incre\u00edbles<\/p>\n<p>P.- Hola.Soy de Almonte, el pueblo de Sandra Carrasco, \u00bfcuando podremos difrutar de un disco de ella? \u00bfTiene Sandra un gran futuro por delante?<\/p>\n<p>R.- SAndra es la mayor promesa del flamenco, disco en ENERO FEBRERO de 2011 va a reventar<\/p>\n<p>P.- Hola Javier. Supongo habr\u00e1s visitado Ir\u00e1n. \u00bfQu\u00e9 te pareci\u00f3? A mi me sorprendi\u00f3 la hospitalidad de la gente, y lo diferente de la imagen externa que olvida su pasado hasta 197Con toda la represi\u00f3n que hay, me parece muuuuucho m\u00e1s abierto y moderno que Arabia Saudi y otros tantos paises de la zona de los que no se habla tanto por &#8220;inter\u00e9s&#8221;. \u00bfNo crees? Gracias por tu trabajo.<\/p>\n<p>R.- Me encanta el mundo \u00e1rabe en general, me apasiona su cultura y su est\u00e9tica&#8230; L\u00edbano, T\u00fanez etc&#8230; es una maravilla hay que intentar acercar posiciones&#8230;<\/p>\n<p>P.- Bonito tema el elegido para su trabajo&#8230; \u00bfc\u00f3mo surge la idea de centrarse en las mujeres? Y, sobre todo, \u00bfc\u00f3mo surge la idea de centrarse en mujeres iran\u00edes? Gracias por estar con nosotros en la Red.<\/p>\n<p>R.- Para m\u00ed es un disco b\u00e1sicamente de canciones bonitas, luego vino el mediterr\u00e1neo, luego la mujer como int\u00e9rprete global, y luego el mundo de las que no pueden cantar como dedicatoria necesaria&#8230;<\/p>\n<p>P.- \u00bfTe ves haciendo otra cosa que no sea la m\u00fasica?<\/p>\n<p>R.- miles, cocinar, viajar, no hacer nada, leer&#8230; vicios&#8230;<\/p>\n<p>P.- Hola Javier, qu\u00e9 tal?&#8230; quer\u00eda decirte en primer lugar que el tema &#8220;Agua misteriosa&#8221;, interpretada por mi paisana (de Ceuta) &#8220;La Shica&#8221;, me tiene &#8220;embrujao&#8221;&#8230; es por ello que me gustar\u00eda saber si habr\u00e1 m\u00e1s colaboraciones entre ambos&#8230; gracias y suerte con el disco.<\/p>\n<p>R.- Muchas, creo que nos vamos a ir a vivir a USA juntos, es grande, y amiga&#8230;<\/p>\n<p>P.- \u00bfCu\u00e1l es tu canci\u00f3n preferida del disco? Un abrazo.<\/p>\n<p>R.- Manuela de Estrella MOrente<\/p>\n<p>P.- \u00bfPuedes enumerarnos qu\u00e9 cantantes est\u00e1n en el disco?<\/p>\n<p>R.- Mariza, Buika, La Shica, MOntse, Genara, AYnur, Eleftheria, Estrella, Yasmin, Susi, Sandra, Carmen&#8230;Linares<\/p>\n<p>P.- \u00bfC\u00f3mo surge Mujeres de agua?<\/p>\n<p>R.- Es una b\u00fasqueda de canciones por el mediterr\u00e1neo son joyas que estaban sin descubrir&#8230;<\/p>\n<p>P.- Hola. Querria saber que opina de la SGAE como organizaci\u00f3n y la forma actual de recaudaci\u00f3n para los artistas. Muchas gracias.<\/p>\n<p>R.- SGAE ha realizado un trabajo muy bueno durante muchos a\u00f1os, en POrtugal por ejemplo mis colegas no ven un duro de un concierto ni locos, lo que tiene que hacer es mejorar su imagen p\u00fablica, simplemente mostrar lo que hacen que es mucho&#8230;<\/p>\n<p>P.- Hace poco escuch\u00e9 en una entrevista en RNE con la shica&#8230;.\u00bfEs uno de tus \u00faltimos grandes descubrimientos? \u00bfEs importante el buen rollo entre productor y artista?<\/p>\n<p>R.- Es una t\u00eda maravillosa, artistaza de pies a acabeza, la adoro&#8230; yo m\u00e1s que productor soy m\u00fasico, pero es muy importante el buen rollo , desde luego<\/p>\n<p>P.- Hola Javier, qu\u00e9 tal?&#8230; el tema &#8220;Agua misteriosa&#8221;, interpretada por mi paisana (de Ceuta) &#8220;La Shica&#8221;, me tiene &#8220;embrujao&#8221;&#8230; es por eso que me gustar\u00eda saber si habr\u00e1n m\u00e1s colaboraciones entre ambos. Gracias y suerte con el disco.<\/p>\n<p>R.- SI ya contest\u00e9<\/p>\n<p>P.- Hola Javier, qu\u00e9 bonito disco. En cuanto supe de este proyecto pens\u00e9 que la voz de M\u00f3nica Molina le hubiese ido que ni pintada al album. No pensasteis en ella para el elenco de voces o es que no pudo ser por alguna cuesti\u00f3n? Un saludo y enhorabuena por el disco.<\/p>\n<p>R.- La verdad es que no pens\u00e9 en ella, aunque me gusta bastante.<\/p>\n<p>P.- Hola Javier!!! \u00bfPor qu\u00e9 no haces un disco de guitarra flamenca como Dios manda, con toda la calidad que tu tienes, tu amplia formaci\u00f3n, etc y dejas de crear al rebufo de lo pol\u00edticamente correcto y econ\u00f3micamente rentable? Un fuerte abrazo. Desde mi total admiraci\u00f3n por tu labor de productor<\/p>\n<p>R.- Me encanta que digas que mi disco es econ\u00f3micamente rentable ya que nunca un disco m\u00edo o producido por m\u00ed ha sonado en las radios COMO cuarenta O dial, yo intento hacer m\u00fasica comercial, de verdad que lo intento, pero no me sale&#8230; Por otro lado un disco de guitarra flamenca que no sea el de Paco me parece un tost\u00f3n, aunque sea m\u00edo.<\/p>\n<p>P.- Buenos d\u00edas Javier. Estuviste detr\u00e1s del debut de ONDINA, siendo su productor. Me gustar\u00eda saber si participar\u00e1s tambi\u00e9n en su segundo trabajo y desearte mucha suerte con &#8220;Mujeres al agua&#8221;. Juanjo Alicante<\/p>\n<p>R.- No lo voy a producir, pero s\u00ed estar\u00e9 supervisando, llega un momento en que hay que seleccionar los trabajos, yo ahora solo producir\u00e9 discos en los que yo asuma la carga creativa, o parte de la carga creativa.<\/p>\n<p>P.- Que tal trabajar con La Susi?<\/p>\n<p>R.- Genial, es grande buena gente y muy gitana, pura&#8230;<\/p>\n<p>P.- \u00bfQu\u00e9 proyectos tienes a la vista?<\/p>\n<p>R.- Anoushka Shankar, Carmen Amaya, Berklee, Ni\u00f1os de fuego, vete tu a saber&#8230;..<\/p>\n<p>P.- \u00bfCu\u00e1les son las claves del sonido Lim\u00f3n?<\/p>\n<p>R.- CReo que la clave del sonido Lim\u00f3n es que realmente no existe, si se analiza cuidadosamente no hay nada que ver entre Calamaro, PAco de Luc\u00eda, L\u00e1grimas Negras, Luz Casal&#8230; el cambio constante es la clave&#8230; nunca dormir dos veces en el mismo estudio &#8230;<\/p>\n<p>P.- Como creador y productor de flamenco, que piensas de la Bienal de Sevilla?<\/p>\n<p>R.- No sigo mucho a la Bienal, me da la sensaci\u00f3n de que la Junta se gasta dinerales en espect\u00e1culos que nunca se vuelven a ver en ning\u00fan sitio y que si no fuera por el dinero p\u00fablico ni se estrenar\u00edan&#8230; al menos este a\u00f1o va Paco&#8230;<\/p>\n<p>P.- \u00bfCuando te emocionas m\u00e1s, en el estudio de grabaci\u00f3n o en los directos en conciertos?<\/p>\n<p>R.- En el estudio sin duda, los conciertos tienen horario, precio de butaca, sonido malo de micros, monitores, es demasiado comercial y r\u00edgido&#8230; en el estudio la libertad es plena&#8230;<\/p>\n<p>P.- \u00bfEsperabas que funcionase tan bien a nivel ventas este Mujeres de agua?<\/p>\n<p>R.- Para nada, me alegra much\u00edsimo que un disco alternativo de canciones de ra\u00edz genere inter\u00e9s a la gente, es un orgullo&#8230;<\/p>\n<p>P.- \u00bfA quien recomendar\u00edas escuchar Mujeres de agua? \u00bfy sobre qu\u00e9 hora y en qu\u00e9 circunstancias? Gracias.<\/p>\n<p>R.- A todo el que quiera estar tranquilo pasando un rato relajado y viejando mentalmente a lugares maravillosos del mediterr\u00e1neo&#8230; y las mujeres, a todas&#8230;<\/p>\n<p>P.- El futuro del CD esta decidido, pero la venta por internet no termina de funcionar. El tema da para mucho&#8230; En poco&#8230;, \u00bfdonde crees que esta el camino para que la musica pueda ser consumida como hasta hace poco ha sido?<\/p>\n<p>R.- No tengo la menor idea, el CD va a morir definitivamente&#8230; a lo mejor ahora pasamos al multiformato, y la m\u00fasica se empieza a escuchar de muchas maneras&#8230; pero nadie lo sabe&#8230; nosotros tenemos que decidirlo como p\u00fablico&#8230; no deciden las compa\u00f1\u00edas sino nosotros&#8230;<\/p>\n<p>P.- para el proximo disco que?<\/p>\n<p>R.- NI\u00f1os de fuego&#8230;. siempre rumbo a Oriente, bien orientado y bien orientalizado&#8230;<\/p>\n<p>P.- Si me dicen cuando empezaste erre que erre a dar clases con Pepe de Luc\u00eda que ibas a acabar como un reconocido productor\/compositor\/mu sico me hubiera reido. Tengo que reconocer que me me equivocaba. Me quito el sombrero ante lo que has conseguido. Saludos a Ana, Salo y Richi.<\/p>\n<p>R.- Creo que lo importante no es el comienzo sino la capacidad evolutiva y los resultados, antes que Pepe fu\u00e9 USA y antes los jesuitas, y despu\u00e9s los gitanos&#8230; Desde luego en mi vida se han quedado los que se ten\u00edan que quedar y se fueron los que se ten\u00edan que ir, el disco duro es mejor vaciarlo constantemente, para poder llenarlo una y otra vez&#8230;<\/p>\n<p>P.- Hola Javier, como productor que ha trabajado en la actualizacion del flamanco por un camino muy personal, que te parecen otros actualizadores como Chico Oca\u00f1a, Delincuentes o Muchachito Bombo?<\/p>\n<p>R.- CReo que la escuela de Kiko Veneno es muy buena, y si la m\u00fasica tiene soniquete&#8230; por m\u00ed genial.<\/p>\n","protected":false},"excerpt":{"rendered":"<p>Mujeres de agua es su proyecto m\u00e1s ambicioso. Doce voces femeninas se unen en este disco dedicado a las cantantes iran\u00edes perseguidas y silenciadas. Las diferentes culturas musicales a orillas del Mediterr\u00e1neo y las voces de sus mujeres son el hilo conductor. Un disco donde conviven fados, coplas por buler\u00edas, soniquetes del Kurdist\u00e1n, pasodobles turcos o cante tradicional griego.<br \/>\nEspecial: Mujeres de agua <\/p>\n","protected":false},"author":1,"featured_media":0,"comment_status":"open","ping_status":"open","sticky":false,"template":"","format":"standard","meta":{"footnotes":""},"categories":[],"tags":[],"class_list":["post-3447","post","type-post","status-publish","format-standard","hentry"],"_links":{"self":[{"href":"https:\/\/intervius.com\/index.html\/wp-json\/wp\/v2\/posts\/3447","targetHints":{"allow":["GET"]}}],"collection":[{"href":"https:\/\/intervius.com\/index.html\/wp-json\/wp\/v2\/posts"}],"about":[{"href":"https:\/\/intervius.com\/index.html\/wp-json\/wp\/v2\/types\/post"}],"author":[{"embeddable":true,"href":"https:\/\/intervius.com\/index.html\/wp-json\/wp\/v2\/users\/1"}],"replies":[{"embeddable":true,"href":"https:\/\/intervius.com\/index.html\/wp-json\/wp\/v2\/comments?post=3447"}],"version-history":[{"count":0,"href":"https:\/\/intervius.com\/index.html\/wp-json\/wp\/v2\/posts\/3447\/revisions"}],"wp:attachment":[{"href":"https:\/\/intervius.com\/index.html\/wp-json\/wp\/v2\/media?parent=3447"}],"wp:term":[{"taxonomy":"category","embeddable":true,"href":"https:\/\/intervius.com\/index.html\/wp-json\/wp\/v2\/categories?post=3447"},{"taxonomy":"post_tag","embeddable":true,"href":"https:\/\/intervius.com\/index.html\/wp-json\/wp\/v2\/tags?post=3447"}],"curies":[{"name":"wp","href":"https:\/\/api.w.org\/{rel}","templated":true}]}}