{"id":3437,"date":"2010-10-19T00:00:00","date_gmt":"2006-11-06T00:00:00","guid":{"rendered":"https:\/\/intervius.com\/index.html\/?p=3437"},"modified":"2006-11-06T00:00:00","modified_gmt":"2006-11-06T00:00:00","slug":"Leopoldo_Abadia3437","status":"publish","type":"post","link":"https:\/\/intervius.com\/index.html\/Leopoldo_Abadia3437\/","title":{"rendered":"Leopoldo Abad\u00eda"},"content":{"rendered":"<p>Pregunta.- Hola Leopoldo, mi nombre es Alex y soy estudiante de primero en Econom\u00eda. Mi pregunta es, \u00bfqu\u00e9 es lo que har\u00eda usted para aumentar el consumo y la inversi\u00f3n?<\/p>\n<p>Respuesta.- No s\u00e9 porque hay que aumentar el consumo. Hay que gastar con la cabeza. Eso traer\u00e1 consigo el ahorro, que me parece que es una cosa muy buena, que sirve para invertir y ayuda a que las empresas puedan crear empleo.<\/p>\n<p>P.- \u00bfEl t\u00edtulo de su libro de refiere a Jos\u00e9 Luis Rodr\u00edguez Zapatero? Un saludo y gracias<\/p>\n<p>R.- No. Cuando digo t\u00fa me estoy refiriendo a ti, a mi y a la gente de la calle.<\/p>\n<p>P.- Hola Leopoldo, En primer lugar me gustar\u00eda felicitarle por sus anteriores ediciones; espero que esta sea igual o mejor que ellas. Me gustar\u00eda saber si usted cree que si el gobierno hubiera tomado las medidas necesarias en el momento oportuno la situaci\u00f3n ser\u00eda muy diferente a la actual o por el contrario, no habr\u00eda mucha diferencia debido a que dependemos en gran medida del resto de pa\u00edses. Un cordial saludo.<\/p>\n<p>R.- Dependemos del resto de los pa\u00edses, como todo el mundo porque estamos en un mundo globalizado. El Gobierno ha tomado las medidas muy tarde y ahora las est\u00e1 tomando obligado por los dem\u00e1s (Obama, Merkel,&#8230;).<\/p>\n<p>P.- Estimado Sr. Abad\u00eda. He sido un ciudadano ejemplar, he ganado 6 pesetas, he gastado 4 y ahorrado Tengo dos t\u00edtulos Universitarios, ahora soy funcionario. Seg\u00fan dicen soy un privilegiado, aunque pienso que solo me he dedicado hacer bien mi trabajo. Ahora me suben los impuestos, me bajan el sueldo, no entiendo nada. Y la pregunta, tengo 100.000 euros ahorrados (tengo 50 a\u00f1os), que hago con ellos, estoy pensando llev\u00e1rmelos a Suiza o Luxemburgo (todo legal), para no dejarlo en manos de estos.. \u00bfQu\u00e9 piensa usted? Gracias<\/p>\n<p>R.- Hombre, no ha ganado usted seis pesetas&#8230; Es muy f\u00e1cil entender lo que pasa: cuando t\u00fa ganabas seis pesetas si hubieras gastado 12 habr\u00edas tenido que hacer dos cosas: intentar subir las 6 e intentar bajar las Aqu\u00ed pasa lo mismo. El Gobierno est\u00e1 intentando subir las 6 (subir los impuestos) y bajar las 12 (es decir, rebajarte el sueldo como funcionario). Respecto a los 100.000 euros que tienes ahorrados (que no s\u00e9 c\u00f3mo los has sacado) me parece que lo mejor es invertir en algo que entiendas y, si es posible, que ayude a alguna empresa a crear empleo.<\/p>\n<p>P.- Buenos d\u00edas Sr. Abad\u00eda, me declaro forofo de usted. \u00bfHa leido ud. los presupuestos?, \u00bfque le parecen?<\/p>\n<p>R.- 1) Est\u00e1n hechos para cumplir con la obligaci\u00f3n de que gastos menos ingresos igual a 60.000 millones de euros, que es el 6% del PIB. 2) Los ingresos (b\u00e1sicamente impuestos) est\u00e1n calculados en funci\u00f3n de un crecimiento del 13% del PIB, que yo estoy convencido de que no se conseguir\u00e1. Por lo tanto, los ingresos ser\u00e1n menores y el d\u00e9ficit ser\u00e1 mayor. Como consecuencia, habr\u00e1 nueva subida de impuestos y nueva bajada de gastos en lo que pueda.<\/p>\n<p>P.- tengo sus anteriores libros, muy buenos y con una lectura muy amena. Me podr\u00eda dar tres razones por las cuales deber\u00eda comprar su libro?<\/p>\n<p>R.- 1) Por lealtad hacia m\u00ed. 2) Hablando en serio, en este libro he pretendido dirigirme a la gente de la calle porque nos espera una \u00e9poca larga y muy dura. 3) Hablo de la creaci\u00f3n de una nueva moneda, &#8220;el euro de goma&#8221;, que es el euro que se estira, mejor dicho, que lo estiramos con nuestro comportamiento responsable.<\/p>\n<p>P.- Sr. Abad\u00eda, llevamos 3 a\u00f1os muy malos (los peores desde la democracia) que nunca predijeron los analistas econ\u00f3micos, la pregunta es muy sencilla, \u00bfhemos tocado fondo o todav\u00eda puede empeorar? y \u00bfcuanto tiempo nos queda todav\u00eda para pasar p\u00e1gina a la crisis?. Saludos, Paco de Burriana<\/p>\n<p>R.- 1) Creo que no hemos tocado fondo. Dir\u00e9 que hemos tocado fondo cuando la cifra de personas sin empleo (4.645.500 en 24 de julio de 2010) mejore en dos trimestres consecutivos. 2) No hagas caso de ninguna predicci\u00f3n, venga de quien venga porque nadie sabe cu\u00e1nto durar\u00e1 esta crisis. Lo que s\u00ed s\u00e9 es que durar\u00e1 mucho.<\/p>\n<p>P.- Yo soy madre de familia numerosa pero llevo desempleada m\u00e1s de 20 a\u00f1os gracias a mi discapacidad. Mis hijos son todos estudiantes y adolescentes y mi marido funcionario . \u00bfUsted cree que saldremos de la crisis gracias al &#8220;ahorro en la familia&#8221;?. Gracias. Me gust\u00f3 mucho mucho su libro &#8220;La crisis ninja y otros&#8230;&#8221;, pero me resulta inaplicable .<\/p>\n<p>R.- Felicidades por tu familia. El ahorro en la familia es muy bueno. Te permite vivir bien (a tu nivel) y angustiarte menos que si estiras el brazo m\u00e1s que la manga.<\/p>\n<p>P.- buenos dias, soy roberto admirador suyo y encantado de sus 2 libros anteriores, soy importador de zapatos de china, y el tema china se habla poco no cree que aparte de la burbuja inmobiliaria el tema de los ninja,desde que se globalizo la economia o desde que china ha entrado a vender en todo el mundo sin cuotas ,es parte del gran problema de hoy?? yo soy de los que se opina que no se puede competir contra gente que gana 80 dolares, y desde mi humilde opinion veo 2 soluciones o cortar importaciones desde china de todo no solo zapatos (cosa imposible) o que china se le obligue a comprarnos parte de nuestros productos para compensar la balanza de impor export me gustaria conocer su opinion saludos y muchas gracias<\/p>\n<p>R.- A m\u00ed me parece que en este mundo globalizado hay muchas tentaciones (muy explicables) de proteccionismo, pero me parece que las cosas no van por ah\u00ed. Una constructora peque\u00f1a ha comprado un terreno en China, ha hecho 16 naves y se las ha vendido a 16 pymes catalanas, que cansadas de que los chinos les hagan la competencia se han hecho chinas. Seguramente esto es un ejemplo de gente que tiene problemas, pero que intenta sacar el mejor partido posible de ellos.<\/p>\n<p>P.- \u00bfQu\u00e9 va a apasar con las viviendas y suelos que tienen los bancos? \u00bfBajar\u00e1 el precio considerablemente cuando empeicen a ponerlos masivamente en el mercado? Gracias<\/p>\n<p>R.- Yo creo que s\u00ed. Lo que pasa es que los bancos se resisten porque cuando hagan eso aparecer\u00e1n p\u00e9rdidas en su cuenta de resultados.<\/p>\n<p>P.- No cree usted Leopoldo, que algo no va bien en este pa\u00eds, cuando estamos viviendo una gran crisis econ\u00f3mica y de valores, y los espa\u00f1oles no salen a la calle para protestar c\u00f3mo lo hacen los Franceses ( llevan 6 huelgas general y siguen )<\/p>\n<p>R.- Creo que la huelga general no es el camino. Tambi\u00e9n creo que la del 29-S fue un fracaso. Creo que no hay otro camino m\u00e1s que el de volver a la realidad despu\u00e9s de habernos pasado muchos a\u00f1os viviendo artificialmente gracias al &#8220;engrase financiero&#8221;. A todos nos cuesta darnos cuenta de que somos m\u00e1s pobres que antes. Esto duele mucho. Creo que los gobernantes deben explicar claramente a la gente la situaci\u00f3n y decirles que viene una \u00e9poca de mucho sacrificio.<\/p>\n<p>P.- Buenos d\u00edas Sr. Abad\u00eda: Quiero preguntarle cual de estas opciones elegir\u00eda para salvar el sistema de pensiones desde dos perspectivas, una si fuera pol\u00edtico y otra si fuera economista: Subirlas por debajo de lo que crece el IPC Aumentar la edad de jubilaci\u00f3n. Aumentar los a\u00f1os trabajados para calcularla. Pasar a un sistema no de reparto sino de capitalizaci\u00f3n. Si tuviera 33 a\u00f1os y fuera de la generaci\u00f3n del babyboom estar\u00eda preocupado, \u00bfverdad?<\/p>\n<p>R.- En Europa hemos decidido no tener hijos. Y los viejos no nos morimos ni a tiros. El futuro de las pensiones es muy negro. El retraso en la edad de jubilaci\u00f3n equivale a retrasar los pagos, como puedo hacer yo en el supermercado si no tengo dinero (le digo &#8220;ya te pagar\u00e9&#8221;). Yo, si fuera pol\u00edtico, explicar\u00eda muy claramente las cuentas de la Seguridad Social (muy claramente quiere decir euro a euro, no con frases tales como &#8220;el sistema tiene una salud excelente&#8221;). Si hiciera eso tendr\u00eda autoridad moral para congelar las pensiones, subirlas menos que el IPC, retrasar la edad de jubilaci\u00f3n (medida que me parece dur\u00edsima), etc. Una cosa que hice yo hace a\u00f1os fue hacerme un plan privado de pensiones, para complementar el p\u00fablico. Me parece que es una buena idea.<\/p>\n<p>P.- Sr. Abad\u00eda: Vivo en r\u00e9gimen de alquiler, y ante la pr\u00f3xima p\u00e9rdida de la deducci\u00f3n fiscal por la adquisici\u00f3n de vivienda habitual, me estoy planteando comprar un piso; pero creo que la burbuja inmobiliaria a\u00fan no ha terminado de desinflarse&#8230; \u00bfCree Ud. que el precio de la vivienda seguir\u00e1 bajando, o que, por el contrario, le queda ya muy poco margen de bajada?<\/p>\n<p>R.- Creo que a\u00fan le queda margen de bajada. Como de un 15-20%, por lo cual yo esperar\u00eda. Pero sin tensar la cuerda, sin esperar demasiado. Si hay un piso que te gusta ahora, negocia con el propietario y aprieta lo que puedas.<\/p>\n<p>P.- Esta deacuerdo con el planteamiento del Sr. Diaz Ferran de que &#8220;HAY QUE TRABAJAR MAS Y COBRAR MENOS &#8221; . Saludos<\/p>\n<p>R.- Siempre hay que trabajar mejor (no digo m\u00e1s, digo mejor). En estos momentos l\u00f3gicamente ganaremos menos, pero la receta de este se\u00f1or me parece que no es presentable, como tal receta. Adem\u00e1s, me parece que este se\u00f1or deber\u00eda haber dejado su puesto en la CEOE hace tiempo por la \u00fanica raz\u00f3n de que como tiene problemas graves en casa, l\u00f3gicamente cuando est\u00e9 en la CEOE estar\u00e1 distra\u00eddo pensando en sus problemas.<\/p>\n<p>P.- \u00bfQu\u00e9 recomienda a los j\u00f3venes universitarios que han terminado su carrera y est\u00e1n en el paro? \u00bfSeguir form\u00e1ndose (m\u00e1ster, otra carrera), buscar trabajo, opositar, emprender? \u00bfDe qu\u00e9 es momento?<\/p>\n<p>R.- 1) Emprender. 2) Buscar trabajo. 3) A la vez, seguir form\u00e1ndose. Para m\u00ed ese es el orden.<\/p>\n<p>P.- Sr. Abadia. Como todos sabemos, y no estoy descubriendo nada, hay una ingente cantidad de funcionarios en este pais cuya productividad es mas que discutible y conste que conozco muchas excepciones. Teniendo en cuenta que cada vez se habla m\u00e1s del cambio del modelo productivo \u00bfNo piensa vd. que seria necesario una reforma urgente del funcionariado?. Gracias de antemano. Antonio de Sevilla.<\/p>\n<p>R.- Creo que en el Gobierno central, autonom\u00edas, diputaciones y ayuntamientos, hay que hacer un presupuesto base cero. Es decir, si el a\u00f1o pasado gastamos 100 no partir de esos 100 para hacer el nuevo presupuesto sino meterse a fondo en los 100 para ver si son necesarios. As\u00ed descubriremos los departamentos que sobran, las personas que sobran, etc. Creo que hasta que no se haga eso, que es f\u00e1cil de hacer t\u00e9cnicamente y dif\u00edcil pol\u00edticamente, lo dem\u00e1s ser\u00e1n parches.<\/p>\n<p>P.- Buenos d\u00edas Don Leopoldo, me gustar\u00eda saber a qu\u00e9 se va a dedicar cuando salgamos de la crisis. Gracias, un saludo desde Salamanca.<\/p>\n<p>R.- A mis 77 a\u00f1os, cuando me preguntan c\u00f3mo veo mi futuro, siempre contesto lo mismo: &#8220;Corto&#8221;.<\/p>\n<p>P.- Buenos d\u00edas Don Leopoldo: \u00bfEs posible que la crisis que azota a occidente se deba a la excesiva especializaci\u00f3n de la econom\u00eda que ha provocado la globalizaci\u00f3n? Me refiero a la concentraci\u00f3n de industrias y producci\u00f3n agr\u00edcola en ciertos paises en v\u00edas de desarrollo o cuando no superpotencias como China, debilitando los sectores primarios y secundarios de las econom\u00edas occidentales. \u00bfEs un anatema volver a un sistema proteccionistas para incentivar esos sectores?<\/p>\n<p>R.- Hace tiempo que decidimos ir a la globalizaci\u00f3n. Me parece que el proteccionismo es volver hacia atr\u00e1s. No s\u00e9 contestarte, pero a m\u00ed me gusta m\u00e1s la globalizaci\u00f3n.<\/p>\n<p>P.- \u00bfQu\u00e9 le parece la promesa electoral de Montilla de pagarles un sueldo mensual a los ni-nis?<\/p>\n<p>R.- Una aut\u00e9ntica tonter\u00eda.<\/p>\n<p>P.- Desde que public\u00f3 su libro la Crisis Ninja, hasta el dia de hoy \u00bfVamos a mejor o a peor?<\/p>\n<p>R.- No vamos a mejor. La ventaja de ahora es que el Gobierno, obligado por las circunstancias, se ha enterado.<\/p>\n","protected":false},"excerpt":{"rendered":"<p>Tiene nuevo libro: \u00bfQu\u00e9 hace una persona como t\u00fa en una crisis como esta? (Ed. Espasa). Leopoldo Abad\u00eda aborda las medidas econ\u00f3micas del gobierno, la postura de los sindicatos, el ahorro en la familia, c\u00f3mo invertimos nuestros ahorros y otros tantos temas fundamentales para que comprendamos lo que est\u00e1 pasando y actuar en consecuencia.<\/p>\n","protected":false},"author":1,"featured_media":0,"comment_status":"open","ping_status":"open","sticky":false,"template":"","format":"standard","meta":{"footnotes":""},"categories":[],"tags":[],"class_list":["post-3437","post","type-post","status-publish","format-standard","hentry"],"_links":{"self":[{"href":"https:\/\/intervius.com\/index.html\/wp-json\/wp\/v2\/posts\/3437","targetHints":{"allow":["GET"]}}],"collection":[{"href":"https:\/\/intervius.com\/index.html\/wp-json\/wp\/v2\/posts"}],"about":[{"href":"https:\/\/intervius.com\/index.html\/wp-json\/wp\/v2\/types\/post"}],"author":[{"embeddable":true,"href":"https:\/\/intervius.com\/index.html\/wp-json\/wp\/v2\/users\/1"}],"replies":[{"embeddable":true,"href":"https:\/\/intervius.com\/index.html\/wp-json\/wp\/v2\/comments?post=3437"}],"version-history":[{"count":0,"href":"https:\/\/intervius.com\/index.html\/wp-json\/wp\/v2\/posts\/3437\/revisions"}],"wp:attachment":[{"href":"https:\/\/intervius.com\/index.html\/wp-json\/wp\/v2\/media?parent=3437"}],"wp:term":[{"taxonomy":"category","embeddable":true,"href":"https:\/\/intervius.com\/index.html\/wp-json\/wp\/v2\/categories?post=3437"},{"taxonomy":"post_tag","embeddable":true,"href":"https:\/\/intervius.com\/index.html\/wp-json\/wp\/v2\/tags?post=3437"}],"curies":[{"name":"wp","href":"https:\/\/api.w.org\/{rel}","templated":true}]}}