{"id":3423,"date":"2010-10-26T00:00:00","date_gmt":"2006-11-06T00:00:00","guid":{"rendered":"https:\/\/intervius.com\/index.html\/?p=3423"},"modified":"2006-11-06T00:00:00","modified_gmt":"2006-11-06T00:00:00","slug":"Xoel_Lopez3423","status":"publish","type":"post","link":"https:\/\/intervius.com\/index.html\/Xoel_Lopez3423\/","title":{"rendered":"Xoel L\u00f3pez"},"content":{"rendered":"<p>Pregunta.- Xoel, te descubr\u00ed en la serie de documentales del National Geographic sobre el Camino de Santiago. Dinos la verdad, \u00bfrecorriste todos esos kil\u00f3metros a pie desde Centroeuropa, o la caravana de producci\u00f3n te ayudaron a avanzar hasta Santiago? Sea como fuere, me encant\u00f3 tu trabajo y me anim\u00f3 a intentar hacer el camino este A\u00f1o Xacobeo. Un abrazo. Paqui<\/p>\n<p>Respuesta.- Es una pel\u00edcula. No es real 100%. Hubo partes que, efectivamente, hicimos en veh\u00edculo. Por eso despu\u00e9s me qued\u00e9 con las ganas de emprender mi propio camino y me fui de aventura por ah\u00ed a Las Am\u00e9ricas.<\/p>\n<p>P.- Hola Xoel!! Hace a\u00f1os en un concierto en Sevilla me firmaste la entrada y me la dedicaste escribiendo que me llamaba como tu madre. Me di\u00f3 la sensaci\u00f3n de que eras una persona muy familiar. C\u00f3mo influye tu familia en tu m\u00fasica? Muchos besos. (Ya sabes c\u00f3mo me llamo jejeje)<\/p>\n<p>R.- Pues s\u00ed, influye. Tuve la suerte de haber sido criado en un ambiente muy art\u00edstico y muy variado. Mi casa estaba sienmpre llena de pintores, escritores, fot\u00f3grafos, m\u00fasicos, etc&#8230; Y siempre pas\u00f3 gente por casa de todas las nacionalidades, razas, clases sociales, religiones y sexos eso me marc\u00f3 en mi forma de entender mi vida y mi m\u00fasica, l\u00f3gicamente. Por eso me gustan tantas cosas diferentes y por eso me considero una persona muy abierta en todos los sentidos.<\/p>\n<p>P.- Hola, Xoel! \u00bfQu\u00e9 tal la acogida en Vigo? \u00bfQu\u00e9 les parece el p\u00fablico espa\u00f1ol a tus invitados? Muchas gracias. Flor.<\/p>\n<p>R.- Pues fliparon. Se sorprendieron para bien. Quiz\u00e1s no eran conscientes todos ellos de la energ\u00eda que se creaba con mi p\u00fablico. Es la leche, yo lo echaba mucho de menos y ellos lo disfrutaron un mont\u00f3n. Est\u00e1n alucinando con en el Pa\u00eds, empezando por Galicia que les pareci\u00f3 un para\u00edso, sobre todo gastron\u00f3mico.<\/p>\n<p>P.- \u00bf C\u00f3mo ha sido la experiencia en America?<\/p>\n<p>R.- Acojonante. Fundamental para m\u00ed. Intu\u00eda que iba a ser enrriquecedora pero nunca pens\u00e9 que fuera a llegar a ser algo tan grande. En los conciertos se est\u00e1 notando toda esa enrg\u00eda, esa cosa m\u00e1gica que se cre\u00f3 en cada paso de este camino de 2 a\u00f1os de aventura.<\/p>\n<p>P.- \u00bfQu\u00e9 opinas de la crisis de las musas? \u00bfD\u00f3nde es m\u00e1s f\u00e1cil encontrar la inspiraci\u00f3n, en Espa\u00f1a o en America? Un saludo<\/p>\n<p>R.- Yo aun no he pasado algo as\u00ed. De hecho ya tengo 11 discos y siento que esto s\u00f3lo es el principio. Me muero de ganas de hacer un disco nuevo, ya tengo las canciones pero lo quiero hacer con calma. Respecto al lugar. Yo creo que depende m\u00e1s bien de uno, del tiempo que tengas, de las ganas de comunicar, de muchas cosas&#8230; Lo importante es seguir observando, viviendo experiencias de todo tipo y estar atento.<\/p>\n<p>P.- S\u00f3lo quiero que sepas una cosa. Utilizo Ver en la oscuridad como revulsivo cuando estoy de baj\u00f3n. Gracias<\/p>\n<p>R.- Yo he usado muchas canciones de otros para lo mismo. A los que nos gusta la m\u00fasica de verdad nos pasa eso y es una suerte. Qu\u00e9 bueno que te pase con esa canci\u00f3n. Gracias<\/p>\n<p>P.- Aparte de a los m\u00fasicos que te acompa\u00f1an en La Caravana Americana, \u00bfa qui\u00e9n m\u00e1s admiras en el panorama musical actual?<\/p>\n<p>R.- A todo el mundo que haga m\u00fasica con ilusi\u00f3n y sinceridad. A cualquiera que se deje los huevos en un escenario.<\/p>\n<p>P.- Dime, por favor, que has vuelto para quedarte y que, aunque no sea con Deluxe, tendremos pronto un disco nuevo tuyo para escuchar. te he echado mucho de menos<\/p>\n<p>R.- As\u00ed ser\u00e1. Ahora me voy a Buenos Aires a grabar el disco pero pronto estar\u00e9 de vuelta. De hecho, antes de sacar el disco quer\u00eda hacer una gira por Espa\u00f1a en primavera s\u00f3lo con la guitarra.<\/p>\n<p>P.- Volver\u00e1 Deluxe alg\u00fan d\u00eda?<\/p>\n<p>R.- Deluxe, como tal&#8230; no lo creo. De todas formas es lo mismo, no hay un cambio radical, creo. S\u00f3lo es un cambio de nombre, nada m\u00e1s. Como aquel anuncio de Mr Proper y Don Limpio, vaya \ud83d\ude09 De hecho, yo sigo tocando las canciones de Deluxe. Son mi repertorio, no lo puedo evitar. Tambi\u00e9n toco canciones de Lovely Luna<\/p>\n<p>P.- A que responderias sin pensar &#8221; que no, que no, que no&#8221;?<\/p>\n<p>R.- A que intenten hacerme cambiar<\/p>\n<p>P.- Una pregunta Xoel,como deportivista que eres,\u00bfcomo est\u00e1s viendo la actual situaci\u00f3n del Deportivo?\u00bfser\u00edas de los partidarios de despedir al entrenador? un saludo! grande Xoel!<\/p>\n<p>R.- No lo s\u00e9&#8230; sigo al depor pero no me atrever\u00eda con semejante declaraci\u00f3n. Lo de ayer fue duro pero creo que ahora es cuando m\u00e1s necesita el Depor de nuestro aplauso y nuestro apoyo. \u00daltimamente tuvimos mala suerte con los jugadores lesionados y nos falta un poco de punch ofensivo pero ya llegar\u00e1. Forza depor!<\/p>\n<p>P.- La primera canci\u00f3n que he escuchado hoy, muy apropiada, han sido Los d\u00edas fr\u00edos :)) \u00bfQu\u00e9 vamos a escuchar en tu concierto del viernes en Madrid?<\/p>\n<p>R.- Est\u00e1 escrita justo en un d\u00eda como este de hace un par de a\u00f1os. Ene ste cambio del Verano al Oto\u00f1o. Sonar\u00e1 el Cielo de Madrid, Adi\u00f3s Coraz\u00f3n y muchas m\u00e1s<\/p>\n<p>P.- Xoel, \u00bfpuedes enumerar los pa\u00edses que has recorrido en Am\u00e9rica? y \u00bfcu\u00e1les recomendar\u00edas especialmente visitar? Gracias y un abrazo.<\/p>\n<p>R.- Argentina, Uruguay, Chile, Brasil, Rep\u00fablica Dominicana, Venezuela, Colombia, M\u00e9jico y EEUU. Recomiendo cualquiera de ellos especialmente. Depende lo que busques, claro.<\/p>\n<p>P.- \u00bfPor qu\u00e9 solo tres conciertos? \u00bfhabr\u00e1 ma\u00b4s? En otras ciudades tambi\u00e9n queremos!!!<\/p>\n<p>R.- Me encantar\u00eda hacer m\u00e1s pero es muy dif\u00edcil a nivel de producci\u00f3n y de costes. Tampoco ha sido f\u00e1cil hacer coincidir las fechas de tantos m\u00fasicos. Me qued\u00e9 con ganas de BCN y muchos m\u00e1s. Lo compensaremos con la gira ac\u00fastica de primavera 2011, ok? De todos modos os recomiendo a los que pod\u00e1is venir a Madrid o Bilbao porque ser\u00e1 algo \u00fanico que, por desgracia, no se va repetir facilmente.<\/p>\n<p>P.- \u00bfQu\u00e9 opina alguien que est\u00e1 metido de lleno en el gremio de la m\u00fasica acerca del canon y la pirater\u00eda? \u00bfNo ser\u00eda un buen sistema abaratar el precio de los Cds para luchar contra ella que imponer un gravamen de dudosa legalidad?<\/p>\n<p>R.- No s\u00e9. Est\u00e1 claro que todo est\u00e1 cambiando muy deprisa. Por ejemplo con Lovely Luna nos hemos autoeditado y hemos perdido mucho dinero. La cosa est\u00e1 jodida para este tipo de proyectos. No se venden discos pero sigue costando una pasta fabricarlos, grabarlos, componerlos, arreglarlos, etc&#8230;<\/p>\n<p>P.- \u00bfD\u00f3nde vives ahora mismo, Xoel?<\/p>\n<p>R.- Casi en todas partes, dir\u00eda. Mi casa oficialmente ser\u00eda est\u00e1 en Buenos Aires. Aunque reconozco que se me est\u00e1 haciendo muy raro estar en un hotel en Madrid.<\/p>\n<p>P.- Voy el viernes a tu concierto. \u00bfQu\u00e9 me voy a encontrar? Adelantame algo porfa.<\/p>\n<p>R.- Una mezcla de todo lo que he estado haciendo los \u00faltimos 5 a\u00f1os + todo lo de los invitados de Am\u00e9rica. Toda la info en www.xoel.com<\/p>\n","protected":false},"excerpt":{"rendered":"<p>La Caravana Americana es su \u00faltimo proyecto. Se trata de la original propuesta que Xoel, tras su proyecto Deluxe, ha desarrollado alrededor de su experiencia vital y art\u00edstica de m\u00e1s de dos a\u00f1os recorriendo Am\u00e9rica. Bilbao y Madrid ser\u00e1n las pr\u00f3ximas ciudades que podr\u00e1n disfrutar del espect\u00e1culo esta semana.<\/p>\n","protected":false},"author":1,"featured_media":0,"comment_status":"open","ping_status":"open","sticky":false,"template":"","format":"standard","meta":{"footnotes":""},"categories":[],"tags":[],"class_list":["post-3423","post","type-post","status-publish","format-standard","hentry"],"_links":{"self":[{"href":"https:\/\/intervius.com\/index.html\/wp-json\/wp\/v2\/posts\/3423","targetHints":{"allow":["GET"]}}],"collection":[{"href":"https:\/\/intervius.com\/index.html\/wp-json\/wp\/v2\/posts"}],"about":[{"href":"https:\/\/intervius.com\/index.html\/wp-json\/wp\/v2\/types\/post"}],"author":[{"embeddable":true,"href":"https:\/\/intervius.com\/index.html\/wp-json\/wp\/v2\/users\/1"}],"replies":[{"embeddable":true,"href":"https:\/\/intervius.com\/index.html\/wp-json\/wp\/v2\/comments?post=3423"}],"version-history":[{"count":0,"href":"https:\/\/intervius.com\/index.html\/wp-json\/wp\/v2\/posts\/3423\/revisions"}],"wp:attachment":[{"href":"https:\/\/intervius.com\/index.html\/wp-json\/wp\/v2\/media?parent=3423"}],"wp:term":[{"taxonomy":"category","embeddable":true,"href":"https:\/\/intervius.com\/index.html\/wp-json\/wp\/v2\/categories?post=3423"},{"taxonomy":"post_tag","embeddable":true,"href":"https:\/\/intervius.com\/index.html\/wp-json\/wp\/v2\/tags?post=3423"}],"curies":[{"name":"wp","href":"https:\/\/api.w.org\/{rel}","templated":true}]}}