{"id":3377,"date":"2010-11-23T00:00:00","date_gmt":"2006-11-06T00:00:00","guid":{"rendered":"https:\/\/intervius.com\/index.html\/?p=3377"},"modified":"2006-11-06T00:00:00","modified_gmt":"2006-11-06T00:00:00","slug":"Ana_Garcia-Sineriz3377","status":"publish","type":"post","link":"https:\/\/intervius.com\/index.html\/Ana_Garcia-Sineriz3377\/","title":{"rendered":"Ana Garc\u00eda-Si\u00f1eriz"},"content":{"rendered":"<p>Pregunta.- \u00bfQu\u00e9 ten\u00e9is esas mujeres rubias que tanto llama la atenci\u00f3n? \u00bfQu\u00e9 hay de autobiogr\u00e1fico en esta novela?<\/p>\n<p>Respuesta.- Hola\u00a1 De entrada yo soy rubia&#8230;de bote ( je, je)y no hay nada uatobiogr\u00e1fico excepto el hecho de que pas\u00e9 un cierto tiempo viviendo en Barcelona , lo que me sirvi\u00f3 para utilizar algunos escenarios para apoyarme y hacer las cosas m\u00e1s veros\u00edmles, pero nada m\u00e1s&#8230; Un saludo<\/p>\n<p>P.- Ana se echa de menos tu clase, tu voz y presencia en la televisi\u00f3n, \u00bfte veremos con un programa en &#8220;prime time&#8221;?<\/p>\n<p>R.- Hola&#8230;huy..con eso de la clase, voz y presencia mi ego acaba de desbordar el lugar desde el que escribo ( no, porque no me lo creo) . Garcias de cualquier manera por pensar eso de m\u00ed. Estoy muy contenta haciendo Matinal Cuatro, en el Prime Time de las madrugadas &#8230;La verdad es que no tengo ni idea de si eso es lo que me guatr\u00eda, un programa de prime time&#8230;los formatos en losq ue yo me siento c\u00f3moda y donde creo que puedo dar lo mejor de m\u00ed no suelen programarse en esa franja. Gracias, pero no me importar\u00eda dejar de madrugar, pero tampoco me veo haciendo seg\u00fan qu\u00e9. No se puede tener todo&#8230; Un beso<\/p>\n<p>P.- Hola Ana, \u00bfpara cuando tu vuelta a un horario decente?, cuando podremos verte sin tener que madrugar tanto. Dr Eireos<\/p>\n<p>R.- Querido doctor Eireos&#8230;\u00bfusted sabe eso de no por mucho madrugar amanece m\u00e1s temprano? Yo lo he comprobado en mis propias carnes&#8230;Le respondo con otro refr\u00e1n, el hombre propone y Dios dispone. Un saludo extra cari\u00f1oso<\/p>\n<p>P.- Estimada Sr. Si\u00f1eriz s\u00f3lo quer\u00eda darle la enhorabuena por haber sido capaz de escribir esta novela haciendo gala de esa elegancia extrema que siempre exige el dolor si lo que se desea es alejarse de la sensibler\u00eda. Es dif\u00edcil tener tan buen pulso en una primera novela y usted, sin lugar a dudas lo ha tenido. Saludos cordiales. Sonia<\/p>\n<p>R.- Mil gracias por todos estos elogios ( se que no es mi rpopia madre la que ha escrito esta pregunta porque ni la he avisado de este encuentro&#8230;)Con solo una lectora a la que le haya llegado ya me vale la pena todo el esfuerzo puesto en ello. Gracias\u00a1<\/p>\n<p>P.- Hola Ana, conoc\u00ed a Pablo Motos a trav\u00e9s de sus intervenciones en tu programa Channel n\u00ba4, \u00bfqu\u00e9 opinas de las cr\u00edticas que ha recibido por su entrevista a Jesse Eisenberg?<\/p>\n<p>R.- Las cr\u00edticas han partido del propio Eissenberg en el show de Conan OBrian. Todo el mundo tiene derecho a no pas\u00e1rselo bien, sobre todo si se siente fuera de juego como \u00e9l mismo dice porque no se enteraba de nada de lo que se dec\u00eda en espa\u00f1ol. Le recomiendo qua aprenda idiomas, da mucho mundo y te evita estar como un pasmarote en las entrevistas. Lo que me llama m\u00e1s la atenci\u00f3n ( me he visto el fragmento de la entrevista en youtube, la del show americano) es la ignorancia y la distancia que muestran tanto invitado como presentador respecto a los &#8220;espa\u00f1oles&#8221; y por ejemplo, lo agradecidos que deb\u00edamos estarles por su intervenci\u00f3n en la Segunda Guerra Mundial en la que NO participamos. Habr\u00eda que mandarles Bienvenido Mister Marshall, como homenaje al genio Berlanga&#8230; Y luego, si no le ha gustado el programa &#8230;pues tampoco pasa nada, como dec\u00eda Gila, \u00a1 si no tiene sentido del humor, pues que se vaya del pueblo!<\/p>\n<p>P.- \u00bfCu\u00e1les son las debilidades de Ana Garc\u00eda Si\u00f1eriz?<\/p>\n<p>R.- Mis debilidades son el chocolate, las pel\u00edculas de Turner Classic Movies de Digital + despu\u00e9s de comer, la revista Cuore y achuchar a mi perro Jack como si fuera un beb\u00e9. Son placeres que practico con cierta culpabilidad pero que para m\u00ed son la sal de la vida.<\/p>\n<p>P.- En tu larga carrera profesional has entrevistado a muchas ilustres figuras del cine, de la m\u00fasica y del arte, \u00bfqui\u00e9nes te sorprendieron m\u00e1s para bien o para mal? Un saludo.<\/p>\n<p>R.- Sibceramente, despu\u00e9s de diez a\u00f1os viendo famosos desfilar por Lo+plus no me impresiona casi nadie. La gente en al que adivinas un punto de generosidad, de entrega a los dem\u00e1s o de locura. Te dir\u00e9 , el &#8220;padre Pateras&#8221;, un m\u00e9dico que investiga la vacuna contra la malaria, Pedro Alonso y quiz\u00e1s Pl\u00e1cido Domingo y Vargas Llosa que tienen una presencia incre\u00edble adem\u00e1s de admirarles mucho. Pero de ah\u00ed para abajo, somos todos de la misma pasta ( ya a veces, hasta peor)<\/p>\n<p>P.- \u00bfAlguna vez te has rebelado contra tu destino como hace la protagonsta de tu novela?<\/p>\n<p>R.- Me tengo que parar a pensar. He sentido alg\u00fan peque\u00f1o destello de rebeli\u00f3n contra lo que parec\u00eda asignado para m\u00ed y s\u00ed, lo he hecho. En la vida cotidiana me fastidia lo que se da por sentado, &#8220;lo que piensa la mayor\u00eda&#8221; y tener que seguir la corriente y por eso, me gusta pinchar y fastidiar, a riesgo de que me consideren inc\u00f3moda o simplemente indocumentada. No aguanto a los que dicen a todo que s\u00ed.<\/p>\n<p>P.- Ya le he comentado en otras ocasiones lo mucho que me fascin\u00f3 su novela.\u00bfLe gustar\u00eda que se llevara al cine?.\u00bfQuien le gustar\u00eda que la dirigiera?.\u00bfY que interpretara el papel de Mar\u00eda?. Guillermo.<\/p>\n<p>R.- Hola Guillermo, no me llames de usted que no hace falta&#8230;Podr\u00eda encajar &#8211; pero solo f\u00edsicamente- Martina Klein, que a dem\u00e1s es una persona adorable; si un d\u00eda tuviera la suerte de verla llevada al cine. Un saludo<\/p>\n<p>P.- Y no termino con una pregunta,sino con una aseveraci\u00f3n categ\u00f3rica.Haceis el mejor informativo de la parrilla actual.Espero que por mucho tiempo.Haga,por favor, extensivo un abrazo a todo el equipo de mi parte. Guillermo<\/p>\n<p>R.- Guillermo, hello again ( como dec\u00eda una canci\u00f3n de The Cars). Respodno para decirte que transmito tus felicitaciones a todo el super equipo que se deja las pesta\u00f1as cada noche para llenar dos horas de noticias serias, curiosidades y cositas que enriquezcan nuesra emisi\u00f3n..la pena es que no haya millones d epersonas que lo hayan descubierto. Un abrazo<\/p>\n<p>P.- \u00bfQu\u00e9 pel\u00edculas me recomiendas de este 2010 que est\u00e1 acabando? Me gustaba mucho tu programa de cine hace a\u00f1os en canal +.<\/p>\n<p>R.- Como har\u00eda Jaume Figueras ( mi compa\u00f1ero en Magacine) te recomendar\u00eda El esp\u00edritu de la colmena&#8230;para no equivocarnos. De este a\u00f1o no lo he visto todo pero te dir\u00e9 una que NO me gust\u00f3 nada del a\u00f1o pasado, es m\u00e1s que me indign\u00f3, y que sin embargo ha apasionado al resto de mis compa\u00f1eros y me ha condenado al ostracismo de los que no saben entender el buen cine: Malditos bastardos. Y\u00a1Y me encanta Tarantino! Pero esta la encuentro detestable ideol\u00f3gcamente, y a Brad Pitt&#8230;para darle dos tortas.<\/p>\n<p>P.- Hola Ana! Me encanta levantarme y poner cuatro. No es que me gusta madrugar (al contrario!) pero me gusta vuestra forma de trabajar. Me pareces una profesional con un humor muy particular que me hace tronchar en alguna ocasi\u00f3n y eso se agradece! Felicidades! La pregunta es si tienes o piensas tener un blog para poder ir sigui\u00e9ndote y disfrutar m\u00e1s con tu presencia para aquellos que no vemos mucha tele. Ra\u00fal<\/p>\n<p>R.- Hola Ra\u00fal, me encanta que te r\u00edas conmigo. En persona me paso bastante m\u00e1s pero por la tele me corto un poco ( creo que s enota a veces). Ten\u00eda un blog pero era la cosa m\u00e1 esclava que he hecho nunca y solo ten\u00eda muchas entradas de fan\u00e1ticos cuando mencionaba alguna palabra clave de esas que la gente mete en b\u00fasquedas circunstanciales tipo &#8220;Megan Fox&#8221;, &#8220;iphone&#8221; o &#8220;marihuana&#8221; &#8230;imag\u00ednate. Los comentarios no ten\u00edan absolutamente nada que ver. Lo dej\u00e9 porque para hacerlo bien, hay que estar TODO el d\u00eda en ello y no ten\u00eda tiempo&#8230;pero me gustar\u00eda volver a intentarlo. Un beso<\/p>\n<p>P.- \u00bfC\u00f3mo haces para tener ese sex-appeal que ya quisieran algunas de 20? \u00bfEres consciente de que eres un icono para muchos hombres?<\/p>\n<p>R.- Glups! Sex appeal? Gracias pero me tengo TAN vista que a veces me parece que tengo el atractivo de la alfombrilla de mi ducha. Y con los a\u00f1os aprendes a que no hay que procuparse tanto de la imagen ( y la tele, nos mejora mucho&#8230;hasta me lo dijo el pescadero donde compro, &#8220;le voy a decir una cosa, se\u00f1ora, se lo habr\u00e1n dicho muchas veces&#8230;sale usted mucho M\u00c1S guapa en la televisi\u00f3n!!!&#8221; Ja, ja&#8230;<\/p>\n<p>P.- \u00bfSe siente la crisis desde su posici\u00f3n?<\/p>\n<p>R.- Pues s\u00ed. La verdad es que hay bastante mito acerca de eso que usted llama &#8220;mi posici\u00f3n&#8221;&#8230;pero no voy a ir a La Noria a desmentirlo&#8230;la verdad es que la crisis se nota much\u00edsimo, y como yo soy una pesimista patol\u00f3gica, ojal\u00e1 que no lo notemos MUCHO m\u00e1s&#8230; Un beso y \u00e1nimo si estamos en crisis&#8230;que de todos se sale<\/p>\n<p>P.- Despues de haberte atrevido con una novela, que estoy deseando leer, me pregunto si ya piensas en otra&#8230;<\/p>\n<p>R.- S\u00ed ya estoy pensando en escribir otra&#8230; Lo siento, pero me avisan de que tenemos que ir cerrando el chiringuito.<\/p>\n","protected":false},"excerpt":{"rendered":"<p>Esas mujeres rubias es su primera novela. Mon Repos es un lugar remoto con eco a balneario donde se refugia Mar\u00eda, una mujer que, por primera vez, se atreve a rebelarse contra su destino. La sombra de la fascinante propietaria de la casa, Estela, ocupar\u00e1 sus d\u00edas. Ana Garc\u00eda-Si\u00f1eriz firma una novela de fuertes sentimientos y enigm\u00e1ticos personajes. | Foto: Sergio Enriquez<br \/>\nAna Garc\u00eda-Si\u00f1eriz responde en directo desde el Rastrillo de la Neurofibromatosis en Madrid <\/p>\n","protected":false},"author":1,"featured_media":0,"comment_status":"open","ping_status":"open","sticky":false,"template":"","format":"standard","meta":{"footnotes":""},"categories":[],"tags":[],"class_list":["post-3377","post","type-post","status-publish","format-standard","hentry"],"_links":{"self":[{"href":"https:\/\/intervius.com\/index.html\/wp-json\/wp\/v2\/posts\/3377","targetHints":{"allow":["GET"]}}],"collection":[{"href":"https:\/\/intervius.com\/index.html\/wp-json\/wp\/v2\/posts"}],"about":[{"href":"https:\/\/intervius.com\/index.html\/wp-json\/wp\/v2\/types\/post"}],"author":[{"embeddable":true,"href":"https:\/\/intervius.com\/index.html\/wp-json\/wp\/v2\/users\/1"}],"replies":[{"embeddable":true,"href":"https:\/\/intervius.com\/index.html\/wp-json\/wp\/v2\/comments?post=3377"}],"version-history":[{"count":0,"href":"https:\/\/intervius.com\/index.html\/wp-json\/wp\/v2\/posts\/3377\/revisions"}],"wp:attachment":[{"href":"https:\/\/intervius.com\/index.html\/wp-json\/wp\/v2\/media?parent=3377"}],"wp:term":[{"taxonomy":"category","embeddable":true,"href":"https:\/\/intervius.com\/index.html\/wp-json\/wp\/v2\/categories?post=3377"},{"taxonomy":"post_tag","embeddable":true,"href":"https:\/\/intervius.com\/index.html\/wp-json\/wp\/v2\/tags?post=3377"}],"curies":[{"name":"wp","href":"https:\/\/api.w.org\/{rel}","templated":true}]}}