{"id":3376,"date":"2010-11-23T00:00:00","date_gmt":"2006-11-06T00:00:00","guid":{"rendered":"https:\/\/intervius.com\/index.html\/?p=3376"},"modified":"2006-11-06T00:00:00","modified_gmt":"2006-11-06T00:00:00","slug":"El_Langui3376","status":"publish","type":"post","link":"https:\/\/intervius.com\/index.html\/El_Langui3376\/","title":{"rendered":"El Langui"},"content":{"rendered":"<p>Pregunta.- Hola maquina!!! Solo queria saber si sigues viviendo en tu barrio de siempre, con la gente de siempre y si de alguna forma ayudas a gente que tiene las dificultades que has tenido tu en la vida para salir adelante. Gracias por demostrar que los que somos de barriada podemos tb salir adelante.<\/p>\n<p>Respuesta.- Me he ido a vivir a 20 minutos del barrio debido al precio tsn elevado de la vivienda. Y no quer\u00eda pagar 50 millones por un piso de protecci\u00f3n oficial de hace m\u00e1s de 50 a\u00f1os. Pero d\u00eda s\u00ed, d\u00eda tambi\u00e9n, acudo a mi barrio Pan Bendito ya que ah\u00ed se retransmite Radio Taraska, tambi\u00e9n tengo a la familia y a los colegas.<\/p>\n<p>P.- Buenas Tardes, Me he pasado muchos a\u00f1os utilizando frases de tus canciones para sentenciar en discusiones, del estilo &#8220;Lo que no quieras pa ti no lo quieras pa nadie&#8221;. He has dado horas de m\u00fasica, cine y literatura, mi pregunta es \u00bfNo has pensado meterte en pol\u00edtica?, Mi voto lo tienes seguro, se hace respetar la sinceridad.<\/p>\n<p>R.- Ya me lo ofrecieron, pero no. La pol\u00edtica no es para m\u00ed.<\/p>\n<p>P.- Hola Langui, te admiro !!! tengo 43 \u00b4\u00f1os, soy padre de dos chicos de 9 y 13 a\u00f1os, que les dir\u00edas para que aprovecharan lo que las vida les ofrece? y sobre el esfuerzo? Gracias Jose<\/p>\n<p>R.- Por mucho que les digas, hasta que no se den cuenta ellos no pondr\u00e1n de por medio ya que a m\u00ed me pas\u00f3 lo mismo: ten\u00eda padres, profesores, etc dici\u00e9ndomelo continuamente y por un o\u00eddo me entraba y por otro me sal\u00eda, hasta que un buen d\u00eda lo vi y puse de por medio, pero c\u00f3mprales mi segundo libro y, c\u00f3mo no, tambi\u00e9n el primero, que seguro que les ayudara mucho. Te lo aseguro. Miles de padres me avalan. jajaja<\/p>\n<p>P.- \u00bfC\u00f3mo fue tu colaboraci\u00f3n con Andr\u00e9s Calamaro en el \u00faltimo disco? En sus entrevistas dijo que le impresionaste much\u00edsimo, que alucin\u00f3 contigo. \u00bfQu\u00e9 puedes decirnos de \u00e9l? Gracias<\/p>\n<p>R.- El que me impresion\u00f3 fue \u00e9l a m\u00ed. En verdad fue impresi\u00f3n mutua, creo. Nos conocimos durante una noche cenando argentino, par\u00e1ndonos dos patrullas de polic\u00eda, tomando tequila, escuchando flamenco y tres horas de mensajes por el m\u00f3vil. Rima tras rima, verso tras verso. Me encanta la canci\u00f3n. Es una de las mejores colaboraciones que he hecho.<\/p>\n<p>P.- El talento aparece en cualquier barrio y tu eres un ejemplo de haber sido agraciado con ese don. \u00bfCuales son tus proximos proyectos?<\/p>\n<p>R.- Sigo con Radio Taraska, ya llevamos cinco a\u00f1os. Tengo otro libro que escribir, proyectos de cine y el otro d\u00eda ped\u00ed a Andreu Buenafuente en directo en su programa que me prestara un trif\u00e1sico, un empalme o euroconector para emitir mi propio programa de televisi\u00f3n. Si entr\u00e1is en este enlace (http:\/\/www.lasexta.com\/sextatv\/buenafuente\/me_llamaban_zariguella_y__quiero_hacer_television\/183661\/191) podr\u00e9is verlo. No tiene desperdicio. Si os gusta, votadlo.<\/p>\n<p>P.- \u00bfTe imaginabas que ibas a llegar tan lejos cuando empezaste a cantar? enhorabuena por el libro!<\/p>\n<p>R.- No. Ni mucho menos. Mi reto era grabar un disco con La Excepci\u00f3n y dar conciertos.<\/p>\n<p>P.- Hola crack! \u00bfPara cuando un himno al glorioso Atleti, que nos quite el sabor de boca del pesimista que escribi\u00f3 Sabina? Gracias!<\/p>\n<p>R.- Estar\u00eda encantado. Proponedselo a Cerezo. Y me pongo a ello.<\/p>\n<p>P.- Buenas, ante todo felicitar a este pedazo de artista ejemplo de que nada es dificl con esfuerzo. Que sepas que la primera cancion tuya que escuche fue en el campamento de refugiados del Sahara. Eres un genio y sigue asi que te va a ir muy bien. Gracias por hacerme disfrutar con tu musica la cual haces de lujo.<\/p>\n<p>R.- Muchas gracias.<\/p>\n<p>P.- Buenas tardes, Langui. Yo soy familiar de una persona afectada por Neurofibromatosis, y aunque cada vez es una enfermedad m\u00e1s conocida gracias a los que aportais vuestro granito, no resulta facil llevar esta enfermedad \u00bfQu\u00e9 consejo les dar\u00edas a estas personas para seguir adelante?<\/p>\n<p>R.- Pues que la vida se presenta a veces de manera complicada, pero hay que tirar palante. S\u00e9 que esto lo dicen siempre y es dificil llevarlo a la pr\u00e1ctica, pero s\u00f3lo t\u00fa puedes hacer cambiar tu rutina de manera positiva.<\/p>\n<p>P.- En una frase, \u00bfque le puedo decir a mis hijos para que comprendan que la fuerza para alcanzar nuestras metas y saltar las barreras, viene de nuestro interior? Gracisa por ser un ejemplo<\/p>\n<p>R.- Lo has dicho t\u00fa mismo. No busques m\u00e1s all\u00e1. Yo lo corroboro.<\/p>\n<p>P.- Buenas tardes; Deme tres razones por las cuales debo comprar si libro&#8230;. Gracias y un saludo Mario<\/p>\n<p>R.- Vas a pasar un buen rato, vas a descubrir muchas cosas y me vas a apoyar hasta no sabes qu\u00e9 punto. Ah, va con tintes novelescos.<\/p>\n<p>P.- \u00bfcomo se vive la crisis en tu barrio?<\/p>\n<p>R.- Supongo que como en todos. Mi barrio es el reflejo de cualquier otro barrio de cualquier ciudad de Espa\u00f1a.<\/p>\n<p>P.- Paradojas de la vida. Como un tio como tu es m\u00e1s feliz que muchos que han nacido con otro pan debajo del brazo??<\/p>\n<p>R.- Yo soy feliz porque me siento \u00fatil, porque tengo amigos, mujer e hijos.<\/p>\n<p>P.- Langui, eres un crack. Por qu\u00e9 no abundan los discos recopilatorios sobre rap o un programa de tv como los 40 principales pero de rap? Demanda hay.<\/p>\n<p>R.- Yo estoy en ello. Si hubiera profesionales en los medios del rap, la cosa cambiar\u00eda. Yo estoy trabajando para que la cosa cambie. Espero que muy pronto pod\u00e1is tener lo que el rap se merece.<\/p>\n<p>P.- Hola Figura , como me mola tu musica. Sois los mejores. De que va el libro , \u00bf se lo puedo regalar a un ni\u00f1o de 12 a\u00f1os? Un saludo Genio!!<\/p>\n<p>R.- Si, perfectamente. El libro es humor, son personajes, trama, viaje, radio y barrio. R\u00e9galaselo al ni\u00f1o de 12 a\u00f1os y luego te lo lees t\u00fa. Espero que os guste.<\/p>\n<p>P.- es muy distinto langui, el personaje, de langui la persona?<\/p>\n<p>R.- No.<\/p>\n<p>P.- Hola Langui, \u00bfque trajin os traeis con la compa\u00f1ia discografica? Un abrazo jambo!!<\/p>\n<p>R.- La compa\u00f1\u00eda discogr\u00e1fica Warner y Zona Bruta incumplieron contratos con nosotros. Entonces nosotros dimos por restringido ese contrato. A partir de ah\u00ed decidimos demandarles por cl\u00e1usulas abusivas. Los artistas, compositores y m\u00fasicos creo que se merecen algo que es suyo, primero la libertad y luego sus ganancias.<\/p>\n<p>P.- Buenas tardes Langui. M\u00fasica, literatura, radio, cine&#8230;\u00bftienes alg\u00fan proyecto que a\u00fan no hayas abordado y que te apetezca especialmente? Gracias. Un abrazo. (Don Caim\u00e1n)<\/p>\n<p>R.- La televisi\u00f3n. Durante el 2009 y el 2010 me han ofrecido hacer televisi\u00f3n, pero no me ha convencido ninguno de los proyectos, as\u00ed que ahora quiero hacer el que m\u00e1s me convence, que es mi propio programa de televisi\u00f3n.<\/p>\n<p>P.- Buenas tardes Langui, Contesta a este test y se sincero, si tu hijo te dice &#8220;papa, de mayor quiero ser rapero&#8221;, \u00bfQu\u00e9 le contestar\u00edas ?a) Estudia inform\u00e1tica y calla b)Suerte&#8230;.que la vas a necesitar b)Le haraias una rima para motivarle a\u00fan m\u00e1s.<\/p>\n<p>R.- Me gustar\u00eda que fuera futbolista, que es mi profesi\u00f3n fustrada. Y mi deporte. Pero lo que tengo claro es que \u00e9l tiene que ser feliz, as\u00ed es que \u00e9l decida. Y aqu\u00ed estar\u00e1 su padre para lo que necesite.<\/p>\n<p>P.- cu\u00e1l es tu lema en la vida?<\/p>\n<p>R.- S\u00f3lo t\u00fa eres capaz de hacer cambiar tu rutina.<\/p>\n<p>P.- Hola!! Vivo cerca y siempre he querido saber si podr\u00eda haceros una visita en la radio sin incordiar, \u00bfes posible?.<\/p>\n<p>R.- S\u00ed. S\u00f3lo tienes que llamar a la puerta del local y Rellenito Mackenheim a abrirte se levantar\u00e1. Desde el coraz\u00f3n de Pan Bendito.<\/p>\n<p>P.- Muchos te admiramos. \u00bfHay alguien a quien tu admires como nosotros a ti?<\/p>\n<p>R.- S\u00ed. A muchas personas: a mi mujer,a mi madre, a Andreu Buenafuente y as\u00ed te podr\u00eda decir un mont\u00f3n.<\/p>\n<p>P.- Langui, \u00bfpara cuando una colabo entre La Excepci\u00f3n y Doble V? o SFDK? Es lo que les falta a estos 2 grupos para coronarse \ud83d\ude42<\/p>\n<p>R.- Con Doble V se qued\u00f3 a puertas. Un d\u00eda antes de que vinieran a Madrid para trabajar en la colaboraci\u00f3n con La Excepci\u00f3n para un disco de La Excepci\u00f3n que saldr\u00eda con las compa\u00f1\u00edas discogr\u00e1ficas Warner y Zona Bruta llamaron los responsables de dichas compa\u00f1\u00edas y echaron para atr\u00e1s el disco. Y dijeron que el que colaboraramos con Violadores no lo ve\u00edan. Pero bueno, lo mejor de todo es que hay una buena relaci\u00f3n con Violadores. Y seguro que todo se andar\u00e1.<\/p>\n<p>P.- Hola Langui, mi pregunta es. \u00bfEsperas trasmitir en tus proximas rimas, todo lo que has escrito a traves de tu libro? Un saludo de un gran devoto tuyo, aunque no me considere un chico de barrio.<\/p>\n<p>R.- Los valores llegan a ser los mismos, pero no las historias ni la tem\u00e1tica. Un saludo, amigo.<\/p>\n","protected":false},"excerpt":{"rendered":"<p>Pan Bendito. Un barrio con mucha miga es el libro que acaba de publicar, en el que cuenta las historias m\u00e1s divertidas del popular barrio. Juan Manuel Montilla, El Langui, encontr\u00f3 el \u00e9xito con La Excepci\u00f3n y gan\u00f3 dos Goyas con la pel\u00edcula El truco del manco. Ahora vuelve a la escritura con unas historias de gente que lucha por salir adelante.<br \/>\nEl Langui responde en directo desde el Rastrillo de la Neurofibromatosis en Madrid <\/p>\n","protected":false},"author":1,"featured_media":0,"comment_status":"open","ping_status":"open","sticky":false,"template":"","format":"standard","meta":{"footnotes":""},"categories":[],"tags":[],"class_list":["post-3376","post","type-post","status-publish","format-standard","hentry"],"_links":{"self":[{"href":"https:\/\/intervius.com\/index.html\/wp-json\/wp\/v2\/posts\/3376","targetHints":{"allow":["GET"]}}],"collection":[{"href":"https:\/\/intervius.com\/index.html\/wp-json\/wp\/v2\/posts"}],"about":[{"href":"https:\/\/intervius.com\/index.html\/wp-json\/wp\/v2\/types\/post"}],"author":[{"embeddable":true,"href":"https:\/\/intervius.com\/index.html\/wp-json\/wp\/v2\/users\/1"}],"replies":[{"embeddable":true,"href":"https:\/\/intervius.com\/index.html\/wp-json\/wp\/v2\/comments?post=3376"}],"version-history":[{"count":0,"href":"https:\/\/intervius.com\/index.html\/wp-json\/wp\/v2\/posts\/3376\/revisions"}],"wp:attachment":[{"href":"https:\/\/intervius.com\/index.html\/wp-json\/wp\/v2\/media?parent=3376"}],"wp:term":[{"taxonomy":"category","embeddable":true,"href":"https:\/\/intervius.com\/index.html\/wp-json\/wp\/v2\/categories?post=3376"},{"taxonomy":"post_tag","embeddable":true,"href":"https:\/\/intervius.com\/index.html\/wp-json\/wp\/v2\/tags?post=3376"}],"curies":[{"name":"wp","href":"https:\/\/api.w.org\/{rel}","templated":true}]}}