{"id":3325,"date":"2010-12-22T00:00:00","date_gmt":"2006-11-06T00:00:00","guid":{"rendered":"https:\/\/intervius.com\/index.html\/?p=3325"},"modified":"2006-11-06T00:00:00","modified_gmt":"2006-11-06T00:00:00","slug":"Javier_Krahe3325","status":"publish","type":"post","link":"https:\/\/intervius.com\/index.html\/Javier_Krahe3325\/","title":{"rendered":"Javier Krahe"},"content":{"rendered":"<p>Pregunta.- Buenos d\u00edas Javier, soy un grand\u00edsimo admirador tuyo. Espero poder ir esta semana al caf\u00e9 central a escucharos. Quer\u00eda perguntarte, por ejemplo, por cu\u00e1les son ahora mismo tus cinco escritores favoritos de ficci\u00f3n. Muchas gracias. Salud!<\/p>\n<p>Respuesta.- Solo dar un repaso en la cabeza me va a llevar todo el tiempo que tengo para responder.<\/p>\n<p>P.- S\u00e9 que vas a contestarme con un monos\u00edlabo, pero voy a celebrar el fiasco de la ley de Sinde compr\u00e1ndome tu trabajo. As\u00ed soy yo, rumboso.<\/p>\n<p>R.- Me encanta tu car\u00e1cter.<\/p>\n<p>P.- El de los dedos vertiginosos, \u00bfpara cuando alguna canci\u00f3n de Rock Duro? Enhorabuena por tu integridad<\/p>\n<p>R.- En el rock duro no estoy c\u00f3modo ni para intepretarlo ni para o\u00edrlo.<\/p>\n<p>P.- Buenas&#8230; hace a\u00f1os dedic\u00f3 una canci\u00f3n genial al presidente del gobierno de entonces (&#8220;Cuervo ingenuo&#8221;)&#8230; c\u00f3mo se titular\u00eda la que compondr\u00eda ahora&#8230;<\/p>\n<p>R.- Cuervo ingenuo estaba pensada para ir actualizando las partes de las coplas y actualizar el estribillo. Se llamar\u00eda Cuervo ingenuo de nuevo, o Cuervo experimentado.<\/p>\n<p>P.- Buenos dias maestro, \u00bfqu\u00e9 sentiste cuando sali\u00f3 a la luz el doble CD homenaje? y \u00bfcon que version te quedas?<\/p>\n<p>R.- Me quedo con la de Morente, Abajo el alzeheimer. Me sent\u00ed extra\u00f1o, pero, en cualquier caso, halagado.<\/p>\n<p>P.- Felicidades por tu obra, Javier Krahe. Soy Rafael Sarmentero. Joaqu\u00edn Sabina dice en una canci\u00f3n: &#8220;Goliat era un pat\u00e1n, David era un gigante&#8221;. \u00bfNo te parece mucho mejor verso: &#8220;Goliat era un pat\u00e1n, David era EL gigante?&#8221;. Muchas gracias y un abrazo.<\/p>\n<p>R.- Quiz\u00e1 tengas raz\u00f3n.<\/p>\n<p>P.- Sr. Krahe, me gusta mucho su nuevo disco ,\u00bfpodr\u00eda decirme algo desagrable?<\/p>\n<p>R.- Estaba muy mal de voz cuando lo grab\u00e9.<\/p>\n<p>P.- No es una pregunta, s\u00f3lo un gracias. Gracias por tus canciones.<\/p>\n<p>R.- Muy amable.<\/p>\n<p>P.- Querido Javier, de tocayo a tocayo&#8230; \u00bfdonde sueles escribir tus canciones? \u00bf te encierras en alg\u00fan lugar? \u00bfde qu\u00e9 manera invocas a las musas paganas carajo!? Feliz final de a\u00f1o. Javier.-<\/p>\n<p>R.- S\u00ed, me encierro en mi cuarto de estar, me fumo un canuto y las muses acuden. Feliz a\u00f1o a ti tambi\u00e9n.<\/p>\n<p>P.- \u00bftu te desbautizar\u00edas por la iglesia catolica?<\/p>\n<p>R.- Hace mucho que me sal\u00ed de la Iglesia.<\/p>\n<p>P.- Teniendo como tiene una parroquia minoritaria de gusto exquisito, usted que est\u00e1 lejos de ser un cantante de moda y un fen\u00f3meno de masas (aunque es usted un fen\u00f3meno) \u00bfse considera ud. un trabajador de la poes\u00eda? \u00bfun obrero de la m\u00fasica? \u00bfuno de esos que antepone el trabajo a la fama?<\/p>\n<p>R.- Un artesano de la canci\u00f3n.<\/p>\n<p>P.- Sr Krahe, \u00bfes Ud un Bohemio del siglo XXI? \u00bfC\u00f3mo es un d\u00eda normal de Javier Krahe?<\/p>\n<p>R.- Soy un bohemio dos o tres noches por semana. El resto soy hogare\u00f1o total.<\/p>\n<p>P.- Oiga, Krahe, \u00bfno est\u00e1 usted cansado de andar por ah\u00ed como un gambitero, sin parar por casa, cantando en las tabernas y aguantando a los harapientos de la noche? Que ya no tiene usted edad, hombre de Dios. Un abrazo<\/p>\n<p>R.- S\u00ed que tengo todav\u00eda edad. Y me divierte.<\/p>\n<p>P.- Gracias por defender nuestra libertad de expresi\u00f3n. Hay algo que no comprendo, \u00bfPor qu\u00e9 la ley permite crucificar a Cristo, y en cambio prohibido cocinarlo?<\/p>\n<p>R.- Yo no hago las leyes. Cambialas t\u00fa.<\/p>\n<p>P.- Javier, \u00bfa qui\u00e9n voto en las pr\u00f3ximas elecciones? \u00bfpor qu\u00e9 no te presentas t\u00fa? Eres mejor que cualquiera de esta banda. En serio, \u00bfqu\u00e9 te parece la situaci\u00f3n pol\u00edtica actual? un saludo desde Valencia, maestro.<\/p>\n<p>R.- Yo solo hago canciones. No estoy interesado en eso.<\/p>\n<p>P.- Hola. Soy un reciente descubridor de su m\u00fasica (gracias a Internet) y quiero saber si tiene pensado tocar en Alicante o Murcia. Prometo arrastrar a unos cuantos amigos.<\/p>\n<p>R.- A Alicante creo que voy en abril, al Klan Cabaret.<\/p>\n<p>P.- Hola Javier! \u00bfPara cuando una nueva colaboraci\u00f3n con Sabina?<\/p>\n<p>R.- En principio dudo que vaya a haberla. Llevamos vidas muy distintas.<\/p>\n<p>P.- Querido Maestro, gracias por tantas horas de buenas rimas. \u00bfEs cierto eso que dicen de que no por mucho mas brugal, amanece legendario? Seguire fiel a tus conciertos en Madrid.<\/p>\n<p>R.- M\u00f3derate con la bebida.<\/p>\n<p>P.- Hola Javier, \u00bfpara cu\u00e1ndo la nueva mandr\u00e1gora? S\u00e9 que es jodido, pero se saldr\u00eda ese Sabina y ese Krahe tantos a\u00f1os despu\u00e9s. \u00bfSer\u00eda posible?<\/p>\n<p>R.- No lo veo posible.<\/p>\n<p>P.- \u00bfTe has sentido muchas veces como un gilipollas madre?<\/p>\n<p>R.- Muchas, muchas no. Algunas.<\/p>\n<p>P.- qu\u00e9 miedo tuuuuuuuu turur\u00fa me da este disco. \u00bfEres el mismo irreverente de siempre? No cambies<\/p>\n<p>R.- No me creo que tengas miedo a mi disco.<\/p>\n<p>P.- \u00a1Hola, Javier!: \u00bfpara cuando la segunda parte de la yeti?<\/p>\n<p>R.- En forma de canci\u00f3n no. Pero ya le he contado en directo al p\u00fablico c\u00f3mo contin\u00faa.<\/p>\n<p>P.- Con cu\u00e1l de estas canciones te quedas (mis preferidas): Marieta, el topo, o el burdo rumor?<\/p>\n<p>R.- Me quedo con Marieta porque el original era de Brassens.<\/p>\n<p>P.- Peleas y Melisanda es, bajo mi punto de vista, tu obra maestra. \u00bfTe cost\u00f3 mucho completarla o fue un brote de inspiraci\u00f3n? Muchas gracias.<\/p>\n<p>R.- Me cost\u00f3 diez d\u00edas.<\/p>\n<p>P.- &#8220;Tengo una novia que finge que no tiene orgasmos&#8221;, \u00a1la m\u00eda tambi\u00e9n! Un momento&#8230; \u00bfser\u00e1 la misma? \u00bfnos estar\u00e1 enga\u00f1ando a los dos? \u00bfc\u00f3mo es su novia?<\/p>\n<p>R.- Aciertas en todo.<\/p>\n<p>P.- hace unos a\u00f1os te preguntaban por los cantautores de ese momento y te quedabas con albert pla. crees que ahora hay alguien con el que te quedar\u00edas antes que a albert. gracias por no salir en el anuncio de la ceja como sabina<\/p>\n<p>R.- Sigo teniendo a Albert en muy alto lugar.<\/p>\n<p>P.- Un saludo Javier, \u00bfla Jacinta sigue perpetuada en el pil\u00f3n o ha llegado alg\u00fan moderno concejal feminista que la haya echado de all\u00ed?<\/p>\n<p>R.- \u00a1Pero si tienes todos los museos llenos de estatuas de desnudos femeninos!<\/p>\n<p>P.- Querido Maestro, que opina su mujer de las juergas que narra en sus canciones? Muchas gracias por su trabajo<\/p>\n<p>R.- Que las narro con cierta gracia.<\/p>\n<p>P.- Maestro, a menudo, tras leer el peri\u00f3dico, me pongo &#8220;Nos ocupamos del mar&#8221; para seguir creyendo en el mundo. Me gustar\u00eda saber qu\u00e9 hace usted para no mandarlo todo a la porra. Mil gracias, Josephine<\/p>\n<p>R.- Yo he mandado casi todo a la porra. Pero como tengo intenci\u00f3n de seguir, pues todo todo, no.<\/p>\n<p>P.- Hola Javier \u00bfcuanto podremos oirte en directo en Madrid con las nuevas canciones?<\/p>\n<p>R.- Cualquier noche de estas. Estoy actuando en el Caf\u00e9 Central.<\/p>\n<p>P.- \u00bfSe puede ser un \u00e1crata toda la vida o cambiar\u00e9 en alg\u00fan momento? Yo lo soy y no lo lamento. Cu\u00eddese.<\/p>\n<p>R.- Es que no s\u00e9 lo que soy. Y esto de no saberlo creo que s\u00ed, lo voy a tener toda la vida.<\/p>\n<p>P.- Querido Mestro, \u00bftienes pensado hacer alg\u00fan Blues? gracias!<\/p>\n<p>R.- En realidad tengo varias canciones que son casi blues. En cuanto al blues bien negro de Nueva Orleans no porque ya tiene gente que lo hace mucho mejor que yo.<\/p>\n<p>P.- Es cierto que sigue creyendo en el comunismo?<\/p>\n<p>R.- No entiendo tu pregunta para nada. \u00bfCu\u00e1ndo he hablado yo del comunismo?<\/p>\n<p>P.- Yo quiero ser como usted de mayor. \u00bfQu\u00e9 me recomienda?<\/p>\n<p>R.- Que cumplas a\u00f1os.<\/p>\n<p>P.- \u00bfLe molesta que la gente le recuerde, sobre todo, por su \u00e9poca de la Mandr\u00e1gora?<\/p>\n<p>R.- Empieza a molestarme. S\u00ed.<\/p>\n","protected":false},"excerpt":{"rendered":"<p>Su \u00faltimo trabajo discogr\u00e1fico, Toser y cantar, ofrece 11 nuevos temas de Javier Krahe, en los que de nuevo el maestro hace gala de su burla, iron\u00eda y humor. Una edici\u00f3n de lujo que incluye un libro, De mil amores con m\u00e1s de 200 p\u00e1ginas diseccionando las letras de sus canciones, con dibujos y acuarelas.<\/p>\n","protected":false},"author":1,"featured_media":0,"comment_status":"open","ping_status":"open","sticky":false,"template":"","format":"standard","meta":{"footnotes":""},"categories":[],"tags":[],"class_list":["post-3325","post","type-post","status-publish","format-standard","hentry"],"_links":{"self":[{"href":"https:\/\/intervius.com\/index.html\/wp-json\/wp\/v2\/posts\/3325","targetHints":{"allow":["GET"]}}],"collection":[{"href":"https:\/\/intervius.com\/index.html\/wp-json\/wp\/v2\/posts"}],"about":[{"href":"https:\/\/intervius.com\/index.html\/wp-json\/wp\/v2\/types\/post"}],"author":[{"embeddable":true,"href":"https:\/\/intervius.com\/index.html\/wp-json\/wp\/v2\/users\/1"}],"replies":[{"embeddable":true,"href":"https:\/\/intervius.com\/index.html\/wp-json\/wp\/v2\/comments?post=3325"}],"version-history":[{"count":0,"href":"https:\/\/intervius.com\/index.html\/wp-json\/wp\/v2\/posts\/3325\/revisions"}],"wp:attachment":[{"href":"https:\/\/intervius.com\/index.html\/wp-json\/wp\/v2\/media?parent=3325"}],"wp:term":[{"taxonomy":"category","embeddable":true,"href":"https:\/\/intervius.com\/index.html\/wp-json\/wp\/v2\/categories?post=3325"},{"taxonomy":"post_tag","embeddable":true,"href":"https:\/\/intervius.com\/index.html\/wp-json\/wp\/v2\/tags?post=3325"}],"curies":[{"name":"wp","href":"https:\/\/api.w.org\/{rel}","templated":true}]}}