{"id":3306,"date":"2011-01-14T00:00:00","date_gmt":"2006-11-06T00:00:00","guid":{"rendered":"https:\/\/intervius.com\/index.html\/?p=3306"},"modified":"2006-11-06T00:00:00","modified_gmt":"2006-11-06T00:00:00","slug":"Jose_Manuel_Garcia-Margallo3306","status":"publish","type":"post","link":"https:\/\/intervius.com\/index.html\/Jose_Manuel_Garcia-Margallo3306\/","title":{"rendered":"Jos\u00e9 Manuel Garc\u00eda-Margallo"},"content":{"rendered":"<p>Pregunta.- \u00bfQu\u00e9 visi\u00f3n general tienen los parlamentarios europeos sobre la econom\u00eda espa\u00f1ola?<\/p>\n<p>Respuesta.- Creo que la conclusi\u00f3n un\u00e1nime es que la econom\u00eda espa\u00f1ola tiene un nivel de crecimiento importante, un potencial m\u00e1s alto incluso que otros pa\u00edses de la Uni\u00f3n Europea. Lo que hay que hacer es corregir el rumbo que se ha llevado en los \u00faltimos tiempos. Hay que hacer un esfuerzo de disciplina presupuestaria. Hay que hacer las reformas estructurales, reformas de las que el Gobierno ven\u00eda siendo avisado desde hace 5 a\u00f1os. Cada d\u00eda que se retrasen esas reformas, ser\u00e1n m\u00e1s d\u00edas en salir del hoyo.<\/p>\n<p>P.- Buenos d\u00edas Su nombre es uno de los que se baraja como futuro ministro de un gobierno Rajoy. \u00bfLe gustar\u00eda?<\/p>\n<p>R.- Creo que lo que hay que hacer es ganar las elecciones. A cualquier se\u00f1or que lleva en pol\u00edtica cierto tiempo, ocupar una cartera ministerial, y m\u00e1s en un gobierno de Rajoy, es algo que me gustar\u00eda.<\/p>\n<p>P.- Dijo ayer que hay acuerdo sobre las reformas, pero que todo es ruido de politiqueo. \u00bfNo podr\u00edan ser mas serios los partidos en Espa\u00f1a? Si las reformas son urgentes, \u00bfpor qu\u00e9 se demoran con gestos de cara a la galer\u00eda? GRACIAS<\/p>\n<p>R.- Tengo una visi\u00f3n muy cr\u00edtica de cu\u00e1l ha sido la gesti\u00f3n econ\u00f3mica en los \u00faltimos a\u00f1os. En los a\u00f1os de bonanza, cuando el gobierno Zapatero hereda unas arcas rebosantes y atraviesa por un periodo de bonanza casi desconocido, no se abordan las reformas necesarias para mejorar la competitivad de la econom\u00eda espa\u00f1ola. Y desde el punto de vista de la administraci\u00f3n de las cuentas p\u00fablicas nos encontramos que teniendo mucho dinero y muy barato se deb\u00eda haber utilizado una pol\u00edtica presupuestar\u00eda m\u00e1s restrictiva. Se hizo lo contrario, echar gasolina a la hoguera. Cuando lleg\u00f3 la crisis nos cogi\u00f3 en peor situaci\u00f3n que a los dem\u00e1s, est\u00e1bamos m\u00e1s endeudados y \u00e9ramos menos competitivos. Se tard\u00f3 en reconocer la crisis y se tard\u00f3 en abordar las reformas. El gobierno ahora dice que va a hacer y hace como que hace. PEro encomendar a Zapatero un programa de reformas tan profundo es tan imaginativo como encomendar a Fernando VII la puesta en marcha de una Constituci\u00f3n liberal.<\/p>\n<p>P.- \u00bfCree que la UE ampliar\u00e1 su fondo de rescate? \u00bfQu\u00e9 efectos podr\u00eda tener en Espa\u00f1a?<\/p>\n<p>R.- No tengo la menor duda de que si es necesario rescatar a Espa\u00f1a y el actual fondo es insuficiente, se ampliar\u00e1. Y no por la bondad de coraz\u00f3n de los pa\u00edses centrales sino porque la deuda de Espa\u00f1a y de otros pa\u00edses est\u00e1 en manos de sus bancos. Y si no hubiese rescate, sus bancos entrar\u00edan en dificultades importantes, que crear\u00edan dificultades importantes a sus econom\u00edas nacionales. Y sobre los efectos, creo que cuanto antes se explicite esta voluntad de no dejar caer a ning\u00fan pa\u00eds del euro, menos ataques sufriremos de los especuladores y m\u00e1s tranquilidad habr\u00e1 en los mercados. Ser\u00eda importante que el Gobierno espa\u00f1ol trasladase este mensaje a los que cortan el bacalao, que comos todos sabemos, son Merkel y Sarkozy.<\/p>\n<p>P.- \u00bfEurobonos s\u00ed o no a los eurobonos? \u00bfPodr\u00eda explicarnos las ventajas y los inconvenientes de poner en marcha este recurso? Muchas gracias: Emilio<\/p>\n<p>R.- Yo soy firme partidario de los eurobonos. Es un paso adelante en el proceso de construcci\u00f3n europea, es un mecanismo que pone en pr\u00e1ctica el principio de solidaridad entre los distintos pa\u00edses y garantiza que nadie podr\u00e1 saltarse la materia de disciplina presupuestaria. De lo que se trata es de dividir la deuda p\u00fablica en dos tramos. En el primer tramo, al llegar digamos hasta el 60% del PIB, es el tramo que se considera que se puede pagar cualquiera que sean las circunstancias. El segundo tramo es el que supere este l\u00edmite y es m\u00e1s problem\u00e1tico. Es como si usted pide un pr\u00e9stamo al banco y le dicen que hasta 3.000 euros de acuerdo, pero que por encima de ese l\u00edmite necesita usted un aval u otras garant\u00edas. El primer tramo ser\u00eda cubierto por la emisi\u00f3n de los eurobonos, conocidos en la jerga comunitaria como bonos azules, que son t\u00edtulos de los que responden solidariamente todos los pa\u00edses de la zona, lo que garantizar\u00e1 que tendr\u00e1n las m\u00e1ximas calificaciones y se pagar\u00e1n a un tipo de inter\u00e9s muy razonable. Como es natural, estos bonos se pagar\u00edan con prioridad, para dar seguridad al inversor. Lo que supere el tramo razonable se cubrir\u00eda con lo que se llaman bonos rojos, que son bonos exclusivamente nacionales, mal vistos en los mercados y, por tanto, caros. AS\u00ed las cosas, el primer tramo de la deuda no pondr\u00e1 cargas excesivas a los pa\u00edses que lo necesiten, mientras que el segundo tramo ser\u00e1 una zona de enorme riesgo.<\/p>\n<p>P.- \u00bfNo cree que hay un derroche brutal en las instituciones europeas y en todo lo relativo a la UE?<\/p>\n<p>R.- No, no lo creo en absoluto. El presupuesto de la Uni\u00f3n Europea no llega al 1% del producto interior bruto de la Uni\u00f3n Europea. Es una cifra muy peque\u00f1a para todo lo que hay que hacer. Y ahora, por imposici\u00f3n del gobierno brit\u00e1nico, se quiere reducir. Con menos dinero no se hace m\u00e1s Europa, se hace menos Europa. Yo propongo complementar la emisi\u00f3n de los eurobonos para pagar la deuda p\u00fablica con una mayor dotaci\u00f3n de recursos para el banco europeo y una emisi\u00f3n de bonos, tambi\u00e9n europeos, para proyectos espec\u00edficos que ayuden a crecer y crear empleo. Ejemplos de estos proyectos podr\u00edan ser el corredor mediterr\u00e1neo, el gaseducto por Argelia o la conexi\u00f3n de nuestra red el\u00e9ctrica con otras europeas. Necesitamos disciplina fiscal, austeridad presupuestaria, pero tambi\u00e9n ayudar a crecer y a dar trabajo a los europeos que no lo tienen.<\/p>\n<p>P.- Aunque la crisis es dura y el euro atraviesa uno de sus momentos m\u00e1s dif\u00edciles, \u00bfPuedes contar alguna an\u00e9cdota graciosa de las negociaciones sobre los rescates europeos? un saludo C.<\/p>\n<p>R.- Yo celebro siempre el buen humor, uo de mis autores preferidos es Oscar Wilde, pero encontrar an\u00e9cdotas graciosas es complicado. La respuesta europea por ahora est\u00e1 siendo una respuesta bastante r\u00e1pida y poco consistente. Es como si todas y cada una de las instituciones quisiesen hacer algo para parecer que hacen algo ante la opini\u00f3n p\u00fablica. Pero lo cierto es que se est\u00e1 improvisando mucho. El rescate de Grecia se decidi\u00f3 en una madrugada de infarto porque hab\u00eda que decir algo antes de que abriese el mercado japon\u00e9s, para que no se produjese un naufragio. A los irlandeses les forzaron a recurrir a un rescate que no quer\u00edan cuando se empez\u00f3 a hablar de que el mecanismo de rescate permanente que entrar\u00eda en vigor en el 2013 permitir\u00eda pagar a los tenedores de bonos, menos de lo que era nominal del bono. El viejo principio de que el estado no puede quebrar se pon\u00eda as\u00ed en cuesti\u00f3n. Las obligaciones p\u00fablicas se asemajaban a las obligaciones privadas. Lo nunca visto. Como ver\u00e1s, todas estas an\u00e9cdotas de graciosas tienen lo justo.<\/p>\n<p>P.- Hola, gracias por su tiempo. tengo que hacer un trabajo para una asignatura sobre el Acta \u00fanica de mercado. \u00bfSer\u00eda usted capaz de explicarme brevemente de qu\u00e9 se trata? \u00bfNos sacar\u00e1 de la crisis?<\/p>\n<p>R.- Creo que te quieres referir a la propuesta que acaba de hacer la Comisi\u00f3n sobre la base de un informe que hizo Monti, que viene a desarrollar el mercado interior que fue establecido por el Acta \u00danica. Son 50 propuestas que abordan aspectos muy diferentes: la patente europea, donde nos han dado una bofetada monumental porque se tienen en cuenta solo el ingl\u00e9s y el franc\u00e9s y el alem\u00e1n y no el espa\u00f1ol. La propiedad intelectual, que ahora est\u00e1 tan de moda en Espa\u00f1a con la Ley Sinde. La internacionalizaci\u00f3n de la peque\u00f1a y mediana empresa. La emisi\u00f3n de bonos para proyectos espec\u00edficos a los que me he referido antes. El cambio de modelo en\u00e9rgetico. El desarrollo de la directiva de servicios. La revisi\u00f3n de la fiscalidad. Un mont\u00f3n de cosas que encontrar\u00e1s en la web de la Comisi\u00f3n Europea. En cuanto a si creo que nos sacar\u00e1 de la crisis, no s\u00e9 si tanto, pero desde luego que s\u00ed ayudar\u00e1 a que podamos crecer m\u00e1s y m\u00e1s deprisa.<\/p>\n<p>P.- \u00bfQu\u00e9 le parecen los recortes tanto econ\u00f3micos como de derechos que hemos sufrido los funcionarios murcianos?, \u00bfusted considera que los \u00fanicos culpables de la crisis somos los funcionarios o por el contrario tienen m\u00e1s culpa los pol\u00edticos y por tanto deber\u00edan contribuir m\u00e1s?<\/p>\n<p>R.- Yo mismo soy funcionario p\u00fablico. Soy perfectamente consciente de que existe una cierta sensaci\u00f3n de injusticia en el reparto de los sacrificios que hay que hacer para salir de la crisis. Sacrificios hay que hacer porque las cuentas p\u00fablicas est\u00e1n manga por hombro, la Uni\u00f3n Europea nos ha sacado tarjeta amarilla y los mercados nos piden unos tipos de inter\u00e9s realmente prohibitivos. Estamos en una situaci\u00f3n aut\u00e9nticamente l\u00edmite y todos tenemos que apretarnos el cintur\u00f3n. Lo que s\u00ed creo es que este Gobierno est\u00e1 intentando evitar el naufragio sacando el agua de donde puede y como puede, sin un plan coherente de conjunto. Creo tambi\u00e9n que al no saber a d\u00f3nde va es dif\u00edcil que pueda repartir el coste del ajuste con justicia. Y ahora nos ha tocado a nosotros. Lo que hace Zapatero es exactamente lo contrario de lo que se hizo en los Pactos de la Moncloa, donde hab\u00eda un papel, un diagn\u00f3stico completo, una terapia global y una distribuci\u00f3n de esfuerzos solidaria. Pero dicho eso, los funcionarios tenemos la ventaja de tener un puesto de trabajo fijo. Y s\u00ed parece razonable que se nos pida una contribuci\u00f3n al esfuerzo nacional.<\/p>\n<p>P.- \u00bfPiensa usted que el Euro podr\u00eda tener fecha de caducidad si Espa\u00f1a u otro pa\u00eds debe ser rescatado?<\/p>\n<p>R.- No lo pienso en absoluto. S\u00e9 que eso es lo que ha dicho hace unos d\u00edas un Premio Nobel, pero no lo comparto. Si el euro desapareciese, Alemania recuperar\u00eda el marco, que ser\u00eda una moneda m\u00e1s cara que el euro actual y sus exportaciones a Asia se ver\u00edan seriamente perjudicadas. Espa\u00f1a volver\u00eda a una peseta que ser\u00eda una birria de moneda respecto al euro actual. Pero todos los que tienen deuda espa\u00f1ola se ver\u00edan perjudicados, entre ellos los bancos de la eurozona. Le he contestado en t\u00e9rminos de n\u00fameros, pero en t\u00e9rminos m\u00e1s fil\u00f3soficos le dir\u00e9 que el euro es la expresi\u00f3n m\u00e1s clara del proyecto de la Uni\u00f3n Europea. Si el euro desaparece, volver\u00edamos a los tiempos anteriores al Tratado de Roma, a los a\u00f1os 50. Y Europa dejar\u00eda de ser un actor en una escena mundial dominada por gigantes como EEUU, China, India, Brasil, etc. En los tiempos que corren, lo de small is beautiful es una expresi\u00f3n simp\u00e1tica que no guarda relaci\u00f3n con la realidad.<\/p>\n<p>P.- Hola, me gustar\u00eda saber qu\u00e9 hace usted exactamente, cu\u00e1les son sus tareas como eurodiputado. Gracias<\/p>\n<p>R.- Soy vicepresidente primero de la Comisi\u00f3n de Asuntos Econ\u00f3micos y Monetarios, soy presidente de la delegaci\u00f3n para los pa\u00edses de la comunidad andina, y soy un poco el chico para todo cuando se trata de asuntos valencianos. En la Comisi\u00f3n de Asuntos Econ\u00f3micos y Monetarios nos ocupamos de la pol\u00edtica de competencia, mercado interior, servicios financieros, fiscalidad, pol\u00edtica macroecon\u00f3mica, di\u00e1logo monetario con el Banco Central. En la comunidad andina est\u00e1n pa\u00edses tan complicados como Venezuela, Boliva, Ecuador, Per\u00fa o Colombia. Como valenciano, me toca ocuparme desde el trasvase del J\u00facar-Vinalop\u00f3 hasta las fritas que tanto afectan a la cer\u00e1mica castellonense, a las exportaciones de tomates y c\u00edtricos marroqu\u00edes, a la competencia de los coreanos a los coches que hacemos en Almussafes&#8230; Como ve, en estos a\u00f1os teniendo que ocuparme de tan variadas cosas me estoy haciendo una cultura.<\/p>\n<p>P.- Hola, \u00bfqu\u00e9 piensa del permiso \u00fanico de trabajo y residencia? Lo hab\u00eda aprobado la comisi\u00f3n de Libertades pero despu\u00e9s el pleno lo rechaz\u00f3. \u00bfMe lo puede explicar? Saludos<\/p>\n<p>R.- Exactamente no he seguido ese tema porque no est\u00e1 en mi comisi\u00f3n, pero si le puedo hacer una reflexi\u00f3n sobre el tema de la inmigraci\u00f3n. Me parece importante comprender que la inmigraci\u00f3n en tiempos de globalizaci\u00f3n no tiene nada que ver con la inmigraci\u00f3n que se ha producido en otras etapas hist\u00f3ricas. En estas \u00faltimas etapas, los inmigrantes proced\u00edan de Europa y se dirig\u00edan a pa\u00edses como EEUU, Canad\u00e1, Argentina, Australia, con espacios inmensos, recursos casi ilimitados y culturalmente poco maduros. La corriente se ha invertido ahora. Los emigrantes proceden de pa\u00edses de \u00c1frica o Asia, se dirigen a los pa\u00edses europeos que son peque\u00f1os y tienen pocos recursos y tienen tradiciones culturales muy fuertes. Cuando la crisis arrecia, los partidos xen\u00f3fobos y populistas aprovechan para incendiar las pasiones de muchos ciudadanos que ven amenazado su puesto de trabajo, que temen la explosi\u00f3n de los servicios socialees, etc. Por eso me parece importante decir que creo que la inmigraci\u00f3n debe estar enfocada hacia la integraci\u00f3n de los inmigrantes en condiciones dignas. Es obvio que no podemos garantizar esas condiciones dignas a todos los emigrantes que quieran venir a la Uni\u00f3n Europea. No podemos recibir a todos los que, por razones bien comprensibles, desean abandonar sus pa\u00edses para buscar un futuro mejor. Solo podemos admitir a aquellos a los que podemos acoger en condiciones compatibles con la dignidad humana. Por eso, exigir un permiso de trabajo me parece razonable. Lo otro es crear guettos o zonas de exclusi\u00f3n.<\/p>\n<p>P.- Como ciudadano y votante me siento ofendido de que no se le haya dado el debido respeto al Parlamento Europeo como instituci\u00f3n, al verse que los sindicatos hayan enviado representantes de segunda al encuentro con Ud. \u00bfNos podr\u00eda decir si en los otros pa\u00edses pasa lo mismo o es una peculiaridad espa\u00f1ola?<\/p>\n<p>R.- No, lo que ocurri\u00f3 con los sindicatos es que estaban invitados a la sede del Parlamento Europeo. El d\u00eda fue muy cargado. Empezamos a las 9 de la ma\u00f1ana una reuni\u00f3n con los diputados de los diferentes grupos del Congreso. Seguimos con una reuni\u00f3n con los representantes del Ministerio de Hacienda. Luego con el Banco de Espa\u00f1a. Y despu\u00e9s hubo una rueda de prensa en nuestra sede, a la que acudieron nuestros representantes sindicales. La rueda se retras\u00f3 y los representantes sindicales se hab\u00edan ido cuando nosotros bajamos a la sala prevista. No puedo m\u00e1s que lamentar el incidente porque el programa se hab\u00eda dise\u00f1ado para poder dialogar con todos los representantes de la sociedad espa\u00f1ola. Pudimos hablar con los representantes de la CEOE, pero no de los sindicatos. Lo siento.<\/p>\n<p>P.- Hola, a falta de Alemania, \u00bfexiste un consenso en Europa sobre los eurobonos?<\/p>\n<p>R.- No. Todav\u00eda ese consenso no existe, aunque se est\u00e1 abriendo la idea de que la idea de los eurobonos es una buena idea. Lo que toca es trabajar en el Parlamento Europeo para construir una mayor\u00eda lo suficientemente s\u00f3lida como para que el Consejo, donde se sientan los representantes de los pa\u00edses miembros, tenga que aceptar, o al menos negociar, esta idea, a la que yo doy la m\u00e1xima importancia por las razones que he dicho antes. Estoy convencido de que lo conseguiremos.<\/p>\n<p>P.- \u00bfC\u00f3mo espa\u00f1ol, que le parece que a los pensionistas se les congelen las pensiones, a los funcionarios se les baje el sueldo y mientras los pol\u00edticos tengan pensiones vitalicias, etc.?<\/p>\n<p>R.- Me parece mal. Est\u00e1 en el ADN del Partido Socialista que cada vez que hay que hacer un recorte se empieza por suprimir la sopa del abuelo. El partido propuso como alternativa cortar gastos innecesarios, pero no fue aceptado. Lo que s\u00ed creo es que hay que hacer una reflexi\u00f3n seria sobre la sostenibilidad del sistema de pensiones porque cada vez son menos las personas que trabajan, que cotizan a la Seguridad Social, y m\u00e1s las personas que tienen derecho a una pensi\u00f3n de jubilaci\u00f3n. Dos datos: a principios del siglo XX lo normal es que una persona viviese solo uno o dos a\u00f1os despu\u00e9s de haberse retirado. Ahora vive Ahora hay 4 personas trabajando por cada persona que tiene derecho a una pensi\u00f3n. En los pr\u00f3ximos a\u00f1os, como consecuencia de la ca\u00edda de la natalidad y el aumento de las expectivas de vida solo habr\u00e1 2 personas trabajando por cada persona con derecho a pensi\u00f3n. Es obvio que si queremos compensar esa tendencia, aumentando las cotizaciones sociales, perderemos competitividad y nos quedaremos fuera del mercado. La soluci\u00f3n pasa por muchas de las medidas que ahora se est\u00e1n estudiando y por otra de la que nadie habla: sustituir las cotizaciones por impuestos indirectos, para que la limitaci\u00f3n que acabo de hablar no se produzca.<\/p>\n<p>P.- Esta ma\u00f1ana he cogido un taxi, el conductor estaba muy triste oprque llevaba horas esperando un cliente. La crisis se nota en la calle, y mucho. Mi sensaci\u00f3n es de que hay un miedo atroz. S\u00e9 que eso frena el consumo, que es clave, pero es que usted no se puede imaginar la sensaci\u00f3n de abismo que tienen los millones de ciudadanos en paro. Cuando uno cobra m\u00e1s de 4.000 euros, como seguro que es su caso, \u00bfpuede comprender esta situaci\u00f3n?<\/p>\n<p>R.- La comprendo perfectamente. Y he tenido la oportunidad de hablar con muchos responsables de C\u00e1ritas que me han contado c\u00f3mo hay familias enteras que hacen la \u00fanica comida del d\u00eda en sus comedores. Cr\u00e9ame, yo estoy en la calle. S\u00e9 lo que pasa. Por eso, dedico la mayor parte de mi tiempo a cooperar en la medida de lo posible a imaginar recetas que nos puedan sacar del hoyo. Especialmente me preocupa, como a todos los espa\u00f1oles, la situaci\u00f3n de desempleo, que alcanza cifras dram\u00e1ticas entre los j\u00f3venes. Y entre los mayores de 55 a\u00f1os.<\/p>\n<p>P.- Estimado se\u00f1or, he le\u00eddo hace unos d\u00edas un art\u00edculo suyo en el que dice que Alemania intenta imporner un sistema de apartheid que discrima a pa\u00edses ricos y pobres. Habla de la necesidad de tomar la decisi\u00f3n pol\u00edtica de dar m\u00e1s poder a la UE. \u00bfDe verdad cree que es posible? Para empezar, los ciudadanos desconf\u00edan de Bruselas y adem\u00e1s, por pol\u00edticos nacionales no le ponen mucho empe\u00f1o en vender lo bueno de la UE&#8230; \u00bfhay salida?<\/p>\n<p>R.- La opini\u00f3n p\u00fablica alemana es cada d\u00eda m\u00e1s contraria a dar dinero a determinados pa\u00edses, los llamados pa\u00edses perif\u00e9ricos. Los alemanes creen que trabajamos menos que ellos, tenemos prestaciones sociales m\u00e1s generosas y encima queremos jubilarnos antes. Y no est\u00e1n dispuestos a pagar la factura. Los alemanes hicieron enormes esfuerzos cuando tuvieron que hacerse cargo de los lander del Este, que estaban arruinados, y ahora repiten que cada palo tiene que aguantar su vela. Creo que es un error. Si los pa\u00edses perif\u00e9ricos nos hundimos, sufrir\u00e1n sus empresas, que vender\u00e1n menos. Y sufrir\u00e1n sus bancos, que tienen monta\u00f1as de deuda p\u00fablica de los pa\u00edses del llamado Club MED. Los alemanes tienen que entender, adem\u00e1s, que es mucho m\u00e1s caro sacar un barco del fondo del mar que ayudarle para que no naufrague. Pero eso requiere tiempo. La soluci\u00f3n pasa como siempre por dar un salto adelante en la construcci\u00f3n europea. Si no lo hacemos, corremos el riesgo que denunci\u00f3 un periodista americano que dec\u00eda que si no nos unimos Europa, toda Europa, inclu\u00edda ALemania, se convertir\u00eda en un parque tem\u00e1tico para diversi\u00f3n de los americanos, los chinos y los indios, que no pierden el tiempo en mirarse el ombligo.<\/p>\n<p>P.- \u00bfCu\u00e1ndo definitivamente se desestimar\u00e1 la denuncia contra el urbanismo valenciano presentada por la Comisi\u00f3n Europea? \u00bfCu\u00e1ndo cree que se pronunciar\u00e1 la sala del Tribunal Europeo?<\/p>\n<p>R.- La \u00fanica denuncia que hay contra el urbanismo valenciano es la que hace referencia a la figura del agente urbanizador, la persona que podr\u00eda desarrollar un proyecto urbanizador si los propietarios de los terrenos no lo hac\u00edan en el tiempo previsto. Lo que la denuncia argumentaba es que la relaci\u00f3n entre ayuntamiento y agente era una relaci\u00f3n p\u00fablica, sujeta a las disposiciones (publicidad, etc) establecidas para los contratos administrativos por la legislaci\u00f3n europea. El abogado general ya se ha pronunciado pidiendo la desestimaci\u00f3n y, por tanto, eso es lo que va a ocurrir. Lo que s\u00ed lamento es que en todos estos a\u00f1os se haya producido una campa\u00f1a de descr\u00e9dito contra la Comunidad Valenciana que nos ha hecho mucho da\u00f1o. Se ha dicho que eramos una especie de rep\u00fablica bananera, que a la gente pod\u00edan quitarle la casa sin pagarle un euro y sin que los jueces se molestasen en remediar el da\u00f1o causado. Un aut\u00e9ntico desprop\u00f3sito.<\/p>\n","protected":false},"excerpt":{"rendered":"<p>El eurodiputado del Partido Popular Europeo viaja a Madrid con la comisi\u00f3n especial sobre Crisis Financiera, Econ\u00f3mica y Social del Parlamento Europeo. Jos\u00e9 Manuel Garc\u00eda-Margallo responder\u00e1 a los lectores tras visitar en Portugal y Espa\u00f1a a quienes conocen de cerca las cuentas y qu\u00e9 nos deparar\u00e1 la crisis.<\/p>\n","protected":false},"author":1,"featured_media":0,"comment_status":"open","ping_status":"open","sticky":false,"template":"","format":"standard","meta":{"footnotes":""},"categories":[],"tags":[],"class_list":["post-3306","post","type-post","status-publish","format-standard","hentry"],"_links":{"self":[{"href":"https:\/\/intervius.com\/index.html\/wp-json\/wp\/v2\/posts\/3306","targetHints":{"allow":["GET"]}}],"collection":[{"href":"https:\/\/intervius.com\/index.html\/wp-json\/wp\/v2\/posts"}],"about":[{"href":"https:\/\/intervius.com\/index.html\/wp-json\/wp\/v2\/types\/post"}],"author":[{"embeddable":true,"href":"https:\/\/intervius.com\/index.html\/wp-json\/wp\/v2\/users\/1"}],"replies":[{"embeddable":true,"href":"https:\/\/intervius.com\/index.html\/wp-json\/wp\/v2\/comments?post=3306"}],"version-history":[{"count":0,"href":"https:\/\/intervius.com\/index.html\/wp-json\/wp\/v2\/posts\/3306\/revisions"}],"wp:attachment":[{"href":"https:\/\/intervius.com\/index.html\/wp-json\/wp\/v2\/media?parent=3306"}],"wp:term":[{"taxonomy":"category","embeddable":true,"href":"https:\/\/intervius.com\/index.html\/wp-json\/wp\/v2\/categories?post=3306"},{"taxonomy":"post_tag","embeddable":true,"href":"https:\/\/intervius.com\/index.html\/wp-json\/wp\/v2\/tags?post=3306"}],"curies":[{"name":"wp","href":"https:\/\/api.w.org\/{rel}","templated":true}]}}