{"id":3299,"date":"2011-01-20T00:00:00","date_gmt":"2006-11-06T00:00:00","guid":{"rendered":"https:\/\/intervius.com\/index.html\/?p=3299"},"modified":"2006-11-06T00:00:00","modified_gmt":"2006-11-06T00:00:00","slug":"Luis_Fernandez3299","status":"publish","type":"post","link":"https:\/\/intervius.com\/index.html\/Luis_Fernandez3299\/","title":{"rendered":"Luis Fern\u00e1ndez"},"content":{"rendered":"<p>Pregunta.- \u00bfCrees que la gente que est\u00e1 totalmente adormilada con la que est\u00e1 cayendo se llegar\u00e1 a movilizar?<\/p>\n<p>Respuesta.- Tengo confianza en que la convocatoria que hemos puesto en marcha tenga un calado profundo en la sociedad. Si los sindicatos no nos han sacado a la calle, nosotros deber\u00edamos salir. Salimos como respuesta a la inacci\u00f3n de las fuerzas pol\u00edticas y de los sindicatos.<\/p>\n<p>P.- Buenos dias! Por qu\u00e9 con 4,1 millones de parados reconocidos y m\u00e1s de 5 millones reales, Espa\u00f1a y sus habitantes no estan en la calle echando a la clase pol\u00edtica de sus sillones? Spain is diferent o somo tontos? gracias. un antiguo JASP, o as\u00ed nos calificaban, y hoy en paro.<\/p>\n<p>R.- En principio es la falta de informaci\u00f3n, la impotencia de muchos desempleados, la incapacidad de movilizarse. Y somos muy individualistas, no tenemos conciencia de grupo.<\/p>\n<p>P.- Hay revueltas en Grecia, Italia, Reino Unido y hasta&#8230; en T\u00fanez y aqu\u00ed tragamos con todo y no movemos un dedo. \u00bfHasta cu\u00e1ndo?<\/p>\n<p>R.- Esta iniciativa es precisamente una invitaci\u00f3n a no permanecer en esa l\u00ednea. Ese es nuestro momento. Tenemos que mostrar de una forma pac\u00edfica y sensata que tenemos mucho que decir. La sociedad espa\u00f1ola tiene el derecho y la obligaci\u00f3n a responder a este desamparo.<\/p>\n<p>P.- Me parece una muy buena iniciativa, \u00bfc\u00f3mo se va a organizar?<\/p>\n<p>R.- En todas las bocas de metro del recorrido estar\u00e1n apostados compa\u00f1eros que ir\u00e1n informando de c\u00f3mo incorporarse a esta fila humana. Es una iniciativa respetuosa con la ciudad, la circulaci\u00f3n, los vecinos y los comerciantes. No llevaremos pancartas, no haremos nada violento. El presidente es responsable primero y a \u00e9l y a los diputados va dirigida esta iniciativa para que nos visualicen, para que vean que no somos n\u00fameros. Deben adoptar las medidas que les proponemos de forma urgente.<\/p>\n<p>P.- \u00bfC\u00f3mo califica el papel que est\u00e1n jugando el Gobierno y los partidos pol\u00edticos en esta crisis?<\/p>\n<p>R.- Est\u00e1n actuando con una absoluta falta de lealtad a la ciudadan\u00eda, que les est\u00e1 pagando sus sueldos. Los pol\u00edticos est\u00e1n olvidando la situaci\u00f3n real de drama que padece el colectivo de desempleados y sus entornos, sus familias.<\/p>\n<p>P.- \u00bfExactamente d\u00f3nde, cu\u00e1ndo y a qu\u00e9 hora va a ser el recorrido?<\/p>\n<p>R.- El pr\u00f3ximo lunes 24 de enero a las 11 de la ma\u00f1ana comenzar\u00e1 la iniciativa. El recorrido de la cola ser\u00e1 Plaza de Neptuno, Calle Alcal\u00e1, Gran V\u00eda, Princesa, Moncloa. En todas las bocas de metro del recorrido (Banco de Espa\u00f1a, Gran V\u00eda, Callao, Plaza de Espa\u00f1a, Ventura Rodriguez, Arg\u00fcelles y Moncloa) estar\u00e1n nuestros compa\u00f1eros que ir\u00e1n indicando c\u00f3mo se formar\u00e1 la cola.<\/p>\n<p>P.- Usted est\u00e1 en paro, \u00bfc\u00f3mo lleg\u00f3 a esta situaci\u00f3n? \u00bfc\u00f3mo es el d\u00eda a d\u00eda de un parado?<\/p>\n<p>R.- S\u00ed estoy en paro. Llegu\u00e9 al paro porque fui obligado a ser aut\u00f3nomo, como tantos otros trabajadores del sector de la construcci\u00f3n. Los impagos de las empresas para la que trabajaba me han destrozado por completo, oblig\u00e1ndome a quedar en casa para no perder m\u00e1s dinero del que no ten\u00eda. No pod\u00eda seguir financiando a las constructoras. Hay parados que entran en depresi\u00f3n y est\u00e1n anulados como personas y hay desempleados que siguen con ansiedad la b\u00fasqueda de puestos de trabajo, esos son los dos extremos m\u00e1s habituales.<\/p>\n<p>P.- \u00bfCu\u00e1les son sus recetas para salir de la crisis?<\/p>\n<p>R.- Lo que nuestra Asociaci\u00f3n Nacional de Desempleados defiende es que se debe incentivar al aut\u00f3nomo y al peque\u00f1o empresario. La creaci\u00f3n de puestos de trabajo viene de ellos y no entedemos porque no se apoyan m\u00e1s iniciativas privadas. No va a haber sector industrial que venga a Espa\u00f1a a cubrir las vacantes que ha dejado el sector de la construcci\u00f3n. El emprendedor es la \u00fanica f\u00f3rmula real para crear puestos de trabajo.<\/p>\n<p>P.- \u00bfOpina que Zapatero deber\u00eda dimitir?<\/p>\n<p>R.- S\u00ed, por coherencia. No ha sido capaz de gestionar esta situaci\u00f3n. Por verg\u00fcenza torera deber\u00eda hacerlo y dejar paso a gente que tenga capacidad. Esta situaci\u00f3n no es ninguna tonter\u00eda. Est\u00e1n en riesgo muchas vidas. El deshaucio de las familias, la falta de recursos para comer es un drama que se tiene que tener en cuenta. Tomen cuenta de lo que est\u00e1 ocurriendo y pongan freno a estas situaciones.<\/p>\n<p>P.- Buenos dias Sr. Fernandez De verdad , no entiendo, su planteamiento fuera de los sindicatos.\u00bfNo cree usted que dentro de los sindicato, seria m\u00e1s factible, su reinvidicaci\u00f3n,o esta oculto en otros intereses partidistas.Suerte y como usted, comparto, su deseo en que se termine el paro.<\/p>\n<p>R.- Me va a perdonar, pero se le ha ofrecido a los sindicatos a participar, se les ha invitado a que nos escuche, pero no vamos a seguir esperando a que ellos sigan sin actuar, vamos a actuar ya, no tenemos tiempo. Que la sociedad muestre su desencanto. Los sindicatos no est\u00e1n haciendo nada en defensa del colectivo de desempleados y afectados por la crisis. \u00bfD\u00f3nde y cu\u00e1ndo han hecho algo? Estar\u00eda m\u00e1s que satisfecho con recibir una llamada de los sindicatos no para apoyarnos sino para desearnos buena suerte. Que nos llamen aunque sea para darnos \u00e1nimo.<\/p>\n<p>P.- \u00bfqu\u00e9 opina que hayan quitado la ayuda de los 420 euros que Zapatero publicit\u00f3 a bombo y platillo?<\/p>\n<p>R.- Es una de las reivindicaciones que mostramos en esta iniciativa. Anda que no ten\u00edan sitios de los que recortar dinero&#8230; Esperamos que el presidente se retracte. Le env\u00edamos una carta el 5 de enero y desde Presidencia contestaron dando las gracias por las sugerencias y que le daban traslado al Ministerio de Trabajo para su estudio. Que recorten el dinero de gastos superfluos, que hay muchos.<\/p>\n<p>P.- Hay nucha gente muy bien preparada y en el paro, como no organizan ustedes una manifestacion a la que podamos ir todos los parados y sus familias a nivel nacional.<\/p>\n<p>R.- Estar\u00edamos encantados de poder hacerlo, pero preparar una manifestaci\u00f3n de esas caracteristicas requerir\u00eda mucho dinero. Somos una asociaci\u00f3n sin \u00e1nimo de lucro, no tenemos ninguna ayuda, no pagamos cuota para asociarse&#8230; Esta iniciativa es el primer paso. Es muy probable que en pr\u00f3ximas fechas hagamos lo mismo en otras capitales, de forma simult\u00e1nea. Dependiendo de la respuesta del lunes, seguiremos actuando. Conf\u00edamos en que tenga la acogida que nos merecemos.<\/p>\n<p>P.- \u00bfHa barajado la posibilidad de que fracase su iniciativa? \u00bfQu\u00e9 es lo que ha cambiado para que la gente proteste ahora y no hace un a\u00f1o?<\/p>\n<p>R.- Hemos llegado al l\u00edmite, por eso protestamos. No es tarea f\u00e1cil invitar a la ciudadan\u00eda. Seremos los primeros, no hay mayor problema. Y que vengan m\u00e1s detr\u00e1s.<\/p>\n<p>P.- \u00bfQu\u00e9 le parece lo que est\u00e1 haciendo Jos\u00e9 Campa\u00f1a Rivas, el caminante obrero, con su marcha desde Sevilla hasta el Congreso para exigir su derecho al trabajo y las moratorias en los pagos de recibos a los parados? \u00bfCree que conseguir\u00e1 algo?<\/p>\n<p>R.- Lo que reivindica \u00e9l es lo mismo que nosotros. Estamos invitando a toda la sociedad, tambi\u00e9n a Jos\u00e9 Campa\u00f1a, a que se sume a la iniciativa.<\/p>\n<p>P.- Tiene constancia de que algun politico vaya a sumarse a esta iniciativa? Enhorabuena por la iniciativa, ya era hora.<\/p>\n<p>R.- No tenemos constancia alguna de que eso vaya a ocurrir. Pero como es una convocatoria civil y ciudadana, est\u00e1n invitados todos los ciudadanos. Los pol\u00edticos se supone que son ciudadanos.<\/p>\n<p>P.- Buenos dias Sr. Luis Fernandez: Cuantos asociados componen su asociaci\u00f3n?. Cree usted que todos los parados conocen la iniciativa que usted tiene para formar la cadena humana?. Le estan dando cobertura los medios de comunicaci\u00f3n? Gracias por su respuesta.<\/p>\n<p>R.- Somos m\u00e1s de 8.000 asociados a nivel nacional. No contemplamos cuota de asociado para pertencer a la asociaci\u00f3n, por lo que invito a todos a que se unan en la web (www.adesorg.es). Poco a poco vamos haciendo ruido medi\u00e1tico.<\/p>\n<p>P.- Como acto propagandistico,est\u00e1 bien,pero porque no una manifestacion en Madrid,con tiempo suficiente para que podamos asistir miles? Esta formula de la cola,me resulta un tanto \u00f1o\u00f1a y a nivel personal le puede dar a Vd relevancia,pero a los demas&#8230;.no la veo eficaz.<\/p>\n<p>R.- No tenemos capacidad econ\u00f3mica para poder gestionar una manifestaci\u00f3n en esas dimensiones. Hace falta un equipo de seguridad que vale dinero que no tenemos, por ejemplo. Con esta iniciativa podemos llevarla adelante sin problemas, con todos los permisos. Una manifestaci\u00f3n ser\u00eda imposible gestionarla desde nuestra asociaci\u00f3n.<\/p>\n<p>P.- Ignoraba que existia esta asociaci\u00f3n aunque no me sorprende ya que los sindicatos actuales no son libres ( se han acomodado a tener subvenciones y callar). Los pol\u00edticos s\u00f3lo reaccionan con aquello que no pueden ocultar, por tanto: HAGAMONOS VISIBLES !!. Ayud\u00e9monos entre todos, \u00bfen qu\u00e9 puedo colaborar yo?<\/p>\n<p>R.- Difunde nuestra existencia y comparte nuestras iniciativas. Si puedes venir, te esperamos. Si no puedes venir, invita a tus conocidos por si pueden venir. Es una iniciativa pac\u00edfica, no vamos a cortar calles, no vamos a increpar a comercios, no queremos que por un mal gesto se nos quite la raz\u00f3n.<\/p>\n<p>P.- \u00bfCree que el paro volver\u00e1 a subir o cree que hemos tocado techo? \u00bfHasta donde podria llegar?<\/p>\n<p>R.- Desgraciadamente no hemos llegado al techo, seg\u00fan las previsiones. Ojal\u00e1 todos nos equivoquemos y empecemos a remontar.<\/p>\n<p>P.- \u00bfRealmente cree que con esta &#8220;cola&#8221; se va a arreglar algo? \u00bfPor qu\u00e9 en vez de hacer la cola, no se cogen los CV bajo el brazo y se patean las ciudades en busca de trabajo? Nunca he entendido las asociaciones de este tipo.<\/p>\n<p>R.- No hay trabajo. \u00bfDe qu\u00e9 me est\u00e1s hablando? \u00bfen qu\u00e9 pa\u00eds vives? \u00bfsales a la calle? \u00bfno conoces a nadie que est\u00e9 en paro? En la calle est\u00e1 el drama de los millones de parados y sus familias. Hablamos de millones de personas afectadas por esta crisis.<\/p>\n","protected":false},"excerpt":{"rendered":"<p>Desde hace un a\u00f1o preside la Asociaci\u00f3n Nacional de Desempleados (Adesorg) que el pr\u00f3ximo lunes va a organizar una cola de parados, que pretende unir el Congreso de los Diputados con La Moncloa. Su objetivo es entregar un documento al presidente del Gobierno y a los partidos para que reaccionen ante los graves problemas de los parados.<\/p>\n","protected":false},"author":1,"featured_media":0,"comment_status":"open","ping_status":"open","sticky":false,"template":"","format":"standard","meta":{"footnotes":""},"categories":[],"tags":[],"class_list":["post-3299","post","type-post","status-publish","format-standard","hentry"],"_links":{"self":[{"href":"https:\/\/intervius.com\/index.html\/wp-json\/wp\/v2\/posts\/3299","targetHints":{"allow":["GET"]}}],"collection":[{"href":"https:\/\/intervius.com\/index.html\/wp-json\/wp\/v2\/posts"}],"about":[{"href":"https:\/\/intervius.com\/index.html\/wp-json\/wp\/v2\/types\/post"}],"author":[{"embeddable":true,"href":"https:\/\/intervius.com\/index.html\/wp-json\/wp\/v2\/users\/1"}],"replies":[{"embeddable":true,"href":"https:\/\/intervius.com\/index.html\/wp-json\/wp\/v2\/comments?post=3299"}],"version-history":[{"count":0,"href":"https:\/\/intervius.com\/index.html\/wp-json\/wp\/v2\/posts\/3299\/revisions"}],"wp:attachment":[{"href":"https:\/\/intervius.com\/index.html\/wp-json\/wp\/v2\/media?parent=3299"}],"wp:term":[{"taxonomy":"category","embeddable":true,"href":"https:\/\/intervius.com\/index.html\/wp-json\/wp\/v2\/categories?post=3299"},{"taxonomy":"post_tag","embeddable":true,"href":"https:\/\/intervius.com\/index.html\/wp-json\/wp\/v2\/tags?post=3299"}],"curies":[{"name":"wp","href":"https:\/\/api.w.org\/{rel}","templated":true}]}}