{"id":326,"date":"2003-12-01T00:00:00","date_gmt":"2006-11-06T00:00:00","guid":{"rendered":"https:\/\/intervius.com\/index.html\/?p=326"},"modified":"2006-11-06T00:00:00","modified_gmt":"2006-11-06T00:00:00","slug":"Manu_Tenorio326","status":"publish","type":"post","link":"https:\/\/intervius.com\/index.html\/Manu_Tenorio326\/","title":{"rendered":"Manu Tenorio"},"content":{"rendered":"<p>Pregunta.- !Hola Manu!\u00bfHas encontrado ya el estilo musical que vas a seguir a lo largo de tu carrera? Tu 2\u00ba disco es muy bueno. Eres un ejemplo de buena m\u00fasica.Saludos. David de Palencia.<\/p>\n<p>Respuesta.- Eres un t\u00edo con buen criterio&#8230; Jajaja. El estilo es algo que no se consigue en los primeros discos, hay muchos artistas que lo logran encontrar a lo largo de toda su carrera. Poco a poco lo lograr\u00e9 encontrar.<\/p>\n<p>P.- !Hola! Cuando Manu Tenorio se levanta por las ma\u00f1anas y se mira al espejo. \u00bfQu\u00e9 ve?<\/p>\n<p>R.- Un monstruo, pero a lo largo del d\u00eda, voy volviendo a recuperar mi imagen habitual.<\/p>\n<p>P.- \u00bfTe gustar\u00eda grabar en otro idioma? \u00bfTe ves capaz?<\/p>\n<p>R.- S\u00ed, yo creo que s\u00ed, depende del idioma&#8230; porque en turco me iba a costar trabajo. No me importar\u00eda.<\/p>\n<p>P.- \u00bfTe gustar\u00eda hacer algo no relacionado con la m\u00fasica como cine o tv tal y como estan haciendo tus compa\u00f1eros de OT Alex , Natalia o Nuria Fergo?Suerte en tu carrera y ya aprovecho para desearte una Feliz Navidad a ti y a todos los internautas.<\/p>\n<p>R.- Por ahora la verdad es que lo \u00fanico que me interesa es lo que est\u00e1 vinculado a la m\u00fasica. Hasta lo que quiero llegar en esto me espera mucho trabajo.<\/p>\n<p>P.- Ahora que se acercan las Navidades. \u00bfTe gustar\u00eda versionar algun cl\u00e1sico de estas fechas? \u00bfCu\u00e1l?<\/p>\n<p>R.- La verdad es que ahora mismo&#8230; me has pilaldo fuera de juego, pero no me importar\u00eda porque me gustan las canciones de Navidad.<\/p>\n<p>P.- \u00bfQu\u00e9 es lo que se le pasa a uno por la cabeza cuando est\u00e1 cantando ante tanta y tanta gente (miedo, responsabilidad, locura&#8230;)? Te quiere, Carmen.<\/p>\n<p>R.- M\u00e1s que por la cabeza por el pecho. Estuve haciendo una presentaci\u00f3n en Santiago y me emocionaba por momentos. Tambi\u00e9n siempre me siento uno de los seres humanos m\u00e1s afortunados del planeta por tener un trabajo tan incre\u00edble.<\/p>\n<p>P.- \u00bfTe gustar\u00eda grabar un tema con alguien para, por ejemplo, el pr\u00f3ximo disco? \u00bfQu\u00e9 tal uno con tu amigo Alejandro?<\/p>\n<p>R.- Es probable que hagamos uno con \u00e9l para su disco de un tema que empezamos a componer en la Academia, pero dejamos apartado. Hacer m\u00fasica con otra gente es algo que siempre me ha encantado.<\/p>\n<p>P.- \u00bfTienes sitio web? \u00bfManejas habitualmente Internet? Por cierto, \u00a1\u00a1Feliz Navidad!!<\/p>\n<p>R.- Habitualmente me meto en la red. De hecho tengo p\u00e1gina nueva: www.manutenorio.com. Estamos trabajando en ella.<\/p>\n<p>P.- \u00bfQu\u00e9 es lo que ha cambiado del Manu que vimos en la Academia y el Manu de ahora?<\/p>\n<p>R.- Sobre todo, ahora soy una persona que sabe llevar mejor la nueva vida que llevo. De hecho, todo me cost\u00f3 mucha impresi\u00f3n y tuve que aprender poco a poco a adaptarme. Fue impresionante el golpe y tuve que adaptarme poco a poco a las nuevas circunstancias.<\/p>\n<p>P.- \u00bfTen\u00e9is los compa\u00f1eros de OT1 relaci\u00f3n o ahora que cada uno sigue su carrera por separado os hab\u00e9is distanciado demasiado?<\/p>\n<p>R.- S\u00ed, seguimos teniendo relaci\u00f3n, pero es evidente que no podemos tener el mismo roce porque cada uno tiene cosas diferentes que hacer.<\/p>\n<p>P.- \u00bfCu\u00e1l es tu canci\u00e9n favorita del disco? Yo no podr\u00eda elegir, porque son todas muy buenas.<\/p>\n<p>R.- Le tengo un especial cari\u00f1o a &#8220;Blanco a\u00f1il&#8221;, la que da t\u00edtulo al CD. Es un tema que es un poco complicada de entender por su ritmo, composici\u00f3n, porque es de las que m\u00e1s me emciona&#8230;<\/p>\n<p>P.- \u00bfTocas alg\u00fan instrumento a parte de la guitarra?\u00bfCu\u00e1l te gustar\u00eda aprender a tocar?<\/p>\n<p>R.- El piano es uno de mis instrumentos pendientes.<\/p>\n<p>P.- !Hola, Manu! Eres un gran compositor y me gustar\u00eda preguntarte: \u00bfEn qu\u00e9 te basas a la hora de componer y de hacer m\u00fasica? \u00bfQu\u00e9 o qui\u00e9n te influye? Eres grande.<\/p>\n<p>R.- En la gente que me rodea, en las circunstancias que me rodean&#8230; no s\u00f3lo als cosas que me pasan a mi, tambi\u00e9n en las cosas que les pasan a los que me rodean. No tiene por qu\u00e9 ser experiencias personales.<\/p>\n<p>P.- \u00bfVa a haber gira de Manu este verano por Espa\u00f1a?<\/p>\n<p>R.- Haremos una gira potente, pero haremos otra tambi\u00e9n en invierno en los teatros.<\/p>\n<p>P.- \u00bfCu\u00e1les son tus pr\u00f3ximos proyectos?<\/p>\n<p>R.- Tenemos la presentaci\u00f3n en C\u00f3rdoba del disco el 13 de diciembre. La \u00faltima ha sido en Santiago y fue un \u00e9xito, tambi\u00e9n en BCN y Sevilla&#8230; me encanta porque es un primer contacto con el p\u00fablico tocando este disco. Supongo que la gira ser\u00e1 &#8220;una experiencia religiosa&#8221;.<\/p>\n<p>P.- \u00bfQu\u00e9 disco nunca va a faltar en la maleta de Manu Tenorio?<\/p>\n<p>R.- Algo de flamenquito. Tambi\u00e9n el \u00faltimo de Seal.<\/p>\n<p>P.- \u00bfNo sientes presio\u00f3 por los m\u00e1s de 500.000 discos que vendiste de tu primer \u00e1lbum? \u00a1Felices Fiestas!<\/p>\n<p>R.- Pues no, porque si no hubirea repetido con los mismos compositores, fot\u00f3grafos&#8230; prefiero guiarme por mis inquietudes art\u00edsticas y no por las comerciales.<\/p>\n<p>P.- !Hola, Manu! \u00bfDe qu\u00e9 concierto guardas un mejor recuerdo? Sigue as\u00ed. Por favor, m\u00e1ndanos un saludito a la PE\u00d1A LOS LOCOS de Villanueva. Gracias. Carmen, Fernando , Virginias , Alfredo, Victor, Sonia, Vanessa, David y Alberto.<\/p>\n<p>R.- Un saludo a todos vosotros. Guardo un gbran recuerdo del de El Auditorio de BCN. Fueron dos 2&#8230; era la primera vez que cantaba en un teatro.<\/p>\n<p>P.- \u00bfEs Manu Tenorio un fiel reflejo de lo que nos podemos encontrar en &#8220;Blanco A\u00f1il&#8221;?<\/p>\n<p>R.- No fiel, pero s\u00ed muy cercano.<\/p>\n<p>P.- \u00bfC\u00f3mo combatir\u00edas la pirater\u00eda? \u00bfCu\u00e1l es tu soluci\u00f3n? Creo que aunque se han bajado, los precios de los CDs siguen siendo altos&#8230;<\/p>\n<p>R.- Yo creo que lo primero es una concienciaci\u00f3n por parte del p\u00fablico. los disco no salen gratis: para hacer una grabaci\u00f3n, una distrubuci\u00f3n buena hace falta dinero&#8230; no sale gratis. La gente tiene que saber que todo eso cuesta. Hay muchos m\u00fasicos que nos alen porque los sellos no tienen dinero que invertir.<\/p>\n<p>P.- Manu, ser\u00eda una pasada ser amigo tuyo por la cantidad de chicas que atraer\u00edas. \u00bfC\u00f3mo llevas esa &#8220;persecuci\u00f3n femenina&#8221;?<\/p>\n<p>R.- Lo llevo muy bien. Me lo tomo con tranquilidad y disfruto de ellas.<\/p>\n<p>P.- Con tanta promoci\u00f3n, viajes&#8230; \u00bfTe queda algo de tiempo para ti? Cuando tienes un rato&#8230; \u00bfqu\u00e9 haces?, \u00bfcu\u00e1les son tus hobbies?<\/p>\n<p>R.- Me gusta tcoar la guitarra tirado en el sof\u00e1. Soy una persona de costumbres encillas y cotidianas: ir de fiesta con los amigos, al cine&#8230;<\/p>\n<p>P.- Enhorabuena, Manu, por tu segundo disco. \u00bfQu\u00e9 diferencias crees t\u00fa que hay entre tu primer \u00e1lbum y el segundo?, \u00bfcon qu\u00e9 canci\u00f3n te sientes m\u00e1s identificado? Mucha suerte. Lourdes<\/p>\n<p>R.- La diferencia m\u00e1s importante es que le he podido dedicar m\u00e1s tiempo y eso ha conllevado a que se haya podido componer los temas con m\u00e1s tranquilidad y la producci\u00f3n es m\u00e1s cuidada. El primer disco me sirvi\u00f3 para orientarme hacia donde quer\u00eda ir. Mi tema favorito es &#8220;Qu\u00e9 ser\u00e1&#8221;.<\/p>\n<p>P.- \u00bfQu\u00e9 es lo m\u00e1s bonito, lo que m\u00e1s te ha emocionado que te haya dicho una fan? MANU, M\u00c1LAGA SIEMPRE CONTIGO, recu\u00e9rdalo! Yassica, M\u00e1laga (malagaconmanu).<\/p>\n<p>R.- Por ejemplo, que mi m\u00fasica y mi voz les ha ayudado a superar depresiones. Ha habido m\u00e1s de una persona.<\/p>\n<p>P.- \u00bfQu\u00e9 elementos tienes previstos incorporar en tu nueva gira?, \u00bfqu\u00e9 te gustar\u00eda cambiar respecto a la del a\u00f1o pasado o como crees que va a cambiar? Besos, Mar\u00eda de Barcelona.<\/p>\n<p>R.- La for\u00b4maci\u00f3n b\u00e1sica ser\u00e1 el mismo n\u00famero de m\u00fasicos, pero tendremos una l\u00ednea de 3 metales para que puesta en escena tenga m\u00e1s presencia. Probablemente, tambi\u00e9n llevemos una multiinstrumentista que toque el viol\u00edn.<\/p>\n<p>P.- Hola, Manu, soy Conchita. En un reportaje o\u00ed que dec\u00edas que ahora ya sab\u00edas mejor donde estabas y hasta d\u00f3nde quer\u00edas llegar, \u00bfhasta d\u00f3nde quieres llegar Manu?, \u00bfcu\u00e1l es tu meta? Un saludo, muchos besos y gracias por todo lo que nos das.<\/p>\n<p>R.- Para mi lo m\u00e1s importante es llegar a la gente. La siguiente meta es llegar a cuandta m\u00e1s gente, mejor.<\/p>\n<p>P.- Hola, Manu. He o\u00eddo tu segundo CD y me encanta, hay varios toques &#8220;flamenquitos&#8221;, \u00bfno crees que eso puede limitar un poco el p\u00fablico que pueda comprarlo \u00f3 al que va dirigido? \u00a1\u00a1SIEMPRE CONTIGO!!. Un besazo y mucha suerte.<\/p>\n<p>R.- Este disco tiene 2\u00f3 3 toques flamencos, pero todas maners no me importa si me limita o no. yo hago lo que art\u00edsticamente me inquieta y me hace sentir realizado. De todas maneras, el flamenco no tiene que servir para limitarnos, sino para abrirnos.<\/p>\n<p>P.- \u00bfQu\u00e9 tal, Manu? Me gustar\u00eda saber cu\u00e1ntas canciones has compuesto y espero que con el tiempo puedas ir incluy\u00e9ndolas todas en los muchos CD\u00b4s que seguro que vas a sacar. Desde Barcelona, cu\u00eddate mucho y muchos besos de Conchita.<\/p>\n<p>R.- Much\u00edsimas gracias, guapa. En este disco la mitad de las canciones son temas propios y hay un tema, &#8220;USted no se merece&#8221;, que est\u00e1 compuesta entre Kike y yo. Ser\u00e1 el \u00faltimo sencillo, que creo que ya est\u00e1 saliendo en 40 Latinos. Acabo de grabar su clip.<\/p>\n<p>P.- Hola, Manu, para qui\u00e9n te gustar\u00eda componer alguna canci\u00f3n. \u00bfVes la posibilidad, en un futuro, de compaginar tu carrera de cantante con la de compositor? Mucha suerte, Anna.<\/p>\n<p>R.- AL verdad es que con el tiempo, a mi me encantar\u00eda componer para otros artistas porque es m\u00e1s emocionante porque tienes que hacer algo que le guste a otro, es como hacer un traje a medida. Me parece algo muy atractivo.<\/p>\n<p>P.- \u00bfQu\u00e9 le pides a la vida en estos momentos? Tu voz es la luz de las estrellas.<\/p>\n<p>R.- \u00bfQu\u00e9 le pides a la vida en estos momentos? Tu voz es la luz de las estrellas.<\/p>\n<p>P.- \u00bfQu\u00e9 le dir\u00edas a los que opinan que tus canciones son cursis? Fernando de SEVILLA.<\/p>\n<p>R.- Pues nada porque realmente significa que ni siquiera han escuchado el disco.<\/p>\n<p>P.- \u00bfQu\u00e9 es lo \u00faltimo que te regal\u00f3 una Fan? \u00bfC\u00f3mo fue la presentaci\u00f3n de &#8220;Blanco A\u00f1il&#8221; en Sevilla?Besos de TU FORO. Raus-Paloma, Madrid.<\/p>\n<p>R.- Lo \u00faltimo que me ha dejado alucinado es mi disco en vinilo. Una buena amiga de Alicia, me dio ayer en Santiago mi disco en ese formato. La presentaci\u00f3 fue espectacular. Sent\u00ed a la gente muy entregada y aunque a veces me siento un poco abandonado por los sevillasno, en esta ocasi\u00f3n pens\u00e9 que eso son figuraciones m\u00edas.<\/p>\n<p>P.- Manu: \u00bfTe sigues poniendo nervioso antes de salir al escenario?, \u00bfqu\u00e9 sientes? Siempre a tu lado. Lidia\/Toledo.<\/p>\n<p>R.- Me pongo peor. Cada vez lo llevo peor. Lo que pasa es que cada vez lo siento mucho m\u00e1s. Ayer en Santiago me emocion\u00e9 un par de veces y estuve a punto de llorar, sobre todo cuando cant\u00e9 &#8220;Aquellas peque\u00f1as cosas&#8221;.<\/p>\n<p>P.- La forma de promocionar &#8220;Blanco A\u00f1il&#8221; ha sido algo especial, o a mi me lo ha parecido, por eso de ir por comunidades&#8230;. \u00bfHas sido t\u00fa el que decidido este tipo de promoci\u00f3n? Por cierto, me gusta mucho. UN BESO. BERGIDUMFLAVIUM<\/p>\n<p>R.- No, ese es el trabajo que se hace habitualmente, pero tambi\u00e9n me gusta ir ciudad por ciudad y presentarlo en persona.<\/p>\n<p>P.- Hola, Manu. Tengo una curiosidad: Por qu\u00e9 dices que la cancion de &#8220;Blanco A\u00f1il&#8221; es como una hermana menor de tu disco. En mi opinion es la gran cancion de ese disco y creo \u00e9sa, con esa fusi\u00f3n y esas mezclas, no. Espero que sea single. Por cierto, las mejores canciones de tu disco son las compuestas por ti. Un besazo y felicidades. Sara Martin de Murcia<\/p>\n<p>R.- Much\u00edsimas gracias. Me complace mucho que pienses as\u00ed. Es un tema un poco que se sale de lo habitual porque tiene una mezcla compleja y hay que dedicarle un poco m\u00e1s de tiempo, pero si es la que m\u00e1s me gusta. Me alegro.<\/p>\n<p>P.- Para cu\u00e1ndo tienes previsto hacer promoci\u00f3n en Latinoam\u00e9rica. Tu disco es simplemente como t\u00fa, GENIAL. Tus ni\u00f1as de la gira, To\u00f1i y Marga.<\/p>\n<p>R.- Todav\u00eda no es algo que me inquiete especialmente. Lo que quiero es que este CD aqu\u00ed en Espa\u00f1a tome fuerza y se afiance con seguridad. Despu\u00e9s ya veremos lo que Dios quiera.<\/p>\n<p>P.- Hola, Manu. \u00bfQu\u00e9 tal todo? Genial, imagino, con el nuevo disco. Bueno ah\u00ed va mi pregunta: \u00bfQu\u00e9 te hubiera gustado ser de no haber sido cantante ni m\u00fasico?<\/p>\n<p>R.- La verdad es que no tengo ni idea porque llevo muchos a\u00f1os haciendo lo que hago que nunca me lo he planteado.<\/p>\n","protected":false},"excerpt":{"rendered":"<p>El cantante, que acaba de editar su \u00e1lbum Blanco a\u00f1il, ha sido entrevistado.<\/p>\n","protected":false},"author":1,"featured_media":0,"comment_status":"open","ping_status":"open","sticky":false,"template":"","format":"standard","meta":{"footnotes":""},"categories":[],"tags":[],"class_list":["post-326","post","type-post","status-publish","format-standard","hentry"],"_links":{"self":[{"href":"https:\/\/intervius.com\/index.html\/wp-json\/wp\/v2\/posts\/326","targetHints":{"allow":["GET"]}}],"collection":[{"href":"https:\/\/intervius.com\/index.html\/wp-json\/wp\/v2\/posts"}],"about":[{"href":"https:\/\/intervius.com\/index.html\/wp-json\/wp\/v2\/types\/post"}],"author":[{"embeddable":true,"href":"https:\/\/intervius.com\/index.html\/wp-json\/wp\/v2\/users\/1"}],"replies":[{"embeddable":true,"href":"https:\/\/intervius.com\/index.html\/wp-json\/wp\/v2\/comments?post=326"}],"version-history":[{"count":0,"href":"https:\/\/intervius.com\/index.html\/wp-json\/wp\/v2\/posts\/326\/revisions"}],"wp:attachment":[{"href":"https:\/\/intervius.com\/index.html\/wp-json\/wp\/v2\/media?parent=326"}],"wp:term":[{"taxonomy":"category","embeddable":true,"href":"https:\/\/intervius.com\/index.html\/wp-json\/wp\/v2\/categories?post=326"},{"taxonomy":"post_tag","embeddable":true,"href":"https:\/\/intervius.com\/index.html\/wp-json\/wp\/v2\/tags?post=326"}],"curies":[{"name":"wp","href":"https:\/\/api.w.org\/{rel}","templated":true}]}}