{"id":3248,"date":"2011-02-16T00:00:00","date_gmt":"2006-11-06T00:00:00","guid":{"rendered":"https:\/\/intervius.com\/index.html\/?p=3248"},"modified":"2006-11-06T00:00:00","modified_gmt":"2006-11-06T00:00:00","slug":"Juan_Fornieles_y_Maria_Jesus_Martin3248","status":"publish","type":"post","link":"https:\/\/intervius.com\/index.html\/Juan_Fornieles_y_Maria_Jesus_Martin3248\/","title":{"rendered":"Juan Fornieles y Mar\u00eda Jes\u00fas Mart\u00edn"},"content":{"rendered":"<p>Pregunta.- Para el se\u00f1or Fornieles: \u00bfCU\u00e1l es la l\u00ednea editorial que seguir\u00e1 a partir de ahora su informativo?<\/p>\n<p>Respuesta.- Hola, buenos d\u00edas. Ser\u00e1 la l\u00ednea editorial de EL MUNDO. Por algo somos El Mundo Noticias&#8230; Para m\u00e1s inri, el plat\u00f3 est\u00e1 en plena Redacci\u00f3n del peri\u00f3dico.<\/p>\n<p>P.- Para MJes\u00fas Mart\u00edn: Me encanta como presentas y la personalidad que le imprimes a las noticias con tu entonaci\u00f3n, tus pausas,&#8230; \u00a1Enhorabuena de verdad! \u00bfTe gustar\u00eda cambiar el telediario por otro tipo de programa: debate, magazine,&#8230;? Estoy segura que estar\u00edas genial en lo que te propusieras,&#8230;<\/p>\n<p>R.- Buenos d\u00edas. Primero: muchas gracias por todos los piropos. Intento comunicar y conseguir un estilo propio a la hora de ponerme delante de la c\u00e1mara. \u00bfQu\u00e9 si me gustar\u00eda cambiar el informativo por otro tipo de programa? Tal vez s\u00ed, no estar\u00eda mal un magazine de tarde.<\/p>\n<p>P.- Hola Juan, \u00a1enhorabuena! Coincid\u00ed contigo como becario en El Mundo de Catalunya. Me alegra saber que avanzas en la profesi\u00f3n y te deseo todo lo mejor en esta nueva etapa. Te quer\u00eda preguntar: \u00bfCu\u00e1l crees que es vuestra ventaja frente a la competencia? \u00bfPor qu\u00e9 tengo que sintonizaros a vosotros a partir de ahora y no a los otros? Un abrazo fuerte, Jordi Fern\u00e1ndez<\/p>\n<p>R.- Hola Jordi. \u00a1Qu\u00e9 alegr\u00eda volver a saber de ti! En cuanto a tu pregunta, lo que estamos intentando es crear un informativo distinto. Las f\u00f3rmulas habituales est\u00e1n dejando de gustar a la audiencia y, por tanto, tenemos que buscar caminos alternativos. Entre otras razones, cuando sintonices El Mundo Noticias encontrar\u00e1s m\u00e1s iron\u00eda, m\u00e1s opini\u00f3n, \u00e1ngulos distintos, temas de investigaci\u00f3n y otros a\u00f1adidos que, seguro, no te dejar\u00e1n indiferente.<\/p>\n<p>P.- Para Maria Jes\u00fas Mart\u00edn: \u00bfQue ha supuesto para usted trabajar en VEO 7 y ser la conductora del informativo de las 21:00h?<\/p>\n<p>R.- Sin duda es un gran reto presentar el informativo de las 21:00 con mi compa\u00f1ero Juan. A esa hora hay mucha competencia.Desde aqu\u00ed os invito a que sigais &#8220;El Mundo Noticias&#8221; todos los d\u00edas a partir de hoy tambi\u00e9n en elmundo.es.<\/p>\n<p>P.- \u00bfQUE TAL OS LLEV\u00c1IS ENTRE VOSOTROS?.;-<\/p>\n<p>R.- Bueno, a d\u00edas! Je,je&#8230;Hay discusiones por los temas, tenemos puntos de vista diferentes, pero a pesar de ello nos divertimos. Ya la hay pero ahora necesitamos que la qu\u00edmica se demuestre delante de la c\u00e1mara&#8230; qui\u00e9n sabe si seremos la pareja televisiva del futuro!<\/p>\n<p>P.- Juan, \u00bfqu\u00e9 ofrece tu informativo que no podamos encontrar en TVE o Telecinco? \u00bfSe puede ver en la web?<\/p>\n<p>R.- Como ya he dicho, el objetivo que tenemos Mar\u00eda Jes\u00fas y yo es no dejaros indiferentes. Queremos que al ver nuestras noticias, pr\u00e1cticamente, interactu\u00e9is. No nos va la audiencia pasiva&#8230; En cuanto a la web, estamos de enhorabuena. A partir de esta misma noche podr\u00e9is sintonizar El Mundo Noticias a trav\u00e9s de elmundo.es, el portal l\u00edder de informaci\u00f3n en espa\u00f1ol.<\/p>\n<p>P.- La noticia m\u00e1s le\u00edda hoy en elmundo.es es el cierre de la \u00faltima edici\u00f3n de OT, \u00bfEst\u00e1 por fin cambiando la tv? \u00bfHa pasado la etapa de los reality shows?<\/p>\n<p>R.- La televisi\u00f3n est\u00e1 siempre cambiando y puede que se agoten algunos formatos como el de OT. Pero lo que no me parece razonable es que le echen la culpa a Pilar Rubio, que es una gran profesional. Conseguir tanta audiencia empieza a ser complicado.<\/p>\n<p>P.- PARA AMBOS: CONSIDERAIS QUE EL INFORMATIVO ABORDA DEMASIADOS TEMAS POL\u00cdTICOS Y NO TRATA ASPECTOS M\u00c1S CULTURALES&#8230;A MI JUICIO MUY RELEVANTES PARA ACERCARLOS AL P\u00daBLICO&#8230;LOS ESPECTADORES QUEREMOS ESTAR INFORMADOS DEL PANORAMA POL\u00cdTICO PERO TAMBI\u00c9N CONOCER TEMAS DE DIVERSA \u00cdNDOLE. FELICIDADES.<\/p>\n<p>R.- Es cierto que nuestro informativo tiene m\u00e1s peso pol\u00edtico que cultural, pero es algo que poco a poco vamos a ir corrigiendo. Aunque no lo parezca, y a pesar de nuestros horarios, a ambos nos gusta la cultura y cuando podemos disfrutamos de la amplia oferta que hay en Madrid. Dadnos un poco de tiempo y seguro que podemos mejorar el informativo en este aspecto.<\/p>\n<p>P.- Maria Jesus, te sigo hace unos a\u00f1os, como imaginas que es el perfil de espectadores de Veo?<\/p>\n<p>R.- Por lo que s\u00e9, tengo que decir que los espectadores de VEO son en su mayor\u00eda hombres y con m\u00e1s de 40 a\u00f1os. En parte se debe a que los temas pol\u00edticos no interesan a la juventud y eso es algo que queremos cambiar.<\/p>\n<p>P.- Mi pregunta es para Juan Fornieles. Despu\u00e9s de tantos a\u00f1os trabajando en el peri\u00f3dico, sent\u00edas que te hac\u00eda falta ese cambio de rumbo en tu profesi\u00f3n para salir de la rutina? O por el contrario te ve\u00edas con fuerza para continuar muchos a\u00f1os m\u00e1s como jefe de Noche? Gracias y mucha suerte en esta nueva etapa.<\/p>\n<p>R.- Es cierto que llevaba muchos a\u00f1os desempe\u00f1ando la misma funci\u00f3n en el diario, pero tambi\u00e9n debo reconocer que me sent\u00eda muy seguro y que cada noche me enfrentaba a nuevos retos, de ah\u00ed que no me aburriera. A pesar de ello, nunca me he cerrado a los cambios, aunque fueran tan radicales, y tan inimaginables, como \u00e9ste. Aprender una nueva vertiente del oficio period\u00edstico es un tren que no pod\u00eda dejar escapar.<\/p>\n<p>P.- Hola. \u00bfQu\u00e9 pareja de presentadores de informativos os gusta m\u00e1s?<\/p>\n<p>R.- Mejor que hablar de parejas, podemos subrayar el trabajo de algunos de nuestros compa\u00f1eros en otras cadenas. Cuando vemos a periodistas de la talla de Mat\u00edas Prats, David Cantero, Pedro Piqueras o Pepa Bueno, s\u00f3lo podemos fijarnos en su forma de trabajar y aprender. A\u00fan as\u00ed, nosotros confiamos ( y conf\u00edan) en nuestras respectivas personalidades y en nuestra frescura. Todos tenemos argumentos y energ\u00eda para transmitir emociones, vivencias, noticias puras y duras, etc. La audiencia decidir\u00e1&#8230;<\/p>\n<p>P.- Buenos d\u00edas Chus. Mi pregunta, quiz\u00e1, es algo m\u00e1s personal&#8230; \u00bfQu\u00e9 te aport\u00f3 a la seguridad que hoy demuestras ante la c\u00e1mara tu etapa en la televisi\u00f3n local de Valladolid y qu\u00e9 recuerdos guardas de aquella \u00e9poca? ENHORABUENA!! BESOS, Chema<\/p>\n<p>R.- !Qu\u00e9 bueno saber de t\u00ed! !Cu\u00e1nto tiempo! Sin duda mi etapa en Valladolid trabajando en local me ha aportado muchas cosas. Yo siempre digo que la escuela de las televisiones peque\u00f1as es muy buena. Haces de todo y aprendes s\u00ed o s\u00ed. All\u00ed empec\u00e9 a presentar informativos y eso me ha servido para perder el miedo a la c\u00e1mara y para estar m\u00e1s segura. Muchos recuerdos a todos mis compa\u00f1eros. Besos<\/p>\n<p>P.- A Juan Fornieles: Urbaneja ha dicho esta ma\u00f1ana que habr\u00eda que desterrar a Vasile. \u00bfQu\u00e9 le sugiere esta afirmaci\u00f3n?<\/p>\n<p>R.- No estoy de acuerdo. Conozco a Paolo Vasile, incluso le he entrevistado, y me parece que ha revolucionado el mundo televisivo de Espa\u00f1a. Ha convertido una televisi\u00f3n que iba a pique en una m\u00e1quina de hacer dinero y en una factor\u00eda de entretenimiento. Esos son sus m\u00e9ritos y son innegables. Otra cosa bien diferente son mis gustos. No soy fan de la mayor\u00eda de sus magazines ni de su pasi\u00f3n por la informaci\u00f3n rosa, as\u00ed como de su forma de explotar la vida y milagros de Bel\u00e9n Esteban. Seguramente, tampoco yo soy su p\u00fablico objetivo&#8230;<\/p>\n<p>P.- \u00bfQu\u00e9 tiene que hacer una periodista en su \u00faltimo a\u00f1o de carrera para trabajar con vosotros?<\/p>\n<p>R.- Muy f\u00e1cil: env\u00edanos tu CV. Estaremos encantados de entrevistarte.<\/p>\n<p>P.- \u00bfHay demasiado partidismo en el periodismo? \u00bfNo se ha perdido libertad?<\/p>\n<p>R.- Nosotros no hablar\u00edamos de partidismo, lo que s\u00ed hay es distintos puntos de vista. Adem\u00e1s, y tal y como van las cosas, es bueno ser firmes en nuestras convicciones y que eso se note en el informativo.<\/p>\n<p>P.- Juan, \u00bfque te parece MJ?, \u00bfes buena en su trabajo?, desde Zamora<\/p>\n<p>R.- No me veas como un pelota, pero me parece una crack. Ya he dicho una y mil veces que me da mucha seguridad y envidia: \u00a1pero es que ella nunca se equivoca!<\/p>\n<p>P.- Como llevais lo de intentar competir con otros informativos en audiencia?<\/p>\n<p>R.- Es muy d\u00edficil y nos gustar\u00eda poder arrancar unos minutos antes de las 21:00 para no tener que competir con los y las grandes! Poco a poco&#8230;<\/p>\n<p>P.- Supongo que son los primeros pasos de un nuevo telediario y de una nueva forma de ofrecer las noticias y como dec\u00eds, tendr\u00e9is que ir corrigiendo cosas. Pero, como os preguntaban anteriormente, no ten\u00e9is pensado hacer un telediaro m\u00e1s de &#8220;autor&#8221;, como en la \u00e9poca de Lorenzo Mil\u00e1 en la 2, que tan buenos resultados di\u00f3? Sali\u00e9ndose un poco de las noticias que todo el mundo (y nunca mejor dicho) da. Gran noticia que se pueda seguir el telediario desde elmundo.es, si tengo la suerte de emigrar a los estados unidos, podr\u00e9 seguir los avances de mi cu\u00f1ado en esta nueva andadura. \ud83d\ude09 Enhorabuena a los dos!<\/p>\n<p>R.- Gracias, cu\u00f1ado. Efectivamente, queremos desembocar en un telediario de autores. Si algo no nos falta es personalidad. Poco a poco lo vais a ir viendo. Suerte en EEUU.<\/p>\n<p>P.- como decidis los enfoques y los temas del informativo? Est\u00e1is integrados en la redacci\u00f3n del peri\u00f3dico?<\/p>\n<p>R.- S\u00ed, y cada d\u00eda m\u00e1s. Dedicimos los temas y los enfoques siempre en paralelo con el peri\u00f3dico.<\/p>\n<p>P.- Hola Juan, tengo entendido que no hab\u00edas hecho hasta ahora televisi\u00f3n. \u00bfQu\u00e9 es lo que m\u00e1s te est\u00e1 costando? Besos.<\/p>\n<p>R.- Tengo muchos frentes abiertos, pero ahora tengo que mejorar mi dicci\u00f3n y, como dicen los expertos, &#8220;la forma de proyectar la voz&#8221;. Por lo dem\u00e1s, estoy dejando salir la parte de actor frustrado que llevo dentro. Pronto lo ver\u00e9is&#8230;<\/p>\n<p>P.- \u00bfQu\u00e9 audiencia tiene vuestro informativo? \u00bfquer\u00e9is m\u00e1s?<\/p>\n<p>R.- De momento es una audiencia modesta pero subir\u00e1, subir\u00e1&#8230;<\/p>\n<p>P.- Para Juan Fornieles: Tal y como est\u00e1 el patio de los medios, \u00bfNo desaconsejar\u00eda a su hijo que estudiara Periodismo?<\/p>\n<p>R.- Aunque parezca mentira, le aconsejar\u00eda que estudiara algo que le apasione. Si es el periodismo, adelante. Es una profesi\u00f3n muy divertida, pero tambi\u00e9n muy dura. Por otra parte, y visto el panorama, tampoco estar\u00eda mal decirle que yo estudiar\u00eda otra carrera y que rematar\u00eda la faena con alguno de los m\u00e1sters como el de EL MUNDO o El Pa\u00eds.<\/p>\n<p>P.- Maria Jes\u00fas, s\u00f3lo quer\u00eda mandarte un saludo y decirte que te segu\u00eda cuando presentabas en TVCyL. Enhorabuena por tu trabajo en Veo 7.<\/p>\n<p>R.- Gracias, un saludo a todos.<\/p>\n<p>P.- \u00bfQu\u00e9 se siente cuando sabes que s\u00f3lo te ven cuatro gatos?<\/p>\n<p>R.- De cuatro gatos, nada de nada. Las estad\u00edsticas hablan de decenas de miles y subiendo&#8230;<\/p>\n<p>P.- \u00bfNo hab\u00e9is pensando en hacer algo especial a trav\u00e9s de redes sociales con el informativo? Mostrar tuits en directo o algo de ese estilo. \u00bfTen\u00e9is p\u00e1gina en Facebook? Enhorabuena por el programa.<\/p>\n<p>R.- Precisamente estamos estudiando ese \u00e1ngulo. Lo malo es buscar la interactuaci\u00f3n con las redes en un programa con tanto ritmo como el que tiene nuestro informativo. A ver si damos con la f\u00f3rmula.<\/p>\n","protected":false},"excerpt":{"rendered":"<p>Pregunta.- Para el se\u00f1or Fornieles: \u00bfCU\u00e1l es la l\u00ednea editorial que seguir\u00e1 a partir de ahora su informativo? Respuesta.- Hola, buenos d\u00edas. Ser\u00e1 la l\u00ednea editorial de EL MUNDO. Por algo somos El Mundo Noticias&#8230;<span class=\"theme-excerpt-more\"> [&#8230;] <a href=\"https:\/\/intervius.com\/index.html\/Juan_Fornieles_y_Maria_Jesus_Martin3248\/\" title=\"Juan Fornieles y Mar\u00eda Jes\u00fas Mart\u00edn\">Read More<\/a><\/span><\/p>\n","protected":false},"author":1,"featured_media":0,"comment_status":"open","ping_status":"open","sticky":false,"template":"","format":"standard","meta":{"footnotes":""},"categories":[],"tags":[],"class_list":["post-3248","post","type-post","status-publish","format-standard","hentry"],"_links":{"self":[{"href":"https:\/\/intervius.com\/index.html\/wp-json\/wp\/v2\/posts\/3248","targetHints":{"allow":["GET"]}}],"collection":[{"href":"https:\/\/intervius.com\/index.html\/wp-json\/wp\/v2\/posts"}],"about":[{"href":"https:\/\/intervius.com\/index.html\/wp-json\/wp\/v2\/types\/post"}],"author":[{"embeddable":true,"href":"https:\/\/intervius.com\/index.html\/wp-json\/wp\/v2\/users\/1"}],"replies":[{"embeddable":true,"href":"https:\/\/intervius.com\/index.html\/wp-json\/wp\/v2\/comments?post=3248"}],"version-history":[{"count":0,"href":"https:\/\/intervius.com\/index.html\/wp-json\/wp\/v2\/posts\/3248\/revisions"}],"wp:attachment":[{"href":"https:\/\/intervius.com\/index.html\/wp-json\/wp\/v2\/media?parent=3248"}],"wp:term":[{"taxonomy":"category","embeddable":true,"href":"https:\/\/intervius.com\/index.html\/wp-json\/wp\/v2\/categories?post=3248"},{"taxonomy":"post_tag","embeddable":true,"href":"https:\/\/intervius.com\/index.html\/wp-json\/wp\/v2\/tags?post=3248"}],"curies":[{"name":"wp","href":"https:\/\/api.w.org\/{rel}","templated":true}]}}